{"id":9912,"date":"2025-04-28T13:51:59","date_gmt":"2025-04-28T11:51:59","guid":{"rendered":"https:\/\/aschaffenburgzweinull.stadtarchiv-digital.de\/?p=9912"},"modified":"2025-04-28T14:00:59","modified_gmt":"2025-04-28T12:00:59","slug":"johann-lindenberger-platz","status":"publish","type":"post","link":"https:\/\/aschaffenburgzweinull.stadtarchiv-digital.de\/johann-lindenberger-platz\/","title":{"rendered":"Johann-Lindenberger-Platz"},"content":{"rendered":"<p>Der Namensgeber wurde 1892 in Augsburg geboren und kam nach dem Lehramtsstudium 1912 an den Untermain. Seine erste Stelle hatte er in H\u00f6sbach \/ Landkreis Aschaffenburg. Am 07.04.1920 heirate er Paula W\u00f6lfle. Ab 1922 lebte das Ehepaar in der damals noch selbstst\u00e4ndigen Vorortgemeinde Schweinheim, die am 1. April 1939 ein Stadtteil Aschaffenburgs wurde.<\/p>\n<p>Den Schweinheimer M\u00e4nnergesangverein dirigierte er von 1924 bis 1947. 1928 gr\u00fcndete er den Kirchenchor der katholischen Pfarrei Maria Geburt und nach dem Zweiten Weltkrieg das Aschaffenburger Lehrerorchester, das er bis 1969 leitete.<\/p>\n<p>Von 1948 bis 1955 war Johann Lindenberger Rektor der Friedensschule, die 1945 in zwei vom Fliegerhorst Ringheim auf die Gro\u00dfmutterwiese \u00fcbertragenen Holzbaracken eingerichtet wurde. Dort wurde auch ich im Herbst 1954 eingeschult. Im September 1955 zog man um in die neu gebaute Gr\u00fcnewald-Schule [Maler Matthias-Gr\u00fcnewald (1480- 1528)] an der Ludwigsallee 2 [K\u00f6nig Ludwig I. (1786-1868)] \/ Dr.-Robert-Koch-Stra\u00dfe [Prof. Dr. med. Robert Koch (1843-1910); heute nur noch Bezeichnung Koch-stra\u00dfe]. Bis zu seiner Pensionierung 1957 war Johann Lindenberger ebenso deren Rektor. Mit seinem Schulchor f\u00fchrte er u. a. Kinderopern auf.<\/p>\n<p>Johann Lindenberger verfasste zudem heimatkundliche und kulturelle Schriften. Ferner war er regelm\u00e4\u00dfig Feuilleton-Mitarbeiter der hiesigen Lokalzeitung Main-Echo und beschrieb im Spessartheft Nr. 6 (1963) auch die Geschichte der Schulen in Schweinheim.<\/p>\n<p>Er starb am ersten Weihnachtsfeiertag 1973. Die Stadt Aschaffenburg ehrt ihn seit dem 4. Mai 2012 durch die Platzbenennung am hinteren Viertel der Marienstra\u00dfe neben der Freifl\u00e4che des Hauses f\u00fcr Kinder Sankt Franziskus \/ Maibaum \/ Kriegerdenkmal \/ Eisdiele. Das Stra\u00dfenschild enth\u00fcllten der damalige Oberb\u00fcrgermeister Klaus Herzog (SPD) und Lindenbergers 83-j\u00e4hriger Sohn.<\/p>\n<p><strong>Autor: Dr. phil. Lothar Blatt<\/strong><\/p>\n","protected":false},"excerpt":{"rendered":"<p>Der Namensgeber wurde 1892 in Augsburg geboren und kam nach dem Lehramtsstudium 1912 an den Untermain. Seine erste Stelle hatte er in H\u00f6sbach \/ Landkreis Aschaffenburg. Am 07.04.1920 heirate er [&hellip;]<\/p>\n","protected":false},"author":25,"featured_media":0,"comment_status":"open","ping_status":"open","sticky":false,"template":"","format":"standard","meta":{"_acf_changed":false,"footnotes":""},"categories":[953],"tags":[145,114],"post-format":[2],"post-content":[67],"class_list":["post-9912","post","type-post","status-publish","format-standard","hentry","category-strassennamen","tag-strassennamen","tag-strassen","format-information","content-text","project-strassennamen-in-aschaffenburg"],"acf":[],"yoast_head":"<!-- This site is optimized with the Yoast SEO plugin v27.4 - https:\/\/yoast.com\/product\/yoast-seo-wordpress\/ -->\n<title>Johann-Lindenberger-Platz - Aschaffenburg<\/title>\n<meta name=\"robots\" content=\"index, follow, max-snippet:-1, max-image-preview:large, max-video-preview:-1\" \/>\n<link rel=\"canonical\" href=\"https:\/\/aschaffenburgzweinull.stadtarchiv-digital.de\/johann-lindenberger-platz\/\" \/>\n<meta property=\"og:locale\" content=\"de_DE\" \/>\n<meta property=\"og:type\" content=\"article\" \/>\n<meta property=\"og:title\" content=\"Johann-Lindenberger-Platz - Aschaffenburg\" \/>\n<meta property=\"og:description\" content=\"Der Namensgeber wurde 1892 in Augsburg geboren und kam nach dem Lehramtsstudium 1912 an den Untermain. Seine erste Stelle hatte er in H\u00f6sbach \/ Landkreis Aschaffenburg. Am 07.04.1920 heirate er [&hellip;]\" \/>\n<meta property=\"og:url\" content=\"https:\/\/aschaffenburgzweinull.stadtarchiv-digital.de\/johann-lindenberger-platz\/\" \/>\n<meta property=\"og:site_name\" content=\"Aschaffenburg\" \/>\n<meta property=\"article:published_time\" content=\"2025-04-28T11:51:59+00:00\" \/>\n<meta property=\"article:modified_time\" content=\"2025-04-28T12:00:59+00:00\" \/>\n<meta property=\"og:image\" content=\"https:\/\/aschaffenburgzweinull.stadtarchiv-digital.de\/wp-content\/uploads\/2020\/07\/Logo-Stadtarchiv-Aschaffenburg.png\" \/>\n\t<meta property=\"og:image:width\" content=\"379\" \/>\n\t<meta property=\"og:image:height\" content=\"70\" \/>\n\t<meta property=\"og:image:type\" content=\"image\/png\" \/>\n<meta name=\"author\" content=\"Angelina Focht\" \/>\n<meta name=\"twitter:card\" content=\"summary_large_image\" \/>\n<meta name=\"twitter:label1\" content=\"Verfasst von\" \/>\n\t<meta name=\"twitter:data1\" content=\"Angelina Focht\" \/>\n\t<meta name=\"twitter:label2\" content=\"Gesch\u00e4tzte Lesezeit\" \/>\n\t<meta name=\"twitter:data2\" content=\"2\u00a0Minuten\" \/>\n<script type=\"application\/ld+json\" class=\"yoast-schema-graph\">{\"@context\":\"https:\\\/\\\/schema.org\",\"@graph\":[{\"@type\":\"Article\",\"@id\":\"https:\\\/\\\/aschaffenburgzweinull.stadtarchiv-digital.de\\\/johann-lindenberger-platz\\\/#article\",\"isPartOf\":{\"@id\":\"https:\\\/\\\/aschaffenburgzweinull.stadtarchiv-digital.de\\\/johann-lindenberger-platz\\\/\"},\"author\":{\"name\":\"Angelina Focht\",\"@id\":\"https:\\\/\\\/aschaffenburgzweinull.stadtarchiv-digital.de\\\/#\\\/schema\\\/person\\\/5757984c9540e13adbfd7e029315d5a1\"},\"headline\":\"Johann-Lindenberger-Platz\",\"datePublished\":\"2025-04-28T11:51:59+00:00\",\"dateModified\":\"2025-04-28T12:00:59+00:00\",\"mainEntityOfPage\":{\"@id\":\"https:\\\/\\\/aschaffenburgzweinull.stadtarchiv-digital.de\\\/johann-lindenberger-platz\\\/\"},\"wordCount\":255,\"commentCount\":1,\"keywords\":[\"Stra\u00dfennamen\",\"Stra\u00dfen\"],\"articleSection\":[\"Stra\u00dfennamen\"],\"inLanguage\":\"de\",\"potentialAction\":[{\"@type\":\"CommentAction\",\"name\":\"Comment\",\"target\":[\"https:\\\/\\\/aschaffenburgzweinull.stadtarchiv-digital.de\\\/johann-lindenberger-platz\\\/#respond\"]}]},{\"@type\":\"WebPage\",\"@id\":\"https:\\\/\\\/aschaffenburgzweinull.stadtarchiv-digital.de\\\/johann-lindenberger-platz\\\/\",\"url\":\"https:\\\/\\\/aschaffenburgzweinull.stadtarchiv-digital.de\\\/johann-lindenberger-platz\\\/\",\"name\":\"Johann-Lindenberger-Platz - Aschaffenburg\",\"isPartOf\":{\"@id\":\"https:\\\/\\\/aschaffenburgzweinull.stadtarchiv-digital.de\\\/#website\"},\"datePublished\":\"2025-04-28T11:51:59+00:00\",\"dateModified\":\"2025-04-28T12:00:59+00:00\",\"author\":{\"@id\":\"https:\\\/\\\/aschaffenburgzweinull.stadtarchiv-digital.de\\\/#\\\/schema\\\/person\\\/5757984c9540e13adbfd7e029315d5a1\"},\"breadcrumb\":{\"@id\":\"https:\\\/\\\/aschaffenburgzweinull.stadtarchiv-digital.de\\\/johann-lindenberger-platz\\\/#breadcrumb\"},\"inLanguage\":\"de\",\"potentialAction\":[{\"@type\":\"ReadAction\",\"target\":[\"https:\\\/\\\/aschaffenburgzweinull.stadtarchiv-digital.de\\\/johann-lindenberger-platz\\\/\"]}]},{\"@type\":\"BreadcrumbList\",\"@id\":\"https:\\\/\\\/aschaffenburgzweinull.stadtarchiv-digital.de\\\/johann-lindenberger-platz\\\/#breadcrumb\",\"itemListElement\":[{\"@type\":\"ListItem\",\"position\":1,\"name\":\"Startseite\",\"item\":\"https:\\\/\\\/aschaffenburgzweinull.stadtarchiv-digital.de\\\/\"},{\"@type\":\"ListItem\",\"position\":2,\"name\":\"Johann-Lindenberger-Platz\"}]},{\"@type\":\"WebSite\",\"@id\":\"https:\\\/\\\/aschaffenburgzweinull.stadtarchiv-digital.de\\\/#website\",\"url\":\"https:\\\/\\\/aschaffenburgzweinull.stadtarchiv-digital.de\\\/\",\"name\":\"Aschaffenburg\",\"description\":\"2.0\",\"potentialAction\":[{\"@type\":\"SearchAction\",\"target\":{\"@type\":\"EntryPoint\",\"urlTemplate\":\"https:\\\/\\\/aschaffenburgzweinull.stadtarchiv-digital.de\\\/?s={search_term_string}\"},\"query-input\":{\"@type\":\"PropertyValueSpecification\",\"valueRequired\":true,\"valueName\":\"search_term_string\"}}],\"inLanguage\":\"de\"},{\"@type\":\"Person\",\"@id\":\"https:\\\/\\\/aschaffenburgzweinull.stadtarchiv-digital.de\\\/#\\\/schema\\\/person\\\/5757984c9540e13adbfd7e029315d5a1\",\"name\":\"Angelina Focht\",\"url\":\"https:\\\/\\\/aschaffenburgzweinull.stadtarchiv-digital.de\\\/author\\\/justynabaumgart\\\/\"}]}<\/script>\n<!-- \/ Yoast SEO plugin. -->","yoast_head_json":{"title":"Johann-Lindenberger-Platz - Aschaffenburg","robots":{"index":"index","follow":"follow","max-snippet":"max-snippet:-1","max-image-preview":"max-image-preview:large","max-video-preview":"max-video-preview:-1"},"canonical":"https:\/\/aschaffenburgzweinull.stadtarchiv-digital.de\/johann-lindenberger-platz\/","og_locale":"de_DE","og_type":"article","og_title":"Johann-Lindenberger-Platz - Aschaffenburg","og_description":"Der Namensgeber wurde 1892 in Augsburg geboren und kam nach dem Lehramtsstudium 1912 an den Untermain. Seine erste Stelle hatte er in H\u00f6sbach \/ Landkreis Aschaffenburg. Am 07.04.1920 heirate er [&hellip;]","og_url":"https:\/\/aschaffenburgzweinull.stadtarchiv-digital.de\/johann-lindenberger-platz\/","og_site_name":"Aschaffenburg","article_published_time":"2025-04-28T11:51:59+00:00","article_modified_time":"2025-04-28T12:00:59+00:00","og_image":[{"width":379,"height":70,"url":"https:\/\/aschaffenburgzweinull.stadtarchiv-digital.de\/wp-content\/uploads\/2020\/07\/Logo-Stadtarchiv-Aschaffenburg.png","type":"image\/png"}],"author":"Angelina Focht","twitter_card":"summary_large_image","twitter_misc":{"Verfasst von":"Angelina Focht","Gesch\u00e4tzte Lesezeit":"2\u00a0Minuten"},"schema":{"@context":"https:\/\/schema.org","@graph":[{"@type":"Article","@id":"https:\/\/aschaffenburgzweinull.stadtarchiv-digital.de\/johann-lindenberger-platz\/#article","isPartOf":{"@id":"https:\/\/aschaffenburgzweinull.stadtarchiv-digital.de\/johann-lindenberger-platz\/"},"author":{"name":"Angelina Focht","@id":"https:\/\/aschaffenburgzweinull.stadtarchiv-digital.de\/#\/schema\/person\/5757984c9540e13adbfd7e029315d5a1"},"headline":"Johann-Lindenberger-Platz","datePublished":"2025-04-28T11:51:59+00:00","dateModified":"2025-04-28T12:00:59+00:00","mainEntityOfPage":{"@id":"https:\/\/aschaffenburgzweinull.stadtarchiv-digital.de\/johann-lindenberger-platz\/"},"wordCount":255,"commentCount":1,"keywords":["Stra\u00dfennamen","Stra\u00dfen"],"articleSection":["Stra\u00dfennamen"],"inLanguage":"de","potentialAction":[{"@type":"CommentAction","name":"Comment","target":["https:\/\/aschaffenburgzweinull.stadtarchiv-digital.de\/johann-lindenberger-platz\/#respond"]}]},{"@type":"WebPage","@id":"https:\/\/aschaffenburgzweinull.stadtarchiv-digital.de\/johann-lindenberger-platz\/","url":"https:\/\/aschaffenburgzweinull.stadtarchiv-digital.de\/johann-lindenberger-platz\/","name":"Johann-Lindenberger-Platz - Aschaffenburg","isPartOf":{"@id":"https:\/\/aschaffenburgzweinull.stadtarchiv-digital.de\/#website"},"datePublished":"2025-04-28T11:51:59+00:00","dateModified":"2025-04-28T12:00:59+00:00","author":{"@id":"https:\/\/aschaffenburgzweinull.stadtarchiv-digital.de\/#\/schema\/person\/5757984c9540e13adbfd7e029315d5a1"},"breadcrumb":{"@id":"https:\/\/aschaffenburgzweinull.stadtarchiv-digital.de\/johann-lindenberger-platz\/#breadcrumb"},"inLanguage":"de","potentialAction":[{"@type":"ReadAction","target":["https:\/\/aschaffenburgzweinull.stadtarchiv-digital.de\/johann-lindenberger-platz\/"]}]},{"@type":"BreadcrumbList","@id":"https:\/\/aschaffenburgzweinull.stadtarchiv-digital.de\/johann-lindenberger-platz\/#breadcrumb","itemListElement":[{"@type":"ListItem","position":1,"name":"Startseite","item":"https:\/\/aschaffenburgzweinull.stadtarchiv-digital.de\/"},{"@type":"ListItem","position":2,"name":"Johann-Lindenberger-Platz"}]},{"@type":"WebSite","@id":"https:\/\/aschaffenburgzweinull.stadtarchiv-digital.de\/#website","url":"https:\/\/aschaffenburgzweinull.stadtarchiv-digital.de\/","name":"Aschaffenburg","description":"2.0","potentialAction":[{"@type":"SearchAction","target":{"@type":"EntryPoint","urlTemplate":"https:\/\/aschaffenburgzweinull.stadtarchiv-digital.de\/?s={search_term_string}"},"query-input":{"@type":"PropertyValueSpecification","valueRequired":true,"valueName":"search_term_string"}}],"inLanguage":"de"},{"@type":"Person","@id":"https:\/\/aschaffenburgzweinull.stadtarchiv-digital.de\/#\/schema\/person\/5757984c9540e13adbfd7e029315d5a1","name":"Angelina Focht","url":"https:\/\/aschaffenburgzweinull.stadtarchiv-digital.de\/author\/justynabaumgart\/"}]}},"_links":{"self":[{"href":"https:\/\/aschaffenburgzweinull.stadtarchiv-digital.de\/data\/wp\/v2\/posts\/9912","targetHints":{"allow":["GET"]}}],"collection":[{"href":"https:\/\/aschaffenburgzweinull.stadtarchiv-digital.de\/data\/wp\/v2\/posts"}],"about":[{"href":"https:\/\/aschaffenburgzweinull.stadtarchiv-digital.de\/data\/wp\/v2\/types\/post"}],"author":[{"embeddable":true,"href":"https:\/\/aschaffenburgzweinull.stadtarchiv-digital.de\/data\/wp\/v2\/users\/25"}],"replies":[{"embeddable":true,"href":"https:\/\/aschaffenburgzweinull.stadtarchiv-digital.de\/data\/wp\/v2\/comments?post=9912"}],"version-history":[{"count":5,"href":"https:\/\/aschaffenburgzweinull.stadtarchiv-digital.de\/data\/wp\/v2\/posts\/9912\/revisions"}],"predecessor-version":[{"id":13455,"href":"https:\/\/aschaffenburgzweinull.stadtarchiv-digital.de\/data\/wp\/v2\/posts\/9912\/revisions\/13455"}],"wp:attachment":[{"href":"https:\/\/aschaffenburgzweinull.stadtarchiv-digital.de\/data\/wp\/v2\/media?parent=9912"}],"wp:term":[{"taxonomy":"category","embeddable":true,"href":"https:\/\/aschaffenburgzweinull.stadtarchiv-digital.de\/data\/wp\/v2\/categories?post=9912"},{"taxonomy":"post_tag","embeddable":true,"href":"https:\/\/aschaffenburgzweinull.stadtarchiv-digital.de\/data\/wp\/v2\/tags?post=9912"},{"taxonomy":"format","embeddable":true,"href":"https:\/\/aschaffenburgzweinull.stadtarchiv-digital.de\/data\/wp\/v2\/post-format?post=9912"},{"taxonomy":"content","embeddable":true,"href":"https:\/\/aschaffenburgzweinull.stadtarchiv-digital.de\/data\/wp\/v2\/post-content?post=9912"}],"curies":[{"name":"wp","href":"https:\/\/api.w.org\/{rel}","templated":true}]}}