{"id":9909,"date":"2025-04-28T13:47:40","date_gmt":"2025-04-28T11:47:40","guid":{"rendered":"https:\/\/aschaffenburgzweinull.stadtarchiv-digital.de\/?p=9909"},"modified":"2025-04-28T13:59:40","modified_gmt":"2025-04-28T11:59:40","slug":"adalbert-kapperer-platz","status":"publish","type":"post","link":"https:\/\/aschaffenburgzweinull.stadtarchiv-digital.de\/adalbert-kapperer-platz\/","title":{"rendered":"Adalbert-Kapperer-Platz"},"content":{"rendered":"<p>Adalbert Kapperer wurde am 9. Februar 1920 in Aschaffenburg-Schweinheim geboren und wuchs dort als Kind einer Arbeiterfamilie auf. Seitens der Mutter war das<br \/>\nElternhaus christlich eingestellt, er wurde religi\u00f6s erzogen.<\/p>\n<p>Nach dem Besuch der Volksschule absolvierte er von 1933 bis 1936 eine kaufm\u00e4nnische Lehre in dem Kolonialwaren- und Feinkostgesch\u00e4ft Arthur Miller in der Aschaffenburger Elisenstra\u00dfe. Nach deren Abschluss blieb er als kaufm\u00e4nnischer Angestellter dort. Er spezialisierte sich auf die Weinkellerei und den Weinverkauf. 1937 legte er die Pr\u00fcfung zum Kaufmannsgehilfen ab. In seiner Freizeit war Adalbert Kapperer ein begeisterter Radfahrer. Er war Mitglied im Schweinheimer Radfahrerverein &#8211; wie sein Vater, der dem Verein vorstand und dar\u00fcber hinaus eine Funktion im Unterfr\u00e4nkischen Radfahrer-Bund innehatte.<\/p>\n<p>Adalbert Kapperer war Hitler-Jugend-Gefolgschaftsf\u00fchrer. 1939 trat er der NSDAP bei. Sein Vater, der f\u00fcr die langj\u00e4hrige Teilnahme am Ersten Weltkrieg ausgezeichnet worden war, geh\u00f6rte seit Anfang der 1930er Jahre der SA an. Im Mai 1940 wurde der 20-j\u00e4hrige zum Reichsarbeitsdienst eingezogen. Im Oktober 1940 wurde Adalbert Kapperer zur Wehrmacht einberufen.<\/p>\n<p>Im Juli 1944 heiratete Adalbert Kapperer in Aschaffenburg seine Frau Else. Sie kam Anfang Januar 1945 bei einem Bombenangriff zusammen mit ihrer Mutter zu Tode. Else Kapperer erwartete das erste Kind.<\/p>\n<p>Adalbert Kapperer erhielt au\u00dfer dem Kriegsverdienstkreuz weitere Auszeichnungen f\u00fcr seine Kampfeins\u00e4tze, so das Verwundetenabzeichen, die im August 1942 eingef\u00fchrte \u201eNahkampfspange\u201c und das ab M\u00e4rz 1942 vergebene \u201eSonderabzeichen f\u00fcr das Niederk\u00e4mpfen von Panzerkampfwagen durch Einzelk\u00e4mpfer\u201c.<\/p>\n<p>Adalbert Kapperer kam 1945 krank und ersch\u00f6pft am Standort des Auffangstabs in Heinrichsgr\u00fcn (Jindrichovice) nahe Karlsbad (Karlovy Vary) an. Er litt an starken Magen-Darm-Beschwerden und hatte hohes Fieber. Seine Marschgruppe trug die Bitte an ihn heran, eine Nachtruhe einlegen zu d\u00fcrfen. Er meldete die Ankunft seiner Gruppe beim B\u00fcrgermeister des Ortes F\u00fchbu\u00df (Prebus).<\/p>\n<p>Da Adalbert Kapperer aber den Befehl nicht befolgt hatte, die Marschgruppe nach Eibenstock zu f\u00fchren und somit eigenm\u00e4chtig die \u00dcbernachtung in Fr\u00fchbu\u00df gestattet hatte, wurde er etwa um Mitternacht vom 20. auf den 21. April 1945 an einem Baum direkt vor dem Grundst\u00fcck des B\u00fcrgermeisters erh\u00e4ngt. Der Leichnam musste dort drei Tage h\u00e4ngenbleiben, bevor er auf dem Schweinheimer Friedhof beigesetzt werden konnte.<\/p>\n<p>Der Bruder Adalbert Kapperers k\u00e4mpfte in Aschaffenburg Mitte der 1950er Jahre um die Rehabilitierung des Toten. Er traf dabei in der \u00d6ffentlichkeit nicht \u00fcberall auf Verst\u00e4ndnis. Durch das Todesurteil galt Adalbert Kapperer als ausgeschlossen von der Wehrmacht.<\/p>\n<p>Obwohl das W\u00fcrzburger Schwurgericht das Todesurteil als rechtswidrig bezeichnet hatte, durfte seine Familie ihn zun\u00e4chst nicht in das Sterberegister beim Standesamt der Stadt Aschaffenburg eintragen lassen, wie es f\u00fcr gefallene Wehrmachtsangeh\u00f6rige \u00fcblich war.<\/p>\n<p>Es bedurfte erst der Unterst\u00fctzung des CSU-Bundestagsabgeordneten Hugo Karpf<br \/>\n(1895-1994) und einer Intervention aus dem Bundesinnenministerium, bis der Eintrag im August 1955 endlich korrigiert wurde: Die Todesursache lautet nun richtig \u201eunschuldig hingerichtet\u201c. Damit war das Todesurteil gegen Adalbert Kapperer zwar nicht durch ein bundesdeutsches Gericht aufgehoben worden, und es hatte auch keinen offiziellen Gnadenakt gegeben. Doch er war rehabilitiert. Nach dem \u201eGesetz zur Aufhebung von nationalsozialistischem Unrecht\u201c aus dem Jahr 1998 war er auch juristisch und damit vollst\u00e4ndig rehabilitiert.<\/p>\n<p>Der vorliegende Beitrag st\u00fctzt sich auf die umfangreiche Publikation \u201eKrieg nach Innen. NS-Verbrechen in Aschaffenburg und an Aschaffenburgern\u201c von Elisabeth Kohlhaas, Historikerin an der Universit\u00e4t Leipzig. In diesem Buch, das 2005 erschien, besch\u00e4ftigt sie sich auch ausf\u00fchrlich mit dem Fall von Friedel Heymann (1918-1945). Seit August 2022 ist sie Leiterin des Dokumentations- und Informationszentrums (DIZ) in Torgau\/ Sachsen.<\/p>\n<p>Die Stadt Aschaffenburg ehrt Adalbert Kapperer ab 2005 durch Erw\u00e4hnen auf der Gedenktafel im Hof des Schlosses Johannisburg sowie auf Antrag des Heimat- und<br \/>\nGeschichtsvereins (HuG) Aschaffenburg-Schweinheim e. V. seit 7. Mai 2012 durch Benennung des Platzes am Ende der verkehrsberuhigten Stra\u00dfe G\u00e4\u00dfpfad in Schweinheim.<\/p>\n<p><strong>Autor: Dr. phil. Lothar Blatt<\/strong><\/p>\n","protected":false},"excerpt":{"rendered":"<p>Adalbert Kapperer wurde am 9. Februar 1920 in Aschaffenburg-Schweinheim geboren und wuchs dort als Kind einer Arbeiterfamilie auf. Seitens der Mutter war das Elternhaus christlich eingestellt, er wurde religi\u00f6s erzogen. [&hellip;]<\/p>\n","protected":false},"author":25,"featured_media":0,"comment_status":"open","ping_status":"open","sticky":false,"template":"","format":"standard","meta":{"_acf_changed":false,"footnotes":""},"categories":[1,953],"tags":[114,145],"post-format":[2],"post-content":[67],"class_list":["post-9909","post","type-post","status-publish","format-standard","hentry","category-bildung","category-strassennamen","tag-strassen","tag-strassennamen","format-information","content-text","project-strassennamen-in-aschaffenburg"],"acf":[],"yoast_head":"<!-- This site is optimized with the Yoast SEO plugin v27.4 - https:\/\/yoast.com\/product\/yoast-seo-wordpress\/ -->\n<title>Adalbert-Kapperer-Platz - Aschaffenburg<\/title>\n<meta name=\"robots\" content=\"index, follow, max-snippet:-1, max-image-preview:large, max-video-preview:-1\" \/>\n<link rel=\"canonical\" href=\"https:\/\/aschaffenburgzweinull.stadtarchiv-digital.de\/adalbert-kapperer-platz\/\" \/>\n<meta property=\"og:locale\" content=\"de_DE\" \/>\n<meta property=\"og:type\" content=\"article\" \/>\n<meta property=\"og:title\" content=\"Adalbert-Kapperer-Platz - Aschaffenburg\" \/>\n<meta property=\"og:description\" content=\"Adalbert Kapperer wurde am 9. Februar 1920 in Aschaffenburg-Schweinheim geboren und wuchs dort als Kind einer Arbeiterfamilie auf. Seitens der Mutter war das Elternhaus christlich eingestellt, er wurde religi\u00f6s erzogen. [&hellip;]\" \/>\n<meta property=\"og:url\" content=\"https:\/\/aschaffenburgzweinull.stadtarchiv-digital.de\/adalbert-kapperer-platz\/\" \/>\n<meta property=\"og:site_name\" content=\"Aschaffenburg\" \/>\n<meta property=\"article:published_time\" content=\"2025-04-28T11:47:40+00:00\" \/>\n<meta property=\"article:modified_time\" content=\"2025-04-28T11:59:40+00:00\" \/>\n<meta property=\"og:image\" content=\"https:\/\/aschaffenburgzweinull.stadtarchiv-digital.de\/wp-content\/uploads\/2020\/07\/Logo-Stadtarchiv-Aschaffenburg.png\" \/>\n\t<meta property=\"og:image:width\" content=\"379\" \/>\n\t<meta property=\"og:image:height\" content=\"70\" \/>\n\t<meta property=\"og:image:type\" content=\"image\/png\" \/>\n<meta name=\"author\" content=\"Angelina Focht\" \/>\n<meta name=\"twitter:card\" content=\"summary_large_image\" \/>\n<meta name=\"twitter:label1\" content=\"Verfasst von\" \/>\n\t<meta name=\"twitter:data1\" content=\"Angelina Focht\" \/>\n\t<meta name=\"twitter:label2\" content=\"Gesch\u00e4tzte Lesezeit\" \/>\n\t<meta name=\"twitter:data2\" content=\"4\u00a0Minuten\" \/>\n<script type=\"application\/ld+json\" class=\"yoast-schema-graph\">{\"@context\":\"https:\\\/\\\/schema.org\",\"@graph\":[{\"@type\":\"Article\",\"@id\":\"https:\\\/\\\/aschaffenburgzweinull.stadtarchiv-digital.de\\\/adalbert-kapperer-platz\\\/#article\",\"isPartOf\":{\"@id\":\"https:\\\/\\\/aschaffenburgzweinull.stadtarchiv-digital.de\\\/adalbert-kapperer-platz\\\/\"},\"author\":{\"name\":\"Angelina Focht\",\"@id\":\"https:\\\/\\\/aschaffenburgzweinull.stadtarchiv-digital.de\\\/#\\\/schema\\\/person\\\/5757984c9540e13adbfd7e029315d5a1\"},\"headline\":\"Adalbert-Kapperer-Platz\",\"datePublished\":\"2025-04-28T11:47:40+00:00\",\"dateModified\":\"2025-04-28T11:59:40+00:00\",\"mainEntityOfPage\":{\"@id\":\"https:\\\/\\\/aschaffenburgzweinull.stadtarchiv-digital.de\\\/adalbert-kapperer-platz\\\/\"},\"wordCount\":626,\"commentCount\":0,\"keywords\":[\"Stra\u00dfen\",\"Stra\u00dfennamen\"],\"articleSection\":[\"Bildung\",\"Stra\u00dfennamen\"],\"inLanguage\":\"de\",\"potentialAction\":[{\"@type\":\"CommentAction\",\"name\":\"Comment\",\"target\":[\"https:\\\/\\\/aschaffenburgzweinull.stadtarchiv-digital.de\\\/adalbert-kapperer-platz\\\/#respond\"]}]},{\"@type\":\"WebPage\",\"@id\":\"https:\\\/\\\/aschaffenburgzweinull.stadtarchiv-digital.de\\\/adalbert-kapperer-platz\\\/\",\"url\":\"https:\\\/\\\/aschaffenburgzweinull.stadtarchiv-digital.de\\\/adalbert-kapperer-platz\\\/\",\"name\":\"Adalbert-Kapperer-Platz - Aschaffenburg\",\"isPartOf\":{\"@id\":\"https:\\\/\\\/aschaffenburgzweinull.stadtarchiv-digital.de\\\/#website\"},\"datePublished\":\"2025-04-28T11:47:40+00:00\",\"dateModified\":\"2025-04-28T11:59:40+00:00\",\"author\":{\"@id\":\"https:\\\/\\\/aschaffenburgzweinull.stadtarchiv-digital.de\\\/#\\\/schema\\\/person\\\/5757984c9540e13adbfd7e029315d5a1\"},\"breadcrumb\":{\"@id\":\"https:\\\/\\\/aschaffenburgzweinull.stadtarchiv-digital.de\\\/adalbert-kapperer-platz\\\/#breadcrumb\"},\"inLanguage\":\"de\",\"potentialAction\":[{\"@type\":\"ReadAction\",\"target\":[\"https:\\\/\\\/aschaffenburgzweinull.stadtarchiv-digital.de\\\/adalbert-kapperer-platz\\\/\"]}]},{\"@type\":\"BreadcrumbList\",\"@id\":\"https:\\\/\\\/aschaffenburgzweinull.stadtarchiv-digital.de\\\/adalbert-kapperer-platz\\\/#breadcrumb\",\"itemListElement\":[{\"@type\":\"ListItem\",\"position\":1,\"name\":\"Startseite\",\"item\":\"https:\\\/\\\/aschaffenburgzweinull.stadtarchiv-digital.de\\\/\"},{\"@type\":\"ListItem\",\"position\":2,\"name\":\"Adalbert-Kapperer-Platz\"}]},{\"@type\":\"WebSite\",\"@id\":\"https:\\\/\\\/aschaffenburgzweinull.stadtarchiv-digital.de\\\/#website\",\"url\":\"https:\\\/\\\/aschaffenburgzweinull.stadtarchiv-digital.de\\\/\",\"name\":\"Aschaffenburg\",\"description\":\"2.0\",\"potentialAction\":[{\"@type\":\"SearchAction\",\"target\":{\"@type\":\"EntryPoint\",\"urlTemplate\":\"https:\\\/\\\/aschaffenburgzweinull.stadtarchiv-digital.de\\\/?s={search_term_string}\"},\"query-input\":{\"@type\":\"PropertyValueSpecification\",\"valueRequired\":true,\"valueName\":\"search_term_string\"}}],\"inLanguage\":\"de\"},{\"@type\":\"Person\",\"@id\":\"https:\\\/\\\/aschaffenburgzweinull.stadtarchiv-digital.de\\\/#\\\/schema\\\/person\\\/5757984c9540e13adbfd7e029315d5a1\",\"name\":\"Angelina Focht\",\"url\":\"https:\\\/\\\/aschaffenburgzweinull.stadtarchiv-digital.de\\\/author\\\/justynabaumgart\\\/\"}]}<\/script>\n<!-- \/ Yoast SEO plugin. -->","yoast_head_json":{"title":"Adalbert-Kapperer-Platz - Aschaffenburg","robots":{"index":"index","follow":"follow","max-snippet":"max-snippet:-1","max-image-preview":"max-image-preview:large","max-video-preview":"max-video-preview:-1"},"canonical":"https:\/\/aschaffenburgzweinull.stadtarchiv-digital.de\/adalbert-kapperer-platz\/","og_locale":"de_DE","og_type":"article","og_title":"Adalbert-Kapperer-Platz - Aschaffenburg","og_description":"Adalbert Kapperer wurde am 9. Februar 1920 in Aschaffenburg-Schweinheim geboren und wuchs dort als Kind einer Arbeiterfamilie auf. Seitens der Mutter war das Elternhaus christlich eingestellt, er wurde religi\u00f6s erzogen. [&hellip;]","og_url":"https:\/\/aschaffenburgzweinull.stadtarchiv-digital.de\/adalbert-kapperer-platz\/","og_site_name":"Aschaffenburg","article_published_time":"2025-04-28T11:47:40+00:00","article_modified_time":"2025-04-28T11:59:40+00:00","og_image":[{"width":379,"height":70,"url":"https:\/\/aschaffenburgzweinull.stadtarchiv-digital.de\/wp-content\/uploads\/2020\/07\/Logo-Stadtarchiv-Aschaffenburg.png","type":"image\/png"}],"author":"Angelina Focht","twitter_card":"summary_large_image","twitter_misc":{"Verfasst von":"Angelina Focht","Gesch\u00e4tzte Lesezeit":"4\u00a0Minuten"},"schema":{"@context":"https:\/\/schema.org","@graph":[{"@type":"Article","@id":"https:\/\/aschaffenburgzweinull.stadtarchiv-digital.de\/adalbert-kapperer-platz\/#article","isPartOf":{"@id":"https:\/\/aschaffenburgzweinull.stadtarchiv-digital.de\/adalbert-kapperer-platz\/"},"author":{"name":"Angelina Focht","@id":"https:\/\/aschaffenburgzweinull.stadtarchiv-digital.de\/#\/schema\/person\/5757984c9540e13adbfd7e029315d5a1"},"headline":"Adalbert-Kapperer-Platz","datePublished":"2025-04-28T11:47:40+00:00","dateModified":"2025-04-28T11:59:40+00:00","mainEntityOfPage":{"@id":"https:\/\/aschaffenburgzweinull.stadtarchiv-digital.de\/adalbert-kapperer-platz\/"},"wordCount":626,"commentCount":0,"keywords":["Stra\u00dfen","Stra\u00dfennamen"],"articleSection":["Bildung","Stra\u00dfennamen"],"inLanguage":"de","potentialAction":[{"@type":"CommentAction","name":"Comment","target":["https:\/\/aschaffenburgzweinull.stadtarchiv-digital.de\/adalbert-kapperer-platz\/#respond"]}]},{"@type":"WebPage","@id":"https:\/\/aschaffenburgzweinull.stadtarchiv-digital.de\/adalbert-kapperer-platz\/","url":"https:\/\/aschaffenburgzweinull.stadtarchiv-digital.de\/adalbert-kapperer-platz\/","name":"Adalbert-Kapperer-Platz - Aschaffenburg","isPartOf":{"@id":"https:\/\/aschaffenburgzweinull.stadtarchiv-digital.de\/#website"},"datePublished":"2025-04-28T11:47:40+00:00","dateModified":"2025-04-28T11:59:40+00:00","author":{"@id":"https:\/\/aschaffenburgzweinull.stadtarchiv-digital.de\/#\/schema\/person\/5757984c9540e13adbfd7e029315d5a1"},"breadcrumb":{"@id":"https:\/\/aschaffenburgzweinull.stadtarchiv-digital.de\/adalbert-kapperer-platz\/#breadcrumb"},"inLanguage":"de","potentialAction":[{"@type":"ReadAction","target":["https:\/\/aschaffenburgzweinull.stadtarchiv-digital.de\/adalbert-kapperer-platz\/"]}]},{"@type":"BreadcrumbList","@id":"https:\/\/aschaffenburgzweinull.stadtarchiv-digital.de\/adalbert-kapperer-platz\/#breadcrumb","itemListElement":[{"@type":"ListItem","position":1,"name":"Startseite","item":"https:\/\/aschaffenburgzweinull.stadtarchiv-digital.de\/"},{"@type":"ListItem","position":2,"name":"Adalbert-Kapperer-Platz"}]},{"@type":"WebSite","@id":"https:\/\/aschaffenburgzweinull.stadtarchiv-digital.de\/#website","url":"https:\/\/aschaffenburgzweinull.stadtarchiv-digital.de\/","name":"Aschaffenburg","description":"2.0","potentialAction":[{"@type":"SearchAction","target":{"@type":"EntryPoint","urlTemplate":"https:\/\/aschaffenburgzweinull.stadtarchiv-digital.de\/?s={search_term_string}"},"query-input":{"@type":"PropertyValueSpecification","valueRequired":true,"valueName":"search_term_string"}}],"inLanguage":"de"},{"@type":"Person","@id":"https:\/\/aschaffenburgzweinull.stadtarchiv-digital.de\/#\/schema\/person\/5757984c9540e13adbfd7e029315d5a1","name":"Angelina Focht","url":"https:\/\/aschaffenburgzweinull.stadtarchiv-digital.de\/author\/justynabaumgart\/"}]}},"_links":{"self":[{"href":"https:\/\/aschaffenburgzweinull.stadtarchiv-digital.de\/data\/wp\/v2\/posts\/9909","targetHints":{"allow":["GET"]}}],"collection":[{"href":"https:\/\/aschaffenburgzweinull.stadtarchiv-digital.de\/data\/wp\/v2\/posts"}],"about":[{"href":"https:\/\/aschaffenburgzweinull.stadtarchiv-digital.de\/data\/wp\/v2\/types\/post"}],"author":[{"embeddable":true,"href":"https:\/\/aschaffenburgzweinull.stadtarchiv-digital.de\/data\/wp\/v2\/users\/25"}],"replies":[{"embeddable":true,"href":"https:\/\/aschaffenburgzweinull.stadtarchiv-digital.de\/data\/wp\/v2\/comments?post=9909"}],"version-history":[{"count":10,"href":"https:\/\/aschaffenburgzweinull.stadtarchiv-digital.de\/data\/wp\/v2\/posts\/9909\/revisions"}],"predecessor-version":[{"id":13453,"href":"https:\/\/aschaffenburgzweinull.stadtarchiv-digital.de\/data\/wp\/v2\/posts\/9909\/revisions\/13453"}],"wp:attachment":[{"href":"https:\/\/aschaffenburgzweinull.stadtarchiv-digital.de\/data\/wp\/v2\/media?parent=9909"}],"wp:term":[{"taxonomy":"category","embeddable":true,"href":"https:\/\/aschaffenburgzweinull.stadtarchiv-digital.de\/data\/wp\/v2\/categories?post=9909"},{"taxonomy":"post_tag","embeddable":true,"href":"https:\/\/aschaffenburgzweinull.stadtarchiv-digital.de\/data\/wp\/v2\/tags?post=9909"},{"taxonomy":"format","embeddable":true,"href":"https:\/\/aschaffenburgzweinull.stadtarchiv-digital.de\/data\/wp\/v2\/post-format?post=9909"},{"taxonomy":"content","embeddable":true,"href":"https:\/\/aschaffenburgzweinull.stadtarchiv-digital.de\/data\/wp\/v2\/post-content?post=9909"}],"curies":[{"name":"wp","href":"https:\/\/api.w.org\/{rel}","templated":true}]}}