{"id":9652,"date":"2024-07-01T07:44:08","date_gmt":"2024-07-01T05:44:08","guid":{"rendered":"https:\/\/aschaffenburgzweinull.stadtarchiv-digital.de\/?p=9652"},"modified":"2024-12-17T13:16:30","modified_gmt":"2024-12-17T12:16:30","slug":"episode-26-pop-musik","status":"publish","type":"post","link":"https:\/\/aschaffenburgzweinull.stadtarchiv-digital.de\/episode-26-pop-musik\/","title":{"rendered":"Episode 26: Pop Musik"},"content":{"rendered":"<p>Die neueste Folge in der Podcastreihe Aschaffenburger Geschichten wird im Rahmen der POP AB Ausstellung (21.6.24-8.9.24) ver\u00f6ffentlicht.<\/p>\n<p>Musik kann von \u00fcberall her kommen, ist immer wieder anders und besonders und kann die unterschiedlichsten Menschen miteinander verbinden. Darum soll es in dieser Folge gehen, genauer um die Geschichten und Werdeg\u00e4nge dreier Aschaffenburger Musiker. Wie sind sie zur Musik gekommen? Was waren die Highlights ihrer Karrieren? Was f\u00fcr eine Rolle spielt Musik heute noch in ihrem Leben? Diese und mehr Fragen werden in der aktuellen Folge beantwortet.<\/p>\n<p data-pm-slice=\"1 1 []\">Claus Berninger ist 1959 in Erlenbach am Main geboren. Er besuchte das Hermann Staudinger Gymnasium und startete mit einigen Klassenkameraden als autodidaktischer Gitarrist und S\u00e4nger in der 10. Jahrgangsstufe seine erste Band. Nach erfolgreichem Studium der Sozialarbeit an der Hochschule Fulda zog er Ende 1984 nach Aschaffenburg und er\u00f6ffnete mit seinem Bruder G\u00fcnther den Klimperkasten, in dem es ab Februar 1985 bereits ein regelm\u00e4\u00dfiges Monatsprogramm mit Live Musik gab, f\u00fcr das Claus zust\u00e4ndig war. Parallel dazu, absolvierte er tags\u00fcber ein Anerkennungsjahr in einer Obdachlosensiedlung in Neu Isenburg f\u00fcr den Abschluss seines Studiums zum Diplom-Sozialarbeiter. Von 1987 bis 1990 absolvierte er mit dem Aufkommen des privaten Rundfunks noch zwei weitere Ausbildungen als Rundfunk- und Zeitungsredakteur beim Medienhaus Main-Echo \u2013 ebenfalls parallel zum Gastronomie- und Musikbetrieb im Klimperkasten. 1992 er\u00f6ffneten die Br\u00fcder Berninger im Nachbargeb\u00e4ude des Klimperkastens den Colos-Saal, dessen Gesch\u00e4ftsf\u00fchrer Claus seither ist. Seit 2003 ist er Ausbilder f\u00fcr den Berufsweg \u201eVeranstaltungskaufmann\/-frau\u201c. Von 2013 bis 2021 war Claus Berninger Stadtrat in Aschaffenburg.<\/p>\n<p>Johannes B\u00fcttner wurde Ende 1946 in Aschaffenburg-Schweinheim geboren. Er verbrachte seine Jugend bei den dortigen Pfadfindern und war dort Anfang der 1960er Jahre in einer Skiffle-Band mit Waschbrett und Gitarre. Aus dieser Truppe entstand dann 1963 die erste Band mit franz\u00f6sischen Namen \u201eLes Clochards\u201c. Johannes B\u00fcttner war der Schlagzeuger. Ohne Schlagzeugunterricht mit dem Ohr an der Schallplatte brachte Johannes B\u00fcttner sich das trommeln bei. Ab 1965 \u00e4nderte sich der Name in \u201eThe Idyllics\u201c und die Auftritte wurden professioneller. Ab 1966 dann die ersten Auftritte im Aschaffenburger \u201eJazzkeller\u201c &#8211; bis 1969 unter dem Namen \u201eThe Certain Style\u201c. 1969 bis 1970 Auftritte mit dem Jazzquartett \u201eLiving Jazz\u201c mit Modern Jazz St\u00fccken und Free Jazz mit J\u00fcrgen Wuchner am Bass, Michael Eicken am Klavier und Kurt Steiner am Saxophon. Erst 1980 begann nach 10 Jahren Pause die weitere musikalische Karriere von Johannes B\u00fcttner mit der Band \u201e3EX\u201c. Johannes B\u00fcttner verlie\u00df 1996 zwischenzeitlich \u201e3EX\u201c und spielte in Bands wie \u201eAl Dente\u201c mit Italo-Rock und gr\u00fcndete mit Claus Heinen das \u201eClaus Heinen Trio\u201c. 2016 wurde die Band \u201e3EX\u201c wieder reaktiviert. Johannes B\u00fcttner war von 1984 bis 1988 und ist von 2000 bis heute Mitglied im Stadtrat von Aschaffenburg.<\/p>\n<p>Franz Ullrich wurde 1949 in Pflaumheim geboren. In der Volkshochschule nahm er Gitarrenunterricht und gr\u00fcndete mit ca. 12 Jahren seine erste Band. Zwischen 14 und 15 Jahren hatten sie ihre ersten gr\u00f6\u00dferen Auftritte. Der Name der Band war &#8222;Tramp Style&#8220;. Er besuchte die Holzfachschule Michelstadt und war zeitgleich Teil einer Band namens \u201eSee\u201c. Anschlie\u00dfend zog er weiter nach Darmstadt, um Innenarchitektur zu studieren. Darmstadt war damals eine musikalische Hochburg und Franz Ullrich hatte die Gelegenheit, bei einer Band namens &#8222;Fame&#8220; als S\u00e4nger einzusteigen. Nach Ende seines Studiums kam er zur\u00fcck nach Aschaffenburg. Dort gr\u00fcndete er die Band &#8222;Solid Ground.\u00a0 Sie machten eine Schallplatte mit dem Titel &#8222;Backstage Love Affair&#8220;. Die n\u00e4chste Band trug den Namen &#8222;Stampede&#8220;. Sie brachten ein Album heraus, dass vor allem bei den hier stationierten US-Amerikanern sehr gro\u00dfen Anklang fand. Danach folgte die Band &#8222;Likk&#8220;, ein au\u00dfergew\u00f6hnliches Rockprojekt mit S\u00e4nger und S\u00e4ngerin. Sie spielten u.a. auf dem ber\u00fchmten &#8222;Out in the Green Festival&#8220; in Schaafheim. &#8222;Blach&amp;White&#8220; war eine Coverband. Ihr H\u00f6hepunkt war eine kleine Tournee durch Deutschland. Vor ca. 12 Jahren beendete Franz Ullrich seine Musikkarriere aus gesundheitlichen Gr\u00fcnden.<\/p>\n<p>Der Podcast kann bei verschiedenen Podcast-Anbietern geh\u00f6rt werden:<a href=\"https:\/\/open.spotify.com\/episode\/4RZd7ScCabAm1i1eeCTgpr?si=5ec7e3863eee49dc\"> Spotify<\/a>,\u00a0<a href=\"https:\/\/podcasts.apple.com\/de\/podcast\/episode-26-pop-musik\/id1566606888?i=1000659894368\">Apple Podcasts,<\/a>\u00a0<a href=\"https:\/\/deezer.page.link\/xWeXokGHTu2SMDdp9\">Deezer<\/a>,\u00a0<a href=\"https:\/\/podcasts.google.com\/search\/aschaffenburger%20geschichten\">Google Podcasts<\/a>, <a href=\"https:\/\/www.audible.com\/podcast\/Episode-26-Pop-Musik\/B0D7SMTTJ5?action_code=ASSGB149080119000H&amp;share_location=pdp\">Audible<\/a><\/p>\n<audio class=\"wp-audio-shortcode\" id=\"audio-9652-1\" preload=\"none\" style=\"width: 100%;\" controls=\"controls\"><source type=\"audio\/mpeg\" src=\"https:\/\/aschaffenburgzweinull.stadtarchiv-digital.de\/wp-content\/uploads\/2024\/06\/Podcast_Pop_14.05.2024-fertig.mp3?_=1\" \/><a href=\"https:\/\/aschaffenburgzweinull.stadtarchiv-digital.de\/wp-content\/uploads\/2024\/06\/Podcast_Pop_14.05.2024-fertig.mp3\">https:\/\/aschaffenburgzweinull.stadtarchiv-digital.de\/wp-content\/uploads\/2024\/06\/Podcast_Pop_14.05.2024-fertig.mp3<\/a><\/audio>\n<p>&nbsp;<\/p>\n","protected":false},"excerpt":{"rendered":"<p>Die neueste Folge in der Podcastreihe Aschaffenburger Geschichten wird im Rahmen der POP AB Ausstellung (21.6.24-8.9.24) ver\u00f6ffentlicht. Musik kann von \u00fcberall her kommen, ist immer wieder anders und besonders und [&hellip;]<\/p>\n","protected":false},"author":60,"featured_media":9653,"comment_status":"open","ping_status":"open","sticky":false,"template":"","format":"standard","meta":{"_acf_changed":false,"footnotes":""},"categories":[937,966,1],"tags":[988,989,987],"post-format":[2],"post-content":[9],"class_list":["post-9652","post","type-post","status-publish","format-standard","has-post-thumbnail","hentry","category-podcast","category-aschaffenburger-geschichten","category-bildung","tag-pop-kultur","tag-saenger","tag-musikszene","format-information","content-audio","project-aschaffenburger-geschichten"],"acf":[],"yoast_head":"<!-- This site is optimized with the Yoast SEO plugin v27.4 - https:\/\/yoast.com\/product\/yoast-seo-wordpress\/ -->\n<title>Episode 26: Pop Musik - Aschaffenburg<\/title>\n<meta name=\"robots\" content=\"index, follow, max-snippet:-1, max-image-preview:large, max-video-preview:-1\" \/>\n<link rel=\"canonical\" href=\"https:\/\/aschaffenburgzweinull.stadtarchiv-digital.de\/episode-26-pop-musik\/\" \/>\n<meta property=\"og:locale\" content=\"de_DE\" \/>\n<meta property=\"og:type\" content=\"article\" \/>\n<meta property=\"og:title\" content=\"Episode 26: Pop Musik - Aschaffenburg\" \/>\n<meta property=\"og:description\" content=\"Die neueste Folge in der Podcastreihe Aschaffenburger Geschichten wird im Rahmen der POP AB Ausstellung (21.6.24-8.9.24) ver\u00f6ffentlicht. Musik kann von \u00fcberall her kommen, ist immer wieder anders und besonders und [&hellip;]\" \/>\n<meta property=\"og:url\" content=\"https:\/\/aschaffenburgzweinull.stadtarchiv-digital.de\/episode-26-pop-musik\/\" \/>\n<meta property=\"og:site_name\" content=\"Aschaffenburg\" \/>\n<meta property=\"article:published_time\" content=\"2024-07-01T05:44:08+00:00\" \/>\n<meta property=\"article:modified_time\" content=\"2024-12-17T12:16:30+00:00\" \/>\n<meta property=\"og:image\" content=\"https:\/\/aschaffenburgzweinull.stadtarchiv-digital.de\/wp-content\/uploads\/2024\/06\/1650976096.jpeg\" \/>\n\t<meta property=\"og:image:width\" content=\"1400\" \/>\n\t<meta property=\"og:image:height\" content=\"1400\" \/>\n\t<meta property=\"og:image:type\" content=\"image\/jpeg\" \/>\n<meta name=\"author\" content=\"Digitalladen\" \/>\n<meta name=\"twitter:card\" content=\"summary_large_image\" \/>\n<meta name=\"twitter:label1\" content=\"Verfasst von\" \/>\n\t<meta name=\"twitter:data1\" content=\"Digitalladen\" \/>\n\t<meta name=\"twitter:label2\" content=\"Gesch\u00e4tzte Lesezeit\" \/>\n\t<meta name=\"twitter:data2\" content=\"4\u00a0Minuten\" \/>\n<script type=\"application\/ld+json\" class=\"yoast-schema-graph\">{\"@context\":\"https:\\\/\\\/schema.org\",\"@graph\":[{\"@type\":\"Article\",\"@id\":\"https:\\\/\\\/aschaffenburgzweinull.stadtarchiv-digital.de\\\/episode-26-pop-musik\\\/#article\",\"isPartOf\":{\"@id\":\"https:\\\/\\\/aschaffenburgzweinull.stadtarchiv-digital.de\\\/episode-26-pop-musik\\\/\"},\"author\":{\"name\":\"Digitalladen\",\"@id\":\"https:\\\/\\\/aschaffenburgzweinull.stadtarchiv-digital.de\\\/#\\\/schema\\\/person\\\/84b4bb62119cfdf954220af584269d46\"},\"headline\":\"Episode 26: Pop Musik\",\"datePublished\":\"2024-07-01T05:44:08+00:00\",\"dateModified\":\"2024-12-17T12:16:30+00:00\",\"mainEntityOfPage\":{\"@id\":\"https:\\\/\\\/aschaffenburgzweinull.stadtarchiv-digital.de\\\/episode-26-pop-musik\\\/\"},\"wordCount\":670,\"commentCount\":1,\"image\":{\"@id\":\"https:\\\/\\\/aschaffenburgzweinull.stadtarchiv-digital.de\\\/episode-26-pop-musik\\\/#primaryimage\"},\"thumbnailUrl\":\"https:\\\/\\\/aschaffenburgzweinull.stadtarchiv-digital.de\\\/wp-content\\\/uploads\\\/2024\\\/06\\\/1650976096.jpeg\",\"keywords\":[\"Pop-Kultur\",\"S\u00e4nger\",\"Musikszene\"],\"articleSection\":[\"Podcast\",\"Aschaffenburger Geschichten\",\"Bildung\"],\"inLanguage\":\"de\",\"potentialAction\":[{\"@type\":\"CommentAction\",\"name\":\"Comment\",\"target\":[\"https:\\\/\\\/aschaffenburgzweinull.stadtarchiv-digital.de\\\/episode-26-pop-musik\\\/#respond\"]}]},{\"@type\":\"WebPage\",\"@id\":\"https:\\\/\\\/aschaffenburgzweinull.stadtarchiv-digital.de\\\/episode-26-pop-musik\\\/\",\"url\":\"https:\\\/\\\/aschaffenburgzweinull.stadtarchiv-digital.de\\\/episode-26-pop-musik\\\/\",\"name\":\"Episode 26: Pop Musik - Aschaffenburg\",\"isPartOf\":{\"@id\":\"https:\\\/\\\/aschaffenburgzweinull.stadtarchiv-digital.de\\\/#website\"},\"primaryImageOfPage\":{\"@id\":\"https:\\\/\\\/aschaffenburgzweinull.stadtarchiv-digital.de\\\/episode-26-pop-musik\\\/#primaryimage\"},\"image\":{\"@id\":\"https:\\\/\\\/aschaffenburgzweinull.stadtarchiv-digital.de\\\/episode-26-pop-musik\\\/#primaryimage\"},\"thumbnailUrl\":\"https:\\\/\\\/aschaffenburgzweinull.stadtarchiv-digital.de\\\/wp-content\\\/uploads\\\/2024\\\/06\\\/1650976096.jpeg\",\"datePublished\":\"2024-07-01T05:44:08+00:00\",\"dateModified\":\"2024-12-17T12:16:30+00:00\",\"author\":{\"@id\":\"https:\\\/\\\/aschaffenburgzweinull.stadtarchiv-digital.de\\\/#\\\/schema\\\/person\\\/84b4bb62119cfdf954220af584269d46\"},\"breadcrumb\":{\"@id\":\"https:\\\/\\\/aschaffenburgzweinull.stadtarchiv-digital.de\\\/episode-26-pop-musik\\\/#breadcrumb\"},\"inLanguage\":\"de\",\"potentialAction\":[{\"@type\":\"ReadAction\",\"target\":[\"https:\\\/\\\/aschaffenburgzweinull.stadtarchiv-digital.de\\\/episode-26-pop-musik\\\/\"]}]},{\"@type\":\"ImageObject\",\"inLanguage\":\"de\",\"@id\":\"https:\\\/\\\/aschaffenburgzweinull.stadtarchiv-digital.de\\\/episode-26-pop-musik\\\/#primaryimage\",\"url\":\"https:\\\/\\\/aschaffenburgzweinull.stadtarchiv-digital.de\\\/wp-content\\\/uploads\\\/2024\\\/06\\\/1650976096.jpeg\",\"contentUrl\":\"https:\\\/\\\/aschaffenburgzweinull.stadtarchiv-digital.de\\\/wp-content\\\/uploads\\\/2024\\\/06\\\/1650976096.jpeg\",\"width\":1400,\"height\":1400},{\"@type\":\"BreadcrumbList\",\"@id\":\"https:\\\/\\\/aschaffenburgzweinull.stadtarchiv-digital.de\\\/episode-26-pop-musik\\\/#breadcrumb\",\"itemListElement\":[{\"@type\":\"ListItem\",\"position\":1,\"name\":\"Startseite\",\"item\":\"https:\\\/\\\/aschaffenburgzweinull.stadtarchiv-digital.de\\\/\"},{\"@type\":\"ListItem\",\"position\":2,\"name\":\"Episode 26: Pop Musik\"}]},{\"@type\":\"WebSite\",\"@id\":\"https:\\\/\\\/aschaffenburgzweinull.stadtarchiv-digital.de\\\/#website\",\"url\":\"https:\\\/\\\/aschaffenburgzweinull.stadtarchiv-digital.de\\\/\",\"name\":\"Aschaffenburg\",\"description\":\"2.0\",\"potentialAction\":[{\"@type\":\"SearchAction\",\"target\":{\"@type\":\"EntryPoint\",\"urlTemplate\":\"https:\\\/\\\/aschaffenburgzweinull.stadtarchiv-digital.de\\\/?s={search_term_string}\"},\"query-input\":{\"@type\":\"PropertyValueSpecification\",\"valueRequired\":true,\"valueName\":\"search_term_string\"}}],\"inLanguage\":\"de\"},{\"@type\":\"Person\",\"@id\":\"https:\\\/\\\/aschaffenburgzweinull.stadtarchiv-digital.de\\\/#\\\/schema\\\/person\\\/84b4bb62119cfdf954220af584269d46\",\"name\":\"Digitalladen\",\"url\":\"https:\\\/\\\/aschaffenburgzweinull.stadtarchiv-digital.de\\\/author\\\/paula-lambertson\\\/\"}]}<\/script>\n<!-- \/ Yoast SEO plugin. -->","yoast_head_json":{"title":"Episode 26: Pop Musik - Aschaffenburg","robots":{"index":"index","follow":"follow","max-snippet":"max-snippet:-1","max-image-preview":"max-image-preview:large","max-video-preview":"max-video-preview:-1"},"canonical":"https:\/\/aschaffenburgzweinull.stadtarchiv-digital.de\/episode-26-pop-musik\/","og_locale":"de_DE","og_type":"article","og_title":"Episode 26: Pop Musik - Aschaffenburg","og_description":"Die neueste Folge in der Podcastreihe Aschaffenburger Geschichten wird im Rahmen der POP AB Ausstellung (21.6.24-8.9.24) ver\u00f6ffentlicht. Musik kann von \u00fcberall her kommen, ist immer wieder anders und besonders und [&hellip;]","og_url":"https:\/\/aschaffenburgzweinull.stadtarchiv-digital.de\/episode-26-pop-musik\/","og_site_name":"Aschaffenburg","article_published_time":"2024-07-01T05:44:08+00:00","article_modified_time":"2024-12-17T12:16:30+00:00","og_image":[{"width":1400,"height":1400,"url":"https:\/\/aschaffenburgzweinull.stadtarchiv-digital.de\/wp-content\/uploads\/2024\/06\/1650976096.jpeg","type":"image\/jpeg"}],"author":"Digitalladen","twitter_card":"summary_large_image","twitter_misc":{"Verfasst von":"Digitalladen","Gesch\u00e4tzte Lesezeit":"4\u00a0Minuten"},"schema":{"@context":"https:\/\/schema.org","@graph":[{"@type":"Article","@id":"https:\/\/aschaffenburgzweinull.stadtarchiv-digital.de\/episode-26-pop-musik\/#article","isPartOf":{"@id":"https:\/\/aschaffenburgzweinull.stadtarchiv-digital.de\/episode-26-pop-musik\/"},"author":{"name":"Digitalladen","@id":"https:\/\/aschaffenburgzweinull.stadtarchiv-digital.de\/#\/schema\/person\/84b4bb62119cfdf954220af584269d46"},"headline":"Episode 26: Pop Musik","datePublished":"2024-07-01T05:44:08+00:00","dateModified":"2024-12-17T12:16:30+00:00","mainEntityOfPage":{"@id":"https:\/\/aschaffenburgzweinull.stadtarchiv-digital.de\/episode-26-pop-musik\/"},"wordCount":670,"commentCount":1,"image":{"@id":"https:\/\/aschaffenburgzweinull.stadtarchiv-digital.de\/episode-26-pop-musik\/#primaryimage"},"thumbnailUrl":"https:\/\/aschaffenburgzweinull.stadtarchiv-digital.de\/wp-content\/uploads\/2024\/06\/1650976096.jpeg","keywords":["Pop-Kultur","S\u00e4nger","Musikszene"],"articleSection":["Podcast","Aschaffenburger Geschichten","Bildung"],"inLanguage":"de","potentialAction":[{"@type":"CommentAction","name":"Comment","target":["https:\/\/aschaffenburgzweinull.stadtarchiv-digital.de\/episode-26-pop-musik\/#respond"]}]},{"@type":"WebPage","@id":"https:\/\/aschaffenburgzweinull.stadtarchiv-digital.de\/episode-26-pop-musik\/","url":"https:\/\/aschaffenburgzweinull.stadtarchiv-digital.de\/episode-26-pop-musik\/","name":"Episode 26: Pop Musik - Aschaffenburg","isPartOf":{"@id":"https:\/\/aschaffenburgzweinull.stadtarchiv-digital.de\/#website"},"primaryImageOfPage":{"@id":"https:\/\/aschaffenburgzweinull.stadtarchiv-digital.de\/episode-26-pop-musik\/#primaryimage"},"image":{"@id":"https:\/\/aschaffenburgzweinull.stadtarchiv-digital.de\/episode-26-pop-musik\/#primaryimage"},"thumbnailUrl":"https:\/\/aschaffenburgzweinull.stadtarchiv-digital.de\/wp-content\/uploads\/2024\/06\/1650976096.jpeg","datePublished":"2024-07-01T05:44:08+00:00","dateModified":"2024-12-17T12:16:30+00:00","author":{"@id":"https:\/\/aschaffenburgzweinull.stadtarchiv-digital.de\/#\/schema\/person\/84b4bb62119cfdf954220af584269d46"},"breadcrumb":{"@id":"https:\/\/aschaffenburgzweinull.stadtarchiv-digital.de\/episode-26-pop-musik\/#breadcrumb"},"inLanguage":"de","potentialAction":[{"@type":"ReadAction","target":["https:\/\/aschaffenburgzweinull.stadtarchiv-digital.de\/episode-26-pop-musik\/"]}]},{"@type":"ImageObject","inLanguage":"de","@id":"https:\/\/aschaffenburgzweinull.stadtarchiv-digital.de\/episode-26-pop-musik\/#primaryimage","url":"https:\/\/aschaffenburgzweinull.stadtarchiv-digital.de\/wp-content\/uploads\/2024\/06\/1650976096.jpeg","contentUrl":"https:\/\/aschaffenburgzweinull.stadtarchiv-digital.de\/wp-content\/uploads\/2024\/06\/1650976096.jpeg","width":1400,"height":1400},{"@type":"BreadcrumbList","@id":"https:\/\/aschaffenburgzweinull.stadtarchiv-digital.de\/episode-26-pop-musik\/#breadcrumb","itemListElement":[{"@type":"ListItem","position":1,"name":"Startseite","item":"https:\/\/aschaffenburgzweinull.stadtarchiv-digital.de\/"},{"@type":"ListItem","position":2,"name":"Episode 26: Pop Musik"}]},{"@type":"WebSite","@id":"https:\/\/aschaffenburgzweinull.stadtarchiv-digital.de\/#website","url":"https:\/\/aschaffenburgzweinull.stadtarchiv-digital.de\/","name":"Aschaffenburg","description":"2.0","potentialAction":[{"@type":"SearchAction","target":{"@type":"EntryPoint","urlTemplate":"https:\/\/aschaffenburgzweinull.stadtarchiv-digital.de\/?s={search_term_string}"},"query-input":{"@type":"PropertyValueSpecification","valueRequired":true,"valueName":"search_term_string"}}],"inLanguage":"de"},{"@type":"Person","@id":"https:\/\/aschaffenburgzweinull.stadtarchiv-digital.de\/#\/schema\/person\/84b4bb62119cfdf954220af584269d46","name":"Digitalladen","url":"https:\/\/aschaffenburgzweinull.stadtarchiv-digital.de\/author\/paula-lambertson\/"}]}},"_links":{"self":[{"href":"https:\/\/aschaffenburgzweinull.stadtarchiv-digital.de\/data\/wp\/v2\/posts\/9652","targetHints":{"allow":["GET"]}}],"collection":[{"href":"https:\/\/aschaffenburgzweinull.stadtarchiv-digital.de\/data\/wp\/v2\/posts"}],"about":[{"href":"https:\/\/aschaffenburgzweinull.stadtarchiv-digital.de\/data\/wp\/v2\/types\/post"}],"author":[{"embeddable":true,"href":"https:\/\/aschaffenburgzweinull.stadtarchiv-digital.de\/data\/wp\/v2\/users\/60"}],"replies":[{"embeddable":true,"href":"https:\/\/aschaffenburgzweinull.stadtarchiv-digital.de\/data\/wp\/v2\/comments?post=9652"}],"version-history":[{"count":9,"href":"https:\/\/aschaffenburgzweinull.stadtarchiv-digital.de\/data\/wp\/v2\/posts\/9652\/revisions"}],"predecessor-version":[{"id":9930,"href":"https:\/\/aschaffenburgzweinull.stadtarchiv-digital.de\/data\/wp\/v2\/posts\/9652\/revisions\/9930"}],"wp:featuredmedia":[{"embeddable":true,"href":"https:\/\/aschaffenburgzweinull.stadtarchiv-digital.de\/data\/wp\/v2\/media\/9653"}],"wp:attachment":[{"href":"https:\/\/aschaffenburgzweinull.stadtarchiv-digital.de\/data\/wp\/v2\/media?parent=9652"}],"wp:term":[{"taxonomy":"category","embeddable":true,"href":"https:\/\/aschaffenburgzweinull.stadtarchiv-digital.de\/data\/wp\/v2\/categories?post=9652"},{"taxonomy":"post_tag","embeddable":true,"href":"https:\/\/aschaffenburgzweinull.stadtarchiv-digital.de\/data\/wp\/v2\/tags?post=9652"},{"taxonomy":"format","embeddable":true,"href":"https:\/\/aschaffenburgzweinull.stadtarchiv-digital.de\/data\/wp\/v2\/post-format?post=9652"},{"taxonomy":"content","embeddable":true,"href":"https:\/\/aschaffenburgzweinull.stadtarchiv-digital.de\/data\/wp\/v2\/post-content?post=9652"}],"curies":[{"name":"wp","href":"https:\/\/api.w.org\/{rel}","templated":true}]}}