{"id":8669,"date":"2023-11-29T23:51:48","date_gmt":"2023-11-29T22:51:48","guid":{"rendered":"https:\/\/aschaffenburgzweinull.stadtarchiv-digital.de\/jahreszeitenallegorien\/"},"modified":"2025-06-12T12:09:56","modified_gmt":"2025-06-12T10:09:56","slug":"jahreszeitenallegorien","status":"publish","type":"post","link":"https:\/\/aschaffenburgzweinull.stadtarchiv-digital.de\/jahreszeitenallegorien\/","title":{"rendered":"Jahreszeitenallegorien"},"content":{"rendered":"<p>1908<\/p>\n<p>Der Neubau f\u00fcr die jetzige Aschaffenburger Raiffeisen-Volksbank wurde 1908 errichtet. Der dazu abgebrochene Vorg\u00e4ngerbau ist auf einem Konsolstein mit Rebstockmotiv mittig \u00fcber dem<br \/>\nErdgeschoss vollplastisch nachgebildet. Die Fensterpfeiler im ersten Obergeschoss wurden mit Jugendstil-Figurenschmuck aus Sandstein versehen. Links ist ein vegetabiles Motiv mit Maske als<br \/>\nKonsole zu sehen. Dann folgen in Leserichtung Allegorien der vier Jahreszeiten. Abschlie\u00dfend rahmen zwei \u00e4hnliche vegetabile Motive eine Erkerfigur.<br \/>\nDie vier Figuren der Jahreszeiten sind jeweils mit den drei entsprechenden Tierkreiszeichen der<br \/>\nastronomischen Jahreszeit kombiniert. Dar\u00fcber sind im Konsolstein Tierdarstellungen zu erkennen.<br \/>\nDas Fr\u00fchlingsbild zeigt \u00fcber einer Schmuckkonsole mit Nadelbaum-Zapfen und -Bl\u00e4ttern den Widder als das erste Fr\u00fchlings-Sternbild, links davon das Symbol f\u00fcr das nachfolgende Tierkreiszeichen Stier und rechts das Symbol f\u00fcr Zwillinge. Dar\u00fcber steht auf einem kleinen Sockel eine unbekleidete junge Frau mit langen Haaren. Sie h\u00e4lt in der rechten Hand eine Blumengirlande, die bis zum Boden reicht. Dort wird der florale Schmuck \u00fcppiger und endet mit sechs gr\u00f6\u00dferen Bl\u00fcten. In Kopfh\u00f6he ist der<br \/>\nHintergrund als bl\u00fctenbedeckte Querrolle gestaltet. Dar\u00fcber befinden sich in einer halbrunden Nische des Konsolsteines zwei Hasen \u00fcber einem bogenf\u00f6rmig angeordneten Eierstab. Hasen und Eier sind Symbole f\u00fcr die Fruchtbarkeit des Fr\u00fchlings und das Osterfest.<br \/>\nAuf dem Sommerbild ist \u00fcber einer Schmuckkonsole mit einem amorphen organischen Muster in der Mitte ein Krebs abgebildet, der f\u00fcr das entsprechende Tierkreiszeichen steht, links und rechts davon finden sich die nachfolgenden Tierkreiszeichen L\u00f6we und Jungfrau. Dar\u00fcber steht auf einer Platte ein Bauer in Arbeitskleidung mit Schn\u00fcrschuhen, fester Hose und einem \u00fcber der Brust halbge\u00f6ffneten Hemd mit hochgekrempelten \u00c4rmeln. Auf dem Kopf tr\u00e4gt er einen Hut mit runder und breiter, vor der Sonne sch\u00fctzender Krempe. Links und rechts zu seinen F\u00fc\u00dfen stehen Getreide\u00e4hren, wie auch<br \/>\ndarunter beim Krebs. Eine halbrunde Handsichel in der rechten und ein \u00c4hrenb\u00fcndel in der linken Hand kennzeichnen ihn als Schnitter, er ist damit das Symbol f\u00fcr die Getreideernte des Sommers im Juni und Juli. In der Konsole oben ist ein Taubenpaar zu erkennen. Das Herbstbild zeigt deutliche<br \/>\nAnalogien zum Fr\u00fchling. \u00dcber einer Schmuckkonsole mit einem bl\u00fcten\u00e4hnlichen, floralen Ornament ist in der Mitte als erstes Sternbild des Herbstes eine Waage abgebildet, daneben die<br \/>\nTierkreissymbole von Skorpion (links) und Sch\u00fctze (rechts). Dar\u00fcber steht auf einem kleinen Sockel wie im Fr\u00fchlingsbild eine unbekleidete Frau mit einer haarschopff\u00f6rmigen Haube aus Weinreben und Weinlaub. Statt einer Blumenranke h\u00e4lt sie ein F\u00fcllhorn, aus dem Fr\u00fcchte bis zum Boden und noch bis darunter bis in die Mitte des Waage-Symbols fallen. Es sind Beeren und gr\u00f6\u00dfere Fr\u00fcchte, auch<br \/>\nWeintrauben sind darunter. Fr\u00fcchtebedeckt ist auch der Querriegel hinter ihrem Kopf. In der Nische des Konsolsteines sind hier \u00fcber einem Bogen zwei Nagetiere zu erkennen. Ihrem Habitus nach sind wahrscheinlich Steinmarder gemeint.<br \/>\nDas Winterbild schlie\u00dflich dominiert ein Mann mit Schnauzbart, fester Kleidung, Handschuhen und helmartiger M\u00fctze, der auf einer gezackten Bodenplatte steht. In beiden erhobenen H\u00e4nden tr\u00e4gt er Mistelzweige. Er ist damit als Personifikation des Winters erkennbar. Dazu geh\u00f6rt als Jagdsymbol auch das Geweih links und rechts zu seinen F\u00fc\u00dfen. Darunter findet sich \u00fcber einer Schmuckkonsole mit umrankten Fr\u00fcchten oder Zapfen zentral der Steinbock f\u00fcr das erste Winter-Tierkreiszeichen,<br \/>\nWassermann und Fische sind ihm beigegeben. Oben in der Konsolsteinnische sitzen zwei V\u00f6gel \u00fcber einem geschuppten Bogen. Dem langen spitzen Schnabel und dem St\u00fctzschwanz nach k\u00f6nnte es sich um Spechte oder Eisv\u00f6gel handeln.<br \/>\nDrei der Fensterpfeiler sind als vegetabile Motive ausgebildet. Der linke zeigt unten das Gesicht eines vollb\u00e4rtigen Mannes in der Art eines Maskensteines (Maskaron), umrahmt von einem Pflanzenkranz wie bei der benachbarten Figur des Fr\u00fchlings. Dar\u00fcber erhebt sich ein Phantasiebaum mit Bl\u00fcten aus einem geflochtenen Korb. Links und rechts dar\u00fcber sind zwei Weinbergschnecken und \u00fcber einem Bogen ein Vogelpaar am Nest mit zwei Nestlingen zu erkennen.<br \/>\nDer mittlere Pfeiler zeigt unten die Maske einer Frau mit unter dem Kinn gebundenen Z\u00f6pfen, umrahmt von \u00c4hren. Dar\u00fcber wiederum ein Topf mit einem fr\u00fcchtetragenden Phantasiebaum. Oben links und rechts sitzen Eidechsen und in der Nische des Konsolsteines zwei Eichh\u00f6rnchen \u00fcber einem Bogen aus acht Eicheln.<br \/>\nDer rechte Rahmenpfeiler zeigt ebenfalls eine m\u00e4nnliche Maske mit gestriegeltem Bart und<br \/>\nebensolcher Haartracht. Links und rechts des Gesichtes h\u00e4ngen zwei Weintrauben, die mit Ranken verbunden sind. Dar\u00fcber erw\u00e4chst ein dorniger Phantasiebaum ebenfalls einem geflochtenen Topf. Bekr\u00f6nt wird die Darstellung von zwei Ratten, erkennbar an den langen, d\u00fcnnen Schw\u00e4nzen, und zwei (Schleier-)Eulen \u00fcber einem geflochtenen Bogen.<br \/>\nDie Figur des St\u00fctzpfeilers des Erkers ist nicht eindeutig bestimmbar. In vergleichbaren Situationen ist hier meist ein Atlant anzutreffen, der mit erhobenen Armen das Bauteil st\u00fctzt. Hier wird ein nackter, vollb\u00e4rtiger Mann als Riese dargestellt, der mit nach unten gerichtetem Blick und zum Sprechen<br \/>\nge\u00f6ffnetem Mund die massigen Arme auf den Knien aufst\u00fctzt. Die beim Atlanten \u00fcblicherweise gezeigte Trageanstrengung ist nicht zu sehen, eher gebeugte Gelassenheit. \u00dcber seinen Schultern ragen \u00c4ste mit Bl\u00e4ttern und Fr\u00fcchten hervor. Zwischen seinen Beinen steht in der Art mittelalterlicher Stifterfiguren mit in die H\u00f6he gerecktem Gesicht und weit ge\u00f6ffnetem Mund ein flehentlich Bittender mit gefalteten H\u00e4nden. Er ist mit einem geg\u00fcrteten, kurzen Gewand und einfachen Schuhen<br \/>\nbekleidet.<br \/>\nDie Fassadengliederung im Putz der weiteren Obergeschosse entwarf Alois Bergmann-Franken. Ausgef\u00fchrt wurde sie 1967.<\/p>\n","protected":false},"excerpt":{"rendered":"<p>1908 Der Neubau f\u00fcr die jetzige Aschaffenburger Raiffeisen-Volksbank wurde 1908 errichtet. Der dazu abgebrochene Vorg\u00e4ngerbau ist auf einem Konsolstein mit Rebstockmotiv mittig \u00fcber dem Erdgeschoss vollplastisch nachgebildet. Die Fensterpfeiler im [&hellip;]<\/p>\n","protected":false},"author":3,"featured_media":13302,"comment_status":"open","ping_status":"open","sticky":false,"template":"","format":"standard","meta":{"_acf_changed":false,"footnotes":""},"categories":[967],"tags":[1105,1550,1551,1552],"post-format":[978],"post-content":[3,67],"class_list":["post-8669","post","type-post","status-publish","format-standard","has-post-thumbnail","hentry","category-kunst","tag-fassade","tag-raiffeisen-volksbank","tag-konsolstein-mit-rebstockmotiv","tag-jugendstil-figurenschmuck-aus-sandstein","format-ort","content-image","content-text","project-stadtkunst"],"acf":[],"yoast_head":"<!-- This site is optimized with the Yoast SEO plugin v27.4 - https:\/\/yoast.com\/product\/yoast-seo-wordpress\/ -->\n<title>Jahreszeitenallegorien - Aschaffenburg<\/title>\n<meta name=\"robots\" content=\"index, follow, max-snippet:-1, max-image-preview:large, max-video-preview:-1\" \/>\n<link rel=\"canonical\" href=\"https:\/\/aschaffenburgzweinull.stadtarchiv-digital.de\/jahreszeitenallegorien\/\" \/>\n<meta property=\"og:locale\" content=\"de_DE\" \/>\n<meta property=\"og:type\" content=\"article\" \/>\n<meta property=\"og:title\" content=\"Jahreszeitenallegorien - Aschaffenburg\" \/>\n<meta property=\"og:description\" content=\"1908 Der Neubau f\u00fcr die jetzige Aschaffenburger Raiffeisen-Volksbank wurde 1908 errichtet. Der dazu abgebrochene Vorg\u00e4ngerbau ist auf einem Konsolstein mit Rebstockmotiv mittig \u00fcber dem Erdgeschoss vollplastisch nachgebildet. Die Fensterpfeiler im [&hellip;]\" \/>\n<meta property=\"og:url\" content=\"https:\/\/aschaffenburgzweinull.stadtarchiv-digital.de\/jahreszeitenallegorien\/\" \/>\n<meta property=\"og:site_name\" content=\"Aschaffenburg\" \/>\n<meta property=\"article:published_time\" content=\"2023-11-29T22:51:48+00:00\" \/>\n<meta property=\"article:modified_time\" content=\"2025-06-12T10:09:56+00:00\" \/>\n<meta property=\"og:image\" content=\"https:\/\/aschaffenburgzweinull.stadtarchiv-digital.de\/wp-content\/uploads\/2023\/11\/186_Stadtmitte_-Herstallstr.-26_Jahreszeitenallegorien_-Blatt-1-1.2.jpg\" \/>\n\t<meta property=\"og:image:width\" content=\"705\" \/>\n\t<meta property=\"og:image:height\" content=\"469\" \/>\n\t<meta property=\"og:image:type\" content=\"image\/jpeg\" \/>\n<meta name=\"author\" content=\"Aschaffenburg_2.0\" \/>\n<meta name=\"twitter:card\" content=\"summary_large_image\" \/>\n<meta name=\"twitter:label1\" content=\"Verfasst von\" \/>\n\t<meta name=\"twitter:data1\" content=\"Aschaffenburg_2.0\" \/>\n\t<meta name=\"twitter:label2\" content=\"Gesch\u00e4tzte Lesezeit\" \/>\n\t<meta name=\"twitter:data2\" content=\"5\u00a0Minuten\" \/>\n<script type=\"application\/ld+json\" class=\"yoast-schema-graph\">{\"@context\":\"https:\\\/\\\/schema.org\",\"@graph\":[{\"@type\":\"Article\",\"@id\":\"https:\\\/\\\/aschaffenburgzweinull.stadtarchiv-digital.de\\\/jahreszeitenallegorien\\\/#article\",\"isPartOf\":{\"@id\":\"https:\\\/\\\/aschaffenburgzweinull.stadtarchiv-digital.de\\\/jahreszeitenallegorien\\\/\"},\"author\":{\"name\":\"Aschaffenburg_2.0\",\"@id\":\"https:\\\/\\\/aschaffenburgzweinull.stadtarchiv-digital.de\\\/#\\\/schema\\\/person\\\/6620dad05f894110a34e3afd3c3cf3ff\"},\"headline\":\"Jahreszeitenallegorien\",\"datePublished\":\"2023-11-29T22:51:48+00:00\",\"dateModified\":\"2025-06-12T10:09:56+00:00\",\"mainEntityOfPage\":{\"@id\":\"https:\\\/\\\/aschaffenburgzweinull.stadtarchiv-digital.de\\\/jahreszeitenallegorien\\\/\"},\"wordCount\":916,\"commentCount\":0,\"image\":{\"@id\":\"https:\\\/\\\/aschaffenburgzweinull.stadtarchiv-digital.de\\\/jahreszeitenallegorien\\\/#primaryimage\"},\"thumbnailUrl\":\"https:\\\/\\\/aschaffenburgzweinull.stadtarchiv-digital.de\\\/wp-content\\\/uploads\\\/2023\\\/11\\\/186_Stadtmitte_-Herstallstr.-26_Jahreszeitenallegorien_-Blatt-1-1.2.jpg\",\"keywords\":[\"Fassade\",\"Raiffeisen-Volksbank\",\"Konsolstein mit Rebstockmotiv\",\"Jugendstil-Figurenschmuck aus Sandstein\"],\"articleSection\":[\"Kunst\"],\"inLanguage\":\"de\",\"potentialAction\":[{\"@type\":\"CommentAction\",\"name\":\"Comment\",\"target\":[\"https:\\\/\\\/aschaffenburgzweinull.stadtarchiv-digital.de\\\/jahreszeitenallegorien\\\/#respond\"]}]},{\"@type\":\"WebPage\",\"@id\":\"https:\\\/\\\/aschaffenburgzweinull.stadtarchiv-digital.de\\\/jahreszeitenallegorien\\\/\",\"url\":\"https:\\\/\\\/aschaffenburgzweinull.stadtarchiv-digital.de\\\/jahreszeitenallegorien\\\/\",\"name\":\"Jahreszeitenallegorien - Aschaffenburg\",\"isPartOf\":{\"@id\":\"https:\\\/\\\/aschaffenburgzweinull.stadtarchiv-digital.de\\\/#website\"},\"primaryImageOfPage\":{\"@id\":\"https:\\\/\\\/aschaffenburgzweinull.stadtarchiv-digital.de\\\/jahreszeitenallegorien\\\/#primaryimage\"},\"image\":{\"@id\":\"https:\\\/\\\/aschaffenburgzweinull.stadtarchiv-digital.de\\\/jahreszeitenallegorien\\\/#primaryimage\"},\"thumbnailUrl\":\"https:\\\/\\\/aschaffenburgzweinull.stadtarchiv-digital.de\\\/wp-content\\\/uploads\\\/2023\\\/11\\\/186_Stadtmitte_-Herstallstr.-26_Jahreszeitenallegorien_-Blatt-1-1.2.jpg\",\"datePublished\":\"2023-11-29T22:51:48+00:00\",\"dateModified\":\"2025-06-12T10:09:56+00:00\",\"author\":{\"@id\":\"https:\\\/\\\/aschaffenburgzweinull.stadtarchiv-digital.de\\\/#\\\/schema\\\/person\\\/6620dad05f894110a34e3afd3c3cf3ff\"},\"breadcrumb\":{\"@id\":\"https:\\\/\\\/aschaffenburgzweinull.stadtarchiv-digital.de\\\/jahreszeitenallegorien\\\/#breadcrumb\"},\"inLanguage\":\"de\",\"potentialAction\":[{\"@type\":\"ReadAction\",\"target\":[\"https:\\\/\\\/aschaffenburgzweinull.stadtarchiv-digital.de\\\/jahreszeitenallegorien\\\/\"]}]},{\"@type\":\"ImageObject\",\"inLanguage\":\"de\",\"@id\":\"https:\\\/\\\/aschaffenburgzweinull.stadtarchiv-digital.de\\\/jahreszeitenallegorien\\\/#primaryimage\",\"url\":\"https:\\\/\\\/aschaffenburgzweinull.stadtarchiv-digital.de\\\/wp-content\\\/uploads\\\/2023\\\/11\\\/186_Stadtmitte_-Herstallstr.-26_Jahreszeitenallegorien_-Blatt-1-1.2.jpg\",\"contentUrl\":\"https:\\\/\\\/aschaffenburgzweinull.stadtarchiv-digital.de\\\/wp-content\\\/uploads\\\/2023\\\/11\\\/186_Stadtmitte_-Herstallstr.-26_Jahreszeitenallegorien_-Blatt-1-1.2.jpg\",\"width\":705,\"height\":469},{\"@type\":\"BreadcrumbList\",\"@id\":\"https:\\\/\\\/aschaffenburgzweinull.stadtarchiv-digital.de\\\/jahreszeitenallegorien\\\/#breadcrumb\",\"itemListElement\":[{\"@type\":\"ListItem\",\"position\":1,\"name\":\"Startseite\",\"item\":\"https:\\\/\\\/aschaffenburgzweinull.stadtarchiv-digital.de\\\/\"},{\"@type\":\"ListItem\",\"position\":2,\"name\":\"Jahreszeitenallegorien\"}]},{\"@type\":\"WebSite\",\"@id\":\"https:\\\/\\\/aschaffenburgzweinull.stadtarchiv-digital.de\\\/#website\",\"url\":\"https:\\\/\\\/aschaffenburgzweinull.stadtarchiv-digital.de\\\/\",\"name\":\"Aschaffenburg\",\"description\":\"2.0\",\"potentialAction\":[{\"@type\":\"SearchAction\",\"target\":{\"@type\":\"EntryPoint\",\"urlTemplate\":\"https:\\\/\\\/aschaffenburgzweinull.stadtarchiv-digital.de\\\/?s={search_term_string}\"},\"query-input\":{\"@type\":\"PropertyValueSpecification\",\"valueRequired\":true,\"valueName\":\"search_term_string\"}}],\"inLanguage\":\"de\"},{\"@type\":\"Person\",\"@id\":\"https:\\\/\\\/aschaffenburgzweinull.stadtarchiv-digital.de\\\/#\\\/schema\\\/person\\\/6620dad05f894110a34e3afd3c3cf3ff\",\"name\":\"Aschaffenburg_2.0\",\"url\":\"https:\\\/\\\/aschaffenburgzweinull.stadtarchiv-digital.de\\\/author\\\/aschaffenburg_2-0\\\/\"}]}<\/script>\n<!-- \/ Yoast SEO plugin. -->","yoast_head_json":{"title":"Jahreszeitenallegorien - Aschaffenburg","robots":{"index":"index","follow":"follow","max-snippet":"max-snippet:-1","max-image-preview":"max-image-preview:large","max-video-preview":"max-video-preview:-1"},"canonical":"https:\/\/aschaffenburgzweinull.stadtarchiv-digital.de\/jahreszeitenallegorien\/","og_locale":"de_DE","og_type":"article","og_title":"Jahreszeitenallegorien - Aschaffenburg","og_description":"1908 Der Neubau f\u00fcr die jetzige Aschaffenburger Raiffeisen-Volksbank wurde 1908 errichtet. Der dazu abgebrochene Vorg\u00e4ngerbau ist auf einem Konsolstein mit Rebstockmotiv mittig \u00fcber dem Erdgeschoss vollplastisch nachgebildet. Die Fensterpfeiler im [&hellip;]","og_url":"https:\/\/aschaffenburgzweinull.stadtarchiv-digital.de\/jahreszeitenallegorien\/","og_site_name":"Aschaffenburg","article_published_time":"2023-11-29T22:51:48+00:00","article_modified_time":"2025-06-12T10:09:56+00:00","og_image":[{"width":705,"height":469,"url":"https:\/\/aschaffenburgzweinull.stadtarchiv-digital.de\/wp-content\/uploads\/2023\/11\/186_Stadtmitte_-Herstallstr.-26_Jahreszeitenallegorien_-Blatt-1-1.2.jpg","type":"image\/jpeg"}],"author":"Aschaffenburg_2.0","twitter_card":"summary_large_image","twitter_misc":{"Verfasst von":"Aschaffenburg_2.0","Gesch\u00e4tzte Lesezeit":"5\u00a0Minuten"},"schema":{"@context":"https:\/\/schema.org","@graph":[{"@type":"Article","@id":"https:\/\/aschaffenburgzweinull.stadtarchiv-digital.de\/jahreszeitenallegorien\/#article","isPartOf":{"@id":"https:\/\/aschaffenburgzweinull.stadtarchiv-digital.de\/jahreszeitenallegorien\/"},"author":{"name":"Aschaffenburg_2.0","@id":"https:\/\/aschaffenburgzweinull.stadtarchiv-digital.de\/#\/schema\/person\/6620dad05f894110a34e3afd3c3cf3ff"},"headline":"Jahreszeitenallegorien","datePublished":"2023-11-29T22:51:48+00:00","dateModified":"2025-06-12T10:09:56+00:00","mainEntityOfPage":{"@id":"https:\/\/aschaffenburgzweinull.stadtarchiv-digital.de\/jahreszeitenallegorien\/"},"wordCount":916,"commentCount":0,"image":{"@id":"https:\/\/aschaffenburgzweinull.stadtarchiv-digital.de\/jahreszeitenallegorien\/#primaryimage"},"thumbnailUrl":"https:\/\/aschaffenburgzweinull.stadtarchiv-digital.de\/wp-content\/uploads\/2023\/11\/186_Stadtmitte_-Herstallstr.-26_Jahreszeitenallegorien_-Blatt-1-1.2.jpg","keywords":["Fassade","Raiffeisen-Volksbank","Konsolstein mit Rebstockmotiv","Jugendstil-Figurenschmuck aus Sandstein"],"articleSection":["Kunst"],"inLanguage":"de","potentialAction":[{"@type":"CommentAction","name":"Comment","target":["https:\/\/aschaffenburgzweinull.stadtarchiv-digital.de\/jahreszeitenallegorien\/#respond"]}]},{"@type":"WebPage","@id":"https:\/\/aschaffenburgzweinull.stadtarchiv-digital.de\/jahreszeitenallegorien\/","url":"https:\/\/aschaffenburgzweinull.stadtarchiv-digital.de\/jahreszeitenallegorien\/","name":"Jahreszeitenallegorien - Aschaffenburg","isPartOf":{"@id":"https:\/\/aschaffenburgzweinull.stadtarchiv-digital.de\/#website"},"primaryImageOfPage":{"@id":"https:\/\/aschaffenburgzweinull.stadtarchiv-digital.de\/jahreszeitenallegorien\/#primaryimage"},"image":{"@id":"https:\/\/aschaffenburgzweinull.stadtarchiv-digital.de\/jahreszeitenallegorien\/#primaryimage"},"thumbnailUrl":"https:\/\/aschaffenburgzweinull.stadtarchiv-digital.de\/wp-content\/uploads\/2023\/11\/186_Stadtmitte_-Herstallstr.-26_Jahreszeitenallegorien_-Blatt-1-1.2.jpg","datePublished":"2023-11-29T22:51:48+00:00","dateModified":"2025-06-12T10:09:56+00:00","author":{"@id":"https:\/\/aschaffenburgzweinull.stadtarchiv-digital.de\/#\/schema\/person\/6620dad05f894110a34e3afd3c3cf3ff"},"breadcrumb":{"@id":"https:\/\/aschaffenburgzweinull.stadtarchiv-digital.de\/jahreszeitenallegorien\/#breadcrumb"},"inLanguage":"de","potentialAction":[{"@type":"ReadAction","target":["https:\/\/aschaffenburgzweinull.stadtarchiv-digital.de\/jahreszeitenallegorien\/"]}]},{"@type":"ImageObject","inLanguage":"de","@id":"https:\/\/aschaffenburgzweinull.stadtarchiv-digital.de\/jahreszeitenallegorien\/#primaryimage","url":"https:\/\/aschaffenburgzweinull.stadtarchiv-digital.de\/wp-content\/uploads\/2023\/11\/186_Stadtmitte_-Herstallstr.-26_Jahreszeitenallegorien_-Blatt-1-1.2.jpg","contentUrl":"https:\/\/aschaffenburgzweinull.stadtarchiv-digital.de\/wp-content\/uploads\/2023\/11\/186_Stadtmitte_-Herstallstr.-26_Jahreszeitenallegorien_-Blatt-1-1.2.jpg","width":705,"height":469},{"@type":"BreadcrumbList","@id":"https:\/\/aschaffenburgzweinull.stadtarchiv-digital.de\/jahreszeitenallegorien\/#breadcrumb","itemListElement":[{"@type":"ListItem","position":1,"name":"Startseite","item":"https:\/\/aschaffenburgzweinull.stadtarchiv-digital.de\/"},{"@type":"ListItem","position":2,"name":"Jahreszeitenallegorien"}]},{"@type":"WebSite","@id":"https:\/\/aschaffenburgzweinull.stadtarchiv-digital.de\/#website","url":"https:\/\/aschaffenburgzweinull.stadtarchiv-digital.de\/","name":"Aschaffenburg","description":"2.0","potentialAction":[{"@type":"SearchAction","target":{"@type":"EntryPoint","urlTemplate":"https:\/\/aschaffenburgzweinull.stadtarchiv-digital.de\/?s={search_term_string}"},"query-input":{"@type":"PropertyValueSpecification","valueRequired":true,"valueName":"search_term_string"}}],"inLanguage":"de"},{"@type":"Person","@id":"https:\/\/aschaffenburgzweinull.stadtarchiv-digital.de\/#\/schema\/person\/6620dad05f894110a34e3afd3c3cf3ff","name":"Aschaffenburg_2.0","url":"https:\/\/aschaffenburgzweinull.stadtarchiv-digital.de\/author\/aschaffenburg_2-0\/"}]}},"_links":{"self":[{"href":"https:\/\/aschaffenburgzweinull.stadtarchiv-digital.de\/data\/wp\/v2\/posts\/8669","targetHints":{"allow":["GET"]}}],"collection":[{"href":"https:\/\/aschaffenburgzweinull.stadtarchiv-digital.de\/data\/wp\/v2\/posts"}],"about":[{"href":"https:\/\/aschaffenburgzweinull.stadtarchiv-digital.de\/data\/wp\/v2\/types\/post"}],"author":[{"embeddable":true,"href":"https:\/\/aschaffenburgzweinull.stadtarchiv-digital.de\/data\/wp\/v2\/users\/3"}],"replies":[{"embeddable":true,"href":"https:\/\/aschaffenburgzweinull.stadtarchiv-digital.de\/data\/wp\/v2\/comments?post=8669"}],"version-history":[{"count":8,"href":"https:\/\/aschaffenburgzweinull.stadtarchiv-digital.de\/data\/wp\/v2\/posts\/8669\/revisions"}],"predecessor-version":[{"id":13567,"href":"https:\/\/aschaffenburgzweinull.stadtarchiv-digital.de\/data\/wp\/v2\/posts\/8669\/revisions\/13567"}],"wp:featuredmedia":[{"embeddable":true,"href":"https:\/\/aschaffenburgzweinull.stadtarchiv-digital.de\/data\/wp\/v2\/media\/13302"}],"wp:attachment":[{"href":"https:\/\/aschaffenburgzweinull.stadtarchiv-digital.de\/data\/wp\/v2\/media?parent=8669"}],"wp:term":[{"taxonomy":"category","embeddable":true,"href":"https:\/\/aschaffenburgzweinull.stadtarchiv-digital.de\/data\/wp\/v2\/categories?post=8669"},{"taxonomy":"post_tag","embeddable":true,"href":"https:\/\/aschaffenburgzweinull.stadtarchiv-digital.de\/data\/wp\/v2\/tags?post=8669"},{"taxonomy":"format","embeddable":true,"href":"https:\/\/aschaffenburgzweinull.stadtarchiv-digital.de\/data\/wp\/v2\/post-format?post=8669"},{"taxonomy":"content","embeddable":true,"href":"https:\/\/aschaffenburgzweinull.stadtarchiv-digital.de\/data\/wp\/v2\/post-content?post=8669"}],"curies":[{"name":"wp","href":"https:\/\/api.w.org\/{rel}","templated":true}]}}