{"id":8625,"date":"2023-11-29T23:51:42","date_gmt":"2023-11-29T22:51:42","guid":{"rendered":"https:\/\/aschaffenburgzweinull.stadtarchiv-digital.de\/hexenmahnmal\/"},"modified":"2025-02-17T11:04:47","modified_gmt":"2025-02-17T10:04:47","slug":"hexenmahnmal","status":"publish","type":"post","link":"https:\/\/aschaffenburgzweinull.stadtarchiv-digital.de\/hexenmahnmal\/","title":{"rendered":"Hexenmahnmal: Malleus Maleficarum"},"content":{"rendered":"<p>Marc Rammelm\u00fcller, 2018<br \/>\nKlinker und Stahl<\/p>\n<p>Bereits seit 2014 diskutierte man die Idee zu einem Mahnmal f\u00fcr die Opfer der Hexenverfolgung.<br \/>\nDer Stadtrat bestimmte 2017 als Standort den Bereich des ehemaligen Cent- und Folterturms an der Stadtmauer, der 1871 abgebrochen worden war.<br \/>\nDas Objekt ging aus einem K\u00fcnstlerwettbewerb hervor, den Marc Rammelm\u00fcller f\u00fcr sich entschied. Der lateinische Titel nimmt Bezug auf das Werk des Inquisitors Heinrich Kramer aus dem Jahr 1486, das die Praxis der Hexenverfolgung legitimierte und f\u00f6rderte.<br \/>\nDas abstrakt-architektonisch gestaltete Mahnmal aus Stahl auf einem aus Klinkersteinen gemauerten Sockel erinnert an die Opfer der auch in Aschaffenburg praktizierten Hexenverfolgung. Als Motiv w\u00e4hlte der K\u00fcnstler das bekannte Faltspiel \u201eHimmel und H\u00f6lle\u201c, um damit die Beliebigkeit und<br \/>\nWechselhaftigkeit der Entscheidungen der Hexenprozesse zum Ausdruck zu bringen.<br \/>\nAuf den dreieckigen Fl\u00e4chen des st\u00e4hlernen Faltspiels und auf der Vorderseite des Sockels finden sich Inschriften, z. B. \u201eWer die Augen vor der Vergangenheit verschlie\u00dft, wird blind f\u00fcr die Gegenwart\u201c<br \/>\n(Richard von Weizs\u00e4cker). Der K\u00fcnstler will in seinem Werk die willk\u00fcrliche Macht und deren<br \/>\ngrausame Umsetzung als eines der ma\u00dfgeblichen Werkzeuge der Hexenverfolgung versinnbildlichen. Es soll ein Ort geschaffen werden, an dem die Bedeutung von Toleranz und gesellschaftlichem<br \/>\nMiteinander sichtbar wird.<\/p>\n","protected":false},"excerpt":{"rendered":"<p>Marc Rammelm\u00fcller, 2018 Klinker und Stahl Bereits seit 2014 diskutierte man die Idee zu einem Mahnmal f\u00fcr die Opfer der Hexenverfolgung. Der Stadtrat bestimmte 2017 als Standort den Bereich des [&hellip;]<\/p>\n","protected":false},"author":3,"featured_media":0,"comment_status":"open","ping_status":"open","sticky":false,"template":"","format":"standard","meta":{"_acf_changed":false,"footnotes":""},"categories":[967],"tags":[694,803,1068,1114,1115,1116,1117],"post-format":[978],"post-content":[3,67],"class_list":["post-8625","post","type-post","status-publish","format-standard","hentry","category-kunst","tag-statue","tag-hexe","tag-stahl","tag-klinker","tag-marc-rammelmueller","tag-heinrich-kramer","tag-mahnmal","format-ort","content-image","content-text","project-stadtkunst"],"acf":[],"yoast_head":"<!-- This site is optimized with the Yoast SEO plugin v27.4 - https:\/\/yoast.com\/product\/yoast-seo-wordpress\/ -->\n<title>Hexenmahnmal: Malleus Maleficarum - Aschaffenburg<\/title>\n<meta name=\"robots\" content=\"index, follow, max-snippet:-1, max-image-preview:large, max-video-preview:-1\" \/>\n<link rel=\"canonical\" href=\"https:\/\/aschaffenburgzweinull.stadtarchiv-digital.de\/hexenmahnmal\/\" \/>\n<meta property=\"og:locale\" content=\"de_DE\" \/>\n<meta property=\"og:type\" content=\"article\" \/>\n<meta property=\"og:title\" content=\"Hexenmahnmal: Malleus Maleficarum - Aschaffenburg\" \/>\n<meta property=\"og:description\" content=\"Marc Rammelm\u00fcller, 2018 Klinker und Stahl Bereits seit 2014 diskutierte man die Idee zu einem Mahnmal f\u00fcr die Opfer der Hexenverfolgung. Der Stadtrat bestimmte 2017 als Standort den Bereich des [&hellip;]\" \/>\n<meta property=\"og:url\" content=\"https:\/\/aschaffenburgzweinull.stadtarchiv-digital.de\/hexenmahnmal\/\" \/>\n<meta property=\"og:site_name\" content=\"Aschaffenburg\" \/>\n<meta property=\"article:published_time\" content=\"2023-11-29T22:51:42+00:00\" \/>\n<meta property=\"article:modified_time\" content=\"2025-02-17T10:04:47+00:00\" \/>\n<meta property=\"og:image\" content=\"https:\/\/aschaffenburgzweinull.stadtarchiv-digital.de\/wp-content\/uploads\/2020\/07\/Logo-Stadtarchiv-Aschaffenburg.png\" \/>\n\t<meta property=\"og:image:width\" content=\"379\" \/>\n\t<meta property=\"og:image:height\" content=\"70\" \/>\n\t<meta property=\"og:image:type\" content=\"image\/png\" \/>\n<meta name=\"author\" content=\"Aschaffenburg_2.0\" \/>\n<meta name=\"twitter:card\" content=\"summary_large_image\" \/>\n<meta name=\"twitter:label1\" content=\"Verfasst von\" \/>\n\t<meta name=\"twitter:data1\" content=\"Aschaffenburg_2.0\" \/>\n\t<meta name=\"twitter:label2\" content=\"Gesch\u00e4tzte Lesezeit\" \/>\n\t<meta name=\"twitter:data2\" content=\"2\u00a0Minuten\" \/>\n<script type=\"application\/ld+json\" class=\"yoast-schema-graph\">{\"@context\":\"https:\\\/\\\/schema.org\",\"@graph\":[{\"@type\":\"Article\",\"@id\":\"https:\\\/\\\/aschaffenburgzweinull.stadtarchiv-digital.de\\\/hexenmahnmal\\\/#article\",\"isPartOf\":{\"@id\":\"https:\\\/\\\/aschaffenburgzweinull.stadtarchiv-digital.de\\\/hexenmahnmal\\\/\"},\"author\":{\"name\":\"Aschaffenburg_2.0\",\"@id\":\"https:\\\/\\\/aschaffenburgzweinull.stadtarchiv-digital.de\\\/#\\\/schema\\\/person\\\/6620dad05f894110a34e3afd3c3cf3ff\"},\"headline\":\"Hexenmahnmal: Malleus Maleficarum\",\"datePublished\":\"2023-11-29T22:51:42+00:00\",\"dateModified\":\"2025-02-17T10:04:47+00:00\",\"mainEntityOfPage\":{\"@id\":\"https:\\\/\\\/aschaffenburgzweinull.stadtarchiv-digital.de\\\/hexenmahnmal\\\/\"},\"wordCount\":212,\"commentCount\":0,\"keywords\":[\"Statue.\",\"Hexe\",\"Stahl\",\"Klinker\",\"Marc Rammelm\u00fcller\",\"Heinrich Kramer\",\"Mahnmal\"],\"articleSection\":[\"Kunst\"],\"inLanguage\":\"de\",\"potentialAction\":[{\"@type\":\"CommentAction\",\"name\":\"Comment\",\"target\":[\"https:\\\/\\\/aschaffenburgzweinull.stadtarchiv-digital.de\\\/hexenmahnmal\\\/#respond\"]}]},{\"@type\":\"WebPage\",\"@id\":\"https:\\\/\\\/aschaffenburgzweinull.stadtarchiv-digital.de\\\/hexenmahnmal\\\/\",\"url\":\"https:\\\/\\\/aschaffenburgzweinull.stadtarchiv-digital.de\\\/hexenmahnmal\\\/\",\"name\":\"Hexenmahnmal: Malleus Maleficarum - Aschaffenburg\",\"isPartOf\":{\"@id\":\"https:\\\/\\\/aschaffenburgzweinull.stadtarchiv-digital.de\\\/#website\"},\"datePublished\":\"2023-11-29T22:51:42+00:00\",\"dateModified\":\"2025-02-17T10:04:47+00:00\",\"author\":{\"@id\":\"https:\\\/\\\/aschaffenburgzweinull.stadtarchiv-digital.de\\\/#\\\/schema\\\/person\\\/6620dad05f894110a34e3afd3c3cf3ff\"},\"breadcrumb\":{\"@id\":\"https:\\\/\\\/aschaffenburgzweinull.stadtarchiv-digital.de\\\/hexenmahnmal\\\/#breadcrumb\"},\"inLanguage\":\"de\",\"potentialAction\":[{\"@type\":\"ReadAction\",\"target\":[\"https:\\\/\\\/aschaffenburgzweinull.stadtarchiv-digital.de\\\/hexenmahnmal\\\/\"]}]},{\"@type\":\"BreadcrumbList\",\"@id\":\"https:\\\/\\\/aschaffenburgzweinull.stadtarchiv-digital.de\\\/hexenmahnmal\\\/#breadcrumb\",\"itemListElement\":[{\"@type\":\"ListItem\",\"position\":1,\"name\":\"Startseite\",\"item\":\"https:\\\/\\\/aschaffenburgzweinull.stadtarchiv-digital.de\\\/\"},{\"@type\":\"ListItem\",\"position\":2,\"name\":\"Hexenmahnmal: Malleus Maleficarum\"}]},{\"@type\":\"WebSite\",\"@id\":\"https:\\\/\\\/aschaffenburgzweinull.stadtarchiv-digital.de\\\/#website\",\"url\":\"https:\\\/\\\/aschaffenburgzweinull.stadtarchiv-digital.de\\\/\",\"name\":\"Aschaffenburg\",\"description\":\"2.0\",\"potentialAction\":[{\"@type\":\"SearchAction\",\"target\":{\"@type\":\"EntryPoint\",\"urlTemplate\":\"https:\\\/\\\/aschaffenburgzweinull.stadtarchiv-digital.de\\\/?s={search_term_string}\"},\"query-input\":{\"@type\":\"PropertyValueSpecification\",\"valueRequired\":true,\"valueName\":\"search_term_string\"}}],\"inLanguage\":\"de\"},{\"@type\":\"Person\",\"@id\":\"https:\\\/\\\/aschaffenburgzweinull.stadtarchiv-digital.de\\\/#\\\/schema\\\/person\\\/6620dad05f894110a34e3afd3c3cf3ff\",\"name\":\"Aschaffenburg_2.0\",\"url\":\"https:\\\/\\\/aschaffenburgzweinull.stadtarchiv-digital.de\\\/author\\\/aschaffenburg_2-0\\\/\"}]}<\/script>\n<!-- \/ Yoast SEO plugin. -->","yoast_head_json":{"title":"Hexenmahnmal: Malleus Maleficarum - Aschaffenburg","robots":{"index":"index","follow":"follow","max-snippet":"max-snippet:-1","max-image-preview":"max-image-preview:large","max-video-preview":"max-video-preview:-1"},"canonical":"https:\/\/aschaffenburgzweinull.stadtarchiv-digital.de\/hexenmahnmal\/","og_locale":"de_DE","og_type":"article","og_title":"Hexenmahnmal: Malleus Maleficarum - Aschaffenburg","og_description":"Marc Rammelm\u00fcller, 2018 Klinker und Stahl Bereits seit 2014 diskutierte man die Idee zu einem Mahnmal f\u00fcr die Opfer der Hexenverfolgung. Der Stadtrat bestimmte 2017 als Standort den Bereich des [&hellip;]","og_url":"https:\/\/aschaffenburgzweinull.stadtarchiv-digital.de\/hexenmahnmal\/","og_site_name":"Aschaffenburg","article_published_time":"2023-11-29T22:51:42+00:00","article_modified_time":"2025-02-17T10:04:47+00:00","og_image":[{"width":379,"height":70,"url":"https:\/\/aschaffenburgzweinull.stadtarchiv-digital.de\/wp-content\/uploads\/2020\/07\/Logo-Stadtarchiv-Aschaffenburg.png","type":"image\/png"}],"author":"Aschaffenburg_2.0","twitter_card":"summary_large_image","twitter_misc":{"Verfasst von":"Aschaffenburg_2.0","Gesch\u00e4tzte Lesezeit":"2\u00a0Minuten"},"schema":{"@context":"https:\/\/schema.org","@graph":[{"@type":"Article","@id":"https:\/\/aschaffenburgzweinull.stadtarchiv-digital.de\/hexenmahnmal\/#article","isPartOf":{"@id":"https:\/\/aschaffenburgzweinull.stadtarchiv-digital.de\/hexenmahnmal\/"},"author":{"name":"Aschaffenburg_2.0","@id":"https:\/\/aschaffenburgzweinull.stadtarchiv-digital.de\/#\/schema\/person\/6620dad05f894110a34e3afd3c3cf3ff"},"headline":"Hexenmahnmal: Malleus Maleficarum","datePublished":"2023-11-29T22:51:42+00:00","dateModified":"2025-02-17T10:04:47+00:00","mainEntityOfPage":{"@id":"https:\/\/aschaffenburgzweinull.stadtarchiv-digital.de\/hexenmahnmal\/"},"wordCount":212,"commentCount":0,"keywords":["Statue.","Hexe","Stahl","Klinker","Marc Rammelm\u00fcller","Heinrich Kramer","Mahnmal"],"articleSection":["Kunst"],"inLanguage":"de","potentialAction":[{"@type":"CommentAction","name":"Comment","target":["https:\/\/aschaffenburgzweinull.stadtarchiv-digital.de\/hexenmahnmal\/#respond"]}]},{"@type":"WebPage","@id":"https:\/\/aschaffenburgzweinull.stadtarchiv-digital.de\/hexenmahnmal\/","url":"https:\/\/aschaffenburgzweinull.stadtarchiv-digital.de\/hexenmahnmal\/","name":"Hexenmahnmal: Malleus Maleficarum - Aschaffenburg","isPartOf":{"@id":"https:\/\/aschaffenburgzweinull.stadtarchiv-digital.de\/#website"},"datePublished":"2023-11-29T22:51:42+00:00","dateModified":"2025-02-17T10:04:47+00:00","author":{"@id":"https:\/\/aschaffenburgzweinull.stadtarchiv-digital.de\/#\/schema\/person\/6620dad05f894110a34e3afd3c3cf3ff"},"breadcrumb":{"@id":"https:\/\/aschaffenburgzweinull.stadtarchiv-digital.de\/hexenmahnmal\/#breadcrumb"},"inLanguage":"de","potentialAction":[{"@type":"ReadAction","target":["https:\/\/aschaffenburgzweinull.stadtarchiv-digital.de\/hexenmahnmal\/"]}]},{"@type":"BreadcrumbList","@id":"https:\/\/aschaffenburgzweinull.stadtarchiv-digital.de\/hexenmahnmal\/#breadcrumb","itemListElement":[{"@type":"ListItem","position":1,"name":"Startseite","item":"https:\/\/aschaffenburgzweinull.stadtarchiv-digital.de\/"},{"@type":"ListItem","position":2,"name":"Hexenmahnmal: Malleus Maleficarum"}]},{"@type":"WebSite","@id":"https:\/\/aschaffenburgzweinull.stadtarchiv-digital.de\/#website","url":"https:\/\/aschaffenburgzweinull.stadtarchiv-digital.de\/","name":"Aschaffenburg","description":"2.0","potentialAction":[{"@type":"SearchAction","target":{"@type":"EntryPoint","urlTemplate":"https:\/\/aschaffenburgzweinull.stadtarchiv-digital.de\/?s={search_term_string}"},"query-input":{"@type":"PropertyValueSpecification","valueRequired":true,"valueName":"search_term_string"}}],"inLanguage":"de"},{"@type":"Person","@id":"https:\/\/aschaffenburgzweinull.stadtarchiv-digital.de\/#\/schema\/person\/6620dad05f894110a34e3afd3c3cf3ff","name":"Aschaffenburg_2.0","url":"https:\/\/aschaffenburgzweinull.stadtarchiv-digital.de\/author\/aschaffenburg_2-0\/"}]}},"_links":{"self":[{"href":"https:\/\/aschaffenburgzweinull.stadtarchiv-digital.de\/data\/wp\/v2\/posts\/8625","targetHints":{"allow":["GET"]}}],"collection":[{"href":"https:\/\/aschaffenburgzweinull.stadtarchiv-digital.de\/data\/wp\/v2\/posts"}],"about":[{"href":"https:\/\/aschaffenburgzweinull.stadtarchiv-digital.de\/data\/wp\/v2\/types\/post"}],"author":[{"embeddable":true,"href":"https:\/\/aschaffenburgzweinull.stadtarchiv-digital.de\/data\/wp\/v2\/users\/3"}],"replies":[{"embeddable":true,"href":"https:\/\/aschaffenburgzweinull.stadtarchiv-digital.de\/data\/wp\/v2\/comments?post=8625"}],"version-history":[{"count":15,"href":"https:\/\/aschaffenburgzweinull.stadtarchiv-digital.de\/data\/wp\/v2\/posts\/8625\/revisions"}],"predecessor-version":[{"id":11632,"href":"https:\/\/aschaffenburgzweinull.stadtarchiv-digital.de\/data\/wp\/v2\/posts\/8625\/revisions\/11632"}],"wp:attachment":[{"href":"https:\/\/aschaffenburgzweinull.stadtarchiv-digital.de\/data\/wp\/v2\/media?parent=8625"}],"wp:term":[{"taxonomy":"category","embeddable":true,"href":"https:\/\/aschaffenburgzweinull.stadtarchiv-digital.de\/data\/wp\/v2\/categories?post=8625"},{"taxonomy":"post_tag","embeddable":true,"href":"https:\/\/aschaffenburgzweinull.stadtarchiv-digital.de\/data\/wp\/v2\/tags?post=8625"},{"taxonomy":"format","embeddable":true,"href":"https:\/\/aschaffenburgzweinull.stadtarchiv-digital.de\/data\/wp\/v2\/post-format?post=8625"},{"taxonomy":"content","embeddable":true,"href":"https:\/\/aschaffenburgzweinull.stadtarchiv-digital.de\/data\/wp\/v2\/post-content?post=8625"}],"curies":[{"name":"wp","href":"https:\/\/api.w.org\/{rel}","templated":true}]}}