{"id":8494,"date":"2023-11-29T23:51:23","date_gmt":"2023-11-29T22:51:23","guid":{"rendered":"https:\/\/aschaffenburgzweinull.stadtarchiv-digital.de\/frau-mit-schale-und-voegeln\/"},"modified":"2025-03-18T16:15:14","modified_gmt":"2025-03-18T15:15:14","slug":"frau-mit-schale-und-voegeln","status":"publish","type":"post","link":"https:\/\/aschaffenburgzweinull.stadtarchiv-digital.de\/frau-mit-schale-und-voegeln\/","title":{"rendered":"Frau mit Schale und V\u00f6geln"},"content":{"rendered":"<p>Siegfried Rischar<br \/>\nDraht<\/p>\n<p>Das Drahtrelief aus den 1950er Jahren befand sich urspr\u00fcnglich am Wohnhaus Sch\u00f6nbergstra\u00dfe 4 in Damm. Da der K\u00e4ufer das Kunstwerk nicht erhalten wollte, wurde es nach dem Verkauf des Anwesens von einem M\u00e4zen an eine Giebelwand Hinter der Eich versetzt. Die urspr\u00fcnglich vorhandenen<br \/>\nHintergrund-Farbfl\u00e4chen wurden nicht wieder erstellt und das Drahtrelief bei der Montage um ca. 15\u00b0 nach rechts gedreht.<\/p>\n","protected":false},"excerpt":{"rendered":"<p>Siegfried Rischar Draht Das Drahtrelief aus den 1950er Jahren befand sich urspr\u00fcnglich am Wohnhaus Sch\u00f6nbergstra\u00dfe 4 in Damm. Da der K\u00e4ufer das Kunstwerk nicht erhalten wollte, wurde es nach dem [&hellip;]<\/p>\n","protected":false},"author":3,"featured_media":12752,"comment_status":"open","ping_status":"open","sticky":false,"template":"","format":"standard","meta":{"_acf_changed":false,"footnotes":""},"categories":[967],"tags":[1183,1193,1415,1416,1417,1418],"post-format":[978],"post-content":[3,67],"class_list":["post-8494","post","type-post","status-publish","format-standard","has-post-thumbnail","hentry","category-kunst","tag-drahtrelief","tag-siegfried-rischar","tag-draht","tag-frau","tag-voegel","tag-frau-mit-schale-und-voegel","format-ort","content-image","content-text","project-stadtkunst"],"acf":[],"yoast_head":"<!-- This site is optimized with the Yoast SEO plugin v27.4 - https:\/\/yoast.com\/product\/yoast-seo-wordpress\/ -->\n<title>Frau mit Schale und V\u00f6geln - Aschaffenburg<\/title>\n<meta name=\"robots\" content=\"index, follow, max-snippet:-1, max-image-preview:large, max-video-preview:-1\" \/>\n<link rel=\"canonical\" href=\"https:\/\/aschaffenburgzweinull.stadtarchiv-digital.de\/frau-mit-schale-und-voegeln\/\" \/>\n<meta property=\"og:locale\" content=\"de_DE\" \/>\n<meta property=\"og:type\" content=\"article\" \/>\n<meta property=\"og:title\" content=\"Frau mit Schale und V\u00f6geln - Aschaffenburg\" \/>\n<meta property=\"og:description\" content=\"Siegfried Rischar Draht Das Drahtrelief aus den 1950er Jahren befand sich urspr\u00fcnglich am Wohnhaus Sch\u00f6nbergstra\u00dfe 4 in Damm. Da der K\u00e4ufer das Kunstwerk nicht erhalten wollte, wurde es nach dem [&hellip;]\" \/>\n<meta property=\"og:url\" content=\"https:\/\/aschaffenburgzweinull.stadtarchiv-digital.de\/frau-mit-schale-und-voegeln\/\" \/>\n<meta property=\"og:site_name\" content=\"Aschaffenburg\" \/>\n<meta property=\"article:published_time\" content=\"2023-11-29T22:51:23+00:00\" \/>\n<meta property=\"article:modified_time\" content=\"2025-03-18T15:15:14+00:00\" \/>\n<meta property=\"og:image\" content=\"https:\/\/aschaffenburgzweinull.stadtarchiv-digital.de\/wp-content\/uploads\/2023\/11\/241_Stadtmitte_Rossmarkt-33a_Frau-mit-Schale-und-Voegeln-3.jpg\" \/>\n\t<meta property=\"og:image:width\" content=\"864\" \/>\n\t<meta property=\"og:image:height\" content=\"822\" \/>\n\t<meta property=\"og:image:type\" content=\"image\/jpeg\" \/>\n<meta name=\"author\" content=\"Aschaffenburg_2.0\" \/>\n<meta name=\"twitter:card\" content=\"summary_large_image\" \/>\n<meta name=\"twitter:label1\" content=\"Verfasst von\" \/>\n\t<meta name=\"twitter:data1\" content=\"Aschaffenburg_2.0\" \/>\n\t<meta name=\"twitter:label2\" content=\"Gesch\u00e4tzte Lesezeit\" \/>\n\t<meta name=\"twitter:data2\" content=\"1\u00a0Minute\" \/>\n<script type=\"application\/ld+json\" class=\"yoast-schema-graph\">{\"@context\":\"https:\\\/\\\/schema.org\",\"@graph\":[{\"@type\":\"Article\",\"@id\":\"https:\\\/\\\/aschaffenburgzweinull.stadtarchiv-digital.de\\\/frau-mit-schale-und-voegeln\\\/#article\",\"isPartOf\":{\"@id\":\"https:\\\/\\\/aschaffenburgzweinull.stadtarchiv-digital.de\\\/frau-mit-schale-und-voegeln\\\/\"},\"author\":{\"name\":\"Aschaffenburg_2.0\",\"@id\":\"https:\\\/\\\/aschaffenburgzweinull.stadtarchiv-digital.de\\\/#\\\/schema\\\/person\\\/6620dad05f894110a34e3afd3c3cf3ff\"},\"headline\":\"Frau mit Schale und V\u00f6geln\",\"datePublished\":\"2023-11-29T22:51:23+00:00\",\"dateModified\":\"2025-03-18T15:15:14+00:00\",\"mainEntityOfPage\":{\"@id\":\"https:\\\/\\\/aschaffenburgzweinull.stadtarchiv-digital.de\\\/frau-mit-schale-und-voegeln\\\/\"},\"wordCount\":74,\"commentCount\":0,\"image\":{\"@id\":\"https:\\\/\\\/aschaffenburgzweinull.stadtarchiv-digital.de\\\/frau-mit-schale-und-voegeln\\\/#primaryimage\"},\"thumbnailUrl\":\"https:\\\/\\\/aschaffenburgzweinull.stadtarchiv-digital.de\\\/wp-content\\\/uploads\\\/2023\\\/11\\\/241_Stadtmitte_Rossmarkt-33a_Frau-mit-Schale-und-Voegeln-3.jpg\",\"keywords\":[\"Drahtrelief\",\"Siegfried Rischar\",\"Draht\",\"Frau\",\"V\u00f6gel\",\"Frau mit Schale und V\u00f6gel\"],\"articleSection\":[\"Kunst\"],\"inLanguage\":\"de\",\"potentialAction\":[{\"@type\":\"CommentAction\",\"name\":\"Comment\",\"target\":[\"https:\\\/\\\/aschaffenburgzweinull.stadtarchiv-digital.de\\\/frau-mit-schale-und-voegeln\\\/#respond\"]}]},{\"@type\":\"WebPage\",\"@id\":\"https:\\\/\\\/aschaffenburgzweinull.stadtarchiv-digital.de\\\/frau-mit-schale-und-voegeln\\\/\",\"url\":\"https:\\\/\\\/aschaffenburgzweinull.stadtarchiv-digital.de\\\/frau-mit-schale-und-voegeln\\\/\",\"name\":\"Frau mit Schale und V\u00f6geln - Aschaffenburg\",\"isPartOf\":{\"@id\":\"https:\\\/\\\/aschaffenburgzweinull.stadtarchiv-digital.de\\\/#website\"},\"primaryImageOfPage\":{\"@id\":\"https:\\\/\\\/aschaffenburgzweinull.stadtarchiv-digital.de\\\/frau-mit-schale-und-voegeln\\\/#primaryimage\"},\"image\":{\"@id\":\"https:\\\/\\\/aschaffenburgzweinull.stadtarchiv-digital.de\\\/frau-mit-schale-und-voegeln\\\/#primaryimage\"},\"thumbnailUrl\":\"https:\\\/\\\/aschaffenburgzweinull.stadtarchiv-digital.de\\\/wp-content\\\/uploads\\\/2023\\\/11\\\/241_Stadtmitte_Rossmarkt-33a_Frau-mit-Schale-und-Voegeln-3.jpg\",\"datePublished\":\"2023-11-29T22:51:23+00:00\",\"dateModified\":\"2025-03-18T15:15:14+00:00\",\"author\":{\"@id\":\"https:\\\/\\\/aschaffenburgzweinull.stadtarchiv-digital.de\\\/#\\\/schema\\\/person\\\/6620dad05f894110a34e3afd3c3cf3ff\"},\"breadcrumb\":{\"@id\":\"https:\\\/\\\/aschaffenburgzweinull.stadtarchiv-digital.de\\\/frau-mit-schale-und-voegeln\\\/#breadcrumb\"},\"inLanguage\":\"de\",\"potentialAction\":[{\"@type\":\"ReadAction\",\"target\":[\"https:\\\/\\\/aschaffenburgzweinull.stadtarchiv-digital.de\\\/frau-mit-schale-und-voegeln\\\/\"]}]},{\"@type\":\"ImageObject\",\"inLanguage\":\"de\",\"@id\":\"https:\\\/\\\/aschaffenburgzweinull.stadtarchiv-digital.de\\\/frau-mit-schale-und-voegeln\\\/#primaryimage\",\"url\":\"https:\\\/\\\/aschaffenburgzweinull.stadtarchiv-digital.de\\\/wp-content\\\/uploads\\\/2023\\\/11\\\/241_Stadtmitte_Rossmarkt-33a_Frau-mit-Schale-und-Voegeln-3.jpg\",\"contentUrl\":\"https:\\\/\\\/aschaffenburgzweinull.stadtarchiv-digital.de\\\/wp-content\\\/uploads\\\/2023\\\/11\\\/241_Stadtmitte_Rossmarkt-33a_Frau-mit-Schale-und-Voegeln-3.jpg\",\"width\":864,\"height\":822},{\"@type\":\"BreadcrumbList\",\"@id\":\"https:\\\/\\\/aschaffenburgzweinull.stadtarchiv-digital.de\\\/frau-mit-schale-und-voegeln\\\/#breadcrumb\",\"itemListElement\":[{\"@type\":\"ListItem\",\"position\":1,\"name\":\"Startseite\",\"item\":\"https:\\\/\\\/aschaffenburgzweinull.stadtarchiv-digital.de\\\/\"},{\"@type\":\"ListItem\",\"position\":2,\"name\":\"Frau mit Schale und V\u00f6geln\"}]},{\"@type\":\"WebSite\",\"@id\":\"https:\\\/\\\/aschaffenburgzweinull.stadtarchiv-digital.de\\\/#website\",\"url\":\"https:\\\/\\\/aschaffenburgzweinull.stadtarchiv-digital.de\\\/\",\"name\":\"Aschaffenburg\",\"description\":\"2.0\",\"potentialAction\":[{\"@type\":\"SearchAction\",\"target\":{\"@type\":\"EntryPoint\",\"urlTemplate\":\"https:\\\/\\\/aschaffenburgzweinull.stadtarchiv-digital.de\\\/?s={search_term_string}\"},\"query-input\":{\"@type\":\"PropertyValueSpecification\",\"valueRequired\":true,\"valueName\":\"search_term_string\"}}],\"inLanguage\":\"de\"},{\"@type\":\"Person\",\"@id\":\"https:\\\/\\\/aschaffenburgzweinull.stadtarchiv-digital.de\\\/#\\\/schema\\\/person\\\/6620dad05f894110a34e3afd3c3cf3ff\",\"name\":\"Aschaffenburg_2.0\",\"url\":\"https:\\\/\\\/aschaffenburgzweinull.stadtarchiv-digital.de\\\/author\\\/aschaffenburg_2-0\\\/\"}]}<\/script>\n<!-- \/ Yoast SEO plugin. -->","yoast_head_json":{"title":"Frau mit Schale und V\u00f6geln - Aschaffenburg","robots":{"index":"index","follow":"follow","max-snippet":"max-snippet:-1","max-image-preview":"max-image-preview:large","max-video-preview":"max-video-preview:-1"},"canonical":"https:\/\/aschaffenburgzweinull.stadtarchiv-digital.de\/frau-mit-schale-und-voegeln\/","og_locale":"de_DE","og_type":"article","og_title":"Frau mit Schale und V\u00f6geln - Aschaffenburg","og_description":"Siegfried Rischar Draht Das Drahtrelief aus den 1950er Jahren befand sich urspr\u00fcnglich am Wohnhaus Sch\u00f6nbergstra\u00dfe 4 in Damm. Da der K\u00e4ufer das Kunstwerk nicht erhalten wollte, wurde es nach dem [&hellip;]","og_url":"https:\/\/aschaffenburgzweinull.stadtarchiv-digital.de\/frau-mit-schale-und-voegeln\/","og_site_name":"Aschaffenburg","article_published_time":"2023-11-29T22:51:23+00:00","article_modified_time":"2025-03-18T15:15:14+00:00","og_image":[{"width":864,"height":822,"url":"https:\/\/aschaffenburgzweinull.stadtarchiv-digital.de\/wp-content\/uploads\/2023\/11\/241_Stadtmitte_Rossmarkt-33a_Frau-mit-Schale-und-Voegeln-3.jpg","type":"image\/jpeg"}],"author":"Aschaffenburg_2.0","twitter_card":"summary_large_image","twitter_misc":{"Verfasst von":"Aschaffenburg_2.0","Gesch\u00e4tzte Lesezeit":"1\u00a0Minute"},"schema":{"@context":"https:\/\/schema.org","@graph":[{"@type":"Article","@id":"https:\/\/aschaffenburgzweinull.stadtarchiv-digital.de\/frau-mit-schale-und-voegeln\/#article","isPartOf":{"@id":"https:\/\/aschaffenburgzweinull.stadtarchiv-digital.de\/frau-mit-schale-und-voegeln\/"},"author":{"name":"Aschaffenburg_2.0","@id":"https:\/\/aschaffenburgzweinull.stadtarchiv-digital.de\/#\/schema\/person\/6620dad05f894110a34e3afd3c3cf3ff"},"headline":"Frau mit Schale und V\u00f6geln","datePublished":"2023-11-29T22:51:23+00:00","dateModified":"2025-03-18T15:15:14+00:00","mainEntityOfPage":{"@id":"https:\/\/aschaffenburgzweinull.stadtarchiv-digital.de\/frau-mit-schale-und-voegeln\/"},"wordCount":74,"commentCount":0,"image":{"@id":"https:\/\/aschaffenburgzweinull.stadtarchiv-digital.de\/frau-mit-schale-und-voegeln\/#primaryimage"},"thumbnailUrl":"https:\/\/aschaffenburgzweinull.stadtarchiv-digital.de\/wp-content\/uploads\/2023\/11\/241_Stadtmitte_Rossmarkt-33a_Frau-mit-Schale-und-Voegeln-3.jpg","keywords":["Drahtrelief","Siegfried Rischar","Draht","Frau","V\u00f6gel","Frau mit Schale und V\u00f6gel"],"articleSection":["Kunst"],"inLanguage":"de","potentialAction":[{"@type":"CommentAction","name":"Comment","target":["https:\/\/aschaffenburgzweinull.stadtarchiv-digital.de\/frau-mit-schale-und-voegeln\/#respond"]}]},{"@type":"WebPage","@id":"https:\/\/aschaffenburgzweinull.stadtarchiv-digital.de\/frau-mit-schale-und-voegeln\/","url":"https:\/\/aschaffenburgzweinull.stadtarchiv-digital.de\/frau-mit-schale-und-voegeln\/","name":"Frau mit Schale und V\u00f6geln - Aschaffenburg","isPartOf":{"@id":"https:\/\/aschaffenburgzweinull.stadtarchiv-digital.de\/#website"},"primaryImageOfPage":{"@id":"https:\/\/aschaffenburgzweinull.stadtarchiv-digital.de\/frau-mit-schale-und-voegeln\/#primaryimage"},"image":{"@id":"https:\/\/aschaffenburgzweinull.stadtarchiv-digital.de\/frau-mit-schale-und-voegeln\/#primaryimage"},"thumbnailUrl":"https:\/\/aschaffenburgzweinull.stadtarchiv-digital.de\/wp-content\/uploads\/2023\/11\/241_Stadtmitte_Rossmarkt-33a_Frau-mit-Schale-und-Voegeln-3.jpg","datePublished":"2023-11-29T22:51:23+00:00","dateModified":"2025-03-18T15:15:14+00:00","author":{"@id":"https:\/\/aschaffenburgzweinull.stadtarchiv-digital.de\/#\/schema\/person\/6620dad05f894110a34e3afd3c3cf3ff"},"breadcrumb":{"@id":"https:\/\/aschaffenburgzweinull.stadtarchiv-digital.de\/frau-mit-schale-und-voegeln\/#breadcrumb"},"inLanguage":"de","potentialAction":[{"@type":"ReadAction","target":["https:\/\/aschaffenburgzweinull.stadtarchiv-digital.de\/frau-mit-schale-und-voegeln\/"]}]},{"@type":"ImageObject","inLanguage":"de","@id":"https:\/\/aschaffenburgzweinull.stadtarchiv-digital.de\/frau-mit-schale-und-voegeln\/#primaryimage","url":"https:\/\/aschaffenburgzweinull.stadtarchiv-digital.de\/wp-content\/uploads\/2023\/11\/241_Stadtmitte_Rossmarkt-33a_Frau-mit-Schale-und-Voegeln-3.jpg","contentUrl":"https:\/\/aschaffenburgzweinull.stadtarchiv-digital.de\/wp-content\/uploads\/2023\/11\/241_Stadtmitte_Rossmarkt-33a_Frau-mit-Schale-und-Voegeln-3.jpg","width":864,"height":822},{"@type":"BreadcrumbList","@id":"https:\/\/aschaffenburgzweinull.stadtarchiv-digital.de\/frau-mit-schale-und-voegeln\/#breadcrumb","itemListElement":[{"@type":"ListItem","position":1,"name":"Startseite","item":"https:\/\/aschaffenburgzweinull.stadtarchiv-digital.de\/"},{"@type":"ListItem","position":2,"name":"Frau mit Schale und V\u00f6geln"}]},{"@type":"WebSite","@id":"https:\/\/aschaffenburgzweinull.stadtarchiv-digital.de\/#website","url":"https:\/\/aschaffenburgzweinull.stadtarchiv-digital.de\/","name":"Aschaffenburg","description":"2.0","potentialAction":[{"@type":"SearchAction","target":{"@type":"EntryPoint","urlTemplate":"https:\/\/aschaffenburgzweinull.stadtarchiv-digital.de\/?s={search_term_string}"},"query-input":{"@type":"PropertyValueSpecification","valueRequired":true,"valueName":"search_term_string"}}],"inLanguage":"de"},{"@type":"Person","@id":"https:\/\/aschaffenburgzweinull.stadtarchiv-digital.de\/#\/schema\/person\/6620dad05f894110a34e3afd3c3cf3ff","name":"Aschaffenburg_2.0","url":"https:\/\/aschaffenburgzweinull.stadtarchiv-digital.de\/author\/aschaffenburg_2-0\/"}]}},"_links":{"self":[{"href":"https:\/\/aschaffenburgzweinull.stadtarchiv-digital.de\/data\/wp\/v2\/posts\/8494","targetHints":{"allow":["GET"]}}],"collection":[{"href":"https:\/\/aschaffenburgzweinull.stadtarchiv-digital.de\/data\/wp\/v2\/posts"}],"about":[{"href":"https:\/\/aschaffenburgzweinull.stadtarchiv-digital.de\/data\/wp\/v2\/types\/post"}],"author":[{"embeddable":true,"href":"https:\/\/aschaffenburgzweinull.stadtarchiv-digital.de\/data\/wp\/v2\/users\/3"}],"replies":[{"embeddable":true,"href":"https:\/\/aschaffenburgzweinull.stadtarchiv-digital.de\/data\/wp\/v2\/comments?post=8494"}],"version-history":[{"count":4,"href":"https:\/\/aschaffenburgzweinull.stadtarchiv-digital.de\/data\/wp\/v2\/posts\/8494\/revisions"}],"predecessor-version":[{"id":12754,"href":"https:\/\/aschaffenburgzweinull.stadtarchiv-digital.de\/data\/wp\/v2\/posts\/8494\/revisions\/12754"}],"wp:featuredmedia":[{"embeddable":true,"href":"https:\/\/aschaffenburgzweinull.stadtarchiv-digital.de\/data\/wp\/v2\/media\/12752"}],"wp:attachment":[{"href":"https:\/\/aschaffenburgzweinull.stadtarchiv-digital.de\/data\/wp\/v2\/media?parent=8494"}],"wp:term":[{"taxonomy":"category","embeddable":true,"href":"https:\/\/aschaffenburgzweinull.stadtarchiv-digital.de\/data\/wp\/v2\/categories?post=8494"},{"taxonomy":"post_tag","embeddable":true,"href":"https:\/\/aschaffenburgzweinull.stadtarchiv-digital.de\/data\/wp\/v2\/tags?post=8494"},{"taxonomy":"format","embeddable":true,"href":"https:\/\/aschaffenburgzweinull.stadtarchiv-digital.de\/data\/wp\/v2\/post-format?post=8494"},{"taxonomy":"content","embeddable":true,"href":"https:\/\/aschaffenburgzweinull.stadtarchiv-digital.de\/data\/wp\/v2\/post-content?post=8494"}],"curies":[{"name":"wp","href":"https:\/\/api.w.org\/{rel}","templated":true}]}}