{"id":8426,"date":"2023-11-29T23:51:11","date_gmt":"2023-11-29T22:51:11","guid":{"rendered":"https:\/\/aschaffenburgzweinull.stadtarchiv-digital.de\/julius-maria-becker-gedenkstein\/"},"modified":"2025-01-31T11:14:22","modified_gmt":"2025-01-31T10:14:22","slug":"julius-maria-becker-gedenkstein","status":"publish","type":"post","link":"https:\/\/aschaffenburgzweinull.stadtarchiv-digital.de\/julius-maria-becker-gedenkstein\/","title":{"rendered":"Gedenkstein f\u00fcr Julius Maria Becker"},"content":{"rendered":"<p>Erwin Rager, 1975<br \/>\nSandstein<\/p>\n<p>Im Auftrag der Stadt Aschaffenburg geschaffener Gedenkstein f\u00fcr Julius Maria Becker, der als Autor, Dramatiker, Lyriker, Redner und Journalist in Aschaffenburg lebte. Becker verfasste zahlreiche<br \/>\nTheaterst\u00fccke und Gedichte. Seinen gr\u00f6\u00dften Erfolg hatte er 1923 mit dem expressionistischen Drama \u201eDer Br\u00fcckengeist\u201c. Der Steinbildhauer Erwin Rager erhielt 1974 als Leiter der Steinmetzschule den Auftrag zu dieser Arbeit. Ein abstraktes Werk aus \u201erotem Spessart-Sandstein\u201c, dessen von \u201eKlarheit und Schlichtheit\u201c gepr\u00e4gte Form an eine menschliche Gestalt erinnert. Die Inschrift im unteren Drittel des Monuments nennt lediglich den Namen des Dichters.<\/p>\n","protected":false},"excerpt":{"rendered":"<p>Erwin Rager, 1975 Sandstein Im Auftrag der Stadt Aschaffenburg geschaffener Gedenkstein f\u00fcr Julius Maria Becker, der als Autor, Dramatiker, Lyriker, Redner und Journalist in Aschaffenburg lebte. Becker verfasste zahlreiche Theaterst\u00fccke [&hellip;]<\/p>\n","protected":false},"author":3,"featured_media":0,"comment_status":"open","ping_status":"open","sticky":false,"template":"","format":"standard","meta":{"_acf_changed":false,"footnotes":""},"categories":[967],"tags":[238,1019,1082,113],"post-format":[978],"post-content":[67,3],"class_list":["post-8426","post","type-post","status-publish","format-standard","hentry","category-kunst","tag-skulptur","tag-sandstein","tag-erwin-rager","tag-julius-maria-becker","format-ort","content-text","content-image","project-stadtkunst"],"acf":[],"yoast_head":"<!-- This site is optimized with the Yoast SEO plugin v27.4 - https:\/\/yoast.com\/product\/yoast-seo-wordpress\/ -->\n<title>Gedenkstein f\u00fcr Julius Maria Becker - Aschaffenburg<\/title>\n<meta name=\"robots\" content=\"index, follow, max-snippet:-1, max-image-preview:large, max-video-preview:-1\" \/>\n<link rel=\"canonical\" href=\"https:\/\/aschaffenburgzweinull.stadtarchiv-digital.de\/julius-maria-becker-gedenkstein\/\" \/>\n<meta property=\"og:locale\" content=\"de_DE\" \/>\n<meta property=\"og:type\" content=\"article\" \/>\n<meta property=\"og:title\" content=\"Gedenkstein f\u00fcr Julius Maria Becker - Aschaffenburg\" \/>\n<meta property=\"og:description\" content=\"Erwin Rager, 1975 Sandstein Im Auftrag der Stadt Aschaffenburg geschaffener Gedenkstein f\u00fcr Julius Maria Becker, der als Autor, Dramatiker, Lyriker, Redner und Journalist in Aschaffenburg lebte. Becker verfasste zahlreiche Theaterst\u00fccke [&hellip;]\" \/>\n<meta property=\"og:url\" content=\"https:\/\/aschaffenburgzweinull.stadtarchiv-digital.de\/julius-maria-becker-gedenkstein\/\" \/>\n<meta property=\"og:site_name\" content=\"Aschaffenburg\" \/>\n<meta property=\"article:published_time\" content=\"2023-11-29T22:51:11+00:00\" \/>\n<meta property=\"article:modified_time\" content=\"2025-01-31T10:14:22+00:00\" \/>\n<meta property=\"og:image\" content=\"https:\/\/aschaffenburgzweinull.stadtarchiv-digital.de\/wp-content\/uploads\/2020\/07\/Logo-Stadtarchiv-Aschaffenburg.png\" \/>\n\t<meta property=\"og:image:width\" content=\"379\" \/>\n\t<meta property=\"og:image:height\" content=\"70\" \/>\n\t<meta property=\"og:image:type\" content=\"image\/png\" \/>\n<meta name=\"author\" content=\"Aschaffenburg_2.0\" \/>\n<meta name=\"twitter:card\" content=\"summary_large_image\" \/>\n<meta name=\"twitter:label1\" content=\"Verfasst von\" \/>\n\t<meta name=\"twitter:data1\" content=\"Aschaffenburg_2.0\" \/>\n\t<meta name=\"twitter:label2\" content=\"Gesch\u00e4tzte Lesezeit\" \/>\n\t<meta name=\"twitter:data2\" content=\"1\u00a0Minute\" \/>\n<script type=\"application\/ld+json\" class=\"yoast-schema-graph\">{\"@context\":\"https:\\\/\\\/schema.org\",\"@graph\":[{\"@type\":\"Article\",\"@id\":\"https:\\\/\\\/aschaffenburgzweinull.stadtarchiv-digital.de\\\/julius-maria-becker-gedenkstein\\\/#article\",\"isPartOf\":{\"@id\":\"https:\\\/\\\/aschaffenburgzweinull.stadtarchiv-digital.de\\\/julius-maria-becker-gedenkstein\\\/\"},\"author\":{\"name\":\"Aschaffenburg_2.0\",\"@id\":\"https:\\\/\\\/aschaffenburgzweinull.stadtarchiv-digital.de\\\/#\\\/schema\\\/person\\\/6620dad05f894110a34e3afd3c3cf3ff\"},\"headline\":\"Gedenkstein f\u00fcr Julius Maria Becker\",\"datePublished\":\"2023-11-29T22:51:11+00:00\",\"dateModified\":\"2025-01-31T10:14:22+00:00\",\"mainEntityOfPage\":{\"@id\":\"https:\\\/\\\/aschaffenburgzweinull.stadtarchiv-digital.de\\\/julius-maria-becker-gedenkstein\\\/\"},\"wordCount\":98,\"commentCount\":0,\"keywords\":[\"Skulptur\",\"Sandstein\",\"Erwin Rager\",\"julius maria becker\"],\"articleSection\":[\"Kunst\"],\"inLanguage\":\"de\",\"potentialAction\":[{\"@type\":\"CommentAction\",\"name\":\"Comment\",\"target\":[\"https:\\\/\\\/aschaffenburgzweinull.stadtarchiv-digital.de\\\/julius-maria-becker-gedenkstein\\\/#respond\"]}]},{\"@type\":\"WebPage\",\"@id\":\"https:\\\/\\\/aschaffenburgzweinull.stadtarchiv-digital.de\\\/julius-maria-becker-gedenkstein\\\/\",\"url\":\"https:\\\/\\\/aschaffenburgzweinull.stadtarchiv-digital.de\\\/julius-maria-becker-gedenkstein\\\/\",\"name\":\"Gedenkstein f\u00fcr Julius Maria Becker - Aschaffenburg\",\"isPartOf\":{\"@id\":\"https:\\\/\\\/aschaffenburgzweinull.stadtarchiv-digital.de\\\/#website\"},\"datePublished\":\"2023-11-29T22:51:11+00:00\",\"dateModified\":\"2025-01-31T10:14:22+00:00\",\"author\":{\"@id\":\"https:\\\/\\\/aschaffenburgzweinull.stadtarchiv-digital.de\\\/#\\\/schema\\\/person\\\/6620dad05f894110a34e3afd3c3cf3ff\"},\"breadcrumb\":{\"@id\":\"https:\\\/\\\/aschaffenburgzweinull.stadtarchiv-digital.de\\\/julius-maria-becker-gedenkstein\\\/#breadcrumb\"},\"inLanguage\":\"de\",\"potentialAction\":[{\"@type\":\"ReadAction\",\"target\":[\"https:\\\/\\\/aschaffenburgzweinull.stadtarchiv-digital.de\\\/julius-maria-becker-gedenkstein\\\/\"]}]},{\"@type\":\"BreadcrumbList\",\"@id\":\"https:\\\/\\\/aschaffenburgzweinull.stadtarchiv-digital.de\\\/julius-maria-becker-gedenkstein\\\/#breadcrumb\",\"itemListElement\":[{\"@type\":\"ListItem\",\"position\":1,\"name\":\"Startseite\",\"item\":\"https:\\\/\\\/aschaffenburgzweinull.stadtarchiv-digital.de\\\/\"},{\"@type\":\"ListItem\",\"position\":2,\"name\":\"Gedenkstein f\u00fcr Julius Maria Becker\"}]},{\"@type\":\"WebSite\",\"@id\":\"https:\\\/\\\/aschaffenburgzweinull.stadtarchiv-digital.de\\\/#website\",\"url\":\"https:\\\/\\\/aschaffenburgzweinull.stadtarchiv-digital.de\\\/\",\"name\":\"Aschaffenburg\",\"description\":\"2.0\",\"potentialAction\":[{\"@type\":\"SearchAction\",\"target\":{\"@type\":\"EntryPoint\",\"urlTemplate\":\"https:\\\/\\\/aschaffenburgzweinull.stadtarchiv-digital.de\\\/?s={search_term_string}\"},\"query-input\":{\"@type\":\"PropertyValueSpecification\",\"valueRequired\":true,\"valueName\":\"search_term_string\"}}],\"inLanguage\":\"de\"},{\"@type\":\"Person\",\"@id\":\"https:\\\/\\\/aschaffenburgzweinull.stadtarchiv-digital.de\\\/#\\\/schema\\\/person\\\/6620dad05f894110a34e3afd3c3cf3ff\",\"name\":\"Aschaffenburg_2.0\",\"url\":\"https:\\\/\\\/aschaffenburgzweinull.stadtarchiv-digital.de\\\/author\\\/aschaffenburg_2-0\\\/\"}]}<\/script>\n<!-- \/ Yoast SEO plugin. -->","yoast_head_json":{"title":"Gedenkstein f\u00fcr Julius Maria Becker - Aschaffenburg","robots":{"index":"index","follow":"follow","max-snippet":"max-snippet:-1","max-image-preview":"max-image-preview:large","max-video-preview":"max-video-preview:-1"},"canonical":"https:\/\/aschaffenburgzweinull.stadtarchiv-digital.de\/julius-maria-becker-gedenkstein\/","og_locale":"de_DE","og_type":"article","og_title":"Gedenkstein f\u00fcr Julius Maria Becker - Aschaffenburg","og_description":"Erwin Rager, 1975 Sandstein Im Auftrag der Stadt Aschaffenburg geschaffener Gedenkstein f\u00fcr Julius Maria Becker, der als Autor, Dramatiker, Lyriker, Redner und Journalist in Aschaffenburg lebte. Becker verfasste zahlreiche Theaterst\u00fccke [&hellip;]","og_url":"https:\/\/aschaffenburgzweinull.stadtarchiv-digital.de\/julius-maria-becker-gedenkstein\/","og_site_name":"Aschaffenburg","article_published_time":"2023-11-29T22:51:11+00:00","article_modified_time":"2025-01-31T10:14:22+00:00","og_image":[{"width":379,"height":70,"url":"https:\/\/aschaffenburgzweinull.stadtarchiv-digital.de\/wp-content\/uploads\/2020\/07\/Logo-Stadtarchiv-Aschaffenburg.png","type":"image\/png"}],"author":"Aschaffenburg_2.0","twitter_card":"summary_large_image","twitter_misc":{"Verfasst von":"Aschaffenburg_2.0","Gesch\u00e4tzte Lesezeit":"1\u00a0Minute"},"schema":{"@context":"https:\/\/schema.org","@graph":[{"@type":"Article","@id":"https:\/\/aschaffenburgzweinull.stadtarchiv-digital.de\/julius-maria-becker-gedenkstein\/#article","isPartOf":{"@id":"https:\/\/aschaffenburgzweinull.stadtarchiv-digital.de\/julius-maria-becker-gedenkstein\/"},"author":{"name":"Aschaffenburg_2.0","@id":"https:\/\/aschaffenburgzweinull.stadtarchiv-digital.de\/#\/schema\/person\/6620dad05f894110a34e3afd3c3cf3ff"},"headline":"Gedenkstein f\u00fcr Julius Maria Becker","datePublished":"2023-11-29T22:51:11+00:00","dateModified":"2025-01-31T10:14:22+00:00","mainEntityOfPage":{"@id":"https:\/\/aschaffenburgzweinull.stadtarchiv-digital.de\/julius-maria-becker-gedenkstein\/"},"wordCount":98,"commentCount":0,"keywords":["Skulptur","Sandstein","Erwin Rager","julius maria becker"],"articleSection":["Kunst"],"inLanguage":"de","potentialAction":[{"@type":"CommentAction","name":"Comment","target":["https:\/\/aschaffenburgzweinull.stadtarchiv-digital.de\/julius-maria-becker-gedenkstein\/#respond"]}]},{"@type":"WebPage","@id":"https:\/\/aschaffenburgzweinull.stadtarchiv-digital.de\/julius-maria-becker-gedenkstein\/","url":"https:\/\/aschaffenburgzweinull.stadtarchiv-digital.de\/julius-maria-becker-gedenkstein\/","name":"Gedenkstein f\u00fcr Julius Maria Becker - Aschaffenburg","isPartOf":{"@id":"https:\/\/aschaffenburgzweinull.stadtarchiv-digital.de\/#website"},"datePublished":"2023-11-29T22:51:11+00:00","dateModified":"2025-01-31T10:14:22+00:00","author":{"@id":"https:\/\/aschaffenburgzweinull.stadtarchiv-digital.de\/#\/schema\/person\/6620dad05f894110a34e3afd3c3cf3ff"},"breadcrumb":{"@id":"https:\/\/aschaffenburgzweinull.stadtarchiv-digital.de\/julius-maria-becker-gedenkstein\/#breadcrumb"},"inLanguage":"de","potentialAction":[{"@type":"ReadAction","target":["https:\/\/aschaffenburgzweinull.stadtarchiv-digital.de\/julius-maria-becker-gedenkstein\/"]}]},{"@type":"BreadcrumbList","@id":"https:\/\/aschaffenburgzweinull.stadtarchiv-digital.de\/julius-maria-becker-gedenkstein\/#breadcrumb","itemListElement":[{"@type":"ListItem","position":1,"name":"Startseite","item":"https:\/\/aschaffenburgzweinull.stadtarchiv-digital.de\/"},{"@type":"ListItem","position":2,"name":"Gedenkstein f\u00fcr Julius Maria Becker"}]},{"@type":"WebSite","@id":"https:\/\/aschaffenburgzweinull.stadtarchiv-digital.de\/#website","url":"https:\/\/aschaffenburgzweinull.stadtarchiv-digital.de\/","name":"Aschaffenburg","description":"2.0","potentialAction":[{"@type":"SearchAction","target":{"@type":"EntryPoint","urlTemplate":"https:\/\/aschaffenburgzweinull.stadtarchiv-digital.de\/?s={search_term_string}"},"query-input":{"@type":"PropertyValueSpecification","valueRequired":true,"valueName":"search_term_string"}}],"inLanguage":"de"},{"@type":"Person","@id":"https:\/\/aschaffenburgzweinull.stadtarchiv-digital.de\/#\/schema\/person\/6620dad05f894110a34e3afd3c3cf3ff","name":"Aschaffenburg_2.0","url":"https:\/\/aschaffenburgzweinull.stadtarchiv-digital.de\/author\/aschaffenburg_2-0\/"}]}},"_links":{"self":[{"href":"https:\/\/aschaffenburgzweinull.stadtarchiv-digital.de\/data\/wp\/v2\/posts\/8426","targetHints":{"allow":["GET"]}}],"collection":[{"href":"https:\/\/aschaffenburgzweinull.stadtarchiv-digital.de\/data\/wp\/v2\/posts"}],"about":[{"href":"https:\/\/aschaffenburgzweinull.stadtarchiv-digital.de\/data\/wp\/v2\/types\/post"}],"author":[{"embeddable":true,"href":"https:\/\/aschaffenburgzweinull.stadtarchiv-digital.de\/data\/wp\/v2\/users\/3"}],"replies":[{"embeddable":true,"href":"https:\/\/aschaffenburgzweinull.stadtarchiv-digital.de\/data\/wp\/v2\/comments?post=8426"}],"version-history":[{"count":6,"href":"https:\/\/aschaffenburgzweinull.stadtarchiv-digital.de\/data\/wp\/v2\/posts\/8426\/revisions"}],"predecessor-version":[{"id":10356,"href":"https:\/\/aschaffenburgzweinull.stadtarchiv-digital.de\/data\/wp\/v2\/posts\/8426\/revisions\/10356"}],"wp:attachment":[{"href":"https:\/\/aschaffenburgzweinull.stadtarchiv-digital.de\/data\/wp\/v2\/media?parent=8426"}],"wp:term":[{"taxonomy":"category","embeddable":true,"href":"https:\/\/aschaffenburgzweinull.stadtarchiv-digital.de\/data\/wp\/v2\/categories?post=8426"},{"taxonomy":"post_tag","embeddable":true,"href":"https:\/\/aschaffenburgzweinull.stadtarchiv-digital.de\/data\/wp\/v2\/tags?post=8426"},{"taxonomy":"format","embeddable":true,"href":"https:\/\/aschaffenburgzweinull.stadtarchiv-digital.de\/data\/wp\/v2\/post-format?post=8426"},{"taxonomy":"content","embeddable":true,"href":"https:\/\/aschaffenburgzweinull.stadtarchiv-digital.de\/data\/wp\/v2\/post-content?post=8426"}],"curies":[{"name":"wp","href":"https:\/\/api.w.org\/{rel}","templated":true}]}}