{"id":8403,"date":"2023-11-29T23:51:07","date_gmt":"2023-11-29T22:51:07","guid":{"rendered":"https:\/\/aschaffenburgzweinull.stadtarchiv-digital.de\/fassadenschmuck-2\/"},"modified":"2025-03-13T10:39:22","modified_gmt":"2025-03-13T09:39:22","slug":"fassadenschmuck-2","status":"publish","type":"post","link":"https:\/\/aschaffenburgzweinull.stadtarchiv-digital.de\/fassadenschmuck-2\/","title":{"rendered":"Fassadenschmuck"},"content":{"rendered":"<p>Ludwig Eberle, 1910<br \/>\nMuschelkalk, Putz, Bronze<\/p>\n<p>Die Kragsteine aus Muschelkalk unterhalb des Giebelfeldes am Zwerchhaus sind reliefiert.<br \/>\nHerausgearbeitet sind auf der linken Seite der nackte Oberk\u00f6rper einer Frau, die sich mit beiden<br \/>\nH\u00e4nden das \u00fcppige Haar zur\u00fcckh\u00e4lt, und auf der rechten Seite der nackte Oberk\u00f6rper eines Mannes, der einen Arm auf dem anderen quer gehaltenen aufst\u00fctzt. \u00dcber beiden Figuren sind Zunftzeichen auf gelbem Grund angebracht, links f\u00fcr die Maschinenbauindustrie und rechts f\u00fcr das<br \/>\nSchmiedehandwerk. Die drei Br\u00fcstungsfelder eines Erkers am Zwerchhaus sind mit reliefierten Muschelkalkplatten verziert.<br \/>\nDas zentrale Motiv ist eine Paradiesszene mit Adam, Eva und der Schlange, links und rechts davon nehmen zwei schmalere Felder jeweils mit einem Baum und Tieren den Gedanken des<br \/>\nParadiesgartens auf.<br \/>\nAm runden, s\u00fcd\u00f6stlichen Erker bildet ein Reliefband den oberen Abschluss. Es zeigt spielende Putti mit Blumengirlanden und Musikinstrumenten. Ferner necken sie einen Steinbock und ein<br \/>\nWildschwein.<br \/>\nUnter der Eingangshalle an der Lindenallee befindet sich eine Platte mit einem Bronzerelief, das Otto Gentil oder Ludwig Eberle 1910 anfertigte. Es zeigt drei muskul\u00f6se, nackte M\u00e4nner in der Manier<br \/>\nantiker Darstellungen, die ein gro\u00dfes Metallrad bewegen. Das Motiv nimmt wahrscheinlich Bezug auf die Maschinenfabrik des Eigent\u00fcmers Anton Gentil.<\/p>\n","protected":false},"excerpt":{"rendered":"<p>Ludwig Eberle, 1910 Muschelkalk, Putz, Bronze Die Kragsteine aus Muschelkalk unterhalb des Giebelfeldes am Zwerchhaus sind reliefiert. Herausgearbeitet sind auf der linken Seite der nackte Oberk\u00f6rper einer Frau, die sich [&hellip;]<\/p>\n","protected":false},"author":3,"featured_media":12567,"comment_status":"open","ping_status":"open","sticky":false,"template":"","format":"standard","meta":{"_acf_changed":false,"footnotes":""},"categories":[967],"tags":[1365,1366,1015,1021,1030,1105,1296,1350,1359,1362,1363,1364],"post-format":[978],"post-content":[3,67],"class_list":["post-8403","post","type-post","status-publish","format-standard","has-post-thumbnail","hentry","category-kunst","tag-ludwig-eberle","tag-gentilhaus","tag-bronze","tag-muschelkalk","tag-otto-gentil","tag-fassade","tag-wandgemaelde","tag-fassadenschmuck","tag-gentil","tag-adam-und-eva","tag-paradies","tag-metallrad","format-ort","content-image","content-text","project-stadtkunst"],"acf":[],"yoast_head":"<!-- This site is optimized with the Yoast SEO plugin v27.4 - https:\/\/yoast.com\/product\/yoast-seo-wordpress\/ -->\n<title>Fassadenschmuck - Aschaffenburg<\/title>\n<meta name=\"robots\" content=\"index, follow, max-snippet:-1, max-image-preview:large, max-video-preview:-1\" \/>\n<link rel=\"canonical\" href=\"https:\/\/aschaffenburgzweinull.stadtarchiv-digital.de\/fassadenschmuck-2\/\" \/>\n<meta property=\"og:locale\" content=\"de_DE\" \/>\n<meta property=\"og:type\" content=\"article\" \/>\n<meta property=\"og:title\" content=\"Fassadenschmuck - Aschaffenburg\" \/>\n<meta property=\"og:description\" content=\"Ludwig Eberle, 1910 Muschelkalk, Putz, Bronze Die Kragsteine aus Muschelkalk unterhalb des Giebelfeldes am Zwerchhaus sind reliefiert. Herausgearbeitet sind auf der linken Seite der nackte Oberk\u00f6rper einer Frau, die sich [&hellip;]\" \/>\n<meta property=\"og:url\" content=\"https:\/\/aschaffenburgzweinull.stadtarchiv-digital.de\/fassadenschmuck-2\/\" \/>\n<meta property=\"og:site_name\" content=\"Aschaffenburg\" \/>\n<meta property=\"article:published_time\" content=\"2023-11-29T22:51:07+00:00\" \/>\n<meta property=\"article:modified_time\" content=\"2025-03-13T09:39:22+00:00\" \/>\n<meta property=\"og:image\" content=\"https:\/\/aschaffenburgzweinull.stadtarchiv-digital.de\/wp-content\/uploads\/2023\/11\/213_Stadtmitte_Lindenallee-26_Fassadenschmuck_Blatt-2-2.jpg\" \/>\n\t<meta property=\"og:image:width\" content=\"751\" \/>\n\t<meta property=\"og:image:height\" content=\"646\" \/>\n\t<meta property=\"og:image:type\" content=\"image\/jpeg\" \/>\n<meta name=\"author\" content=\"Aschaffenburg_2.0\" \/>\n<meta name=\"twitter:card\" content=\"summary_large_image\" \/>\n<meta name=\"twitter:label1\" content=\"Verfasst von\" \/>\n\t<meta name=\"twitter:data1\" content=\"Aschaffenburg_2.0\" \/>\n\t<meta name=\"twitter:label2\" content=\"Gesch\u00e4tzte Lesezeit\" \/>\n\t<meta name=\"twitter:data2\" content=\"2\u00a0Minuten\" \/>\n<script type=\"application\/ld+json\" class=\"yoast-schema-graph\">{\"@context\":\"https:\\\/\\\/schema.org\",\"@graph\":[{\"@type\":\"Article\",\"@id\":\"https:\\\/\\\/aschaffenburgzweinull.stadtarchiv-digital.de\\\/fassadenschmuck-2\\\/#article\",\"isPartOf\":{\"@id\":\"https:\\\/\\\/aschaffenburgzweinull.stadtarchiv-digital.de\\\/fassadenschmuck-2\\\/\"},\"author\":{\"name\":\"Aschaffenburg_2.0\",\"@id\":\"https:\\\/\\\/aschaffenburgzweinull.stadtarchiv-digital.de\\\/#\\\/schema\\\/person\\\/6620dad05f894110a34e3afd3c3cf3ff\"},\"headline\":\"Fassadenschmuck\",\"datePublished\":\"2023-11-29T22:51:07+00:00\",\"dateModified\":\"2025-03-13T09:39:22+00:00\",\"mainEntityOfPage\":{\"@id\":\"https:\\\/\\\/aschaffenburgzweinull.stadtarchiv-digital.de\\\/fassadenschmuck-2\\\/\"},\"wordCount\":206,\"commentCount\":0,\"image\":{\"@id\":\"https:\\\/\\\/aschaffenburgzweinull.stadtarchiv-digital.de\\\/fassadenschmuck-2\\\/#primaryimage\"},\"thumbnailUrl\":\"https:\\\/\\\/aschaffenburgzweinull.stadtarchiv-digital.de\\\/wp-content\\\/uploads\\\/2023\\\/11\\\/213_Stadtmitte_Lindenallee-26_Fassadenschmuck_Blatt-2-2.jpg\",\"keywords\":[\"Ludwig Eberle\",\"Gentilhaus\",\"Bronze\",\"Muschelkalk\",\"Otto Gentil\",\"Fassade\",\"Wandgem\u00e4lde\",\"Fassadenschmuck\",\"Gentil\",\"Adam und Eva\",\"Paradies\",\"Metallrad\"],\"articleSection\":[\"Kunst\"],\"inLanguage\":\"de\",\"potentialAction\":[{\"@type\":\"CommentAction\",\"name\":\"Comment\",\"target\":[\"https:\\\/\\\/aschaffenburgzweinull.stadtarchiv-digital.de\\\/fassadenschmuck-2\\\/#respond\"]}]},{\"@type\":\"WebPage\",\"@id\":\"https:\\\/\\\/aschaffenburgzweinull.stadtarchiv-digital.de\\\/fassadenschmuck-2\\\/\",\"url\":\"https:\\\/\\\/aschaffenburgzweinull.stadtarchiv-digital.de\\\/fassadenschmuck-2\\\/\",\"name\":\"Fassadenschmuck - Aschaffenburg\",\"isPartOf\":{\"@id\":\"https:\\\/\\\/aschaffenburgzweinull.stadtarchiv-digital.de\\\/#website\"},\"primaryImageOfPage\":{\"@id\":\"https:\\\/\\\/aschaffenburgzweinull.stadtarchiv-digital.de\\\/fassadenschmuck-2\\\/#primaryimage\"},\"image\":{\"@id\":\"https:\\\/\\\/aschaffenburgzweinull.stadtarchiv-digital.de\\\/fassadenschmuck-2\\\/#primaryimage\"},\"thumbnailUrl\":\"https:\\\/\\\/aschaffenburgzweinull.stadtarchiv-digital.de\\\/wp-content\\\/uploads\\\/2023\\\/11\\\/213_Stadtmitte_Lindenallee-26_Fassadenschmuck_Blatt-2-2.jpg\",\"datePublished\":\"2023-11-29T22:51:07+00:00\",\"dateModified\":\"2025-03-13T09:39:22+00:00\",\"author\":{\"@id\":\"https:\\\/\\\/aschaffenburgzweinull.stadtarchiv-digital.de\\\/#\\\/schema\\\/person\\\/6620dad05f894110a34e3afd3c3cf3ff\"},\"breadcrumb\":{\"@id\":\"https:\\\/\\\/aschaffenburgzweinull.stadtarchiv-digital.de\\\/fassadenschmuck-2\\\/#breadcrumb\"},\"inLanguage\":\"de\",\"potentialAction\":[{\"@type\":\"ReadAction\",\"target\":[\"https:\\\/\\\/aschaffenburgzweinull.stadtarchiv-digital.de\\\/fassadenschmuck-2\\\/\"]}]},{\"@type\":\"ImageObject\",\"inLanguage\":\"de\",\"@id\":\"https:\\\/\\\/aschaffenburgzweinull.stadtarchiv-digital.de\\\/fassadenschmuck-2\\\/#primaryimage\",\"url\":\"https:\\\/\\\/aschaffenburgzweinull.stadtarchiv-digital.de\\\/wp-content\\\/uploads\\\/2023\\\/11\\\/213_Stadtmitte_Lindenallee-26_Fassadenschmuck_Blatt-2-2.jpg\",\"contentUrl\":\"https:\\\/\\\/aschaffenburgzweinull.stadtarchiv-digital.de\\\/wp-content\\\/uploads\\\/2023\\\/11\\\/213_Stadtmitte_Lindenallee-26_Fassadenschmuck_Blatt-2-2.jpg\",\"width\":751,\"height\":646},{\"@type\":\"BreadcrumbList\",\"@id\":\"https:\\\/\\\/aschaffenburgzweinull.stadtarchiv-digital.de\\\/fassadenschmuck-2\\\/#breadcrumb\",\"itemListElement\":[{\"@type\":\"ListItem\",\"position\":1,\"name\":\"Startseite\",\"item\":\"https:\\\/\\\/aschaffenburgzweinull.stadtarchiv-digital.de\\\/\"},{\"@type\":\"ListItem\",\"position\":2,\"name\":\"Fassadenschmuck\"}]},{\"@type\":\"WebSite\",\"@id\":\"https:\\\/\\\/aschaffenburgzweinull.stadtarchiv-digital.de\\\/#website\",\"url\":\"https:\\\/\\\/aschaffenburgzweinull.stadtarchiv-digital.de\\\/\",\"name\":\"Aschaffenburg\",\"description\":\"2.0\",\"potentialAction\":[{\"@type\":\"SearchAction\",\"target\":{\"@type\":\"EntryPoint\",\"urlTemplate\":\"https:\\\/\\\/aschaffenburgzweinull.stadtarchiv-digital.de\\\/?s={search_term_string}\"},\"query-input\":{\"@type\":\"PropertyValueSpecification\",\"valueRequired\":true,\"valueName\":\"search_term_string\"}}],\"inLanguage\":\"de\"},{\"@type\":\"Person\",\"@id\":\"https:\\\/\\\/aschaffenburgzweinull.stadtarchiv-digital.de\\\/#\\\/schema\\\/person\\\/6620dad05f894110a34e3afd3c3cf3ff\",\"name\":\"Aschaffenburg_2.0\",\"url\":\"https:\\\/\\\/aschaffenburgzweinull.stadtarchiv-digital.de\\\/author\\\/aschaffenburg_2-0\\\/\"}]}<\/script>\n<!-- \/ Yoast SEO plugin. -->","yoast_head_json":{"title":"Fassadenschmuck - Aschaffenburg","robots":{"index":"index","follow":"follow","max-snippet":"max-snippet:-1","max-image-preview":"max-image-preview:large","max-video-preview":"max-video-preview:-1"},"canonical":"https:\/\/aschaffenburgzweinull.stadtarchiv-digital.de\/fassadenschmuck-2\/","og_locale":"de_DE","og_type":"article","og_title":"Fassadenschmuck - Aschaffenburg","og_description":"Ludwig Eberle, 1910 Muschelkalk, Putz, Bronze Die Kragsteine aus Muschelkalk unterhalb des Giebelfeldes am Zwerchhaus sind reliefiert. Herausgearbeitet sind auf der linken Seite der nackte Oberk\u00f6rper einer Frau, die sich [&hellip;]","og_url":"https:\/\/aschaffenburgzweinull.stadtarchiv-digital.de\/fassadenschmuck-2\/","og_site_name":"Aschaffenburg","article_published_time":"2023-11-29T22:51:07+00:00","article_modified_time":"2025-03-13T09:39:22+00:00","og_image":[{"width":751,"height":646,"url":"https:\/\/aschaffenburgzweinull.stadtarchiv-digital.de\/wp-content\/uploads\/2023\/11\/213_Stadtmitte_Lindenallee-26_Fassadenschmuck_Blatt-2-2.jpg","type":"image\/jpeg"}],"author":"Aschaffenburg_2.0","twitter_card":"summary_large_image","twitter_misc":{"Verfasst von":"Aschaffenburg_2.0","Gesch\u00e4tzte Lesezeit":"2\u00a0Minuten"},"schema":{"@context":"https:\/\/schema.org","@graph":[{"@type":"Article","@id":"https:\/\/aschaffenburgzweinull.stadtarchiv-digital.de\/fassadenschmuck-2\/#article","isPartOf":{"@id":"https:\/\/aschaffenburgzweinull.stadtarchiv-digital.de\/fassadenschmuck-2\/"},"author":{"name":"Aschaffenburg_2.0","@id":"https:\/\/aschaffenburgzweinull.stadtarchiv-digital.de\/#\/schema\/person\/6620dad05f894110a34e3afd3c3cf3ff"},"headline":"Fassadenschmuck","datePublished":"2023-11-29T22:51:07+00:00","dateModified":"2025-03-13T09:39:22+00:00","mainEntityOfPage":{"@id":"https:\/\/aschaffenburgzweinull.stadtarchiv-digital.de\/fassadenschmuck-2\/"},"wordCount":206,"commentCount":0,"image":{"@id":"https:\/\/aschaffenburgzweinull.stadtarchiv-digital.de\/fassadenschmuck-2\/#primaryimage"},"thumbnailUrl":"https:\/\/aschaffenburgzweinull.stadtarchiv-digital.de\/wp-content\/uploads\/2023\/11\/213_Stadtmitte_Lindenallee-26_Fassadenschmuck_Blatt-2-2.jpg","keywords":["Ludwig Eberle","Gentilhaus","Bronze","Muschelkalk","Otto Gentil","Fassade","Wandgem\u00e4lde","Fassadenschmuck","Gentil","Adam und Eva","Paradies","Metallrad"],"articleSection":["Kunst"],"inLanguage":"de","potentialAction":[{"@type":"CommentAction","name":"Comment","target":["https:\/\/aschaffenburgzweinull.stadtarchiv-digital.de\/fassadenschmuck-2\/#respond"]}]},{"@type":"WebPage","@id":"https:\/\/aschaffenburgzweinull.stadtarchiv-digital.de\/fassadenschmuck-2\/","url":"https:\/\/aschaffenburgzweinull.stadtarchiv-digital.de\/fassadenschmuck-2\/","name":"Fassadenschmuck - Aschaffenburg","isPartOf":{"@id":"https:\/\/aschaffenburgzweinull.stadtarchiv-digital.de\/#website"},"primaryImageOfPage":{"@id":"https:\/\/aschaffenburgzweinull.stadtarchiv-digital.de\/fassadenschmuck-2\/#primaryimage"},"image":{"@id":"https:\/\/aschaffenburgzweinull.stadtarchiv-digital.de\/fassadenschmuck-2\/#primaryimage"},"thumbnailUrl":"https:\/\/aschaffenburgzweinull.stadtarchiv-digital.de\/wp-content\/uploads\/2023\/11\/213_Stadtmitte_Lindenallee-26_Fassadenschmuck_Blatt-2-2.jpg","datePublished":"2023-11-29T22:51:07+00:00","dateModified":"2025-03-13T09:39:22+00:00","author":{"@id":"https:\/\/aschaffenburgzweinull.stadtarchiv-digital.de\/#\/schema\/person\/6620dad05f894110a34e3afd3c3cf3ff"},"breadcrumb":{"@id":"https:\/\/aschaffenburgzweinull.stadtarchiv-digital.de\/fassadenschmuck-2\/#breadcrumb"},"inLanguage":"de","potentialAction":[{"@type":"ReadAction","target":["https:\/\/aschaffenburgzweinull.stadtarchiv-digital.de\/fassadenschmuck-2\/"]}]},{"@type":"ImageObject","inLanguage":"de","@id":"https:\/\/aschaffenburgzweinull.stadtarchiv-digital.de\/fassadenschmuck-2\/#primaryimage","url":"https:\/\/aschaffenburgzweinull.stadtarchiv-digital.de\/wp-content\/uploads\/2023\/11\/213_Stadtmitte_Lindenallee-26_Fassadenschmuck_Blatt-2-2.jpg","contentUrl":"https:\/\/aschaffenburgzweinull.stadtarchiv-digital.de\/wp-content\/uploads\/2023\/11\/213_Stadtmitte_Lindenallee-26_Fassadenschmuck_Blatt-2-2.jpg","width":751,"height":646},{"@type":"BreadcrumbList","@id":"https:\/\/aschaffenburgzweinull.stadtarchiv-digital.de\/fassadenschmuck-2\/#breadcrumb","itemListElement":[{"@type":"ListItem","position":1,"name":"Startseite","item":"https:\/\/aschaffenburgzweinull.stadtarchiv-digital.de\/"},{"@type":"ListItem","position":2,"name":"Fassadenschmuck"}]},{"@type":"WebSite","@id":"https:\/\/aschaffenburgzweinull.stadtarchiv-digital.de\/#website","url":"https:\/\/aschaffenburgzweinull.stadtarchiv-digital.de\/","name":"Aschaffenburg","description":"2.0","potentialAction":[{"@type":"SearchAction","target":{"@type":"EntryPoint","urlTemplate":"https:\/\/aschaffenburgzweinull.stadtarchiv-digital.de\/?s={search_term_string}"},"query-input":{"@type":"PropertyValueSpecification","valueRequired":true,"valueName":"search_term_string"}}],"inLanguage":"de"},{"@type":"Person","@id":"https:\/\/aschaffenburgzweinull.stadtarchiv-digital.de\/#\/schema\/person\/6620dad05f894110a34e3afd3c3cf3ff","name":"Aschaffenburg_2.0","url":"https:\/\/aschaffenburgzweinull.stadtarchiv-digital.de\/author\/aschaffenburg_2-0\/"}]}},"_links":{"self":[{"href":"https:\/\/aschaffenburgzweinull.stadtarchiv-digital.de\/data\/wp\/v2\/posts\/8403","targetHints":{"allow":["GET"]}}],"collection":[{"href":"https:\/\/aschaffenburgzweinull.stadtarchiv-digital.de\/data\/wp\/v2\/posts"}],"about":[{"href":"https:\/\/aschaffenburgzweinull.stadtarchiv-digital.de\/data\/wp\/v2\/types\/post"}],"author":[{"embeddable":true,"href":"https:\/\/aschaffenburgzweinull.stadtarchiv-digital.de\/data\/wp\/v2\/users\/3"}],"replies":[{"embeddable":true,"href":"https:\/\/aschaffenburgzweinull.stadtarchiv-digital.de\/data\/wp\/v2\/comments?post=8403"}],"version-history":[{"count":23,"href":"https:\/\/aschaffenburgzweinull.stadtarchiv-digital.de\/data\/wp\/v2\/posts\/8403\/revisions"}],"predecessor-version":[{"id":12621,"href":"https:\/\/aschaffenburgzweinull.stadtarchiv-digital.de\/data\/wp\/v2\/posts\/8403\/revisions\/12621"}],"wp:featuredmedia":[{"embeddable":true,"href":"https:\/\/aschaffenburgzweinull.stadtarchiv-digital.de\/data\/wp\/v2\/media\/12567"}],"wp:attachment":[{"href":"https:\/\/aschaffenburgzweinull.stadtarchiv-digital.de\/data\/wp\/v2\/media?parent=8403"}],"wp:term":[{"taxonomy":"category","embeddable":true,"href":"https:\/\/aschaffenburgzweinull.stadtarchiv-digital.de\/data\/wp\/v2\/categories?post=8403"},{"taxonomy":"post_tag","embeddable":true,"href":"https:\/\/aschaffenburgzweinull.stadtarchiv-digital.de\/data\/wp\/v2\/tags?post=8403"},{"taxonomy":"format","embeddable":true,"href":"https:\/\/aschaffenburgzweinull.stadtarchiv-digital.de\/data\/wp\/v2\/post-format?post=8403"},{"taxonomy":"content","embeddable":true,"href":"https:\/\/aschaffenburgzweinull.stadtarchiv-digital.de\/data\/wp\/v2\/post-content?post=8403"}],"curies":[{"name":"wp","href":"https:\/\/api.w.org\/{rel}","templated":true}]}}