{"id":8190,"date":"2023-09-19T11:28:50","date_gmt":"2023-09-19T09:28:50","guid":{"rendered":"https:\/\/aschaffenburgzweinull.stadtarchiv-digital.de\/?p=8190"},"modified":"2023-09-25T13:40:29","modified_gmt":"2023-09-25T11:40:29","slug":"lebensgeschichten-der-digitalisierung-13-geschichte-der-fotografie","status":"publish","type":"post","link":"https:\/\/aschaffenburgzweinull.stadtarchiv-digital.de\/lebensgeschichten-der-digitalisierung-13-geschichte-der-fotografie\/","title":{"rendered":"Lebensgeschichten der Digitalisierung (16): Geschichte der Fotografie"},"content":{"rendered":"<p>In Folge 16 der &#8222;Lebensgeschichten der Digitalisierung&#8220; dreht sich diesmal alles um die Geschichte der Fotografie &#8211; von den Anf\u00e4ngen, \u00fcber technische Innovationen, die Pressefotografie bis hin zur modernen Digitalfotografie und dem Umgang mit gro\u00dfen Fotosammlungen in Archiven. Die neue Folge ist ausnahmsweise in Form eines Videomittschnitts der Gespr\u00e4chsrunde aufrufbar.<\/p>\n<p>Das Gespr\u00e4ch f\u00fchrten Ulrike Klotz, Eric Leiderer, Simon Eymann, Klaus Eymann und Stefan Gregor, moderiert von Martin Schwarzkopf (Main-Echo).<\/p>\n<p>Ulrike Klotz (Jg. 1961) ist seit 1991 im Stadt- und Stiftsarchiv Aschaffenburg t\u00e4tig. Die Kulturwissenschaftlerin betreut die Fotosammlung und die graphischen Best\u00e4nde. Daneben wirkt sie bei Ausstellungen bzw. Publikationen zu stadtgeschichtlichen und kulturhistorischen Themen mit.<\/p>\n<p>Eric Leiderer (Jg. 1972) absolvierte 1988 eine Ausbildung als Zerspanungsmechaniker und trat w\u00e4hrenddessen der IG Metall bei. 1999 wurde er hauptamtlicher Gesch\u00e4ftssekret\u00e4r bei der IG Metall mit den Arbeitsschwerpunkten Jugend, Bildung und Mitgliedergewinnung. Es schlossen sich 2007 und 2009 eine Ausbildung zum systemischen Berater und 2018 ein zertifiziertes Studium in General Management an. 2020 wurde Eric Leiderer zum B\u00fcrgermeister der Stadt Aschaffenburg gew\u00e4hlt. Dort leitet er das Referat f\u00fcr Digitalstrategie, Personalmanagement und zentrale Dienste.<\/p>\n<p>Klaus Eymann war viele Jahre Gesch\u00e4ftsf\u00fchrer des Medienhauses Main-Echo. Er hat eine gro\u00dfe Leidenschaft f\u00fcr die Fotografie.<\/p>\n<p>Simon Eymann studiert Fotografie in Hannover und erstellt Fotografien f\u00fcr das Main-Echo.<\/p>\n<p>Stefan Gregor ist preisgekr\u00f6nter festangestellter Pressefotograf und Fotojournalist im Medienhaus Main-Echo.<\/p>\n<p>Martin Schwarzkopf (Jg. 1970) absolvierte 1997 den Master in Gesellschaftswissenschaften, Englisch und Geschichte. Seit 2014 ist er Chefredakteur beim Medienhaus Main-Echo. In seiner Freizeit gibt er sich dem Ausdauersport hin und ist lizensierter Fu\u00dfball-Trainer und Feuerwehrmann.<\/p>\n<p>In Kooperation zwischen der Stadt Aschaffenburg und dem Medienhaus Main-Echo erscheint heute die 16. Folge der neuen Podcast-Reihe \u201eLebensgeschichten der Digitalisierung\u201c. Ziel der Reihe ist es, mithilfe eines pers\u00f6nlichen Blicks in die Geschichte der Digitalisierung neue Impulse f\u00fcr die Zukunft zu bekommen. Solche \u201eLebensgeschichten der Digitalisierung\u201c sch\u00e4rfen unser Verst\u00e4ndnis aktueller Entwicklungen und machen nicht zuletzt Mut, das digitale Zeitalter als gesamtgesellschaftliche Aufgabe anzunehmen und mitzugestalten.<\/p>\n<p><a href=\"https:\/\/www.youtube.com\/watch?v=YDEK5XNcO1E\" target=\"_blank\" rel=\"noopener\">Youtube<\/a><\/p>\n<p>Viel Spa\u00df beim Zuschauen!<\/p>\n","protected":false},"excerpt":{"rendered":"<p>In Folge 16 der &#8222;Lebensgeschichten der Digitalisierung&#8220; dreht sich diesmal alles um die Geschichte der Fotografie &#8211; von den Anf\u00e4ngen, \u00fcber technische Innovationen, die Pressefotografie bis hin zur modernen Digitalfotografie [&hellip;]<\/p>\n","protected":false},"author":4,"featured_media":5362,"comment_status":"open","ping_status":"open","sticky":false,"template":"","format":"standard","meta":{"_acf_changed":false,"footnotes":""},"categories":[1],"tags":[962],"post-format":[],"post-content":[],"class_list":["post-8190","post","type-post","status-publish","format-standard","has-post-thumbnail","hentry","category-bildung","tag-fotografie","project-podcast-lebensgeschichten-der-digitalisierung"],"acf":[],"yoast_head":"<!-- This site is optimized with the Yoast SEO plugin v27.4 - https:\/\/yoast.com\/product\/yoast-seo-wordpress\/ -->\n<title>Lebensgeschichten der Digitalisierung (16): Geschichte der Fotografie - Aschaffenburg<\/title>\n<meta name=\"robots\" content=\"index, follow, max-snippet:-1, max-image-preview:large, max-video-preview:-1\" \/>\n<link rel=\"canonical\" href=\"https:\/\/aschaffenburgzweinull.stadtarchiv-digital.de\/lebensgeschichten-der-digitalisierung-13-geschichte-der-fotografie\/\" \/>\n<meta property=\"og:locale\" content=\"de_DE\" \/>\n<meta property=\"og:type\" content=\"article\" \/>\n<meta property=\"og:title\" content=\"Lebensgeschichten der Digitalisierung (16): Geschichte der Fotografie - Aschaffenburg\" \/>\n<meta property=\"og:description\" content=\"In Folge 16 der &#8222;Lebensgeschichten der Digitalisierung&#8220; dreht sich diesmal alles um die Geschichte der Fotografie &#8211; von den Anf\u00e4ngen, \u00fcber technische Innovationen, die Pressefotografie bis hin zur modernen Digitalfotografie [&hellip;]\" \/>\n<meta property=\"og:url\" content=\"https:\/\/aschaffenburgzweinull.stadtarchiv-digital.de\/lebensgeschichten-der-digitalisierung-13-geschichte-der-fotografie\/\" \/>\n<meta property=\"og:site_name\" content=\"Aschaffenburg\" \/>\n<meta property=\"article:published_time\" content=\"2023-09-19T09:28:50+00:00\" \/>\n<meta property=\"article:modified_time\" content=\"2023-09-25T11:40:29+00:00\" \/>\n<meta property=\"og:image\" content=\"https:\/\/aschaffenburgzweinull.stadtarchiv-digital.de\/wp-content\/uploads\/2022\/05\/DSA_PodcastCover_Lebensgeschichten_1400x1400px.jpg\" \/>\n\t<meta property=\"og:image:width\" content=\"1400\" \/>\n\t<meta property=\"og:image:height\" content=\"1400\" \/>\n\t<meta property=\"og:image:type\" content=\"image\/jpeg\" \/>\n<meta name=\"author\" content=\"Joachim Kemper\" \/>\n<meta name=\"twitter:card\" content=\"summary_large_image\" \/>\n<meta name=\"twitter:label1\" content=\"Verfasst von\" \/>\n\t<meta name=\"twitter:data1\" content=\"Joachim Kemper\" \/>\n\t<meta name=\"twitter:label2\" content=\"Gesch\u00e4tzte Lesezeit\" \/>\n\t<meta name=\"twitter:data2\" content=\"2\u00a0Minuten\" \/>\n<script type=\"application\/ld+json\" class=\"yoast-schema-graph\">{\"@context\":\"https:\\\/\\\/schema.org\",\"@graph\":[{\"@type\":\"Article\",\"@id\":\"https:\\\/\\\/aschaffenburgzweinull.stadtarchiv-digital.de\\\/lebensgeschichten-der-digitalisierung-13-geschichte-der-fotografie\\\/#article\",\"isPartOf\":{\"@id\":\"https:\\\/\\\/aschaffenburgzweinull.stadtarchiv-digital.de\\\/lebensgeschichten-der-digitalisierung-13-geschichte-der-fotografie\\\/\"},\"author\":{\"name\":\"Joachim Kemper\",\"@id\":\"https:\\\/\\\/aschaffenburgzweinull.stadtarchiv-digital.de\\\/#\\\/schema\\\/person\\\/dd9602c3095e03cce86decd4d74984d2\"},\"headline\":\"Lebensgeschichten der Digitalisierung (16): Geschichte der Fotografie\",\"datePublished\":\"2023-09-19T09:28:50+00:00\",\"dateModified\":\"2023-09-25T11:40:29+00:00\",\"mainEntityOfPage\":{\"@id\":\"https:\\\/\\\/aschaffenburgzweinull.stadtarchiv-digital.de\\\/lebensgeschichten-der-digitalisierung-13-geschichte-der-fotografie\\\/\"},\"wordCount\":340,\"commentCount\":0,\"image\":{\"@id\":\"https:\\\/\\\/aschaffenburgzweinull.stadtarchiv-digital.de\\\/lebensgeschichten-der-digitalisierung-13-geschichte-der-fotografie\\\/#primaryimage\"},\"thumbnailUrl\":\"https:\\\/\\\/aschaffenburgzweinull.stadtarchiv-digital.de\\\/wp-content\\\/uploads\\\/2022\\\/05\\\/DSA_PodcastCover_Lebensgeschichten_1400x1400px.jpg\",\"keywords\":[\"fotografie\"],\"articleSection\":[\"Bildung\"],\"inLanguage\":\"de\",\"potentialAction\":[{\"@type\":\"CommentAction\",\"name\":\"Comment\",\"target\":[\"https:\\\/\\\/aschaffenburgzweinull.stadtarchiv-digital.de\\\/lebensgeschichten-der-digitalisierung-13-geschichte-der-fotografie\\\/#respond\"]}]},{\"@type\":\"WebPage\",\"@id\":\"https:\\\/\\\/aschaffenburgzweinull.stadtarchiv-digital.de\\\/lebensgeschichten-der-digitalisierung-13-geschichte-der-fotografie\\\/\",\"url\":\"https:\\\/\\\/aschaffenburgzweinull.stadtarchiv-digital.de\\\/lebensgeschichten-der-digitalisierung-13-geschichte-der-fotografie\\\/\",\"name\":\"Lebensgeschichten der Digitalisierung (16): Geschichte der Fotografie - Aschaffenburg\",\"isPartOf\":{\"@id\":\"https:\\\/\\\/aschaffenburgzweinull.stadtarchiv-digital.de\\\/#website\"},\"primaryImageOfPage\":{\"@id\":\"https:\\\/\\\/aschaffenburgzweinull.stadtarchiv-digital.de\\\/lebensgeschichten-der-digitalisierung-13-geschichte-der-fotografie\\\/#primaryimage\"},\"image\":{\"@id\":\"https:\\\/\\\/aschaffenburgzweinull.stadtarchiv-digital.de\\\/lebensgeschichten-der-digitalisierung-13-geschichte-der-fotografie\\\/#primaryimage\"},\"thumbnailUrl\":\"https:\\\/\\\/aschaffenburgzweinull.stadtarchiv-digital.de\\\/wp-content\\\/uploads\\\/2022\\\/05\\\/DSA_PodcastCover_Lebensgeschichten_1400x1400px.jpg\",\"datePublished\":\"2023-09-19T09:28:50+00:00\",\"dateModified\":\"2023-09-25T11:40:29+00:00\",\"author\":{\"@id\":\"https:\\\/\\\/aschaffenburgzweinull.stadtarchiv-digital.de\\\/#\\\/schema\\\/person\\\/dd9602c3095e03cce86decd4d74984d2\"},\"breadcrumb\":{\"@id\":\"https:\\\/\\\/aschaffenburgzweinull.stadtarchiv-digital.de\\\/lebensgeschichten-der-digitalisierung-13-geschichte-der-fotografie\\\/#breadcrumb\"},\"inLanguage\":\"de\",\"potentialAction\":[{\"@type\":\"ReadAction\",\"target\":[\"https:\\\/\\\/aschaffenburgzweinull.stadtarchiv-digital.de\\\/lebensgeschichten-der-digitalisierung-13-geschichte-der-fotografie\\\/\"]}]},{\"@type\":\"ImageObject\",\"inLanguage\":\"de\",\"@id\":\"https:\\\/\\\/aschaffenburgzweinull.stadtarchiv-digital.de\\\/lebensgeschichten-der-digitalisierung-13-geschichte-der-fotografie\\\/#primaryimage\",\"url\":\"https:\\\/\\\/aschaffenburgzweinull.stadtarchiv-digital.de\\\/wp-content\\\/uploads\\\/2022\\\/05\\\/DSA_PodcastCover_Lebensgeschichten_1400x1400px.jpg\",\"contentUrl\":\"https:\\\/\\\/aschaffenburgzweinull.stadtarchiv-digital.de\\\/wp-content\\\/uploads\\\/2022\\\/05\\\/DSA_PodcastCover_Lebensgeschichten_1400x1400px.jpg\",\"width\":1400,\"height\":1400},{\"@type\":\"BreadcrumbList\",\"@id\":\"https:\\\/\\\/aschaffenburgzweinull.stadtarchiv-digital.de\\\/lebensgeschichten-der-digitalisierung-13-geschichte-der-fotografie\\\/#breadcrumb\",\"itemListElement\":[{\"@type\":\"ListItem\",\"position\":1,\"name\":\"Startseite\",\"item\":\"https:\\\/\\\/aschaffenburgzweinull.stadtarchiv-digital.de\\\/\"},{\"@type\":\"ListItem\",\"position\":2,\"name\":\"Lebensgeschichten der Digitalisierung (16): Geschichte der Fotografie\"}]},{\"@type\":\"WebSite\",\"@id\":\"https:\\\/\\\/aschaffenburgzweinull.stadtarchiv-digital.de\\\/#website\",\"url\":\"https:\\\/\\\/aschaffenburgzweinull.stadtarchiv-digital.de\\\/\",\"name\":\"Aschaffenburg\",\"description\":\"2.0\",\"potentialAction\":[{\"@type\":\"SearchAction\",\"target\":{\"@type\":\"EntryPoint\",\"urlTemplate\":\"https:\\\/\\\/aschaffenburgzweinull.stadtarchiv-digital.de\\\/?s={search_term_string}\"},\"query-input\":{\"@type\":\"PropertyValueSpecification\",\"valueRequired\":true,\"valueName\":\"search_term_string\"}}],\"inLanguage\":\"de\"},{\"@type\":\"Person\",\"@id\":\"https:\\\/\\\/aschaffenburgzweinull.stadtarchiv-digital.de\\\/#\\\/schema\\\/person\\\/dd9602c3095e03cce86decd4d74984d2\",\"name\":\"Joachim Kemper\",\"url\":\"https:\\\/\\\/aschaffenburgzweinull.stadtarchiv-digital.de\\\/author\\\/jkemper\\\/\"}]}<\/script>\n<!-- \/ Yoast SEO plugin. -->","yoast_head_json":{"title":"Lebensgeschichten der Digitalisierung (16): Geschichte der Fotografie - Aschaffenburg","robots":{"index":"index","follow":"follow","max-snippet":"max-snippet:-1","max-image-preview":"max-image-preview:large","max-video-preview":"max-video-preview:-1"},"canonical":"https:\/\/aschaffenburgzweinull.stadtarchiv-digital.de\/lebensgeschichten-der-digitalisierung-13-geschichte-der-fotografie\/","og_locale":"de_DE","og_type":"article","og_title":"Lebensgeschichten der Digitalisierung (16): Geschichte der Fotografie - Aschaffenburg","og_description":"In Folge 16 der &#8222;Lebensgeschichten der Digitalisierung&#8220; dreht sich diesmal alles um die Geschichte der Fotografie &#8211; von den Anf\u00e4ngen, \u00fcber technische Innovationen, die Pressefotografie bis hin zur modernen Digitalfotografie [&hellip;]","og_url":"https:\/\/aschaffenburgzweinull.stadtarchiv-digital.de\/lebensgeschichten-der-digitalisierung-13-geschichte-der-fotografie\/","og_site_name":"Aschaffenburg","article_published_time":"2023-09-19T09:28:50+00:00","article_modified_time":"2023-09-25T11:40:29+00:00","og_image":[{"width":1400,"height":1400,"url":"https:\/\/aschaffenburgzweinull.stadtarchiv-digital.de\/wp-content\/uploads\/2022\/05\/DSA_PodcastCover_Lebensgeschichten_1400x1400px.jpg","type":"image\/jpeg"}],"author":"Joachim Kemper","twitter_card":"summary_large_image","twitter_misc":{"Verfasst von":"Joachim Kemper","Gesch\u00e4tzte Lesezeit":"2\u00a0Minuten"},"schema":{"@context":"https:\/\/schema.org","@graph":[{"@type":"Article","@id":"https:\/\/aschaffenburgzweinull.stadtarchiv-digital.de\/lebensgeschichten-der-digitalisierung-13-geschichte-der-fotografie\/#article","isPartOf":{"@id":"https:\/\/aschaffenburgzweinull.stadtarchiv-digital.de\/lebensgeschichten-der-digitalisierung-13-geschichte-der-fotografie\/"},"author":{"name":"Joachim Kemper","@id":"https:\/\/aschaffenburgzweinull.stadtarchiv-digital.de\/#\/schema\/person\/dd9602c3095e03cce86decd4d74984d2"},"headline":"Lebensgeschichten der Digitalisierung (16): Geschichte der Fotografie","datePublished":"2023-09-19T09:28:50+00:00","dateModified":"2023-09-25T11:40:29+00:00","mainEntityOfPage":{"@id":"https:\/\/aschaffenburgzweinull.stadtarchiv-digital.de\/lebensgeschichten-der-digitalisierung-13-geschichte-der-fotografie\/"},"wordCount":340,"commentCount":0,"image":{"@id":"https:\/\/aschaffenburgzweinull.stadtarchiv-digital.de\/lebensgeschichten-der-digitalisierung-13-geschichte-der-fotografie\/#primaryimage"},"thumbnailUrl":"https:\/\/aschaffenburgzweinull.stadtarchiv-digital.de\/wp-content\/uploads\/2022\/05\/DSA_PodcastCover_Lebensgeschichten_1400x1400px.jpg","keywords":["fotografie"],"articleSection":["Bildung"],"inLanguage":"de","potentialAction":[{"@type":"CommentAction","name":"Comment","target":["https:\/\/aschaffenburgzweinull.stadtarchiv-digital.de\/lebensgeschichten-der-digitalisierung-13-geschichte-der-fotografie\/#respond"]}]},{"@type":"WebPage","@id":"https:\/\/aschaffenburgzweinull.stadtarchiv-digital.de\/lebensgeschichten-der-digitalisierung-13-geschichte-der-fotografie\/","url":"https:\/\/aschaffenburgzweinull.stadtarchiv-digital.de\/lebensgeschichten-der-digitalisierung-13-geschichte-der-fotografie\/","name":"Lebensgeschichten der Digitalisierung (16): Geschichte der Fotografie - Aschaffenburg","isPartOf":{"@id":"https:\/\/aschaffenburgzweinull.stadtarchiv-digital.de\/#website"},"primaryImageOfPage":{"@id":"https:\/\/aschaffenburgzweinull.stadtarchiv-digital.de\/lebensgeschichten-der-digitalisierung-13-geschichte-der-fotografie\/#primaryimage"},"image":{"@id":"https:\/\/aschaffenburgzweinull.stadtarchiv-digital.de\/lebensgeschichten-der-digitalisierung-13-geschichte-der-fotografie\/#primaryimage"},"thumbnailUrl":"https:\/\/aschaffenburgzweinull.stadtarchiv-digital.de\/wp-content\/uploads\/2022\/05\/DSA_PodcastCover_Lebensgeschichten_1400x1400px.jpg","datePublished":"2023-09-19T09:28:50+00:00","dateModified":"2023-09-25T11:40:29+00:00","author":{"@id":"https:\/\/aschaffenburgzweinull.stadtarchiv-digital.de\/#\/schema\/person\/dd9602c3095e03cce86decd4d74984d2"},"breadcrumb":{"@id":"https:\/\/aschaffenburgzweinull.stadtarchiv-digital.de\/lebensgeschichten-der-digitalisierung-13-geschichte-der-fotografie\/#breadcrumb"},"inLanguage":"de","potentialAction":[{"@type":"ReadAction","target":["https:\/\/aschaffenburgzweinull.stadtarchiv-digital.de\/lebensgeschichten-der-digitalisierung-13-geschichte-der-fotografie\/"]}]},{"@type":"ImageObject","inLanguage":"de","@id":"https:\/\/aschaffenburgzweinull.stadtarchiv-digital.de\/lebensgeschichten-der-digitalisierung-13-geschichte-der-fotografie\/#primaryimage","url":"https:\/\/aschaffenburgzweinull.stadtarchiv-digital.de\/wp-content\/uploads\/2022\/05\/DSA_PodcastCover_Lebensgeschichten_1400x1400px.jpg","contentUrl":"https:\/\/aschaffenburgzweinull.stadtarchiv-digital.de\/wp-content\/uploads\/2022\/05\/DSA_PodcastCover_Lebensgeschichten_1400x1400px.jpg","width":1400,"height":1400},{"@type":"BreadcrumbList","@id":"https:\/\/aschaffenburgzweinull.stadtarchiv-digital.de\/lebensgeschichten-der-digitalisierung-13-geschichte-der-fotografie\/#breadcrumb","itemListElement":[{"@type":"ListItem","position":1,"name":"Startseite","item":"https:\/\/aschaffenburgzweinull.stadtarchiv-digital.de\/"},{"@type":"ListItem","position":2,"name":"Lebensgeschichten der Digitalisierung (16): Geschichte der Fotografie"}]},{"@type":"WebSite","@id":"https:\/\/aschaffenburgzweinull.stadtarchiv-digital.de\/#website","url":"https:\/\/aschaffenburgzweinull.stadtarchiv-digital.de\/","name":"Aschaffenburg","description":"2.0","potentialAction":[{"@type":"SearchAction","target":{"@type":"EntryPoint","urlTemplate":"https:\/\/aschaffenburgzweinull.stadtarchiv-digital.de\/?s={search_term_string}"},"query-input":{"@type":"PropertyValueSpecification","valueRequired":true,"valueName":"search_term_string"}}],"inLanguage":"de"},{"@type":"Person","@id":"https:\/\/aschaffenburgzweinull.stadtarchiv-digital.de\/#\/schema\/person\/dd9602c3095e03cce86decd4d74984d2","name":"Joachim Kemper","url":"https:\/\/aschaffenburgzweinull.stadtarchiv-digital.de\/author\/jkemper\/"}]}},"_links":{"self":[{"href":"https:\/\/aschaffenburgzweinull.stadtarchiv-digital.de\/data\/wp\/v2\/posts\/8190","targetHints":{"allow":["GET"]}}],"collection":[{"href":"https:\/\/aschaffenburgzweinull.stadtarchiv-digital.de\/data\/wp\/v2\/posts"}],"about":[{"href":"https:\/\/aschaffenburgzweinull.stadtarchiv-digital.de\/data\/wp\/v2\/types\/post"}],"author":[{"embeddable":true,"href":"https:\/\/aschaffenburgzweinull.stadtarchiv-digital.de\/data\/wp\/v2\/users\/4"}],"replies":[{"embeddable":true,"href":"https:\/\/aschaffenburgzweinull.stadtarchiv-digital.de\/data\/wp\/v2\/comments?post=8190"}],"version-history":[{"count":6,"href":"https:\/\/aschaffenburgzweinull.stadtarchiv-digital.de\/data\/wp\/v2\/posts\/8190\/revisions"}],"predecessor-version":[{"id":8228,"href":"https:\/\/aschaffenburgzweinull.stadtarchiv-digital.de\/data\/wp\/v2\/posts\/8190\/revisions\/8228"}],"wp:featuredmedia":[{"embeddable":true,"href":"https:\/\/aschaffenburgzweinull.stadtarchiv-digital.de\/data\/wp\/v2\/media\/5362"}],"wp:attachment":[{"href":"https:\/\/aschaffenburgzweinull.stadtarchiv-digital.de\/data\/wp\/v2\/media?parent=8190"}],"wp:term":[{"taxonomy":"category","embeddable":true,"href":"https:\/\/aschaffenburgzweinull.stadtarchiv-digital.de\/data\/wp\/v2\/categories?post=8190"},{"taxonomy":"post_tag","embeddable":true,"href":"https:\/\/aschaffenburgzweinull.stadtarchiv-digital.de\/data\/wp\/v2\/tags?post=8190"},{"taxonomy":"format","embeddable":true,"href":"https:\/\/aschaffenburgzweinull.stadtarchiv-digital.de\/data\/wp\/v2\/post-format?post=8190"},{"taxonomy":"content","embeddable":true,"href":"https:\/\/aschaffenburgzweinull.stadtarchiv-digital.de\/data\/wp\/v2\/post-content?post=8190"}],"curies":[{"name":"wp","href":"https:\/\/api.w.org\/{rel}","templated":true}]}}