{"id":8050,"date":"2023-03-16T15:47:14","date_gmt":"2023-03-16T14:47:14","guid":{"rendered":"https:\/\/aschaffenburgzweinull.stadtarchiv-digital.de\/wer-ist-fuer-dich-ehrwuerdig-und-wer-nicht\/"},"modified":"2023-06-25T15:16:02","modified_gmt":"2023-06-25T13:16:02","slug":"wer-ist-fuer-dich-ehrwuerdig-und-wer-nicht","status":"publish","type":"post","link":"https:\/\/aschaffenburgzweinull.stadtarchiv-digital.de\/wer-ist-fuer-dich-ehrwuerdig-und-wer-nicht\/","title":{"rendered":"Wer ist f\u00fcr Dich ehrw\u00fcrdig? Und wer nicht?"},"content":{"rendered":"<p>Ein Stra\u00dfenname ist eine der h\u00f6chsten Formen der Ehrung auf kommunaler Ebene. Die ist in der Regel gebunden an eine besondere Leistung. Ehrung l\u00e4sst sich nicht auf einen Lebensabschnitt reduzieren, sondern w\u00fcrdigt die gesamte Person. Ehrw\u00fcrdigkeit ist abh\u00e4ngig vom \u201eZeitgeist\u201c, von vorherrschenden Weltanschauungen und kulturellen Leitideen. Sie repr\u00e4sentieren den Wertekanon einer Gesellschaft zu einer bestimmten Zeit \u2013 und dabei auch nur den derjenigen, die die Macht f\u00fcr Ehrungen hatten. So ist es zu erkl\u00e4ren, dass Frauen oder Minderheiten wie beispielsweise Migrantinnen und Migranten deutlich weniger durch Stra\u00dfennamen geehrt werden.<\/p>\n<p>Die Bewertung der Ehrw\u00fcrdigkeit unterliegt also einem Wandel und muss von Zeit zu Zeit \u00fcberpr\u00fcft werden. Folgende Generationen werden diese Fragen neu bewerten.<\/p>\n","protected":false},"excerpt":{"rendered":"<p>Ein Stra\u00dfenname ist eine der h\u00f6chsten Formen der Ehrung auf kommunaler Ebene. Die ist in der Regel gebunden an eine besondere Leistung. Ehrung l\u00e4sst sich nicht auf einen Lebensabschnitt reduzieren, [&hellip;]<\/p>\n","protected":false},"author":109,"featured_media":0,"comment_status":"open","ping_status":"open","sticky":false,"template":"","format":"standard","meta":{"_acf_changed":false,"footnotes":""},"categories":[1,953],"tags":[],"post-format":[2],"post-content":[67],"class_list":["post-8050","post","type-post","status-publish","format-standard","hentry","category-bildung","category-strassennamen","format-information","content-text","project-strassennamen-in-aschaffenburg"],"acf":[],"yoast_head":"<!-- This site is optimized with the Yoast SEO plugin v27.4 - https:\/\/yoast.com\/product\/yoast-seo-wordpress\/ -->\n<title>Wer ist f\u00fcr Dich ehrw\u00fcrdig? Und wer nicht? - Aschaffenburg<\/title>\n<meta name=\"robots\" content=\"index, follow, max-snippet:-1, max-image-preview:large, max-video-preview:-1\" \/>\n<link rel=\"canonical\" href=\"https:\/\/aschaffenburgzweinull.stadtarchiv-digital.de\/wer-ist-fuer-dich-ehrwuerdig-und-wer-nicht\/\" \/>\n<meta property=\"og:locale\" content=\"de_DE\" \/>\n<meta property=\"og:type\" content=\"article\" \/>\n<meta property=\"og:title\" content=\"Wer ist f\u00fcr Dich ehrw\u00fcrdig? Und wer nicht? - Aschaffenburg\" \/>\n<meta property=\"og:description\" content=\"Ein Stra\u00dfenname ist eine der h\u00f6chsten Formen der Ehrung auf kommunaler Ebene. Die ist in der Regel gebunden an eine besondere Leistung. Ehrung l\u00e4sst sich nicht auf einen Lebensabschnitt reduzieren, [&hellip;]\" \/>\n<meta property=\"og:url\" content=\"https:\/\/aschaffenburgzweinull.stadtarchiv-digital.de\/wer-ist-fuer-dich-ehrwuerdig-und-wer-nicht\/\" \/>\n<meta property=\"og:site_name\" content=\"Aschaffenburg\" \/>\n<meta property=\"article:published_time\" content=\"2023-03-16T14:47:14+00:00\" \/>\n<meta property=\"article:modified_time\" content=\"2023-06-25T13:16:02+00:00\" \/>\n<meta property=\"og:image\" content=\"https:\/\/aschaffenburgzweinull.stadtarchiv-digital.de\/wp-content\/uploads\/2020\/07\/Logo-Stadtarchiv-Aschaffenburg.png\" \/>\n\t<meta property=\"og:image:width\" content=\"379\" \/>\n\t<meta property=\"og:image:height\" content=\"70\" \/>\n\t<meta property=\"og:image:type\" content=\"image\/png\" \/>\n<meta name=\"author\" content=\"Ehre, wem Ehre geb\u00fchrt!?\" \/>\n<meta name=\"twitter:card\" content=\"summary_large_image\" \/>\n<meta name=\"twitter:label1\" content=\"Verfasst von\" \/>\n\t<meta name=\"twitter:data1\" content=\"Ehre, wem Ehre geb\u00fchrt!?\" \/>\n\t<meta name=\"twitter:label2\" content=\"Gesch\u00e4tzte Lesezeit\" \/>\n\t<meta name=\"twitter:data2\" content=\"1\u00a0Minute\" \/>\n<script type=\"application\/ld+json\" class=\"yoast-schema-graph\">{\"@context\":\"https:\\\/\\\/schema.org\",\"@graph\":[{\"@type\":\"Article\",\"@id\":\"https:\\\/\\\/aschaffenburgzweinull.stadtarchiv-digital.de\\\/wer-ist-fuer-dich-ehrwuerdig-und-wer-nicht\\\/#article\",\"isPartOf\":{\"@id\":\"https:\\\/\\\/aschaffenburgzweinull.stadtarchiv-digital.de\\\/wer-ist-fuer-dich-ehrwuerdig-und-wer-nicht\\\/\"},\"author\":{\"name\":\"Ehre, wem Ehre geb\u00fchrt!?\",\"@id\":\"https:\\\/\\\/aschaffenburgzweinull.stadtarchiv-digital.de\\\/#\\\/schema\\\/person\\\/c7371fdf4738697fb6a17b7e72f1e0a0\"},\"headline\":\"Wer ist f\u00fcr Dich ehrw\u00fcrdig? Und wer nicht?\",\"datePublished\":\"2023-03-16T14:47:14+00:00\",\"dateModified\":\"2023-06-25T13:16:02+00:00\",\"mainEntityOfPage\":{\"@id\":\"https:\\\/\\\/aschaffenburgzweinull.stadtarchiv-digital.de\\\/wer-ist-fuer-dich-ehrwuerdig-und-wer-nicht\\\/\"},\"wordCount\":133,\"commentCount\":0,\"articleSection\":[\"Bildung\",\"Stra\u00dfennamen\"],\"inLanguage\":\"de\",\"potentialAction\":[{\"@type\":\"CommentAction\",\"name\":\"Comment\",\"target\":[\"https:\\\/\\\/aschaffenburgzweinull.stadtarchiv-digital.de\\\/wer-ist-fuer-dich-ehrwuerdig-und-wer-nicht\\\/#respond\"]}]},{\"@type\":\"WebPage\",\"@id\":\"https:\\\/\\\/aschaffenburgzweinull.stadtarchiv-digital.de\\\/wer-ist-fuer-dich-ehrwuerdig-und-wer-nicht\\\/\",\"url\":\"https:\\\/\\\/aschaffenburgzweinull.stadtarchiv-digital.de\\\/wer-ist-fuer-dich-ehrwuerdig-und-wer-nicht\\\/\",\"name\":\"Wer ist f\u00fcr Dich ehrw\u00fcrdig? Und wer nicht? - Aschaffenburg\",\"isPartOf\":{\"@id\":\"https:\\\/\\\/aschaffenburgzweinull.stadtarchiv-digital.de\\\/#website\"},\"datePublished\":\"2023-03-16T14:47:14+00:00\",\"dateModified\":\"2023-06-25T13:16:02+00:00\",\"author\":{\"@id\":\"https:\\\/\\\/aschaffenburgzweinull.stadtarchiv-digital.de\\\/#\\\/schema\\\/person\\\/c7371fdf4738697fb6a17b7e72f1e0a0\"},\"breadcrumb\":{\"@id\":\"https:\\\/\\\/aschaffenburgzweinull.stadtarchiv-digital.de\\\/wer-ist-fuer-dich-ehrwuerdig-und-wer-nicht\\\/#breadcrumb\"},\"inLanguage\":\"de\",\"potentialAction\":[{\"@type\":\"ReadAction\",\"target\":[\"https:\\\/\\\/aschaffenburgzweinull.stadtarchiv-digital.de\\\/wer-ist-fuer-dich-ehrwuerdig-und-wer-nicht\\\/\"]}]},{\"@type\":\"BreadcrumbList\",\"@id\":\"https:\\\/\\\/aschaffenburgzweinull.stadtarchiv-digital.de\\\/wer-ist-fuer-dich-ehrwuerdig-und-wer-nicht\\\/#breadcrumb\",\"itemListElement\":[{\"@type\":\"ListItem\",\"position\":1,\"name\":\"Startseite\",\"item\":\"https:\\\/\\\/aschaffenburgzweinull.stadtarchiv-digital.de\\\/\"},{\"@type\":\"ListItem\",\"position\":2,\"name\":\"Wer ist f\u00fcr Dich ehrw\u00fcrdig? Und wer nicht?\"}]},{\"@type\":\"WebSite\",\"@id\":\"https:\\\/\\\/aschaffenburgzweinull.stadtarchiv-digital.de\\\/#website\",\"url\":\"https:\\\/\\\/aschaffenburgzweinull.stadtarchiv-digital.de\\\/\",\"name\":\"Aschaffenburg\",\"description\":\"2.0\",\"potentialAction\":[{\"@type\":\"SearchAction\",\"target\":{\"@type\":\"EntryPoint\",\"urlTemplate\":\"https:\\\/\\\/aschaffenburgzweinull.stadtarchiv-digital.de\\\/?s={search_term_string}\"},\"query-input\":{\"@type\":\"PropertyValueSpecification\",\"valueRequired\":true,\"valueName\":\"search_term_string\"}}],\"inLanguage\":\"de\"},{\"@type\":\"Person\",\"@id\":\"https:\\\/\\\/aschaffenburgzweinull.stadtarchiv-digital.de\\\/#\\\/schema\\\/person\\\/c7371fdf4738697fb6a17b7e72f1e0a0\",\"name\":\"Ehre, wem Ehre geb\u00fchrt!?\",\"url\":\"https:\\\/\\\/aschaffenburgzweinull.stadtarchiv-digital.de\\\/author\\\/schimanski\\\/\"}]}<\/script>\n<!-- \/ Yoast SEO plugin. -->","yoast_head_json":{"title":"Wer ist f\u00fcr Dich ehrw\u00fcrdig? Und wer nicht? - Aschaffenburg","robots":{"index":"index","follow":"follow","max-snippet":"max-snippet:-1","max-image-preview":"max-image-preview:large","max-video-preview":"max-video-preview:-1"},"canonical":"https:\/\/aschaffenburgzweinull.stadtarchiv-digital.de\/wer-ist-fuer-dich-ehrwuerdig-und-wer-nicht\/","og_locale":"de_DE","og_type":"article","og_title":"Wer ist f\u00fcr Dich ehrw\u00fcrdig? Und wer nicht? - Aschaffenburg","og_description":"Ein Stra\u00dfenname ist eine der h\u00f6chsten Formen der Ehrung auf kommunaler Ebene. Die ist in der Regel gebunden an eine besondere Leistung. Ehrung l\u00e4sst sich nicht auf einen Lebensabschnitt reduzieren, [&hellip;]","og_url":"https:\/\/aschaffenburgzweinull.stadtarchiv-digital.de\/wer-ist-fuer-dich-ehrwuerdig-und-wer-nicht\/","og_site_name":"Aschaffenburg","article_published_time":"2023-03-16T14:47:14+00:00","article_modified_time":"2023-06-25T13:16:02+00:00","og_image":[{"width":379,"height":70,"url":"https:\/\/aschaffenburgzweinull.stadtarchiv-digital.de\/wp-content\/uploads\/2020\/07\/Logo-Stadtarchiv-Aschaffenburg.png","type":"image\/png"}],"author":"Ehre, wem Ehre geb\u00fchrt!?","twitter_card":"summary_large_image","twitter_misc":{"Verfasst von":"Ehre, wem Ehre geb\u00fchrt!?","Gesch\u00e4tzte Lesezeit":"1\u00a0Minute"},"schema":{"@context":"https:\/\/schema.org","@graph":[{"@type":"Article","@id":"https:\/\/aschaffenburgzweinull.stadtarchiv-digital.de\/wer-ist-fuer-dich-ehrwuerdig-und-wer-nicht\/#article","isPartOf":{"@id":"https:\/\/aschaffenburgzweinull.stadtarchiv-digital.de\/wer-ist-fuer-dich-ehrwuerdig-und-wer-nicht\/"},"author":{"name":"Ehre, wem Ehre geb\u00fchrt!?","@id":"https:\/\/aschaffenburgzweinull.stadtarchiv-digital.de\/#\/schema\/person\/c7371fdf4738697fb6a17b7e72f1e0a0"},"headline":"Wer ist f\u00fcr Dich ehrw\u00fcrdig? Und wer nicht?","datePublished":"2023-03-16T14:47:14+00:00","dateModified":"2023-06-25T13:16:02+00:00","mainEntityOfPage":{"@id":"https:\/\/aschaffenburgzweinull.stadtarchiv-digital.de\/wer-ist-fuer-dich-ehrwuerdig-und-wer-nicht\/"},"wordCount":133,"commentCount":0,"articleSection":["Bildung","Stra\u00dfennamen"],"inLanguage":"de","potentialAction":[{"@type":"CommentAction","name":"Comment","target":["https:\/\/aschaffenburgzweinull.stadtarchiv-digital.de\/wer-ist-fuer-dich-ehrwuerdig-und-wer-nicht\/#respond"]}]},{"@type":"WebPage","@id":"https:\/\/aschaffenburgzweinull.stadtarchiv-digital.de\/wer-ist-fuer-dich-ehrwuerdig-und-wer-nicht\/","url":"https:\/\/aschaffenburgzweinull.stadtarchiv-digital.de\/wer-ist-fuer-dich-ehrwuerdig-und-wer-nicht\/","name":"Wer ist f\u00fcr Dich ehrw\u00fcrdig? Und wer nicht? - Aschaffenburg","isPartOf":{"@id":"https:\/\/aschaffenburgzweinull.stadtarchiv-digital.de\/#website"},"datePublished":"2023-03-16T14:47:14+00:00","dateModified":"2023-06-25T13:16:02+00:00","author":{"@id":"https:\/\/aschaffenburgzweinull.stadtarchiv-digital.de\/#\/schema\/person\/c7371fdf4738697fb6a17b7e72f1e0a0"},"breadcrumb":{"@id":"https:\/\/aschaffenburgzweinull.stadtarchiv-digital.de\/wer-ist-fuer-dich-ehrwuerdig-und-wer-nicht\/#breadcrumb"},"inLanguage":"de","potentialAction":[{"@type":"ReadAction","target":["https:\/\/aschaffenburgzweinull.stadtarchiv-digital.de\/wer-ist-fuer-dich-ehrwuerdig-und-wer-nicht\/"]}]},{"@type":"BreadcrumbList","@id":"https:\/\/aschaffenburgzweinull.stadtarchiv-digital.de\/wer-ist-fuer-dich-ehrwuerdig-und-wer-nicht\/#breadcrumb","itemListElement":[{"@type":"ListItem","position":1,"name":"Startseite","item":"https:\/\/aschaffenburgzweinull.stadtarchiv-digital.de\/"},{"@type":"ListItem","position":2,"name":"Wer ist f\u00fcr Dich ehrw\u00fcrdig? Und wer nicht?"}]},{"@type":"WebSite","@id":"https:\/\/aschaffenburgzweinull.stadtarchiv-digital.de\/#website","url":"https:\/\/aschaffenburgzweinull.stadtarchiv-digital.de\/","name":"Aschaffenburg","description":"2.0","potentialAction":[{"@type":"SearchAction","target":{"@type":"EntryPoint","urlTemplate":"https:\/\/aschaffenburgzweinull.stadtarchiv-digital.de\/?s={search_term_string}"},"query-input":{"@type":"PropertyValueSpecification","valueRequired":true,"valueName":"search_term_string"}}],"inLanguage":"de"},{"@type":"Person","@id":"https:\/\/aschaffenburgzweinull.stadtarchiv-digital.de\/#\/schema\/person\/c7371fdf4738697fb6a17b7e72f1e0a0","name":"Ehre, wem Ehre geb\u00fchrt!?","url":"https:\/\/aschaffenburgzweinull.stadtarchiv-digital.de\/author\/schimanski\/"}]}},"_links":{"self":[{"href":"https:\/\/aschaffenburgzweinull.stadtarchiv-digital.de\/data\/wp\/v2\/posts\/8050","targetHints":{"allow":["GET"]}}],"collection":[{"href":"https:\/\/aschaffenburgzweinull.stadtarchiv-digital.de\/data\/wp\/v2\/posts"}],"about":[{"href":"https:\/\/aschaffenburgzweinull.stadtarchiv-digital.de\/data\/wp\/v2\/types\/post"}],"author":[{"embeddable":true,"href":"https:\/\/aschaffenburgzweinull.stadtarchiv-digital.de\/data\/wp\/v2\/users\/109"}],"replies":[{"embeddable":true,"href":"https:\/\/aschaffenburgzweinull.stadtarchiv-digital.de\/data\/wp\/v2\/comments?post=8050"}],"version-history":[{"count":3,"href":"https:\/\/aschaffenburgzweinull.stadtarchiv-digital.de\/data\/wp\/v2\/posts\/8050\/revisions"}],"predecessor-version":[{"id":8094,"href":"https:\/\/aschaffenburgzweinull.stadtarchiv-digital.de\/data\/wp\/v2\/posts\/8050\/revisions\/8094"}],"wp:attachment":[{"href":"https:\/\/aschaffenburgzweinull.stadtarchiv-digital.de\/data\/wp\/v2\/media?parent=8050"}],"wp:term":[{"taxonomy":"category","embeddable":true,"href":"https:\/\/aschaffenburgzweinull.stadtarchiv-digital.de\/data\/wp\/v2\/categories?post=8050"},{"taxonomy":"post_tag","embeddable":true,"href":"https:\/\/aschaffenburgzweinull.stadtarchiv-digital.de\/data\/wp\/v2\/tags?post=8050"},{"taxonomy":"format","embeddable":true,"href":"https:\/\/aschaffenburgzweinull.stadtarchiv-digital.de\/data\/wp\/v2\/post-format?post=8050"},{"taxonomy":"content","embeddable":true,"href":"https:\/\/aschaffenburgzweinull.stadtarchiv-digital.de\/data\/wp\/v2\/post-content?post=8050"}],"curies":[{"name":"wp","href":"https:\/\/api.w.org\/{rel}","templated":true}]}}