{"id":8047,"date":"2023-03-16T15:47:13","date_gmt":"2023-03-16T14:47:13","guid":{"rendered":"https:\/\/aschaffenburgzweinull.stadtarchiv-digital.de\/ich-moechte-nicht-dass-meine-strasseumbenannt-wird\/"},"modified":"2023-06-25T15:15:43","modified_gmt":"2023-06-25T13:15:43","slug":"ich-moechte-nicht-dass-meine-strasseumbenannt-wird","status":"publish","type":"post","link":"https:\/\/aschaffenburgzweinull.stadtarchiv-digital.de\/ich-moechte-nicht-dass-meine-strasseumbenannt-wird\/","title":{"rendered":"\u201eIch m\u00f6chte nicht, dass meine Stra\u00dfe umbenannt wird.\u201c"},"content":{"rendered":"<p>Viele Menschen reagieren spontan mit Ablehnung auf Umbenennungsprozesse, wenn sie sich \u201edirekt\u201c betroffen f\u00fchlen. Die Art der Betroffenheit variiert und ist auch davon abh\u00e4ngig, welche pers\u00f6nlichen Bez\u00fcge zur Stra\u00dfe und \/ oder\u00a0zum Namensgeber oder der Namensgeberin bestehen: Lebe ich in der betroffenen Stra\u00dfe oder nicht? Ist der Stra\u00dfenname ein Synonym f\u00fcr einen Ort, mit dem ich positive Gef\u00fchle verbinde, weil dort beispielsweise meine Oma gelebt hat?<\/p>\n<p>Zugleich werden Ver\u00e4nderungen in einer zunehmend globalisierten Welt als Bedrohung wahrgenommen: \u201eUnd jetzt wird auch noch meine Stra\u00dfe umbenannt!\u201c Auch wenn Argumente f\u00fcr eine Umbenennung anerkannt werden, ist der Wunsch danach, die angestammte Adresse zu behalten h\u00e4ufig gr\u00f6\u00dfer. Gewohnheiten spielen dabei eine gro\u00dfe Rolle.<span class=\"Apple-converted-space\">\u00a0<\/span><\/p>\n","protected":false},"excerpt":{"rendered":"<p>Viele Menschen reagieren spontan mit Ablehnung auf Umbenennungsprozesse, wenn sie sich \u201edirekt\u201c betroffen f\u00fchlen. Die Art der Betroffenheit variiert und ist auch davon abh\u00e4ngig, welche pers\u00f6nlichen Bez\u00fcge zur Stra\u00dfe und [&hellip;]<\/p>\n","protected":false},"author":109,"featured_media":0,"comment_status":"open","ping_status":"open","sticky":false,"template":"","format":"standard","meta":{"_acf_changed":false,"footnotes":""},"categories":[953,1],"tags":[],"post-format":[2],"post-content":[67],"class_list":["post-8047","post","type-post","status-publish","format-standard","hentry","category-strassennamen","category-bildung","format-information","content-text","project-strassennamen-in-aschaffenburg"],"acf":[],"yoast_head":"<!-- This site is optimized with the Yoast SEO plugin v27.4 - https:\/\/yoast.com\/product\/yoast-seo-wordpress\/ -->\n<title>\u201eIch m\u00f6chte nicht, dass meine Stra\u00dfe umbenannt wird.\u201c - Aschaffenburg<\/title>\n<meta name=\"robots\" content=\"index, follow, max-snippet:-1, max-image-preview:large, max-video-preview:-1\" \/>\n<link rel=\"canonical\" href=\"https:\/\/aschaffenburgzweinull.stadtarchiv-digital.de\/ich-moechte-nicht-dass-meine-strasseumbenannt-wird\/\" \/>\n<meta property=\"og:locale\" content=\"de_DE\" \/>\n<meta property=\"og:type\" content=\"article\" \/>\n<meta property=\"og:title\" content=\"\u201eIch m\u00f6chte nicht, dass meine Stra\u00dfe umbenannt wird.\u201c - Aschaffenburg\" \/>\n<meta property=\"og:description\" content=\"Viele Menschen reagieren spontan mit Ablehnung auf Umbenennungsprozesse, wenn sie sich \u201edirekt\u201c betroffen f\u00fchlen. Die Art der Betroffenheit variiert und ist auch davon abh\u00e4ngig, welche pers\u00f6nlichen Bez\u00fcge zur Stra\u00dfe und [&hellip;]\" \/>\n<meta property=\"og:url\" content=\"https:\/\/aschaffenburgzweinull.stadtarchiv-digital.de\/ich-moechte-nicht-dass-meine-strasseumbenannt-wird\/\" \/>\n<meta property=\"og:site_name\" content=\"Aschaffenburg\" \/>\n<meta property=\"article:published_time\" content=\"2023-03-16T14:47:13+00:00\" \/>\n<meta property=\"article:modified_time\" content=\"2023-06-25T13:15:43+00:00\" \/>\n<meta property=\"og:image\" content=\"https:\/\/aschaffenburgzweinull.stadtarchiv-digital.de\/wp-content\/uploads\/2020\/07\/Logo-Stadtarchiv-Aschaffenburg.png\" \/>\n\t<meta property=\"og:image:width\" content=\"379\" \/>\n\t<meta property=\"og:image:height\" content=\"70\" \/>\n\t<meta property=\"og:image:type\" content=\"image\/png\" \/>\n<meta name=\"author\" content=\"Ehre, wem Ehre geb\u00fchrt!?\" \/>\n<meta name=\"twitter:card\" content=\"summary_large_image\" \/>\n<meta name=\"twitter:label1\" content=\"Verfasst von\" \/>\n\t<meta name=\"twitter:data1\" content=\"Ehre, wem Ehre geb\u00fchrt!?\" \/>\n\t<meta name=\"twitter:label2\" content=\"Gesch\u00e4tzte Lesezeit\" \/>\n\t<meta name=\"twitter:data2\" content=\"1\u00a0Minute\" \/>\n<script type=\"application\/ld+json\" class=\"yoast-schema-graph\">{\"@context\":\"https:\\\/\\\/schema.org\",\"@graph\":[{\"@type\":\"Article\",\"@id\":\"https:\\\/\\\/aschaffenburgzweinull.stadtarchiv-digital.de\\\/ich-moechte-nicht-dass-meine-strasseumbenannt-wird\\\/#article\",\"isPartOf\":{\"@id\":\"https:\\\/\\\/aschaffenburgzweinull.stadtarchiv-digital.de\\\/ich-moechte-nicht-dass-meine-strasseumbenannt-wird\\\/\"},\"author\":{\"name\":\"Ehre, wem Ehre geb\u00fchrt!?\",\"@id\":\"https:\\\/\\\/aschaffenburgzweinull.stadtarchiv-digital.de\\\/#\\\/schema\\\/person\\\/c7371fdf4738697fb6a17b7e72f1e0a0\"},\"headline\":\"\u201eIch m\u00f6chte nicht, dass meine Stra\u00dfe umbenannt wird.\u201c\",\"datePublished\":\"2023-03-16T14:47:13+00:00\",\"dateModified\":\"2023-06-25T13:15:43+00:00\",\"mainEntityOfPage\":{\"@id\":\"https:\\\/\\\/aschaffenburgzweinull.stadtarchiv-digital.de\\\/ich-moechte-nicht-dass-meine-strasseumbenannt-wird\\\/\"},\"wordCount\":135,\"commentCount\":4,\"articleSection\":[\"Stra\u00dfennamen\",\"Bildung\"],\"inLanguage\":\"de\",\"potentialAction\":[{\"@type\":\"CommentAction\",\"name\":\"Comment\",\"target\":[\"https:\\\/\\\/aschaffenburgzweinull.stadtarchiv-digital.de\\\/ich-moechte-nicht-dass-meine-strasseumbenannt-wird\\\/#respond\"]}]},{\"@type\":\"WebPage\",\"@id\":\"https:\\\/\\\/aschaffenburgzweinull.stadtarchiv-digital.de\\\/ich-moechte-nicht-dass-meine-strasseumbenannt-wird\\\/\",\"url\":\"https:\\\/\\\/aschaffenburgzweinull.stadtarchiv-digital.de\\\/ich-moechte-nicht-dass-meine-strasseumbenannt-wird\\\/\",\"name\":\"\u201eIch m\u00f6chte nicht, dass meine Stra\u00dfe umbenannt wird.\u201c - Aschaffenburg\",\"isPartOf\":{\"@id\":\"https:\\\/\\\/aschaffenburgzweinull.stadtarchiv-digital.de\\\/#website\"},\"datePublished\":\"2023-03-16T14:47:13+00:00\",\"dateModified\":\"2023-06-25T13:15:43+00:00\",\"author\":{\"@id\":\"https:\\\/\\\/aschaffenburgzweinull.stadtarchiv-digital.de\\\/#\\\/schema\\\/person\\\/c7371fdf4738697fb6a17b7e72f1e0a0\"},\"breadcrumb\":{\"@id\":\"https:\\\/\\\/aschaffenburgzweinull.stadtarchiv-digital.de\\\/ich-moechte-nicht-dass-meine-strasseumbenannt-wird\\\/#breadcrumb\"},\"inLanguage\":\"de\",\"potentialAction\":[{\"@type\":\"ReadAction\",\"target\":[\"https:\\\/\\\/aschaffenburgzweinull.stadtarchiv-digital.de\\\/ich-moechte-nicht-dass-meine-strasseumbenannt-wird\\\/\"]}]},{\"@type\":\"BreadcrumbList\",\"@id\":\"https:\\\/\\\/aschaffenburgzweinull.stadtarchiv-digital.de\\\/ich-moechte-nicht-dass-meine-strasseumbenannt-wird\\\/#breadcrumb\",\"itemListElement\":[{\"@type\":\"ListItem\",\"position\":1,\"name\":\"Startseite\",\"item\":\"https:\\\/\\\/aschaffenburgzweinull.stadtarchiv-digital.de\\\/\"},{\"@type\":\"ListItem\",\"position\":2,\"name\":\"\u201eIch m\u00f6chte nicht, dass meine Stra\u00dfe umbenannt wird.\u201c\"}]},{\"@type\":\"WebSite\",\"@id\":\"https:\\\/\\\/aschaffenburgzweinull.stadtarchiv-digital.de\\\/#website\",\"url\":\"https:\\\/\\\/aschaffenburgzweinull.stadtarchiv-digital.de\\\/\",\"name\":\"Aschaffenburg\",\"description\":\"2.0\",\"potentialAction\":[{\"@type\":\"SearchAction\",\"target\":{\"@type\":\"EntryPoint\",\"urlTemplate\":\"https:\\\/\\\/aschaffenburgzweinull.stadtarchiv-digital.de\\\/?s={search_term_string}\"},\"query-input\":{\"@type\":\"PropertyValueSpecification\",\"valueRequired\":true,\"valueName\":\"search_term_string\"}}],\"inLanguage\":\"de\"},{\"@type\":\"Person\",\"@id\":\"https:\\\/\\\/aschaffenburgzweinull.stadtarchiv-digital.de\\\/#\\\/schema\\\/person\\\/c7371fdf4738697fb6a17b7e72f1e0a0\",\"name\":\"Ehre, wem Ehre geb\u00fchrt!?\",\"url\":\"https:\\\/\\\/aschaffenburgzweinull.stadtarchiv-digital.de\\\/author\\\/schimanski\\\/\"}]}<\/script>\n<!-- \/ Yoast SEO plugin. -->","yoast_head_json":{"title":"\u201eIch m\u00f6chte nicht, dass meine Stra\u00dfe umbenannt wird.\u201c - Aschaffenburg","robots":{"index":"index","follow":"follow","max-snippet":"max-snippet:-1","max-image-preview":"max-image-preview:large","max-video-preview":"max-video-preview:-1"},"canonical":"https:\/\/aschaffenburgzweinull.stadtarchiv-digital.de\/ich-moechte-nicht-dass-meine-strasseumbenannt-wird\/","og_locale":"de_DE","og_type":"article","og_title":"\u201eIch m\u00f6chte nicht, dass meine Stra\u00dfe umbenannt wird.\u201c - Aschaffenburg","og_description":"Viele Menschen reagieren spontan mit Ablehnung auf Umbenennungsprozesse, wenn sie sich \u201edirekt\u201c betroffen f\u00fchlen. Die Art der Betroffenheit variiert und ist auch davon abh\u00e4ngig, welche pers\u00f6nlichen Bez\u00fcge zur Stra\u00dfe und [&hellip;]","og_url":"https:\/\/aschaffenburgzweinull.stadtarchiv-digital.de\/ich-moechte-nicht-dass-meine-strasseumbenannt-wird\/","og_site_name":"Aschaffenburg","article_published_time":"2023-03-16T14:47:13+00:00","article_modified_time":"2023-06-25T13:15:43+00:00","og_image":[{"width":379,"height":70,"url":"https:\/\/aschaffenburgzweinull.stadtarchiv-digital.de\/wp-content\/uploads\/2020\/07\/Logo-Stadtarchiv-Aschaffenburg.png","type":"image\/png"}],"author":"Ehre, wem Ehre geb\u00fchrt!?","twitter_card":"summary_large_image","twitter_misc":{"Verfasst von":"Ehre, wem Ehre geb\u00fchrt!?","Gesch\u00e4tzte Lesezeit":"1\u00a0Minute"},"schema":{"@context":"https:\/\/schema.org","@graph":[{"@type":"Article","@id":"https:\/\/aschaffenburgzweinull.stadtarchiv-digital.de\/ich-moechte-nicht-dass-meine-strasseumbenannt-wird\/#article","isPartOf":{"@id":"https:\/\/aschaffenburgzweinull.stadtarchiv-digital.de\/ich-moechte-nicht-dass-meine-strasseumbenannt-wird\/"},"author":{"name":"Ehre, wem Ehre geb\u00fchrt!?","@id":"https:\/\/aschaffenburgzweinull.stadtarchiv-digital.de\/#\/schema\/person\/c7371fdf4738697fb6a17b7e72f1e0a0"},"headline":"\u201eIch m\u00f6chte nicht, dass meine Stra\u00dfe umbenannt wird.\u201c","datePublished":"2023-03-16T14:47:13+00:00","dateModified":"2023-06-25T13:15:43+00:00","mainEntityOfPage":{"@id":"https:\/\/aschaffenburgzweinull.stadtarchiv-digital.de\/ich-moechte-nicht-dass-meine-strasseumbenannt-wird\/"},"wordCount":135,"commentCount":4,"articleSection":["Stra\u00dfennamen","Bildung"],"inLanguage":"de","potentialAction":[{"@type":"CommentAction","name":"Comment","target":["https:\/\/aschaffenburgzweinull.stadtarchiv-digital.de\/ich-moechte-nicht-dass-meine-strasseumbenannt-wird\/#respond"]}]},{"@type":"WebPage","@id":"https:\/\/aschaffenburgzweinull.stadtarchiv-digital.de\/ich-moechte-nicht-dass-meine-strasseumbenannt-wird\/","url":"https:\/\/aschaffenburgzweinull.stadtarchiv-digital.de\/ich-moechte-nicht-dass-meine-strasseumbenannt-wird\/","name":"\u201eIch m\u00f6chte nicht, dass meine Stra\u00dfe umbenannt wird.\u201c - Aschaffenburg","isPartOf":{"@id":"https:\/\/aschaffenburgzweinull.stadtarchiv-digital.de\/#website"},"datePublished":"2023-03-16T14:47:13+00:00","dateModified":"2023-06-25T13:15:43+00:00","author":{"@id":"https:\/\/aschaffenburgzweinull.stadtarchiv-digital.de\/#\/schema\/person\/c7371fdf4738697fb6a17b7e72f1e0a0"},"breadcrumb":{"@id":"https:\/\/aschaffenburgzweinull.stadtarchiv-digital.de\/ich-moechte-nicht-dass-meine-strasseumbenannt-wird\/#breadcrumb"},"inLanguage":"de","potentialAction":[{"@type":"ReadAction","target":["https:\/\/aschaffenburgzweinull.stadtarchiv-digital.de\/ich-moechte-nicht-dass-meine-strasseumbenannt-wird\/"]}]},{"@type":"BreadcrumbList","@id":"https:\/\/aschaffenburgzweinull.stadtarchiv-digital.de\/ich-moechte-nicht-dass-meine-strasseumbenannt-wird\/#breadcrumb","itemListElement":[{"@type":"ListItem","position":1,"name":"Startseite","item":"https:\/\/aschaffenburgzweinull.stadtarchiv-digital.de\/"},{"@type":"ListItem","position":2,"name":"\u201eIch m\u00f6chte nicht, dass meine Stra\u00dfe umbenannt wird.\u201c"}]},{"@type":"WebSite","@id":"https:\/\/aschaffenburgzweinull.stadtarchiv-digital.de\/#website","url":"https:\/\/aschaffenburgzweinull.stadtarchiv-digital.de\/","name":"Aschaffenburg","description":"2.0","potentialAction":[{"@type":"SearchAction","target":{"@type":"EntryPoint","urlTemplate":"https:\/\/aschaffenburgzweinull.stadtarchiv-digital.de\/?s={search_term_string}"},"query-input":{"@type":"PropertyValueSpecification","valueRequired":true,"valueName":"search_term_string"}}],"inLanguage":"de"},{"@type":"Person","@id":"https:\/\/aschaffenburgzweinull.stadtarchiv-digital.de\/#\/schema\/person\/c7371fdf4738697fb6a17b7e72f1e0a0","name":"Ehre, wem Ehre geb\u00fchrt!?","url":"https:\/\/aschaffenburgzweinull.stadtarchiv-digital.de\/author\/schimanski\/"}]}},"_links":{"self":[{"href":"https:\/\/aschaffenburgzweinull.stadtarchiv-digital.de\/data\/wp\/v2\/posts\/8047","targetHints":{"allow":["GET"]}}],"collection":[{"href":"https:\/\/aschaffenburgzweinull.stadtarchiv-digital.de\/data\/wp\/v2\/posts"}],"about":[{"href":"https:\/\/aschaffenburgzweinull.stadtarchiv-digital.de\/data\/wp\/v2\/types\/post"}],"author":[{"embeddable":true,"href":"https:\/\/aschaffenburgzweinull.stadtarchiv-digital.de\/data\/wp\/v2\/users\/109"}],"replies":[{"embeddable":true,"href":"https:\/\/aschaffenburgzweinull.stadtarchiv-digital.de\/data\/wp\/v2\/comments?post=8047"}],"version-history":[{"count":4,"href":"https:\/\/aschaffenburgzweinull.stadtarchiv-digital.de\/data\/wp\/v2\/posts\/8047\/revisions"}],"predecessor-version":[{"id":8093,"href":"https:\/\/aschaffenburgzweinull.stadtarchiv-digital.de\/data\/wp\/v2\/posts\/8047\/revisions\/8093"}],"wp:attachment":[{"href":"https:\/\/aschaffenburgzweinull.stadtarchiv-digital.de\/data\/wp\/v2\/media?parent=8047"}],"wp:term":[{"taxonomy":"category","embeddable":true,"href":"https:\/\/aschaffenburgzweinull.stadtarchiv-digital.de\/data\/wp\/v2\/categories?post=8047"},{"taxonomy":"post_tag","embeddable":true,"href":"https:\/\/aschaffenburgzweinull.stadtarchiv-digital.de\/data\/wp\/v2\/tags?post=8047"},{"taxonomy":"format","embeddable":true,"href":"https:\/\/aschaffenburgzweinull.stadtarchiv-digital.de\/data\/wp\/v2\/post-format?post=8047"},{"taxonomy":"content","embeddable":true,"href":"https:\/\/aschaffenburgzweinull.stadtarchiv-digital.de\/data\/wp\/v2\/post-content?post=8047"}],"curies":[{"name":"wp","href":"https:\/\/api.w.org\/{rel}","templated":true}]}}