{"id":781,"date":"2020-10-19T15:46:44","date_gmt":"2020-10-19T13:46:44","guid":{"rendered":"https:\/\/aschaffenburgzweinull.stadtarchiv-digital.de\/?p=781"},"modified":"2022-01-19T22:17:31","modified_gmt":"2022-01-19T21:17:31","slug":"erinnerungen-an-die-kreszens-von-der-frueheren-gaststaette-zur-ludwigshoehe-am-godelsberg","status":"publish","type":"post","link":"https:\/\/aschaffenburgzweinull.stadtarchiv-digital.de\/erinnerungen-an-die-kreszens-von-der-frueheren-gaststaette-zur-ludwigshoehe-am-godelsberg\/","title":{"rendered":"Erinnerungen an die &#8222;Kreszens&#8220; von der fr\u00fcheren Gastst\u00e4tte &#8222;Zur Ludwigsh\u00f6he&#8220; am Godelsberg"},"content":{"rendered":"<p>Ich (Jahrgang 1953) verbrachte die Jugend in meinem Elternhaus in der oberen Ludwigsallee, einer damals nur mit wenigen H\u00e4usern bebauten Gegend, nahe dem Godelsberg, mit aus meiner damaligen Sicht vielen geheimnisvollen und interessanten Flecken, die es f\u00fcr mich als neugierigem Bub galt zu entdecken und heute sich an diese Zeit wieder einmal zu erinnern.<\/p>\n<p>So auch an den nur einen Steinwurf\u00a0entfernt liegenden &#8222;Sauer&#8217;schen&#8220; Bauernhof mit der seinerzeitigen Gastst\u00e4tte &#8222;Zur Ludwigsh\u00f6he&#8220;. Dieser Bauernhof war direkt gegen\u00fcber der\u00a0in einem kleinen W\u00e4ldchen stehenden &#8222;Ludwigss\u00e4ule&#8220; an der oberen Ludwigsallee. Dieses Anwesen mit der direkt unterhalb angrenzenden sog. &#8222;Sauerswiese&#8220; hin zur Riemenschneiderstr. war, da etwas tiefergelegen, nur \u00fcber einen unbefestigten Weg zu erreichen. Schon Mitte\/Ende der 1960-er Jahre hatte dieser Hof mit seiner damals noch bewirtschafteten Gastst\u00e4tte seine besten Jahre bereits hinter sich. Ein morbider, aber uriger Charme machten ihn interessant! Er war bewohnt und wurde bewirtschaftet von der Kreszens Sauer und ihren beiden Schwestern Josefine und Katharina sowie ihren beiden Br\u00fcdern Jakob und Willy(?). W\u00e4hrend\u00a0sich die Schwestern unter &#8222;F\u00fchrung&#8220; der Kreszenz prim\u00e4r um die Gastst\u00e4tte k\u00fcmmerten, waren die beiden Br\u00fcder f\u00fcr den Bauernhof zust\u00e4ndig.<\/p>\n<p>Einer meiner damaligen Spiel-\/Schulkameraden wohnte zu dieser Zeit mit seinen Eltern im Dachgescho\u00df des mehrst\u00f6ckigen Wohnhauses der Sauer\u00b4s.\u00a0Daher war ich damals sehr oft dort und hatte so auch Zugang zu dem Hof mit seinen Nebengeb\u00e4uden und Stallungen. Erinnern kann ich mich dabei insbesondere an den j\u00fcngsten Bruder der Kreszenz, den Jakob, der das Vieh, also 1 &#8211; 2 K\u00fche, 1 Pferd, Schweine, H\u00fchner und Enten versorgte. Er war stark gehbehindert &#8211; er trug an einem Bein eine Prothese. Da er uns Buben nicht verfolgen konnte, trieben wir oft unseren Schabernack mit ihm und \u00e4rgerten ihn.<\/p>\n<p>Die Kreszens, wie sie einfach von jedem genannt wurde, war die &#8222;Patronin&#8220; des Anwesens. Gerade im Winter waren wir sehr oft in der K\u00fcche, die immer wohlig warm war. Es war eine sehr gro\u00dfe K\u00fcche. Sie war wohl so etwas wie der Mittelpunkt im Anwesen. Alle Bewohner kamen hier immer wieder zusammen &#8211; zum Essen, zum Reden, aber auch zum lautstarken Gez\u00e4nke oder einfach nur zum Ausruhen auf einer gro\u00dfen Eckbank mit einem riesigen bestuhlten Tisch. Denn ein gro\u00dfer, gusseiserner, holzbefeuerte Herd sorgte hier knisternd und duftend f\u00fcr eine einfach unvergessliche heimelige Atmosph\u00e4re. Vor allem in der kalten Zeit roch es dabei dort nach vielerlei Geb\u00e4ck und nach deftigen Gerichten. Die Kreszens wuselte dort stets gesch\u00e4ftig und schlurfte meistens nur in dicken Socken an ihren F\u00fcssen in &#8222;ihrer&#8220; K\u00fcche umher &#8211; versorgte ihre zahlreichen Katzen, ihre Geschwister, ihre G\u00e4ste in der Wirtsstube und oft auch uns Buben. Denn die dem Anwesen vorgelagerte Sauerswiese, die damals noch unbebaut war, nutzten wir im Winter, die damals durchaus noch sehr schneereich waren, als unsere &#8222;Hausrodelbahn&#8220;. Dabei rodelten wir stets &#8222;b\u00e4uchlings&#8220; oder auch mit unserem zweisitzigen Holz-Bob (Holzlenkschlitten) von der gegen\u00fcber auf einer Anh\u00f6he stehenden Ludwigss\u00e4ule \u00fcber die damals kaum befahrene Ludwigsallee (das Klinikum existierte ja noch nicht) auf die absch\u00fcssige Sauerswiese ein. Durchn\u00e4sst und durchgefroren, gab es dann nichts tolleres, als zur Kreszens in die warme und einfach urgem\u00fctliche K\u00fcche zu kommen und stets etwas aufw\u00e4rmendes zum Trinken und auch ein kr\u00e4ftiges Vesper zu bekommen. Erinnern kann ich mich noch sehr gut an die riesigen Wurst- und Marmeladebrote sowie den &#8222;Handk\u00e4se mit Musik&#8220; &#8211; es war schlie\u00dflich noch alles selbstgemacht &#8211; auch das Brot wurde noch selbstgebacken! Ein hei\u00dfer Apfelwein war f\u00fcr uns ebenfalls stets drin &#8211; denn Apfelwein wurde seinerzeit eher nicht als Alkohol angesehen! Sogar eine Flasche Bier\u00a0der fr\u00fcheren Bavaria-Brauerei konnten wir ab und zu f\u00fcr ein paar Pfennige von der Kreszens bekommen.<\/p>\n<p>Gerade im Winter waren auch immer etliche G\u00e4ste in der Wirtsstube, denn auch sie wurde mit einem kleinen Holzofen mit offenliegendem Abzugsrohr kr\u00e4ftig eingeheizt. Die Gaststube war damals schon sehr alt und schlicht eingerichtet mit klassischen, abgewetzten Biertischen und St\u00fchlen. Die stets knarrenden Fu\u00dfbodendielen unterstrichen dabei das Gef\u00fchl sich hier in einer aus der k\u00f6niglich bayerischen\u00a0Zeit \u00fcbriggebliebenen Wirtstube zu befinden. Ob damals vielleicht noch das Portrait eines bayerischen K\u00f6nigs in der Stube hing und wohlwollend auf die Nachfahren seiner\u00a0Untertanen blickte &#8211; vielleicht &#8211; aber ich wei\u00df es zumindest nicht mehr!<\/p>\n<p>Nachzutragen w\u00e4re noch, dass das Wohnhaus vor einigen Jahren aufw\u00e4ndig wieder hergerichtet wurde!<\/p>\n<p>&nbsp;<\/p>\n<p>K.M. 2020<\/p>\n<p>&nbsp;<\/p>\n<p>&nbsp;<\/p>\n","protected":false},"excerpt":{"rendered":"<p>Ich (Jahrgang 1953) verbrachte die Jugend in meinem Elternhaus in der oberen Ludwigsallee, einer damals nur mit wenigen H\u00e4usern bebauten Gegend, nahe dem Godelsberg, mit aus meiner damaligen Sicht vielen [&hellip;]<\/p>\n","protected":false},"author":39,"featured_media":0,"comment_status":"open","ping_status":"open","sticky":false,"template":"","format":"standard","meta":{"_acf_changed":false,"footnotes":""},"categories":[41,42],"tags":[104,105,106],"post-format":[44],"post-content":[67],"class_list":["post-781","post","type-post","status-publish","format-standard","hentry","category-leben","category-persoenliches","tag-godelsberg","tag-ludwigshoehe","tag-kreszens","format-beobachtung","content-text","project-stadtarchiv"],"acf":[],"yoast_head":"<!-- This site is optimized with the Yoast SEO plugin v27.4 - https:\/\/yoast.com\/product\/yoast-seo-wordpress\/ -->\n<title>Erinnerungen an die &quot;Kreszens&quot; von der fr\u00fcheren Gastst\u00e4tte &quot;Zur Ludwigsh\u00f6he&quot; am Godelsberg - Aschaffenburg<\/title>\n<meta name=\"robots\" content=\"index, follow, max-snippet:-1, max-image-preview:large, max-video-preview:-1\" \/>\n<link rel=\"canonical\" href=\"https:\/\/aschaffenburgzweinull.stadtarchiv-digital.de\/erinnerungen-an-die-kreszens-von-der-frueheren-gaststaette-zur-ludwigshoehe-am-godelsberg\/\" \/>\n<meta property=\"og:locale\" content=\"de_DE\" \/>\n<meta property=\"og:type\" content=\"article\" \/>\n<meta property=\"og:title\" content=\"Erinnerungen an die &quot;Kreszens&quot; von der fr\u00fcheren Gastst\u00e4tte &quot;Zur Ludwigsh\u00f6he&quot; am Godelsberg - Aschaffenburg\" \/>\n<meta property=\"og:description\" content=\"Ich (Jahrgang 1953) verbrachte die Jugend in meinem Elternhaus in der oberen Ludwigsallee, einer damals nur mit wenigen H\u00e4usern bebauten Gegend, nahe dem Godelsberg, mit aus meiner damaligen Sicht vielen [&hellip;]\" \/>\n<meta property=\"og:url\" content=\"https:\/\/aschaffenburgzweinull.stadtarchiv-digital.de\/erinnerungen-an-die-kreszens-von-der-frueheren-gaststaette-zur-ludwigshoehe-am-godelsberg\/\" \/>\n<meta property=\"og:site_name\" content=\"Aschaffenburg\" \/>\n<meta property=\"article:published_time\" content=\"2020-10-19T13:46:44+00:00\" \/>\n<meta property=\"article:modified_time\" content=\"2022-01-19T21:17:31+00:00\" \/>\n<meta property=\"og:image\" content=\"https:\/\/aschaffenburgzweinull.stadtarchiv-digital.de\/wp-content\/uploads\/2020\/07\/Logo-Stadtarchiv-Aschaffenburg.png\" \/>\n\t<meta property=\"og:image:width\" content=\"379\" \/>\n\t<meta property=\"og:image:height\" content=\"70\" \/>\n\t<meta property=\"og:image:type\" content=\"image\/png\" \/>\n<meta name=\"author\" content=\"K.M.\" \/>\n<meta name=\"twitter:card\" content=\"summary_large_image\" \/>\n<meta name=\"twitter:label1\" content=\"Verfasst von\" \/>\n\t<meta name=\"twitter:data1\" content=\"K.M.\" \/>\n\t<meta name=\"twitter:label2\" content=\"Gesch\u00e4tzte Lesezeit\" \/>\n\t<meta name=\"twitter:data2\" content=\"4\u00a0Minuten\" \/>\n<script type=\"application\/ld+json\" class=\"yoast-schema-graph\">{\"@context\":\"https:\\\/\\\/schema.org\",\"@graph\":[{\"@type\":\"Article\",\"@id\":\"https:\\\/\\\/aschaffenburgzweinull.stadtarchiv-digital.de\\\/erinnerungen-an-die-kreszens-von-der-frueheren-gaststaette-zur-ludwigshoehe-am-godelsberg\\\/#article\",\"isPartOf\":{\"@id\":\"https:\\\/\\\/aschaffenburgzweinull.stadtarchiv-digital.de\\\/erinnerungen-an-die-kreszens-von-der-frueheren-gaststaette-zur-ludwigshoehe-am-godelsberg\\\/\"},\"author\":{\"name\":\"K.M.\",\"@id\":\"https:\\\/\\\/aschaffenburgzweinull.stadtarchiv-digital.de\\\/#\\\/schema\\\/person\\\/623b5f64fcece9c2626f6e2a3c60aa96\"},\"headline\":\"Erinnerungen an die &#8222;Kreszens&#8220; von der fr\u00fcheren Gastst\u00e4tte &#8222;Zur Ludwigsh\u00f6he&#8220; am Godelsberg\",\"datePublished\":\"2020-10-19T13:46:44+00:00\",\"dateModified\":\"2022-01-19T21:17:31+00:00\",\"mainEntityOfPage\":{\"@id\":\"https:\\\/\\\/aschaffenburgzweinull.stadtarchiv-digital.de\\\/erinnerungen-an-die-kreszens-von-der-frueheren-gaststaette-zur-ludwigshoehe-am-godelsberg\\\/\"},\"wordCount\":777,\"commentCount\":0,\"keywords\":[\"Godelsberg\",\"Ludwigsh\u00f6he\",\"Kreszens\"],\"articleSection\":[\"Leben\",\"Pers\u00f6nliches\"],\"inLanguage\":\"de\",\"potentialAction\":[{\"@type\":\"CommentAction\",\"name\":\"Comment\",\"target\":[\"https:\\\/\\\/aschaffenburgzweinull.stadtarchiv-digital.de\\\/erinnerungen-an-die-kreszens-von-der-frueheren-gaststaette-zur-ludwigshoehe-am-godelsberg\\\/#respond\"]}]},{\"@type\":\"WebPage\",\"@id\":\"https:\\\/\\\/aschaffenburgzweinull.stadtarchiv-digital.de\\\/erinnerungen-an-die-kreszens-von-der-frueheren-gaststaette-zur-ludwigshoehe-am-godelsberg\\\/\",\"url\":\"https:\\\/\\\/aschaffenburgzweinull.stadtarchiv-digital.de\\\/erinnerungen-an-die-kreszens-von-der-frueheren-gaststaette-zur-ludwigshoehe-am-godelsberg\\\/\",\"name\":\"Erinnerungen an die \\\"Kreszens\\\" von der fr\u00fcheren Gastst\u00e4tte \\\"Zur Ludwigsh\u00f6he\\\" am Godelsberg - Aschaffenburg\",\"isPartOf\":{\"@id\":\"https:\\\/\\\/aschaffenburgzweinull.stadtarchiv-digital.de\\\/#website\"},\"datePublished\":\"2020-10-19T13:46:44+00:00\",\"dateModified\":\"2022-01-19T21:17:31+00:00\",\"author\":{\"@id\":\"https:\\\/\\\/aschaffenburgzweinull.stadtarchiv-digital.de\\\/#\\\/schema\\\/person\\\/623b5f64fcece9c2626f6e2a3c60aa96\"},\"breadcrumb\":{\"@id\":\"https:\\\/\\\/aschaffenburgzweinull.stadtarchiv-digital.de\\\/erinnerungen-an-die-kreszens-von-der-frueheren-gaststaette-zur-ludwigshoehe-am-godelsberg\\\/#breadcrumb\"},\"inLanguage\":\"de\",\"potentialAction\":[{\"@type\":\"ReadAction\",\"target\":[\"https:\\\/\\\/aschaffenburgzweinull.stadtarchiv-digital.de\\\/erinnerungen-an-die-kreszens-von-der-frueheren-gaststaette-zur-ludwigshoehe-am-godelsberg\\\/\"]}]},{\"@type\":\"BreadcrumbList\",\"@id\":\"https:\\\/\\\/aschaffenburgzweinull.stadtarchiv-digital.de\\\/erinnerungen-an-die-kreszens-von-der-frueheren-gaststaette-zur-ludwigshoehe-am-godelsberg\\\/#breadcrumb\",\"itemListElement\":[{\"@type\":\"ListItem\",\"position\":1,\"name\":\"Startseite\",\"item\":\"https:\\\/\\\/aschaffenburgzweinull.stadtarchiv-digital.de\\\/\"},{\"@type\":\"ListItem\",\"position\":2,\"name\":\"Erinnerungen an die &#8222;Kreszens&#8220; von der fr\u00fcheren Gastst\u00e4tte &#8222;Zur Ludwigsh\u00f6he&#8220; am Godelsberg\"}]},{\"@type\":\"WebSite\",\"@id\":\"https:\\\/\\\/aschaffenburgzweinull.stadtarchiv-digital.de\\\/#website\",\"url\":\"https:\\\/\\\/aschaffenburgzweinull.stadtarchiv-digital.de\\\/\",\"name\":\"Aschaffenburg\",\"description\":\"2.0\",\"potentialAction\":[{\"@type\":\"SearchAction\",\"target\":{\"@type\":\"EntryPoint\",\"urlTemplate\":\"https:\\\/\\\/aschaffenburgzweinull.stadtarchiv-digital.de\\\/?s={search_term_string}\"},\"query-input\":{\"@type\":\"PropertyValueSpecification\",\"valueRequired\":true,\"valueName\":\"search_term_string\"}}],\"inLanguage\":\"de\"},{\"@type\":\"Person\",\"@id\":\"https:\\\/\\\/aschaffenburgzweinull.stadtarchiv-digital.de\\\/#\\\/schema\\\/person\\\/623b5f64fcece9c2626f6e2a3c60aa96\",\"name\":\"K.M.\",\"url\":\"https:\\\/\\\/aschaffenburgzweinull.stadtarchiv-digital.de\\\/author\\\/k-m\\\/\"}]}<\/script>\n<!-- \/ Yoast SEO plugin. -->","yoast_head_json":{"title":"Erinnerungen an die \"Kreszens\" von der fr\u00fcheren Gastst\u00e4tte \"Zur Ludwigsh\u00f6he\" am Godelsberg - Aschaffenburg","robots":{"index":"index","follow":"follow","max-snippet":"max-snippet:-1","max-image-preview":"max-image-preview:large","max-video-preview":"max-video-preview:-1"},"canonical":"https:\/\/aschaffenburgzweinull.stadtarchiv-digital.de\/erinnerungen-an-die-kreszens-von-der-frueheren-gaststaette-zur-ludwigshoehe-am-godelsberg\/","og_locale":"de_DE","og_type":"article","og_title":"Erinnerungen an die \"Kreszens\" von der fr\u00fcheren Gastst\u00e4tte \"Zur Ludwigsh\u00f6he\" am Godelsberg - Aschaffenburg","og_description":"Ich (Jahrgang 1953) verbrachte die Jugend in meinem Elternhaus in der oberen Ludwigsallee, einer damals nur mit wenigen H\u00e4usern bebauten Gegend, nahe dem Godelsberg, mit aus meiner damaligen Sicht vielen [&hellip;]","og_url":"https:\/\/aschaffenburgzweinull.stadtarchiv-digital.de\/erinnerungen-an-die-kreszens-von-der-frueheren-gaststaette-zur-ludwigshoehe-am-godelsberg\/","og_site_name":"Aschaffenburg","article_published_time":"2020-10-19T13:46:44+00:00","article_modified_time":"2022-01-19T21:17:31+00:00","og_image":[{"width":379,"height":70,"url":"https:\/\/aschaffenburgzweinull.stadtarchiv-digital.de\/wp-content\/uploads\/2020\/07\/Logo-Stadtarchiv-Aschaffenburg.png","type":"image\/png"}],"author":"K.M.","twitter_card":"summary_large_image","twitter_misc":{"Verfasst von":"K.M.","Gesch\u00e4tzte Lesezeit":"4\u00a0Minuten"},"schema":{"@context":"https:\/\/schema.org","@graph":[{"@type":"Article","@id":"https:\/\/aschaffenburgzweinull.stadtarchiv-digital.de\/erinnerungen-an-die-kreszens-von-der-frueheren-gaststaette-zur-ludwigshoehe-am-godelsberg\/#article","isPartOf":{"@id":"https:\/\/aschaffenburgzweinull.stadtarchiv-digital.de\/erinnerungen-an-die-kreszens-von-der-frueheren-gaststaette-zur-ludwigshoehe-am-godelsberg\/"},"author":{"name":"K.M.","@id":"https:\/\/aschaffenburgzweinull.stadtarchiv-digital.de\/#\/schema\/person\/623b5f64fcece9c2626f6e2a3c60aa96"},"headline":"Erinnerungen an die &#8222;Kreszens&#8220; von der fr\u00fcheren Gastst\u00e4tte &#8222;Zur Ludwigsh\u00f6he&#8220; am Godelsberg","datePublished":"2020-10-19T13:46:44+00:00","dateModified":"2022-01-19T21:17:31+00:00","mainEntityOfPage":{"@id":"https:\/\/aschaffenburgzweinull.stadtarchiv-digital.de\/erinnerungen-an-die-kreszens-von-der-frueheren-gaststaette-zur-ludwigshoehe-am-godelsberg\/"},"wordCount":777,"commentCount":0,"keywords":["Godelsberg","Ludwigsh\u00f6he","Kreszens"],"articleSection":["Leben","Pers\u00f6nliches"],"inLanguage":"de","potentialAction":[{"@type":"CommentAction","name":"Comment","target":["https:\/\/aschaffenburgzweinull.stadtarchiv-digital.de\/erinnerungen-an-die-kreszens-von-der-frueheren-gaststaette-zur-ludwigshoehe-am-godelsberg\/#respond"]}]},{"@type":"WebPage","@id":"https:\/\/aschaffenburgzweinull.stadtarchiv-digital.de\/erinnerungen-an-die-kreszens-von-der-frueheren-gaststaette-zur-ludwigshoehe-am-godelsberg\/","url":"https:\/\/aschaffenburgzweinull.stadtarchiv-digital.de\/erinnerungen-an-die-kreszens-von-der-frueheren-gaststaette-zur-ludwigshoehe-am-godelsberg\/","name":"Erinnerungen an die \"Kreszens\" von der fr\u00fcheren Gastst\u00e4tte \"Zur Ludwigsh\u00f6he\" am Godelsberg - Aschaffenburg","isPartOf":{"@id":"https:\/\/aschaffenburgzweinull.stadtarchiv-digital.de\/#website"},"datePublished":"2020-10-19T13:46:44+00:00","dateModified":"2022-01-19T21:17:31+00:00","author":{"@id":"https:\/\/aschaffenburgzweinull.stadtarchiv-digital.de\/#\/schema\/person\/623b5f64fcece9c2626f6e2a3c60aa96"},"breadcrumb":{"@id":"https:\/\/aschaffenburgzweinull.stadtarchiv-digital.de\/erinnerungen-an-die-kreszens-von-der-frueheren-gaststaette-zur-ludwigshoehe-am-godelsberg\/#breadcrumb"},"inLanguage":"de","potentialAction":[{"@type":"ReadAction","target":["https:\/\/aschaffenburgzweinull.stadtarchiv-digital.de\/erinnerungen-an-die-kreszens-von-der-frueheren-gaststaette-zur-ludwigshoehe-am-godelsberg\/"]}]},{"@type":"BreadcrumbList","@id":"https:\/\/aschaffenburgzweinull.stadtarchiv-digital.de\/erinnerungen-an-die-kreszens-von-der-frueheren-gaststaette-zur-ludwigshoehe-am-godelsberg\/#breadcrumb","itemListElement":[{"@type":"ListItem","position":1,"name":"Startseite","item":"https:\/\/aschaffenburgzweinull.stadtarchiv-digital.de\/"},{"@type":"ListItem","position":2,"name":"Erinnerungen an die &#8222;Kreszens&#8220; von der fr\u00fcheren Gastst\u00e4tte &#8222;Zur Ludwigsh\u00f6he&#8220; am Godelsberg"}]},{"@type":"WebSite","@id":"https:\/\/aschaffenburgzweinull.stadtarchiv-digital.de\/#website","url":"https:\/\/aschaffenburgzweinull.stadtarchiv-digital.de\/","name":"Aschaffenburg","description":"2.0","potentialAction":[{"@type":"SearchAction","target":{"@type":"EntryPoint","urlTemplate":"https:\/\/aschaffenburgzweinull.stadtarchiv-digital.de\/?s={search_term_string}"},"query-input":{"@type":"PropertyValueSpecification","valueRequired":true,"valueName":"search_term_string"}}],"inLanguage":"de"},{"@type":"Person","@id":"https:\/\/aschaffenburgzweinull.stadtarchiv-digital.de\/#\/schema\/person\/623b5f64fcece9c2626f6e2a3c60aa96","name":"K.M.","url":"https:\/\/aschaffenburgzweinull.stadtarchiv-digital.de\/author\/k-m\/"}]}},"_links":{"self":[{"href":"https:\/\/aschaffenburgzweinull.stadtarchiv-digital.de\/data\/wp\/v2\/posts\/781","targetHints":{"allow":["GET"]}}],"collection":[{"href":"https:\/\/aschaffenburgzweinull.stadtarchiv-digital.de\/data\/wp\/v2\/posts"}],"about":[{"href":"https:\/\/aschaffenburgzweinull.stadtarchiv-digital.de\/data\/wp\/v2\/types\/post"}],"author":[{"embeddable":true,"href":"https:\/\/aschaffenburgzweinull.stadtarchiv-digital.de\/data\/wp\/v2\/users\/39"}],"replies":[{"embeddable":true,"href":"https:\/\/aschaffenburgzweinull.stadtarchiv-digital.de\/data\/wp\/v2\/comments?post=781"}],"version-history":[{"count":8,"href":"https:\/\/aschaffenburgzweinull.stadtarchiv-digital.de\/data\/wp\/v2\/posts\/781\/revisions"}],"predecessor-version":[{"id":3270,"href":"https:\/\/aschaffenburgzweinull.stadtarchiv-digital.de\/data\/wp\/v2\/posts\/781\/revisions\/3270"}],"wp:attachment":[{"href":"https:\/\/aschaffenburgzweinull.stadtarchiv-digital.de\/data\/wp\/v2\/media?parent=781"}],"wp:term":[{"taxonomy":"category","embeddable":true,"href":"https:\/\/aschaffenburgzweinull.stadtarchiv-digital.de\/data\/wp\/v2\/categories?post=781"},{"taxonomy":"post_tag","embeddable":true,"href":"https:\/\/aschaffenburgzweinull.stadtarchiv-digital.de\/data\/wp\/v2\/tags?post=781"},{"taxonomy":"format","embeddable":true,"href":"https:\/\/aschaffenburgzweinull.stadtarchiv-digital.de\/data\/wp\/v2\/post-format?post=781"},{"taxonomy":"content","embeddable":true,"href":"https:\/\/aschaffenburgzweinull.stadtarchiv-digital.de\/data\/wp\/v2\/post-content?post=781"}],"curies":[{"name":"wp","href":"https:\/\/api.w.org\/{rel}","templated":true}]}}