{"id":7570,"date":"2023-06-07T11:43:52","date_gmt":"2023-06-07T09:43:52","guid":{"rendered":"https:\/\/aschaffenburgzweinull.stadtarchiv-digital.de\/?p=7570"},"modified":"2023-06-19T12:13:59","modified_gmt":"2023-06-19T10:13:59","slug":"dossier-joseph-victor-von-scheffel","status":"publish","type":"post","link":"https:\/\/aschaffenburgzweinull.stadtarchiv-digital.de\/dossier-joseph-victor-von-scheffel\/","title":{"rendered":"Dossier Joseph Victor von Scheffel"},"content":{"rendered":"<p>Scheffelstra\u00dfe (Damm), benannt 1920 nach<\/p>\n<p><strong>Joseph Victor von Scheffel (1826 \u2013 1886)<\/strong><\/p>\n<p>Jurist, Schriftsteller und Dichter, Texter des \u201eFrankenlieds\u201c<\/p>\n<ul>\n<li>* 16. Februar 1826 in Karlsruhe<\/li>\n<li>Besuch des Karlsruher Lyzeums<\/li>\n<li>1843\u20131847 Studium der Rechtswissenschaften (sowie der germanischen Philologie, Literatur, Kunstgeschichte und Geschichte) in M\u00fcnchen, Heidelberg und Berlin<\/li>\n<li>Ab 1844 Mitglied verschiedener Burschenschaften in Heidelberg und Berlin<\/li>\n<li>1845 Ver\u00f6ffentlichung erster Gedichte<\/li>\n<li>1848 Teilnahme an der Nationalversammlung in Frankfurt am Main (als Begleiter des badischen Bundesgesandten Carl Theodor Welcker)<\/li>\n<li>1848 Staatsexamen (Rechtswissenschaften)<\/li>\n<li>1848 Redakteur der (kurzzeitig) in Karlsruhe erscheinenden \u201eVaterl\u00e4ndischen Bl\u00e4tter\u201c<\/li>\n<li>1849 Promotion \u201eNatur und Bedeutung des Surrogats nach r\u00f6m. und franz. Recht\u201c<\/li>\n<li>1850\/51 Dienstrevisor in S\u00e4ckingen; erste Reiseessays<\/li>\n<li>1851\/52 Sekret\u00e4r am Hofgericht in Bruchsal<\/li>\n<li>1852 Studienreise nach Italien<\/li>\n<li>1853\/54 Gedicht \u201eDer Trompeter von S\u00e4ckingen. Ein Sang vom Oberrhein\u201c<\/li>\n<li>1855 Historischer Roman \u201eEkkehard. Eine Geschichte aus dem 10. Jahrhundert\u201c sowie weitere Italienreise mit dem Maler Anselm Feuerbach<\/li>\n<li>1856 Aufenthalt in M\u00fcnchen, anschlie\u00dfend auf der Wartburg<\/li>\n<li>1857\u20131859 Bibliothekar der F\u00fcrstenbergischen Hofbibliothek in Donaueschingen<\/li>\n<li>1859 \u201eFrankenlied\u201c, Niederlassen in Karlsruhe<\/li>\n<li>1860\u20131863 Stationen am Chiemsee, im Salzkammergut und in verschiedenen B\u00e4dern<\/li>\n<li>Ab 1863 Zusammenarbeit mit dem Maler Anton von Werner<\/li>\n<li>1864 Hochzeit mit Karoline von Malsen<\/li>\n<li>1864\u20131873 wohnhaft in Karlsruhe, zwischenzeitlich in Seon (Schweiz, 1864\/65)<\/li>\n<li>1866 Erz\u00e4hlung \u201eJuniperus. Geschichte eines Kreuzfahrers\u201c<\/li>\n<li>1868 Liedersammlung \u201eGaudeamus. Lieder aus dem Engeren und Weiteren\u201c<\/li>\n<li>1873\u20131876 wohnhaft abwechselnd in Karlsruhe und Mettnau bei Radolfzell<\/li>\n<li>1876 Erweiterung des Grundbesitzes in Mettnau und Umzug an den Bodensee; letzte Lebensjahre zur\u00fcckgezogen, durch fortschreitende Gehirnerkrankung behindert, in seiner Villa bei Radolfzell<\/li>\n<li>1885\/86 vorr\u00fcbergehend in Heidelberg<\/li>\n<li>\u2020 9. April 1886 in Karlsruhe<\/li>\n<\/ul>\n<p><em>Ehrungen:<\/em><\/p>\n<ul>\n<li>Ehrenb\u00fcrger von S\u00e4ckingen (1875), Radolfzell (1876) und Heidelberg (1886)<\/li>\n<li>Der 1924 gegr\u00fcndete Scheffelbund ist die gr\u00f6\u00dfte literarische Vereinigung in Deutschland; seit 1928 Verleihung des \u201eScheffelpreises\u201c (f\u00fcr das beste Abitur in Deutsch) an Hunderten Gymnasien<\/li>\n<li>Scheffel-Museen in Karlsruhe (seit 1926, mit Archiv) und in Radolfzell (seit 1928)<\/li>\n<li>Zahlreiche Stra\u00dfennamen, Denkm\u00e4ler und Denkplaketten, Benennungen von Schulen<\/li>\n<\/ul>\n<p><strong>Nationalistischer Dichter?<\/strong><\/p>\n<p>Joseph Victor von Scheffel war im letzten Drittel des 19. Jahrhunderts \u201eeiner der meistgelesenen Autoren\u201c.<a href=\"#_ftn1\" name=\"_ftnref1\">[1]<\/a> Seine Dichtung \u201eDer Trompeter von S\u00e4ckingen. Ein Sang vom Oberrhein\u201c (ver\u00f6ffentlicht 1854) sowie der historische Roman \u201eEkkehard. Eine Geschichte aus dem 10. Jahrhundert\u201c (1855) begr\u00fcndeten seinen Ruhm im deutschsprachigen Raum, wobei die massenhafte Rezeption erst um 1870 einsetzte.<a href=\"#_ftn2\" name=\"_ftnref2\">[2]<\/a> Mit seinem vertonten Text \u201eDie Wanderfahrt\u201c, heute meist \u201eLied der Franken\u201c genannt, ist er bis in die Gegenwart zwischen Main und Donau pr\u00e4sent; \u201edie Franken betrachten es als ihre \u201aheimliche Nationalhymne\u2018\u201c.<a href=\"#_ftn3\" name=\"_ftnref3\">[3]<\/a> Der 1924 ihm zu Ehren gegr\u00fcndete Scheffelbund gilt als die gr\u00f6\u00dfte literarische Vereinigung in Deutschland.<\/p>\n<p>\u201eAls Burschenschaftler beteiligte er sich an den nationalliberalen Bestrebungen und f\u00fchlte sich von einem gro\u00dfdeutschen Standpunkt aus f\u00fcr sein deutsches Vaterland verantwortlich\u201c, konstatiert Helge Dvorak im Biographischen Lexikon der Deutschen Burschenschaft.<a href=\"#_ftn4\" name=\"_ftnref4\">[4]<\/a> In die Kritik aus heutiger Perspektive geriet der Schriftsteller aufgrund der national \u00fcberh\u00f6henden Motive in seiner Dichtung. Bei der Gegen\u00fcberstellung des deutschen Nationalcharakters mit den Repr\u00e4sentanten klassischer europ\u00e4ischer Geisteskultur stellte er letztere in der Regel in schlechterem Licht dar. Als Beispiel hierf\u00fcr herangezogen wird etwa ein popul\u00e4res Gedicht aus dem \u201eTrompeter von S\u00e4ckingen\u201c:<\/p>\n<p>R\u00f6misch Recht, gedenk ich deiner,<\/p>\n<p>Liegt\u2018s wie Alpdruck auf dem Herzen,<\/p>\n<p>Liegt\u2019s wie M\u00fchlstein mir im Magen,<\/p>\n<p>Ist der Kopf wie brettvernagelt!<\/p>\n<p>Hier kl\u00e4nge, so die Kritik, \u201ebereits deutlich die im 20. Jahrhundert verh\u00e4ngnisvolle bewusste Abwendung der Deutschen von der europ\u00e4ischen Geisteshaltung\u201c<a href=\"#_ftn5\" name=\"_ftnref5\">[5]<\/a> an. Auch f\u00fcr die \u201eVerbr\u00e4mung und Rechtfertigung der intellektuellen Verweigerung mit Blut- und Boden-Motiven\u201c<a href=\"#_ftn6\" name=\"_ftnref6\">[6]<\/a> wird aus dem \u201eTrompeter von S\u00e4ckingen\u201c zitiert:<\/p>\n<p>Sind verdammt wir immerdar, den<\/p>\n<p>Gro\u00dfen Knochen zu benagen,<\/p>\n<p>den als Abfall ihres Mahles<\/p>\n<p>uns die R\u00f6mer hingeworfen?<\/p>\n<p>Soll nicht aus der deutschen Erde<\/p>\n<p>Eignen Rechtes Blum\u2019 entsprossen,<\/p>\n<p>Waldes duftig, schlicht, kein \u00fcppig<\/p>\n<p>Wuchernd Schlinggew\u00e4chs des S\u00fcdens?<\/p>\n<p>Traurig Los der Epigonen!<\/p>\n<p>M\u00fcssen sitzen, m\u00fcssen schwitzen,<\/p>\n<p>Hin und her die F\u00e4den zerren,<\/p>\n<p>eines w\u00fcstverschlungnen Kn\u00e4uels,<\/p>\n<p>Gibt\u2019s kein Schwert und andre L\u00f6sung?<\/p>\n<p>National \u00fcberh\u00f6hende Motive (deutscher Wald, deutsche Erde, germanisches Erbe) tauchen in seiner Dichtung auf. Es lie\u00dfen sich in der Durchsicht der Literatur aber keine \u00c4u\u00dferungen auffinden, die den Kriterien des Fachbeirats entsprechend besonders diskussionsw\u00fcrdig erschienen. Verehrung und \u00c4chtung Joseph Victor von Scheffels bezog sich vielmehr auf \u00e4sthetische Kategorien;<a href=\"#_ftn7\" name=\"_ftnref7\">[7]<\/a> politische Inhalte seiner Dichtung seien nur \u201emit M\u00fche aus historischen oder exotischen Motiven zu entschl\u00fcsseln\u201c.<a href=\"#_ftn8\" name=\"_ftnref8\">[8]<\/a> Wenn etwa G\u00fcnther Mahal vorschl\u00e4gt, \u201ewir t\u00e4ten gut daran, das XIX. Jahrhundert nicht mit den Messlatten des XX. zu bewerten und dann gleich zu verwerfen\u201c,<a href=\"#_ftn9\" name=\"_ftnref9\">[9]<\/a> bezieht er sich auf den verbreiteten Vorwurf der Trivialit\u00e4t an die Dichtung Joseph Victor von Scheffels.<\/p>\n<p>&nbsp;<\/p>\n<p><strong>Literatur:<\/strong><\/p>\n<ul>\n<li>Berschin, Walter\/Wunderlich, Werner (Hrsg.): Joseph Victor von Scheffel (1826\u20131886). Ein deutscher Poet \u2013 gefeiert und geschm\u00e4ht. Ostfildern 2003.<\/li>\n<li>Dvorak, Helge: Biographisches Lexikon der Deutschen Burschenschaft, Bd. 2. K\u00fcnstler. Heidelberg 2018, S. 600\u2013605.<\/li>\n<li>Mahal, G\u00fcnther: Joseph Viktor von Scheffel. Versuch einer Revision. Karlsruhe 1986.<\/li>\n<li>Mahal, G\u00fcnther: Erinnerungen an einen Vergessenen. In: Berschin, Walter\/Wunderlich, Werner (Hrsg.): Joseph Victor von Scheffel (1826\u20131886). Ein deutscher Poet \u2013 gefeiert und geschm\u00e4ht. Ostfildern 2003, S. 11\u201321.<\/li>\n<li>Schmidt-Bergmann, Hansgeorg: Scheffel, Joseph Victor von. In: NDB 22, Berlin 2005, S.\u00a0610\u2013612.<\/li>\n<li>Selbmann, Rolf: Dichterberuf im b\u00fcrgerlichen Zeitalter. Joseph Viktor von Scheffel und seine Literatur. Heidelberg 1982.<\/li>\n<\/ul>\n<p>&nbsp;<\/p>\n<ul>\n<li><a href=\"#_ftnref1\" name=\"_ftn1\">[1]<\/a> Schmidt-Bergmann, S. 611.<\/li>\n<li><a href=\"#_ftnref2\" name=\"_ftn2\">[2]<\/a> Siehe hierzu auch die Beitr\u00e4ge in Berschin\/Wunderlich.<\/li>\n<li><a href=\"#_ftnref3\" name=\"_ftn3\">[3]<\/a> Biographisches Lexikon der Deutschen Burschenschaft, S. 603.<\/li>\n<li><a href=\"#_ftnref4\" name=\"_ftn4\">[4]<\/a> Biographisches Lexikon der Deutschen Burschenschaft, S. 601.<\/li>\n<li><a href=\"#_ftnref5\" name=\"_ftn5\">[5]<\/a> Biographisches Lexikon der Deutschen Burschenschaft, S. 603.<\/li>\n<li><a href=\"#_ftnref6\" name=\"_ftn6\">[6]<\/a> Biographisches Lexikon der Deutschen Burschenschaft, S. 603.<\/li>\n<li><a href=\"#_ftnref7\" name=\"_ftn7\">[7]<\/a> Siehe hierzu ausf\u00fchrlich Mahal 1986.<\/li>\n<li><a href=\"#_ftnref8\" name=\"_ftn8\">[8]<\/a> Selbmann, S. 107.<\/li>\n<li><a href=\"#_ftnref9\" name=\"_ftn9\">[9]<\/a> Mahal 2003, S. 20.<\/li>\n<\/ul>\n","protected":false},"excerpt":{"rendered":"<p>Scheffelstra\u00dfe (Damm), benannt 1920 nach Joseph Victor von Scheffel (1826 \u2013 1886) Jurist, Schriftsteller und Dichter, Texter des \u201eFrankenlieds\u201c * 16. Februar 1826 in Karlsruhe Besuch des Karlsruher Lyzeums 1843\u20131847 [&hellip;]<\/p>\n","protected":false},"author":72,"featured_media":0,"comment_status":"open","ping_status":"open","sticky":false,"template":"","format":"standard","meta":{"_acf_changed":false,"footnotes":""},"categories":[1,953],"tags":[145],"post-format":[],"post-content":[],"class_list":["post-7570","post","type-post","status-publish","format-standard","hentry","category-bildung","category-strassennamen","tag-strassennamen","project-strassennamen-in-aschaffenburg"],"acf":[],"yoast_head":"<!-- This site is optimized with the Yoast SEO plugin v27.4 - https:\/\/yoast.com\/product\/yoast-seo-wordpress\/ -->\n<title>Dossier Joseph Victor von Scheffel - Aschaffenburg<\/title>\n<meta name=\"robots\" content=\"index, follow, max-snippet:-1, max-image-preview:large, max-video-preview:-1\" \/>\n<link rel=\"canonical\" href=\"https:\/\/aschaffenburgzweinull.stadtarchiv-digital.de\/dossier-joseph-victor-von-scheffel\/\" \/>\n<meta property=\"og:locale\" content=\"de_DE\" \/>\n<meta property=\"og:type\" content=\"article\" \/>\n<meta property=\"og:title\" content=\"Dossier Joseph Victor von Scheffel - Aschaffenburg\" \/>\n<meta property=\"og:description\" content=\"Scheffelstra\u00dfe (Damm), benannt 1920 nach Joseph Victor von Scheffel (1826 \u2013 1886) Jurist, Schriftsteller und Dichter, Texter des \u201eFrankenlieds\u201c * 16. Februar 1826 in Karlsruhe Besuch des Karlsruher Lyzeums 1843\u20131847 [&hellip;]\" \/>\n<meta property=\"og:url\" content=\"https:\/\/aschaffenburgzweinull.stadtarchiv-digital.de\/dossier-joseph-victor-von-scheffel\/\" \/>\n<meta property=\"og:site_name\" content=\"Aschaffenburg\" \/>\n<meta property=\"article:published_time\" content=\"2023-06-07T09:43:52+00:00\" \/>\n<meta property=\"article:modified_time\" content=\"2023-06-19T10:13:59+00:00\" \/>\n<meta property=\"og:image\" content=\"https:\/\/aschaffenburgzweinull.stadtarchiv-digital.de\/wp-content\/uploads\/2020\/07\/Logo-Stadtarchiv-Aschaffenburg.png\" \/>\n\t<meta property=\"og:image:width\" content=\"379\" \/>\n\t<meta property=\"og:image:height\" content=\"70\" \/>\n\t<meta property=\"og:image:type\" content=\"image\/png\" \/>\n<meta name=\"author\" content=\"B\u00fcro f\u00fcr Erinnerungskultur\" \/>\n<meta name=\"twitter:card\" content=\"summary_large_image\" \/>\n<meta name=\"twitter:label1\" content=\"Verfasst von\" \/>\n\t<meta name=\"twitter:data1\" content=\"B\u00fcro f\u00fcr Erinnerungskultur\" \/>\n\t<meta name=\"twitter:label2\" content=\"Gesch\u00e4tzte Lesezeit\" \/>\n\t<meta name=\"twitter:data2\" content=\"5\u00a0Minuten\" \/>\n<script type=\"application\/ld+json\" class=\"yoast-schema-graph\">{\"@context\":\"https:\\\/\\\/schema.org\",\"@graph\":[{\"@type\":\"Article\",\"@id\":\"https:\\\/\\\/aschaffenburgzweinull.stadtarchiv-digital.de\\\/dossier-joseph-victor-von-scheffel\\\/#article\",\"isPartOf\":{\"@id\":\"https:\\\/\\\/aschaffenburgzweinull.stadtarchiv-digital.de\\\/dossier-joseph-victor-von-scheffel\\\/\"},\"author\":{\"name\":\"B\u00fcro f\u00fcr Erinnerungskultur\",\"@id\":\"https:\\\/\\\/aschaffenburgzweinull.stadtarchiv-digital.de\\\/#\\\/schema\\\/person\\\/f8d8ea4f39ce4a51c3617eadf9170a24\"},\"headline\":\"Dossier Joseph Victor von Scheffel\",\"datePublished\":\"2023-06-07T09:43:52+00:00\",\"dateModified\":\"2023-06-19T10:13:59+00:00\",\"mainEntityOfPage\":{\"@id\":\"https:\\\/\\\/aschaffenburgzweinull.stadtarchiv-digital.de\\\/dossier-joseph-victor-von-scheffel\\\/\"},\"wordCount\":885,\"commentCount\":0,\"keywords\":[\"Stra\u00dfennamen\"],\"articleSection\":[\"Bildung\",\"Stra\u00dfennamen\"],\"inLanguage\":\"de\",\"potentialAction\":[{\"@type\":\"CommentAction\",\"name\":\"Comment\",\"target\":[\"https:\\\/\\\/aschaffenburgzweinull.stadtarchiv-digital.de\\\/dossier-joseph-victor-von-scheffel\\\/#respond\"]}]},{\"@type\":\"WebPage\",\"@id\":\"https:\\\/\\\/aschaffenburgzweinull.stadtarchiv-digital.de\\\/dossier-joseph-victor-von-scheffel\\\/\",\"url\":\"https:\\\/\\\/aschaffenburgzweinull.stadtarchiv-digital.de\\\/dossier-joseph-victor-von-scheffel\\\/\",\"name\":\"Dossier Joseph Victor von Scheffel - Aschaffenburg\",\"isPartOf\":{\"@id\":\"https:\\\/\\\/aschaffenburgzweinull.stadtarchiv-digital.de\\\/#website\"},\"datePublished\":\"2023-06-07T09:43:52+00:00\",\"dateModified\":\"2023-06-19T10:13:59+00:00\",\"author\":{\"@id\":\"https:\\\/\\\/aschaffenburgzweinull.stadtarchiv-digital.de\\\/#\\\/schema\\\/person\\\/f8d8ea4f39ce4a51c3617eadf9170a24\"},\"breadcrumb\":{\"@id\":\"https:\\\/\\\/aschaffenburgzweinull.stadtarchiv-digital.de\\\/dossier-joseph-victor-von-scheffel\\\/#breadcrumb\"},\"inLanguage\":\"de\",\"potentialAction\":[{\"@type\":\"ReadAction\",\"target\":[\"https:\\\/\\\/aschaffenburgzweinull.stadtarchiv-digital.de\\\/dossier-joseph-victor-von-scheffel\\\/\"]}]},{\"@type\":\"BreadcrumbList\",\"@id\":\"https:\\\/\\\/aschaffenburgzweinull.stadtarchiv-digital.de\\\/dossier-joseph-victor-von-scheffel\\\/#breadcrumb\",\"itemListElement\":[{\"@type\":\"ListItem\",\"position\":1,\"name\":\"Startseite\",\"item\":\"https:\\\/\\\/aschaffenburgzweinull.stadtarchiv-digital.de\\\/\"},{\"@type\":\"ListItem\",\"position\":2,\"name\":\"Dossier Joseph Victor von Scheffel\"}]},{\"@type\":\"WebSite\",\"@id\":\"https:\\\/\\\/aschaffenburgzweinull.stadtarchiv-digital.de\\\/#website\",\"url\":\"https:\\\/\\\/aschaffenburgzweinull.stadtarchiv-digital.de\\\/\",\"name\":\"Aschaffenburg\",\"description\":\"2.0\",\"potentialAction\":[{\"@type\":\"SearchAction\",\"target\":{\"@type\":\"EntryPoint\",\"urlTemplate\":\"https:\\\/\\\/aschaffenburgzweinull.stadtarchiv-digital.de\\\/?s={search_term_string}\"},\"query-input\":{\"@type\":\"PropertyValueSpecification\",\"valueRequired\":true,\"valueName\":\"search_term_string\"}}],\"inLanguage\":\"de\"},{\"@type\":\"Person\",\"@id\":\"https:\\\/\\\/aschaffenburgzweinull.stadtarchiv-digital.de\\\/#\\\/schema\\\/person\\\/f8d8ea4f39ce4a51c3617eadf9170a24\",\"name\":\"B\u00fcro f\u00fcr Erinnerungskultur\",\"url\":\"https:\\\/\\\/aschaffenburgzweinull.stadtarchiv-digital.de\\\/author\\\/hahn\\\/\"}]}<\/script>\n<!-- \/ Yoast SEO plugin. -->","yoast_head_json":{"title":"Dossier Joseph Victor von Scheffel - Aschaffenburg","robots":{"index":"index","follow":"follow","max-snippet":"max-snippet:-1","max-image-preview":"max-image-preview:large","max-video-preview":"max-video-preview:-1"},"canonical":"https:\/\/aschaffenburgzweinull.stadtarchiv-digital.de\/dossier-joseph-victor-von-scheffel\/","og_locale":"de_DE","og_type":"article","og_title":"Dossier Joseph Victor von Scheffel - Aschaffenburg","og_description":"Scheffelstra\u00dfe (Damm), benannt 1920 nach Joseph Victor von Scheffel (1826 \u2013 1886) Jurist, Schriftsteller und Dichter, Texter des \u201eFrankenlieds\u201c * 16. Februar 1826 in Karlsruhe Besuch des Karlsruher Lyzeums 1843\u20131847 [&hellip;]","og_url":"https:\/\/aschaffenburgzweinull.stadtarchiv-digital.de\/dossier-joseph-victor-von-scheffel\/","og_site_name":"Aschaffenburg","article_published_time":"2023-06-07T09:43:52+00:00","article_modified_time":"2023-06-19T10:13:59+00:00","og_image":[{"width":379,"height":70,"url":"https:\/\/aschaffenburgzweinull.stadtarchiv-digital.de\/wp-content\/uploads\/2020\/07\/Logo-Stadtarchiv-Aschaffenburg.png","type":"image\/png"}],"author":"B\u00fcro f\u00fcr Erinnerungskultur","twitter_card":"summary_large_image","twitter_misc":{"Verfasst von":"B\u00fcro f\u00fcr Erinnerungskultur","Gesch\u00e4tzte Lesezeit":"5\u00a0Minuten"},"schema":{"@context":"https:\/\/schema.org","@graph":[{"@type":"Article","@id":"https:\/\/aschaffenburgzweinull.stadtarchiv-digital.de\/dossier-joseph-victor-von-scheffel\/#article","isPartOf":{"@id":"https:\/\/aschaffenburgzweinull.stadtarchiv-digital.de\/dossier-joseph-victor-von-scheffel\/"},"author":{"name":"B\u00fcro f\u00fcr Erinnerungskultur","@id":"https:\/\/aschaffenburgzweinull.stadtarchiv-digital.de\/#\/schema\/person\/f8d8ea4f39ce4a51c3617eadf9170a24"},"headline":"Dossier Joseph Victor von Scheffel","datePublished":"2023-06-07T09:43:52+00:00","dateModified":"2023-06-19T10:13:59+00:00","mainEntityOfPage":{"@id":"https:\/\/aschaffenburgzweinull.stadtarchiv-digital.de\/dossier-joseph-victor-von-scheffel\/"},"wordCount":885,"commentCount":0,"keywords":["Stra\u00dfennamen"],"articleSection":["Bildung","Stra\u00dfennamen"],"inLanguage":"de","potentialAction":[{"@type":"CommentAction","name":"Comment","target":["https:\/\/aschaffenburgzweinull.stadtarchiv-digital.de\/dossier-joseph-victor-von-scheffel\/#respond"]}]},{"@type":"WebPage","@id":"https:\/\/aschaffenburgzweinull.stadtarchiv-digital.de\/dossier-joseph-victor-von-scheffel\/","url":"https:\/\/aschaffenburgzweinull.stadtarchiv-digital.de\/dossier-joseph-victor-von-scheffel\/","name":"Dossier Joseph Victor von Scheffel - Aschaffenburg","isPartOf":{"@id":"https:\/\/aschaffenburgzweinull.stadtarchiv-digital.de\/#website"},"datePublished":"2023-06-07T09:43:52+00:00","dateModified":"2023-06-19T10:13:59+00:00","author":{"@id":"https:\/\/aschaffenburgzweinull.stadtarchiv-digital.de\/#\/schema\/person\/f8d8ea4f39ce4a51c3617eadf9170a24"},"breadcrumb":{"@id":"https:\/\/aschaffenburgzweinull.stadtarchiv-digital.de\/dossier-joseph-victor-von-scheffel\/#breadcrumb"},"inLanguage":"de","potentialAction":[{"@type":"ReadAction","target":["https:\/\/aschaffenburgzweinull.stadtarchiv-digital.de\/dossier-joseph-victor-von-scheffel\/"]}]},{"@type":"BreadcrumbList","@id":"https:\/\/aschaffenburgzweinull.stadtarchiv-digital.de\/dossier-joseph-victor-von-scheffel\/#breadcrumb","itemListElement":[{"@type":"ListItem","position":1,"name":"Startseite","item":"https:\/\/aschaffenburgzweinull.stadtarchiv-digital.de\/"},{"@type":"ListItem","position":2,"name":"Dossier Joseph Victor von Scheffel"}]},{"@type":"WebSite","@id":"https:\/\/aschaffenburgzweinull.stadtarchiv-digital.de\/#website","url":"https:\/\/aschaffenburgzweinull.stadtarchiv-digital.de\/","name":"Aschaffenburg","description":"2.0","potentialAction":[{"@type":"SearchAction","target":{"@type":"EntryPoint","urlTemplate":"https:\/\/aschaffenburgzweinull.stadtarchiv-digital.de\/?s={search_term_string}"},"query-input":{"@type":"PropertyValueSpecification","valueRequired":true,"valueName":"search_term_string"}}],"inLanguage":"de"},{"@type":"Person","@id":"https:\/\/aschaffenburgzweinull.stadtarchiv-digital.de\/#\/schema\/person\/f8d8ea4f39ce4a51c3617eadf9170a24","name":"B\u00fcro f\u00fcr Erinnerungskultur","url":"https:\/\/aschaffenburgzweinull.stadtarchiv-digital.de\/author\/hahn\/"}]}},"_links":{"self":[{"href":"https:\/\/aschaffenburgzweinull.stadtarchiv-digital.de\/data\/wp\/v2\/posts\/7570","targetHints":{"allow":["GET"]}}],"collection":[{"href":"https:\/\/aschaffenburgzweinull.stadtarchiv-digital.de\/data\/wp\/v2\/posts"}],"about":[{"href":"https:\/\/aschaffenburgzweinull.stadtarchiv-digital.de\/data\/wp\/v2\/types\/post"}],"author":[{"embeddable":true,"href":"https:\/\/aschaffenburgzweinull.stadtarchiv-digital.de\/data\/wp\/v2\/users\/72"}],"replies":[{"embeddable":true,"href":"https:\/\/aschaffenburgzweinull.stadtarchiv-digital.de\/data\/wp\/v2\/comments?post=7570"}],"version-history":[{"count":2,"href":"https:\/\/aschaffenburgzweinull.stadtarchiv-digital.de\/data\/wp\/v2\/posts\/7570\/revisions"}],"predecessor-version":[{"id":7836,"href":"https:\/\/aschaffenburgzweinull.stadtarchiv-digital.de\/data\/wp\/v2\/posts\/7570\/revisions\/7836"}],"wp:attachment":[{"href":"https:\/\/aschaffenburgzweinull.stadtarchiv-digital.de\/data\/wp\/v2\/media?parent=7570"}],"wp:term":[{"taxonomy":"category","embeddable":true,"href":"https:\/\/aschaffenburgzweinull.stadtarchiv-digital.de\/data\/wp\/v2\/categories?post=7570"},{"taxonomy":"post_tag","embeddable":true,"href":"https:\/\/aschaffenburgzweinull.stadtarchiv-digital.de\/data\/wp\/v2\/tags?post=7570"},{"taxonomy":"format","embeddable":true,"href":"https:\/\/aschaffenburgzweinull.stadtarchiv-digital.de\/data\/wp\/v2\/post-format?post=7570"},{"taxonomy":"content","embeddable":true,"href":"https:\/\/aschaffenburgzweinull.stadtarchiv-digital.de\/data\/wp\/v2\/post-content?post=7570"}],"curies":[{"name":"wp","href":"https:\/\/api.w.org\/{rel}","templated":true}]}}