{"id":753,"date":"2020-10-13T10:38:30","date_gmt":"2020-10-13T08:38:30","guid":{"rendered":"https:\/\/aschaffenburgzweinull.stadtarchiv-digital.de\/?p=753"},"modified":"2022-01-19T22:17:31","modified_gmt":"2022-01-19T21:17:31","slug":"fasching-in-den-1960er-jahren","status":"publish","type":"post","link":"https:\/\/aschaffenburgzweinull.stadtarchiv-digital.de\/fasching-in-den-1960er-jahren\/","title":{"rendered":"Fasching in den 1960er Jahren"},"content":{"rendered":"<p>Der H\u00f6hepunkt der Faschingszeit in den 1960er Jahren war f\u00fcr uns Kinder nicht nur der Faschingszug am Faschingssonntag, sondern auch und vor allem der Faschingsdienstag. Denn nachmittags wurde die Herschelgass, die damals noch keine Fu\u00dfg\u00e4ngerzone, sondern eine verkehrsreiche Stra\u00dfe war, f\u00fcr den Verkehr gesperrt. Das war ein Ereignis! Denn nun konnten all die kleinen Narren, verkleidet als Indianer, Cowboy, Prinzessin, Rotk\u00e4ppchen usw. die Herschelgass rauf und runter rennen. Man fasste sich an den H\u00e4nden und zog in langen Schlangen auf der sonst den Autos vorbehaltenen Stra\u00dfe, w\u00e4hrend aus Lautsprechern Faschingsmusik ert\u00f6nte. Erhitzt und gl\u00fccklich lief man abends nach Hause und wusste schon, dass man im n\u00e4chsten Jahr unbedingt wieder dabei sein wollte.<\/p>\n","protected":false},"excerpt":{"rendered":"<p>Der H\u00f6hepunkt der Faschingszeit in den 1960er Jahren war f\u00fcr uns Kinder nicht nur der Faschingszug am Faschingssonntag, sondern auch und vor allem der Faschingsdienstag. Denn nachmittags wurde die Herschelgass, [&hellip;]<\/p>\n","protected":false},"author":33,"featured_media":0,"comment_status":"open","ping_status":"open","sticky":false,"template":"","format":"standard","meta":{"_acf_changed":false,"footnotes":""},"categories":[41,42,39],"tags":[49,61,28],"post-format":[44],"post-content":[67],"class_list":["post-753","post","type-post","status-publish","format-standard","hentry","category-leben","category-persoenliches","category-kultur","tag-kindheit","tag-fasching","tag-umzug","format-beobachtung","content-text","project-stadtarchiv"],"acf":[],"yoast_head":"<!-- This site is optimized with the Yoast SEO plugin v27.4 - https:\/\/yoast.com\/product\/yoast-seo-wordpress\/ -->\n<title>Fasching in den 1960er Jahren - Aschaffenburg<\/title>\n<meta name=\"robots\" content=\"index, follow, max-snippet:-1, max-image-preview:large, max-video-preview:-1\" \/>\n<link rel=\"canonical\" href=\"https:\/\/aschaffenburgzweinull.stadtarchiv-digital.de\/fasching-in-den-1960er-jahren\/\" \/>\n<meta property=\"og:locale\" content=\"de_DE\" \/>\n<meta property=\"og:type\" content=\"article\" \/>\n<meta property=\"og:title\" content=\"Fasching in den 1960er Jahren - Aschaffenburg\" \/>\n<meta property=\"og:description\" content=\"Der H\u00f6hepunkt der Faschingszeit in den 1960er Jahren war f\u00fcr uns Kinder nicht nur der Faschingszug am Faschingssonntag, sondern auch und vor allem der Faschingsdienstag. Denn nachmittags wurde die Herschelgass, [&hellip;]\" \/>\n<meta property=\"og:url\" content=\"https:\/\/aschaffenburgzweinull.stadtarchiv-digital.de\/fasching-in-den-1960er-jahren\/\" \/>\n<meta property=\"og:site_name\" content=\"Aschaffenburg\" \/>\n<meta property=\"article:published_time\" content=\"2020-10-13T08:38:30+00:00\" \/>\n<meta property=\"article:modified_time\" content=\"2022-01-19T21:17:31+00:00\" \/>\n<meta property=\"og:image\" content=\"https:\/\/aschaffenburgzweinull.stadtarchiv-digital.de\/wp-content\/uploads\/2020\/07\/Logo-Stadtarchiv-Aschaffenburg.png\" \/>\n\t<meta property=\"og:image:width\" content=\"379\" \/>\n\t<meta property=\"og:image:height\" content=\"70\" \/>\n\t<meta property=\"og:image:type\" content=\"image\/png\" \/>\n<meta name=\"author\" content=\"Monika Spatz\" \/>\n<meta name=\"twitter:card\" content=\"summary_large_image\" \/>\n<meta name=\"twitter:label1\" content=\"Verfasst von\" \/>\n\t<meta name=\"twitter:data1\" content=\"Monika Spatz\" \/>\n\t<meta name=\"twitter:label2\" content=\"Gesch\u00e4tzte Lesezeit\" \/>\n\t<meta name=\"twitter:data2\" content=\"1\u00a0Minute\" \/>\n<script type=\"application\/ld+json\" class=\"yoast-schema-graph\">{\"@context\":\"https:\\\/\\\/schema.org\",\"@graph\":[{\"@type\":\"Article\",\"@id\":\"https:\\\/\\\/aschaffenburgzweinull.stadtarchiv-digital.de\\\/fasching-in-den-1960er-jahren\\\/#article\",\"isPartOf\":{\"@id\":\"https:\\\/\\\/aschaffenburgzweinull.stadtarchiv-digital.de\\\/fasching-in-den-1960er-jahren\\\/\"},\"author\":{\"name\":\"Monika Spatz\",\"@id\":\"https:\\\/\\\/aschaffenburgzweinull.stadtarchiv-digital.de\\\/#\\\/schema\\\/person\\\/deae0c448e78ddc35eaf0f6427020bf2\"},\"headline\":\"Fasching in den 1960er Jahren\",\"datePublished\":\"2020-10-13T08:38:30+00:00\",\"dateModified\":\"2022-01-19T21:17:31+00:00\",\"mainEntityOfPage\":{\"@id\":\"https:\\\/\\\/aschaffenburgzweinull.stadtarchiv-digital.de\\\/fasching-in-den-1960er-jahren\\\/\"},\"wordCount\":130,\"commentCount\":0,\"keywords\":[\"Kindheit\",\"Fasching\",\"Umzug\"],\"articleSection\":[\"Leben\",\"Pers\u00f6nliches\",\"Kultur\"],\"inLanguage\":\"de\",\"potentialAction\":[{\"@type\":\"CommentAction\",\"name\":\"Comment\",\"target\":[\"https:\\\/\\\/aschaffenburgzweinull.stadtarchiv-digital.de\\\/fasching-in-den-1960er-jahren\\\/#respond\"]}]},{\"@type\":\"WebPage\",\"@id\":\"https:\\\/\\\/aschaffenburgzweinull.stadtarchiv-digital.de\\\/fasching-in-den-1960er-jahren\\\/\",\"url\":\"https:\\\/\\\/aschaffenburgzweinull.stadtarchiv-digital.de\\\/fasching-in-den-1960er-jahren\\\/\",\"name\":\"Fasching in den 1960er Jahren - Aschaffenburg\",\"isPartOf\":{\"@id\":\"https:\\\/\\\/aschaffenburgzweinull.stadtarchiv-digital.de\\\/#website\"},\"datePublished\":\"2020-10-13T08:38:30+00:00\",\"dateModified\":\"2022-01-19T21:17:31+00:00\",\"author\":{\"@id\":\"https:\\\/\\\/aschaffenburgzweinull.stadtarchiv-digital.de\\\/#\\\/schema\\\/person\\\/deae0c448e78ddc35eaf0f6427020bf2\"},\"breadcrumb\":{\"@id\":\"https:\\\/\\\/aschaffenburgzweinull.stadtarchiv-digital.de\\\/fasching-in-den-1960er-jahren\\\/#breadcrumb\"},\"inLanguage\":\"de\",\"potentialAction\":[{\"@type\":\"ReadAction\",\"target\":[\"https:\\\/\\\/aschaffenburgzweinull.stadtarchiv-digital.de\\\/fasching-in-den-1960er-jahren\\\/\"]}]},{\"@type\":\"BreadcrumbList\",\"@id\":\"https:\\\/\\\/aschaffenburgzweinull.stadtarchiv-digital.de\\\/fasching-in-den-1960er-jahren\\\/#breadcrumb\",\"itemListElement\":[{\"@type\":\"ListItem\",\"position\":1,\"name\":\"Startseite\",\"item\":\"https:\\\/\\\/aschaffenburgzweinull.stadtarchiv-digital.de\\\/\"},{\"@type\":\"ListItem\",\"position\":2,\"name\":\"Fasching in den 1960er Jahren\"}]},{\"@type\":\"WebSite\",\"@id\":\"https:\\\/\\\/aschaffenburgzweinull.stadtarchiv-digital.de\\\/#website\",\"url\":\"https:\\\/\\\/aschaffenburgzweinull.stadtarchiv-digital.de\\\/\",\"name\":\"Aschaffenburg\",\"description\":\"2.0\",\"potentialAction\":[{\"@type\":\"SearchAction\",\"target\":{\"@type\":\"EntryPoint\",\"urlTemplate\":\"https:\\\/\\\/aschaffenburgzweinull.stadtarchiv-digital.de\\\/?s={search_term_string}\"},\"query-input\":{\"@type\":\"PropertyValueSpecification\",\"valueRequired\":true,\"valueName\":\"search_term_string\"}}],\"inLanguage\":\"de\"},{\"@type\":\"Person\",\"@id\":\"https:\\\/\\\/aschaffenburgzweinull.stadtarchiv-digital.de\\\/#\\\/schema\\\/person\\\/deae0c448e78ddc35eaf0f6427020bf2\",\"name\":\"Monika Spatz\",\"url\":\"https:\\\/\\\/aschaffenburgzweinull.stadtarchiv-digital.de\\\/author\\\/monika-spatz\\\/\"}]}<\/script>\n<!-- \/ Yoast SEO plugin. -->","yoast_head_json":{"title":"Fasching in den 1960er Jahren - Aschaffenburg","robots":{"index":"index","follow":"follow","max-snippet":"max-snippet:-1","max-image-preview":"max-image-preview:large","max-video-preview":"max-video-preview:-1"},"canonical":"https:\/\/aschaffenburgzweinull.stadtarchiv-digital.de\/fasching-in-den-1960er-jahren\/","og_locale":"de_DE","og_type":"article","og_title":"Fasching in den 1960er Jahren - Aschaffenburg","og_description":"Der H\u00f6hepunkt der Faschingszeit in den 1960er Jahren war f\u00fcr uns Kinder nicht nur der Faschingszug am Faschingssonntag, sondern auch und vor allem der Faschingsdienstag. Denn nachmittags wurde die Herschelgass, [&hellip;]","og_url":"https:\/\/aschaffenburgzweinull.stadtarchiv-digital.de\/fasching-in-den-1960er-jahren\/","og_site_name":"Aschaffenburg","article_published_time":"2020-10-13T08:38:30+00:00","article_modified_time":"2022-01-19T21:17:31+00:00","og_image":[{"width":379,"height":70,"url":"https:\/\/aschaffenburgzweinull.stadtarchiv-digital.de\/wp-content\/uploads\/2020\/07\/Logo-Stadtarchiv-Aschaffenburg.png","type":"image\/png"}],"author":"Monika Spatz","twitter_card":"summary_large_image","twitter_misc":{"Verfasst von":"Monika Spatz","Gesch\u00e4tzte Lesezeit":"1\u00a0Minute"},"schema":{"@context":"https:\/\/schema.org","@graph":[{"@type":"Article","@id":"https:\/\/aschaffenburgzweinull.stadtarchiv-digital.de\/fasching-in-den-1960er-jahren\/#article","isPartOf":{"@id":"https:\/\/aschaffenburgzweinull.stadtarchiv-digital.de\/fasching-in-den-1960er-jahren\/"},"author":{"name":"Monika Spatz","@id":"https:\/\/aschaffenburgzweinull.stadtarchiv-digital.de\/#\/schema\/person\/deae0c448e78ddc35eaf0f6427020bf2"},"headline":"Fasching in den 1960er Jahren","datePublished":"2020-10-13T08:38:30+00:00","dateModified":"2022-01-19T21:17:31+00:00","mainEntityOfPage":{"@id":"https:\/\/aschaffenburgzweinull.stadtarchiv-digital.de\/fasching-in-den-1960er-jahren\/"},"wordCount":130,"commentCount":0,"keywords":["Kindheit","Fasching","Umzug"],"articleSection":["Leben","Pers\u00f6nliches","Kultur"],"inLanguage":"de","potentialAction":[{"@type":"CommentAction","name":"Comment","target":["https:\/\/aschaffenburgzweinull.stadtarchiv-digital.de\/fasching-in-den-1960er-jahren\/#respond"]}]},{"@type":"WebPage","@id":"https:\/\/aschaffenburgzweinull.stadtarchiv-digital.de\/fasching-in-den-1960er-jahren\/","url":"https:\/\/aschaffenburgzweinull.stadtarchiv-digital.de\/fasching-in-den-1960er-jahren\/","name":"Fasching in den 1960er Jahren - Aschaffenburg","isPartOf":{"@id":"https:\/\/aschaffenburgzweinull.stadtarchiv-digital.de\/#website"},"datePublished":"2020-10-13T08:38:30+00:00","dateModified":"2022-01-19T21:17:31+00:00","author":{"@id":"https:\/\/aschaffenburgzweinull.stadtarchiv-digital.de\/#\/schema\/person\/deae0c448e78ddc35eaf0f6427020bf2"},"breadcrumb":{"@id":"https:\/\/aschaffenburgzweinull.stadtarchiv-digital.de\/fasching-in-den-1960er-jahren\/#breadcrumb"},"inLanguage":"de","potentialAction":[{"@type":"ReadAction","target":["https:\/\/aschaffenburgzweinull.stadtarchiv-digital.de\/fasching-in-den-1960er-jahren\/"]}]},{"@type":"BreadcrumbList","@id":"https:\/\/aschaffenburgzweinull.stadtarchiv-digital.de\/fasching-in-den-1960er-jahren\/#breadcrumb","itemListElement":[{"@type":"ListItem","position":1,"name":"Startseite","item":"https:\/\/aschaffenburgzweinull.stadtarchiv-digital.de\/"},{"@type":"ListItem","position":2,"name":"Fasching in den 1960er Jahren"}]},{"@type":"WebSite","@id":"https:\/\/aschaffenburgzweinull.stadtarchiv-digital.de\/#website","url":"https:\/\/aschaffenburgzweinull.stadtarchiv-digital.de\/","name":"Aschaffenburg","description":"2.0","potentialAction":[{"@type":"SearchAction","target":{"@type":"EntryPoint","urlTemplate":"https:\/\/aschaffenburgzweinull.stadtarchiv-digital.de\/?s={search_term_string}"},"query-input":{"@type":"PropertyValueSpecification","valueRequired":true,"valueName":"search_term_string"}}],"inLanguage":"de"},{"@type":"Person","@id":"https:\/\/aschaffenburgzweinull.stadtarchiv-digital.de\/#\/schema\/person\/deae0c448e78ddc35eaf0f6427020bf2","name":"Monika Spatz","url":"https:\/\/aschaffenburgzweinull.stadtarchiv-digital.de\/author\/monika-spatz\/"}]}},"_links":{"self":[{"href":"https:\/\/aschaffenburgzweinull.stadtarchiv-digital.de\/data\/wp\/v2\/posts\/753","targetHints":{"allow":["GET"]}}],"collection":[{"href":"https:\/\/aschaffenburgzweinull.stadtarchiv-digital.de\/data\/wp\/v2\/posts"}],"about":[{"href":"https:\/\/aschaffenburgzweinull.stadtarchiv-digital.de\/data\/wp\/v2\/types\/post"}],"author":[{"embeddable":true,"href":"https:\/\/aschaffenburgzweinull.stadtarchiv-digital.de\/data\/wp\/v2\/users\/33"}],"replies":[{"embeddable":true,"href":"https:\/\/aschaffenburgzweinull.stadtarchiv-digital.de\/data\/wp\/v2\/comments?post=753"}],"version-history":[{"count":4,"href":"https:\/\/aschaffenburgzweinull.stadtarchiv-digital.de\/data\/wp\/v2\/posts\/753\/revisions"}],"predecessor-version":[{"id":772,"href":"https:\/\/aschaffenburgzweinull.stadtarchiv-digital.de\/data\/wp\/v2\/posts\/753\/revisions\/772"}],"wp:attachment":[{"href":"https:\/\/aschaffenburgzweinull.stadtarchiv-digital.de\/data\/wp\/v2\/media?parent=753"}],"wp:term":[{"taxonomy":"category","embeddable":true,"href":"https:\/\/aschaffenburgzweinull.stadtarchiv-digital.de\/data\/wp\/v2\/categories?post=753"},{"taxonomy":"post_tag","embeddable":true,"href":"https:\/\/aschaffenburgzweinull.stadtarchiv-digital.de\/data\/wp\/v2\/tags?post=753"},{"taxonomy":"format","embeddable":true,"href":"https:\/\/aschaffenburgzweinull.stadtarchiv-digital.de\/data\/wp\/v2\/post-format?post=753"},{"taxonomy":"content","embeddable":true,"href":"https:\/\/aschaffenburgzweinull.stadtarchiv-digital.de\/data\/wp\/v2\/post-content?post=753"}],"curies":[{"name":"wp","href":"https:\/\/api.w.org\/{rel}","templated":true}]}}