{"id":7125,"date":"2023-06-07T17:14:20","date_gmt":"2023-06-07T15:14:20","guid":{"rendered":"https:\/\/aschaffenburgzweinull.stadtarchiv-digital.de\/elsa-braendstroem-weg\/"},"modified":"2023-06-19T12:11:01","modified_gmt":"2023-06-19T10:11:01","slug":"elsa-braendstroem-weg","status":"publish","type":"post","link":"https:\/\/aschaffenburgzweinull.stadtarchiv-digital.de\/elsa-braendstroem-weg\/","title":{"rendered":"Elsa-Br\u00e4ndstr\u00f6m-Weg"},"content":{"rendered":"<p><strong>1987 benannt nach Elsa Br\u00e4ndstr\u00f6m<\/strong><br \/>\n<strong>* 26.03.1888 in Sankt Petersburg \u2020 04.03.1948 in Cambridge, Massachusetts<\/strong><\/p>\n<p>Philanthropin<\/p>\n<p>Elsa Br\u00e4ndstr\u00f6m wurde 1888 in Sankt Petersburg geboren und wurde vor allem durch ihren Einsatz f\u00fcr deutsche und \u00f6sterreichische Kriegsgefangene in den russischen Gefangenenlagern des Ersten Weltkriegs bekannt. Aus dieser Zeit stammt ihr Beiname \u201eEngel von Sibirien\u201c.<br \/>\nBr\u00e4ndstr\u00f6m, schwedische Staatsb\u00fcrgerin, wuchs in Russland und Schweden auf. 1915 reiste sie erstmals f\u00fcr das Rote Kreuz als Krankenschwester nach Sibirien. Sp\u00e4ter gr\u00fcndete sie Hilfsorganisationen, k\u00fcmmerte sich um Heimkinder und gr\u00fcndete selbst zwei Heime. W\u00e4hrend der NS-Diktatur siedelte sie in die USA \u00fcber und war dort bei Kriegsende an der Gr\u00fcndung der CARE-Pakete-Aktion beteiligt.<br \/>\nElsa Br\u00e4ndstr\u00f6m starb 1948 in den USA. Im Evangelischen Namenkalender ist ihr Todestag, der 4. M\u00e4rz, als Gedenktag f\u00fcr sie festgehalten.<\/p>\n<p>Quellen:<\/p>\n<ul>\n<li>Beate Schr\u00e4pel, Fembio, 1987, unter Verwendung von<br \/>\nAmmers-K\u00fcller, Jo van. 1935. Bedeutende Frauen der Gegenwart: Zehn Frauenbildnisse. Aus dem Niederl\u00e4nd. von Eva Schumann. Bremen. Carl Sch\u00fcnemann.<\/li>\n<li>Fiedler-Winter, Rosemarie. 1967. Engel brauchen harte H\u00e4nde: Vom Wirken bedeutender Frauen. D\u00fcsseldorf; Wien. Econ.<\/li>\n<li>Juhl, Eduard, et al. 1962. Elsa Br\u00e4ndstr\u00f6m: Weg und Werk einer gro\u00dfen Frau. Stuttgart. Quell Vlg.<\/li>\n<li>Kohlhagen, Norgard. 1991. Elsa Br\u00e4ndstr\u00f6m: die Frau, die man Engel nannte. Stuttgart. Quell Vlg.<\/li>\n<li>https:\/\/de.wikipedia.org\/wiki\/Elsa_Br%C3%A4ndstr%C3%B6m<\/li>\n<\/ul>\n","protected":false},"excerpt":{"rendered":"<p>1987 benannt nach Elsa Br\u00e4ndstr\u00f6m * 26.03.1888 in Sankt Petersburg \u2020 04.03.1948 in Cambridge, Massachusetts Philanthropin Elsa Br\u00e4ndstr\u00f6m wurde 1888 in Sankt Petersburg geboren und wurde vor allem durch ihren [&hellip;]<\/p>\n","protected":false},"author":72,"featured_media":0,"comment_status":"open","ping_status":"open","sticky":false,"template":"","format":"standard","meta":{"_acf_changed":false,"footnotes":""},"categories":[1,953],"tags":[145],"post-format":[2],"post-content":[67],"class_list":["post-7125","post","type-post","status-publish","format-standard","hentry","category-bildung","category-strassennamen","tag-strassennamen","format-information","content-text","project-strassennamen-in-aschaffenburg"],"acf":[],"yoast_head":"<!-- This site is optimized with the Yoast SEO plugin v27.4 - https:\/\/yoast.com\/product\/yoast-seo-wordpress\/ -->\n<title>Elsa-Br\u00e4ndstr\u00f6m-Weg - Aschaffenburg<\/title>\n<meta name=\"robots\" content=\"index, follow, max-snippet:-1, max-image-preview:large, max-video-preview:-1\" \/>\n<link rel=\"canonical\" href=\"https:\/\/aschaffenburgzweinull.stadtarchiv-digital.de\/elsa-braendstroem-weg\/\" \/>\n<meta property=\"og:locale\" content=\"de_DE\" \/>\n<meta property=\"og:type\" content=\"article\" \/>\n<meta property=\"og:title\" content=\"Elsa-Br\u00e4ndstr\u00f6m-Weg - Aschaffenburg\" \/>\n<meta property=\"og:description\" content=\"1987 benannt nach Elsa Br\u00e4ndstr\u00f6m * 26.03.1888 in Sankt Petersburg \u2020 04.03.1948 in Cambridge, Massachusetts Philanthropin Elsa Br\u00e4ndstr\u00f6m wurde 1888 in Sankt Petersburg geboren und wurde vor allem durch ihren [&hellip;]\" \/>\n<meta property=\"og:url\" content=\"https:\/\/aschaffenburgzweinull.stadtarchiv-digital.de\/elsa-braendstroem-weg\/\" \/>\n<meta property=\"og:site_name\" content=\"Aschaffenburg\" \/>\n<meta property=\"article:published_time\" content=\"2023-06-07T15:14:20+00:00\" \/>\n<meta property=\"article:modified_time\" content=\"2023-06-19T10:11:01+00:00\" \/>\n<meta property=\"og:image\" content=\"https:\/\/aschaffenburgzweinull.stadtarchiv-digital.de\/wp-content\/uploads\/2020\/07\/Logo-Stadtarchiv-Aschaffenburg.png\" \/>\n\t<meta property=\"og:image:width\" content=\"379\" \/>\n\t<meta property=\"og:image:height\" content=\"70\" \/>\n\t<meta property=\"og:image:type\" content=\"image\/png\" \/>\n<meta name=\"author\" content=\"B\u00fcro f\u00fcr Erinnerungskultur\" \/>\n<meta name=\"twitter:card\" content=\"summary_large_image\" \/>\n<meta name=\"twitter:label1\" content=\"Verfasst von\" \/>\n\t<meta name=\"twitter:data1\" content=\"B\u00fcro f\u00fcr Erinnerungskultur\" \/>\n\t<meta name=\"twitter:label2\" content=\"Gesch\u00e4tzte Lesezeit\" \/>\n\t<meta name=\"twitter:data2\" content=\"2\u00a0Minuten\" \/>\n<script type=\"application\/ld+json\" class=\"yoast-schema-graph\">{\"@context\":\"https:\\\/\\\/schema.org\",\"@graph\":[{\"@type\":\"Article\",\"@id\":\"https:\\\/\\\/aschaffenburgzweinull.stadtarchiv-digital.de\\\/elsa-braendstroem-weg\\\/#article\",\"isPartOf\":{\"@id\":\"https:\\\/\\\/aschaffenburgzweinull.stadtarchiv-digital.de\\\/elsa-braendstroem-weg\\\/\"},\"author\":{\"name\":\"B\u00fcro f\u00fcr Erinnerungskultur\",\"@id\":\"https:\\\/\\\/aschaffenburgzweinull.stadtarchiv-digital.de\\\/#\\\/schema\\\/person\\\/f8d8ea4f39ce4a51c3617eadf9170a24\"},\"headline\":\"Elsa-Br\u00e4ndstr\u00f6m-Weg\",\"datePublished\":\"2023-06-07T15:14:20+00:00\",\"dateModified\":\"2023-06-19T10:11:01+00:00\",\"mainEntityOfPage\":{\"@id\":\"https:\\\/\\\/aschaffenburgzweinull.stadtarchiv-digital.de\\\/elsa-braendstroem-weg\\\/\"},\"wordCount\":231,\"commentCount\":0,\"keywords\":[\"Stra\u00dfennamen\"],\"articleSection\":[\"Bildung\",\"Stra\u00dfennamen\"],\"inLanguage\":\"de\",\"potentialAction\":[{\"@type\":\"CommentAction\",\"name\":\"Comment\",\"target\":[\"https:\\\/\\\/aschaffenburgzweinull.stadtarchiv-digital.de\\\/elsa-braendstroem-weg\\\/#respond\"]}]},{\"@type\":\"WebPage\",\"@id\":\"https:\\\/\\\/aschaffenburgzweinull.stadtarchiv-digital.de\\\/elsa-braendstroem-weg\\\/\",\"url\":\"https:\\\/\\\/aschaffenburgzweinull.stadtarchiv-digital.de\\\/elsa-braendstroem-weg\\\/\",\"name\":\"Elsa-Br\u00e4ndstr\u00f6m-Weg - Aschaffenburg\",\"isPartOf\":{\"@id\":\"https:\\\/\\\/aschaffenburgzweinull.stadtarchiv-digital.de\\\/#website\"},\"datePublished\":\"2023-06-07T15:14:20+00:00\",\"dateModified\":\"2023-06-19T10:11:01+00:00\",\"author\":{\"@id\":\"https:\\\/\\\/aschaffenburgzweinull.stadtarchiv-digital.de\\\/#\\\/schema\\\/person\\\/f8d8ea4f39ce4a51c3617eadf9170a24\"},\"breadcrumb\":{\"@id\":\"https:\\\/\\\/aschaffenburgzweinull.stadtarchiv-digital.de\\\/elsa-braendstroem-weg\\\/#breadcrumb\"},\"inLanguage\":\"de\",\"potentialAction\":[{\"@type\":\"ReadAction\",\"target\":[\"https:\\\/\\\/aschaffenburgzweinull.stadtarchiv-digital.de\\\/elsa-braendstroem-weg\\\/\"]}]},{\"@type\":\"BreadcrumbList\",\"@id\":\"https:\\\/\\\/aschaffenburgzweinull.stadtarchiv-digital.de\\\/elsa-braendstroem-weg\\\/#breadcrumb\",\"itemListElement\":[{\"@type\":\"ListItem\",\"position\":1,\"name\":\"Startseite\",\"item\":\"https:\\\/\\\/aschaffenburgzweinull.stadtarchiv-digital.de\\\/\"},{\"@type\":\"ListItem\",\"position\":2,\"name\":\"Elsa-Br\u00e4ndstr\u00f6m-Weg\"}]},{\"@type\":\"WebSite\",\"@id\":\"https:\\\/\\\/aschaffenburgzweinull.stadtarchiv-digital.de\\\/#website\",\"url\":\"https:\\\/\\\/aschaffenburgzweinull.stadtarchiv-digital.de\\\/\",\"name\":\"Aschaffenburg\",\"description\":\"2.0\",\"potentialAction\":[{\"@type\":\"SearchAction\",\"target\":{\"@type\":\"EntryPoint\",\"urlTemplate\":\"https:\\\/\\\/aschaffenburgzweinull.stadtarchiv-digital.de\\\/?s={search_term_string}\"},\"query-input\":{\"@type\":\"PropertyValueSpecification\",\"valueRequired\":true,\"valueName\":\"search_term_string\"}}],\"inLanguage\":\"de\"},{\"@type\":\"Person\",\"@id\":\"https:\\\/\\\/aschaffenburgzweinull.stadtarchiv-digital.de\\\/#\\\/schema\\\/person\\\/f8d8ea4f39ce4a51c3617eadf9170a24\",\"name\":\"B\u00fcro f\u00fcr Erinnerungskultur\",\"url\":\"https:\\\/\\\/aschaffenburgzweinull.stadtarchiv-digital.de\\\/author\\\/hahn\\\/\"}]}<\/script>\n<!-- \/ Yoast SEO plugin. -->","yoast_head_json":{"title":"Elsa-Br\u00e4ndstr\u00f6m-Weg - Aschaffenburg","robots":{"index":"index","follow":"follow","max-snippet":"max-snippet:-1","max-image-preview":"max-image-preview:large","max-video-preview":"max-video-preview:-1"},"canonical":"https:\/\/aschaffenburgzweinull.stadtarchiv-digital.de\/elsa-braendstroem-weg\/","og_locale":"de_DE","og_type":"article","og_title":"Elsa-Br\u00e4ndstr\u00f6m-Weg - Aschaffenburg","og_description":"1987 benannt nach Elsa Br\u00e4ndstr\u00f6m * 26.03.1888 in Sankt Petersburg \u2020 04.03.1948 in Cambridge, Massachusetts Philanthropin Elsa Br\u00e4ndstr\u00f6m wurde 1888 in Sankt Petersburg geboren und wurde vor allem durch ihren [&hellip;]","og_url":"https:\/\/aschaffenburgzweinull.stadtarchiv-digital.de\/elsa-braendstroem-weg\/","og_site_name":"Aschaffenburg","article_published_time":"2023-06-07T15:14:20+00:00","article_modified_time":"2023-06-19T10:11:01+00:00","og_image":[{"width":379,"height":70,"url":"https:\/\/aschaffenburgzweinull.stadtarchiv-digital.de\/wp-content\/uploads\/2020\/07\/Logo-Stadtarchiv-Aschaffenburg.png","type":"image\/png"}],"author":"B\u00fcro f\u00fcr Erinnerungskultur","twitter_card":"summary_large_image","twitter_misc":{"Verfasst von":"B\u00fcro f\u00fcr Erinnerungskultur","Gesch\u00e4tzte Lesezeit":"2\u00a0Minuten"},"schema":{"@context":"https:\/\/schema.org","@graph":[{"@type":"Article","@id":"https:\/\/aschaffenburgzweinull.stadtarchiv-digital.de\/elsa-braendstroem-weg\/#article","isPartOf":{"@id":"https:\/\/aschaffenburgzweinull.stadtarchiv-digital.de\/elsa-braendstroem-weg\/"},"author":{"name":"B\u00fcro f\u00fcr Erinnerungskultur","@id":"https:\/\/aschaffenburgzweinull.stadtarchiv-digital.de\/#\/schema\/person\/f8d8ea4f39ce4a51c3617eadf9170a24"},"headline":"Elsa-Br\u00e4ndstr\u00f6m-Weg","datePublished":"2023-06-07T15:14:20+00:00","dateModified":"2023-06-19T10:11:01+00:00","mainEntityOfPage":{"@id":"https:\/\/aschaffenburgzweinull.stadtarchiv-digital.de\/elsa-braendstroem-weg\/"},"wordCount":231,"commentCount":0,"keywords":["Stra\u00dfennamen"],"articleSection":["Bildung","Stra\u00dfennamen"],"inLanguage":"de","potentialAction":[{"@type":"CommentAction","name":"Comment","target":["https:\/\/aschaffenburgzweinull.stadtarchiv-digital.de\/elsa-braendstroem-weg\/#respond"]}]},{"@type":"WebPage","@id":"https:\/\/aschaffenburgzweinull.stadtarchiv-digital.de\/elsa-braendstroem-weg\/","url":"https:\/\/aschaffenburgzweinull.stadtarchiv-digital.de\/elsa-braendstroem-weg\/","name":"Elsa-Br\u00e4ndstr\u00f6m-Weg - Aschaffenburg","isPartOf":{"@id":"https:\/\/aschaffenburgzweinull.stadtarchiv-digital.de\/#website"},"datePublished":"2023-06-07T15:14:20+00:00","dateModified":"2023-06-19T10:11:01+00:00","author":{"@id":"https:\/\/aschaffenburgzweinull.stadtarchiv-digital.de\/#\/schema\/person\/f8d8ea4f39ce4a51c3617eadf9170a24"},"breadcrumb":{"@id":"https:\/\/aschaffenburgzweinull.stadtarchiv-digital.de\/elsa-braendstroem-weg\/#breadcrumb"},"inLanguage":"de","potentialAction":[{"@type":"ReadAction","target":["https:\/\/aschaffenburgzweinull.stadtarchiv-digital.de\/elsa-braendstroem-weg\/"]}]},{"@type":"BreadcrumbList","@id":"https:\/\/aschaffenburgzweinull.stadtarchiv-digital.de\/elsa-braendstroem-weg\/#breadcrumb","itemListElement":[{"@type":"ListItem","position":1,"name":"Startseite","item":"https:\/\/aschaffenburgzweinull.stadtarchiv-digital.de\/"},{"@type":"ListItem","position":2,"name":"Elsa-Br\u00e4ndstr\u00f6m-Weg"}]},{"@type":"WebSite","@id":"https:\/\/aschaffenburgzweinull.stadtarchiv-digital.de\/#website","url":"https:\/\/aschaffenburgzweinull.stadtarchiv-digital.de\/","name":"Aschaffenburg","description":"2.0","potentialAction":[{"@type":"SearchAction","target":{"@type":"EntryPoint","urlTemplate":"https:\/\/aschaffenburgzweinull.stadtarchiv-digital.de\/?s={search_term_string}"},"query-input":{"@type":"PropertyValueSpecification","valueRequired":true,"valueName":"search_term_string"}}],"inLanguage":"de"},{"@type":"Person","@id":"https:\/\/aschaffenburgzweinull.stadtarchiv-digital.de\/#\/schema\/person\/f8d8ea4f39ce4a51c3617eadf9170a24","name":"B\u00fcro f\u00fcr Erinnerungskultur","url":"https:\/\/aschaffenburgzweinull.stadtarchiv-digital.de\/author\/hahn\/"}]}},"_links":{"self":[{"href":"https:\/\/aschaffenburgzweinull.stadtarchiv-digital.de\/data\/wp\/v2\/posts\/7125","targetHints":{"allow":["GET"]}}],"collection":[{"href":"https:\/\/aschaffenburgzweinull.stadtarchiv-digital.de\/data\/wp\/v2\/posts"}],"about":[{"href":"https:\/\/aschaffenburgzweinull.stadtarchiv-digital.de\/data\/wp\/v2\/types\/post"}],"author":[{"embeddable":true,"href":"https:\/\/aschaffenburgzweinull.stadtarchiv-digital.de\/data\/wp\/v2\/users\/72"}],"replies":[{"embeddable":true,"href":"https:\/\/aschaffenburgzweinull.stadtarchiv-digital.de\/data\/wp\/v2\/comments?post=7125"}],"version-history":[{"count":2,"href":"https:\/\/aschaffenburgzweinull.stadtarchiv-digital.de\/data\/wp\/v2\/posts\/7125\/revisions"}],"predecessor-version":[{"id":7907,"href":"https:\/\/aschaffenburgzweinull.stadtarchiv-digital.de\/data\/wp\/v2\/posts\/7125\/revisions\/7907"}],"wp:attachment":[{"href":"https:\/\/aschaffenburgzweinull.stadtarchiv-digital.de\/data\/wp\/v2\/media?parent=7125"}],"wp:term":[{"taxonomy":"category","embeddable":true,"href":"https:\/\/aschaffenburgzweinull.stadtarchiv-digital.de\/data\/wp\/v2\/categories?post=7125"},{"taxonomy":"post_tag","embeddable":true,"href":"https:\/\/aschaffenburgzweinull.stadtarchiv-digital.de\/data\/wp\/v2\/tags?post=7125"},{"taxonomy":"format","embeddable":true,"href":"https:\/\/aschaffenburgzweinull.stadtarchiv-digital.de\/data\/wp\/v2\/post-format?post=7125"},{"taxonomy":"content","embeddable":true,"href":"https:\/\/aschaffenburgzweinull.stadtarchiv-digital.de\/data\/wp\/v2\/post-content?post=7125"}],"curies":[{"name":"wp","href":"https:\/\/api.w.org\/{rel}","templated":true}]}}