{"id":7124,"date":"2023-06-07T17:14:19","date_gmt":"2023-06-07T15:14:19","guid":{"rendered":"https:\/\/aschaffenburgzweinull.stadtarchiv-digital.de\/emanuel-joseph-von-herigoyen-strasse\/"},"modified":"2023-06-20T17:31:17","modified_gmt":"2023-06-20T15:31:17","slug":"emanuel-joseph-von-herigoyen-strasse","status":"publish","type":"post","link":"https:\/\/aschaffenburgzweinull.stadtarchiv-digital.de\/emanuel-joseph-von-herigoyen-strasse\/","title":{"rendered":"Emanuel-Joseph-von-Herigoyen-Stra\u00dfe"},"content":{"rendered":"<p><strong>2018 benannt nach Emanuel Joseph von Herigoyen <\/strong><br \/>\n<strong>* 04.11.1746 in Belas (Portugal) \u2020 27.07.1817 in M\u00fcnchen<\/strong><\/p>\n<p>Baumeister<\/p>\n<p>Emanuel Joseph von Herigoyen wurde 1746 in Belas in Portugal geboren. Er studierte in Paris und Wien Architektur und Mathematik. 1773 begann er die Arbeit f\u00fcr Graf Wilhelm von Sickingen, 1776 wurde er Architekt f\u00fcr Friedrich Karl Joseph Erthal, den Kurf\u00fcrst-Erzbischof von Mainz. Herigoyen folgte Erthal nach Aschaffenburg, nachdem Mainz vom franz\u00f6sischen Milit\u00e4r annektiert worden war. W\u00e4hrend seiner Zeit in Aschaffenburg f\u00fchrte er Ausbauten des Innenbereichs im Schloss Sch\u00f6nbusch durch und erg\u00e4nzte den Schlossgarten durch kleinere Bauten. Au\u00dferdem entwarf er das Hofgut Nilkheim und weitere Bauten. Unter Karl Theodor von Dalberg wurde Herigoyen 1804 Stadt- und Landbaumeister in Regensburg. Ab 1810 war er Oberbaukommissar in M\u00fcnchen, wo er 1817 starb.<\/p>\n<ul>\n<li>Habel, Heinrich, &#8222;Herigoyen, Emanuel von&#8220; in: Neue Deutsche Biographie 8 (1969), S. 615-616 [Online-Version]; URL: https:\/\/www.deutsche-biographie.de\/pnd118549626.html#ndbcontent<\/li>\n<li>\u201eHerigoyen, Emmanuel Josef von\u201c, in: Hessische Biografie &lt;https:\/\/www.lagis-hessen.de\/pnd\/118549626&gt; (Stand: 4.11.2021)<\/li>\n<li>von der G\u00f6nna, Sigrid: Hofbibliothek Aschaffenburg. Ihre Geschichte in der Tradition der Kurf\u00fcrstlich Mainzischen Bibliothek. Eine Ausstellung im Schloss Johannisburg, Wiesbaden 1982.<\/li>\n<\/ul>\n","protected":false},"excerpt":{"rendered":"<p>2018 benannt nach Emanuel Joseph von Herigoyen * 04.11.1746 in Belas (Portugal) \u2020 27.07.1817 in M\u00fcnchen Baumeister Emanuel Joseph von Herigoyen wurde 1746 in Belas in Portugal geboren. Er studierte [&hellip;]<\/p>\n","protected":false},"author":72,"featured_media":0,"comment_status":"open","ping_status":"open","sticky":false,"template":"","format":"standard","meta":{"_acf_changed":false,"footnotes":""},"categories":[1,953],"tags":[145],"post-format":[2],"post-content":[67],"class_list":["post-7124","post","type-post","status-publish","format-standard","hentry","category-bildung","category-strassennamen","tag-strassennamen","format-information","content-text","project-strassennamen-in-aschaffenburg"],"acf":[],"yoast_head":"<!-- This site is optimized with the Yoast SEO plugin v27.4 - https:\/\/yoast.com\/product\/yoast-seo-wordpress\/ -->\n<title>Emanuel-Joseph-von-Herigoyen-Stra\u00dfe - Aschaffenburg<\/title>\n<meta name=\"robots\" content=\"index, follow, max-snippet:-1, max-image-preview:large, max-video-preview:-1\" \/>\n<link rel=\"canonical\" href=\"https:\/\/aschaffenburgzweinull.stadtarchiv-digital.de\/emanuel-joseph-von-herigoyen-strasse\/\" \/>\n<meta property=\"og:locale\" content=\"de_DE\" \/>\n<meta property=\"og:type\" content=\"article\" \/>\n<meta property=\"og:title\" content=\"Emanuel-Joseph-von-Herigoyen-Stra\u00dfe - Aschaffenburg\" \/>\n<meta property=\"og:description\" content=\"2018 benannt nach Emanuel Joseph von Herigoyen * 04.11.1746 in Belas (Portugal) \u2020 27.07.1817 in M\u00fcnchen Baumeister Emanuel Joseph von Herigoyen wurde 1746 in Belas in Portugal geboren. Er studierte [&hellip;]\" \/>\n<meta property=\"og:url\" content=\"https:\/\/aschaffenburgzweinull.stadtarchiv-digital.de\/emanuel-joseph-von-herigoyen-strasse\/\" \/>\n<meta property=\"og:site_name\" content=\"Aschaffenburg\" \/>\n<meta property=\"article:published_time\" content=\"2023-06-07T15:14:19+00:00\" \/>\n<meta property=\"article:modified_time\" content=\"2023-06-20T15:31:17+00:00\" \/>\n<meta property=\"og:image\" content=\"https:\/\/aschaffenburgzweinull.stadtarchiv-digital.de\/wp-content\/uploads\/2020\/07\/Logo-Stadtarchiv-Aschaffenburg.png\" \/>\n\t<meta property=\"og:image:width\" content=\"379\" \/>\n\t<meta property=\"og:image:height\" content=\"70\" \/>\n\t<meta property=\"og:image:type\" content=\"image\/png\" \/>\n<meta name=\"author\" content=\"B\u00fcro f\u00fcr Erinnerungskultur\" \/>\n<meta name=\"twitter:card\" content=\"summary_large_image\" \/>\n<meta name=\"twitter:label1\" content=\"Verfasst von\" \/>\n\t<meta name=\"twitter:data1\" content=\"B\u00fcro f\u00fcr Erinnerungskultur\" \/>\n\t<meta name=\"twitter:label2\" content=\"Gesch\u00e4tzte Lesezeit\" \/>\n\t<meta name=\"twitter:data2\" content=\"1\u00a0Minute\" \/>\n<script type=\"application\/ld+json\" class=\"yoast-schema-graph\">{\"@context\":\"https:\\\/\\\/schema.org\",\"@graph\":[{\"@type\":\"Article\",\"@id\":\"https:\\\/\\\/aschaffenburgzweinull.stadtarchiv-digital.de\\\/emanuel-joseph-von-herigoyen-strasse\\\/#article\",\"isPartOf\":{\"@id\":\"https:\\\/\\\/aschaffenburgzweinull.stadtarchiv-digital.de\\\/emanuel-joseph-von-herigoyen-strasse\\\/\"},\"author\":{\"name\":\"B\u00fcro f\u00fcr Erinnerungskultur\",\"@id\":\"https:\\\/\\\/aschaffenburgzweinull.stadtarchiv-digital.de\\\/#\\\/schema\\\/person\\\/f8d8ea4f39ce4a51c3617eadf9170a24\"},\"headline\":\"Emanuel-Joseph-von-Herigoyen-Stra\u00dfe\",\"datePublished\":\"2023-06-07T15:14:19+00:00\",\"dateModified\":\"2023-06-20T15:31:17+00:00\",\"mainEntityOfPage\":{\"@id\":\"https:\\\/\\\/aschaffenburgzweinull.stadtarchiv-digital.de\\\/emanuel-joseph-von-herigoyen-strasse\\\/\"},\"wordCount\":188,\"commentCount\":1,\"keywords\":[\"Stra\u00dfennamen\"],\"articleSection\":[\"Bildung\",\"Stra\u00dfennamen\"],\"inLanguage\":\"de\",\"potentialAction\":[{\"@type\":\"CommentAction\",\"name\":\"Comment\",\"target\":[\"https:\\\/\\\/aschaffenburgzweinull.stadtarchiv-digital.de\\\/emanuel-joseph-von-herigoyen-strasse\\\/#respond\"]}]},{\"@type\":\"WebPage\",\"@id\":\"https:\\\/\\\/aschaffenburgzweinull.stadtarchiv-digital.de\\\/emanuel-joseph-von-herigoyen-strasse\\\/\",\"url\":\"https:\\\/\\\/aschaffenburgzweinull.stadtarchiv-digital.de\\\/emanuel-joseph-von-herigoyen-strasse\\\/\",\"name\":\"Emanuel-Joseph-von-Herigoyen-Stra\u00dfe - Aschaffenburg\",\"isPartOf\":{\"@id\":\"https:\\\/\\\/aschaffenburgzweinull.stadtarchiv-digital.de\\\/#website\"},\"datePublished\":\"2023-06-07T15:14:19+00:00\",\"dateModified\":\"2023-06-20T15:31:17+00:00\",\"author\":{\"@id\":\"https:\\\/\\\/aschaffenburgzweinull.stadtarchiv-digital.de\\\/#\\\/schema\\\/person\\\/f8d8ea4f39ce4a51c3617eadf9170a24\"},\"breadcrumb\":{\"@id\":\"https:\\\/\\\/aschaffenburgzweinull.stadtarchiv-digital.de\\\/emanuel-joseph-von-herigoyen-strasse\\\/#breadcrumb\"},\"inLanguage\":\"de\",\"potentialAction\":[{\"@type\":\"ReadAction\",\"target\":[\"https:\\\/\\\/aschaffenburgzweinull.stadtarchiv-digital.de\\\/emanuel-joseph-von-herigoyen-strasse\\\/\"]}]},{\"@type\":\"BreadcrumbList\",\"@id\":\"https:\\\/\\\/aschaffenburgzweinull.stadtarchiv-digital.de\\\/emanuel-joseph-von-herigoyen-strasse\\\/#breadcrumb\",\"itemListElement\":[{\"@type\":\"ListItem\",\"position\":1,\"name\":\"Startseite\",\"item\":\"https:\\\/\\\/aschaffenburgzweinull.stadtarchiv-digital.de\\\/\"},{\"@type\":\"ListItem\",\"position\":2,\"name\":\"Emanuel-Joseph-von-Herigoyen-Stra\u00dfe\"}]},{\"@type\":\"WebSite\",\"@id\":\"https:\\\/\\\/aschaffenburgzweinull.stadtarchiv-digital.de\\\/#website\",\"url\":\"https:\\\/\\\/aschaffenburgzweinull.stadtarchiv-digital.de\\\/\",\"name\":\"Aschaffenburg\",\"description\":\"2.0\",\"potentialAction\":[{\"@type\":\"SearchAction\",\"target\":{\"@type\":\"EntryPoint\",\"urlTemplate\":\"https:\\\/\\\/aschaffenburgzweinull.stadtarchiv-digital.de\\\/?s={search_term_string}\"},\"query-input\":{\"@type\":\"PropertyValueSpecification\",\"valueRequired\":true,\"valueName\":\"search_term_string\"}}],\"inLanguage\":\"de\"},{\"@type\":\"Person\",\"@id\":\"https:\\\/\\\/aschaffenburgzweinull.stadtarchiv-digital.de\\\/#\\\/schema\\\/person\\\/f8d8ea4f39ce4a51c3617eadf9170a24\",\"name\":\"B\u00fcro f\u00fcr Erinnerungskultur\",\"url\":\"https:\\\/\\\/aschaffenburgzweinull.stadtarchiv-digital.de\\\/author\\\/hahn\\\/\"}]}<\/script>\n<!-- \/ Yoast SEO plugin. -->","yoast_head_json":{"title":"Emanuel-Joseph-von-Herigoyen-Stra\u00dfe - Aschaffenburg","robots":{"index":"index","follow":"follow","max-snippet":"max-snippet:-1","max-image-preview":"max-image-preview:large","max-video-preview":"max-video-preview:-1"},"canonical":"https:\/\/aschaffenburgzweinull.stadtarchiv-digital.de\/emanuel-joseph-von-herigoyen-strasse\/","og_locale":"de_DE","og_type":"article","og_title":"Emanuel-Joseph-von-Herigoyen-Stra\u00dfe - Aschaffenburg","og_description":"2018 benannt nach Emanuel Joseph von Herigoyen * 04.11.1746 in Belas (Portugal) \u2020 27.07.1817 in M\u00fcnchen Baumeister Emanuel Joseph von Herigoyen wurde 1746 in Belas in Portugal geboren. Er studierte [&hellip;]","og_url":"https:\/\/aschaffenburgzweinull.stadtarchiv-digital.de\/emanuel-joseph-von-herigoyen-strasse\/","og_site_name":"Aschaffenburg","article_published_time":"2023-06-07T15:14:19+00:00","article_modified_time":"2023-06-20T15:31:17+00:00","og_image":[{"width":379,"height":70,"url":"https:\/\/aschaffenburgzweinull.stadtarchiv-digital.de\/wp-content\/uploads\/2020\/07\/Logo-Stadtarchiv-Aschaffenburg.png","type":"image\/png"}],"author":"B\u00fcro f\u00fcr Erinnerungskultur","twitter_card":"summary_large_image","twitter_misc":{"Verfasst von":"B\u00fcro f\u00fcr Erinnerungskultur","Gesch\u00e4tzte Lesezeit":"1\u00a0Minute"},"schema":{"@context":"https:\/\/schema.org","@graph":[{"@type":"Article","@id":"https:\/\/aschaffenburgzweinull.stadtarchiv-digital.de\/emanuel-joseph-von-herigoyen-strasse\/#article","isPartOf":{"@id":"https:\/\/aschaffenburgzweinull.stadtarchiv-digital.de\/emanuel-joseph-von-herigoyen-strasse\/"},"author":{"name":"B\u00fcro f\u00fcr Erinnerungskultur","@id":"https:\/\/aschaffenburgzweinull.stadtarchiv-digital.de\/#\/schema\/person\/f8d8ea4f39ce4a51c3617eadf9170a24"},"headline":"Emanuel-Joseph-von-Herigoyen-Stra\u00dfe","datePublished":"2023-06-07T15:14:19+00:00","dateModified":"2023-06-20T15:31:17+00:00","mainEntityOfPage":{"@id":"https:\/\/aschaffenburgzweinull.stadtarchiv-digital.de\/emanuel-joseph-von-herigoyen-strasse\/"},"wordCount":188,"commentCount":1,"keywords":["Stra\u00dfennamen"],"articleSection":["Bildung","Stra\u00dfennamen"],"inLanguage":"de","potentialAction":[{"@type":"CommentAction","name":"Comment","target":["https:\/\/aschaffenburgzweinull.stadtarchiv-digital.de\/emanuel-joseph-von-herigoyen-strasse\/#respond"]}]},{"@type":"WebPage","@id":"https:\/\/aschaffenburgzweinull.stadtarchiv-digital.de\/emanuel-joseph-von-herigoyen-strasse\/","url":"https:\/\/aschaffenburgzweinull.stadtarchiv-digital.de\/emanuel-joseph-von-herigoyen-strasse\/","name":"Emanuel-Joseph-von-Herigoyen-Stra\u00dfe - Aschaffenburg","isPartOf":{"@id":"https:\/\/aschaffenburgzweinull.stadtarchiv-digital.de\/#website"},"datePublished":"2023-06-07T15:14:19+00:00","dateModified":"2023-06-20T15:31:17+00:00","author":{"@id":"https:\/\/aschaffenburgzweinull.stadtarchiv-digital.de\/#\/schema\/person\/f8d8ea4f39ce4a51c3617eadf9170a24"},"breadcrumb":{"@id":"https:\/\/aschaffenburgzweinull.stadtarchiv-digital.de\/emanuel-joseph-von-herigoyen-strasse\/#breadcrumb"},"inLanguage":"de","potentialAction":[{"@type":"ReadAction","target":["https:\/\/aschaffenburgzweinull.stadtarchiv-digital.de\/emanuel-joseph-von-herigoyen-strasse\/"]}]},{"@type":"BreadcrumbList","@id":"https:\/\/aschaffenburgzweinull.stadtarchiv-digital.de\/emanuel-joseph-von-herigoyen-strasse\/#breadcrumb","itemListElement":[{"@type":"ListItem","position":1,"name":"Startseite","item":"https:\/\/aschaffenburgzweinull.stadtarchiv-digital.de\/"},{"@type":"ListItem","position":2,"name":"Emanuel-Joseph-von-Herigoyen-Stra\u00dfe"}]},{"@type":"WebSite","@id":"https:\/\/aschaffenburgzweinull.stadtarchiv-digital.de\/#website","url":"https:\/\/aschaffenburgzweinull.stadtarchiv-digital.de\/","name":"Aschaffenburg","description":"2.0","potentialAction":[{"@type":"SearchAction","target":{"@type":"EntryPoint","urlTemplate":"https:\/\/aschaffenburgzweinull.stadtarchiv-digital.de\/?s={search_term_string}"},"query-input":{"@type":"PropertyValueSpecification","valueRequired":true,"valueName":"search_term_string"}}],"inLanguage":"de"},{"@type":"Person","@id":"https:\/\/aschaffenburgzweinull.stadtarchiv-digital.de\/#\/schema\/person\/f8d8ea4f39ce4a51c3617eadf9170a24","name":"B\u00fcro f\u00fcr Erinnerungskultur","url":"https:\/\/aschaffenburgzweinull.stadtarchiv-digital.de\/author\/hahn\/"}]}},"_links":{"self":[{"href":"https:\/\/aschaffenburgzweinull.stadtarchiv-digital.de\/data\/wp\/v2\/posts\/7124","targetHints":{"allow":["GET"]}}],"collection":[{"href":"https:\/\/aschaffenburgzweinull.stadtarchiv-digital.de\/data\/wp\/v2\/posts"}],"about":[{"href":"https:\/\/aschaffenburgzweinull.stadtarchiv-digital.de\/data\/wp\/v2\/types\/post"}],"author":[{"embeddable":true,"href":"https:\/\/aschaffenburgzweinull.stadtarchiv-digital.de\/data\/wp\/v2\/users\/72"}],"replies":[{"embeddable":true,"href":"https:\/\/aschaffenburgzweinull.stadtarchiv-digital.de\/data\/wp\/v2\/comments?post=7124"}],"version-history":[{"count":3,"href":"https:\/\/aschaffenburgzweinull.stadtarchiv-digital.de\/data\/wp\/v2\/posts\/7124\/revisions"}],"predecessor-version":[{"id":8075,"href":"https:\/\/aschaffenburgzweinull.stadtarchiv-digital.de\/data\/wp\/v2\/posts\/7124\/revisions\/8075"}],"wp:attachment":[{"href":"https:\/\/aschaffenburgzweinull.stadtarchiv-digital.de\/data\/wp\/v2\/media?parent=7124"}],"wp:term":[{"taxonomy":"category","embeddable":true,"href":"https:\/\/aschaffenburgzweinull.stadtarchiv-digital.de\/data\/wp\/v2\/categories?post=7124"},{"taxonomy":"post_tag","embeddable":true,"href":"https:\/\/aschaffenburgzweinull.stadtarchiv-digital.de\/data\/wp\/v2\/tags?post=7124"},{"taxonomy":"format","embeddable":true,"href":"https:\/\/aschaffenburgzweinull.stadtarchiv-digital.de\/data\/wp\/v2\/post-format?post=7124"},{"taxonomy":"content","embeddable":true,"href":"https:\/\/aschaffenburgzweinull.stadtarchiv-digital.de\/data\/wp\/v2\/post-content?post=7124"}],"curies":[{"name":"wp","href":"https:\/\/api.w.org\/{rel}","templated":true}]}}