{"id":7105,"date":"2023-06-07T17:14:09","date_gmt":"2023-06-07T15:14:09","guid":{"rendered":"https:\/\/aschaffenburgzweinull.stadtarchiv-digital.de\/gabriel-dressler-strasse\/"},"modified":"2023-06-26T08:38:33","modified_gmt":"2023-06-26T06:38:33","slug":"gabriel-dressler-strasse","status":"publish","type":"post","link":"https:\/\/aschaffenburgzweinull.stadtarchiv-digital.de\/gabriel-dressler-strasse\/","title":{"rendered":"Gabriel-Dre\u00dfler-Stra\u00dfe"},"content":{"rendered":"<p><strong>2019 benannt nach Gabriel Dre\u00dfler<\/strong><br \/>\n<strong>* 31.12.1874 in Gro\u00dfostheim \u2020 22.05.1960 in Gro\u00dfostheim<br \/>\n<\/strong><\/p>\n<p>Bauunternehmer<\/p>\n<p>Gabriel Dre\u00dfler wurde 1874 in Gro\u00dfostheim geboren. Er wohnte zeitlebens in seinem Heimatort, Ma\u00dfpforte 4. 1911\/13 gr\u00fcndete er in Gro\u00dfostheim ein Bauunternehmen, das nach dem Eintritt seines Sohnes Adam (1906 \u2013 1977) in die Firma umbenannt wurde in \u201eGabriel Dre\u00dfler &amp; Sohn, Baugesch\u00e4ft\u201c. Anfang der 1930er-Jahre verlegte Gabriel Dre\u00dfler den Firmensitz von Gro\u00dfostheim nach Aschaffenburg. Aus dem kleinen Betrieb entstand ein mittelst\u00e4ndiges Unternehmen, \u00fcber dessen Wirken w\u00e4hrend der NS-Zeit wenig bekannt ist. Nach dem Zweiten Weltkrieg kamen Niederlassungen etwa in Darmstadt und Rastatt dazu. Bis zum Tod des Firmengr\u00fcnders im Jahr 1960 hatte sich das Baugesch\u00e4ft zum gr\u00f6\u00dften Bauunternehmen am Untermain entwickelt (seit 1998 Dre\u00dfler Bau GmbH).<br \/>\nEs lie\u00dfen sich keine Entnazifizierungsakten zu Gabriel Dre\u00dfler ermitteln; \u00fcber Mitgliedschaften in NS-Organisationen liegen bislang keine Informationen vor. Die Gabriel-Dre\u00dfler-Stra\u00dfe f\u00fchrt zum Firmensitz der Dre\u00dfler Bau GmbH in Aschaffenburg-Damm.<\/p>\n<p>Quellen:<\/p>\n<ul>\n<li>Staatsarchiv W\u00fcrzburg<\/li>\n<li>Einwohnermeldeamt Gro\u00dfostheim<\/li>\n<li>https:\/\/www.dressler-bau.de\/unternehmen<\/li>\n<\/ul>\n","protected":false},"excerpt":{"rendered":"<p>2019 benannt nach Gabriel Dre\u00dfler * 31.12.1874 in Gro\u00dfostheim \u2020 22.05.1960 in Gro\u00dfostheim Bauunternehmer Gabriel Dre\u00dfler wurde 1874 in Gro\u00dfostheim geboren. Er wohnte zeitlebens in seinem Heimatort, Ma\u00dfpforte 4. 1911\/13 [&hellip;]<\/p>\n","protected":false},"author":72,"featured_media":0,"comment_status":"open","ping_status":"open","sticky":false,"template":"","format":"standard","meta":{"_acf_changed":false,"footnotes":""},"categories":[1,953],"tags":[145],"post-format":[2],"post-content":[67],"class_list":["post-7105","post","type-post","status-publish","format-standard","hentry","category-bildung","category-strassennamen","tag-strassennamen","format-information","content-text","project-strassennamen-in-aschaffenburg"],"acf":[],"yoast_head":"<!-- This site is optimized with the Yoast SEO plugin v27.4 - https:\/\/yoast.com\/product\/yoast-seo-wordpress\/ -->\n<title>Gabriel-Dre\u00dfler-Stra\u00dfe - Aschaffenburg<\/title>\n<meta name=\"robots\" content=\"index, follow, max-snippet:-1, max-image-preview:large, max-video-preview:-1\" \/>\n<link rel=\"canonical\" href=\"https:\/\/aschaffenburgzweinull.stadtarchiv-digital.de\/gabriel-dressler-strasse\/\" \/>\n<meta property=\"og:locale\" content=\"de_DE\" \/>\n<meta property=\"og:type\" content=\"article\" \/>\n<meta property=\"og:title\" content=\"Gabriel-Dre\u00dfler-Stra\u00dfe - Aschaffenburg\" \/>\n<meta property=\"og:description\" content=\"2019 benannt nach Gabriel Dre\u00dfler * 31.12.1874 in Gro\u00dfostheim \u2020 22.05.1960 in Gro\u00dfostheim Bauunternehmer Gabriel Dre\u00dfler wurde 1874 in Gro\u00dfostheim geboren. Er wohnte zeitlebens in seinem Heimatort, Ma\u00dfpforte 4. 1911\/13 [&hellip;]\" \/>\n<meta property=\"og:url\" content=\"https:\/\/aschaffenburgzweinull.stadtarchiv-digital.de\/gabriel-dressler-strasse\/\" \/>\n<meta property=\"og:site_name\" content=\"Aschaffenburg\" \/>\n<meta property=\"article:published_time\" content=\"2023-06-07T15:14:09+00:00\" \/>\n<meta property=\"article:modified_time\" content=\"2023-06-26T06:38:33+00:00\" \/>\n<meta property=\"og:image\" content=\"https:\/\/aschaffenburgzweinull.stadtarchiv-digital.de\/wp-content\/uploads\/2020\/07\/Logo-Stadtarchiv-Aschaffenburg.png\" \/>\n\t<meta property=\"og:image:width\" content=\"379\" \/>\n\t<meta property=\"og:image:height\" content=\"70\" \/>\n\t<meta property=\"og:image:type\" content=\"image\/png\" \/>\n<meta name=\"author\" content=\"B\u00fcro f\u00fcr Erinnerungskultur\" \/>\n<meta name=\"twitter:card\" content=\"summary_large_image\" \/>\n<meta name=\"twitter:label1\" content=\"Verfasst von\" \/>\n\t<meta name=\"twitter:data1\" content=\"B\u00fcro f\u00fcr Erinnerungskultur\" \/>\n\t<meta name=\"twitter:label2\" content=\"Gesch\u00e4tzte Lesezeit\" \/>\n\t<meta name=\"twitter:data2\" content=\"1\u00a0Minute\" \/>\n<script type=\"application\/ld+json\" class=\"yoast-schema-graph\">{\"@context\":\"https:\\\/\\\/schema.org\",\"@graph\":[{\"@type\":\"Article\",\"@id\":\"https:\\\/\\\/aschaffenburgzweinull.stadtarchiv-digital.de\\\/gabriel-dressler-strasse\\\/#article\",\"isPartOf\":{\"@id\":\"https:\\\/\\\/aschaffenburgzweinull.stadtarchiv-digital.de\\\/gabriel-dressler-strasse\\\/\"},\"author\":{\"name\":\"B\u00fcro f\u00fcr Erinnerungskultur\",\"@id\":\"https:\\\/\\\/aschaffenburgzweinull.stadtarchiv-digital.de\\\/#\\\/schema\\\/person\\\/f8d8ea4f39ce4a51c3617eadf9170a24\"},\"headline\":\"Gabriel-Dre\u00dfler-Stra\u00dfe\",\"datePublished\":\"2023-06-07T15:14:09+00:00\",\"dateModified\":\"2023-06-26T06:38:33+00:00\",\"mainEntityOfPage\":{\"@id\":\"https:\\\/\\\/aschaffenburgzweinull.stadtarchiv-digital.de\\\/gabriel-dressler-strasse\\\/\"},\"wordCount\":176,\"commentCount\":0,\"keywords\":[\"Stra\u00dfennamen\"],\"articleSection\":[\"Bildung\",\"Stra\u00dfennamen\"],\"inLanguage\":\"de\",\"potentialAction\":[{\"@type\":\"CommentAction\",\"name\":\"Comment\",\"target\":[\"https:\\\/\\\/aschaffenburgzweinull.stadtarchiv-digital.de\\\/gabriel-dressler-strasse\\\/#respond\"]}]},{\"@type\":\"WebPage\",\"@id\":\"https:\\\/\\\/aschaffenburgzweinull.stadtarchiv-digital.de\\\/gabriel-dressler-strasse\\\/\",\"url\":\"https:\\\/\\\/aschaffenburgzweinull.stadtarchiv-digital.de\\\/gabriel-dressler-strasse\\\/\",\"name\":\"Gabriel-Dre\u00dfler-Stra\u00dfe - Aschaffenburg\",\"isPartOf\":{\"@id\":\"https:\\\/\\\/aschaffenburgzweinull.stadtarchiv-digital.de\\\/#website\"},\"datePublished\":\"2023-06-07T15:14:09+00:00\",\"dateModified\":\"2023-06-26T06:38:33+00:00\",\"author\":{\"@id\":\"https:\\\/\\\/aschaffenburgzweinull.stadtarchiv-digital.de\\\/#\\\/schema\\\/person\\\/f8d8ea4f39ce4a51c3617eadf9170a24\"},\"breadcrumb\":{\"@id\":\"https:\\\/\\\/aschaffenburgzweinull.stadtarchiv-digital.de\\\/gabriel-dressler-strasse\\\/#breadcrumb\"},\"inLanguage\":\"de\",\"potentialAction\":[{\"@type\":\"ReadAction\",\"target\":[\"https:\\\/\\\/aschaffenburgzweinull.stadtarchiv-digital.de\\\/gabriel-dressler-strasse\\\/\"]}]},{\"@type\":\"BreadcrumbList\",\"@id\":\"https:\\\/\\\/aschaffenburgzweinull.stadtarchiv-digital.de\\\/gabriel-dressler-strasse\\\/#breadcrumb\",\"itemListElement\":[{\"@type\":\"ListItem\",\"position\":1,\"name\":\"Startseite\",\"item\":\"https:\\\/\\\/aschaffenburgzweinull.stadtarchiv-digital.de\\\/\"},{\"@type\":\"ListItem\",\"position\":2,\"name\":\"Gabriel-Dre\u00dfler-Stra\u00dfe\"}]},{\"@type\":\"WebSite\",\"@id\":\"https:\\\/\\\/aschaffenburgzweinull.stadtarchiv-digital.de\\\/#website\",\"url\":\"https:\\\/\\\/aschaffenburgzweinull.stadtarchiv-digital.de\\\/\",\"name\":\"Aschaffenburg\",\"description\":\"2.0\",\"potentialAction\":[{\"@type\":\"SearchAction\",\"target\":{\"@type\":\"EntryPoint\",\"urlTemplate\":\"https:\\\/\\\/aschaffenburgzweinull.stadtarchiv-digital.de\\\/?s={search_term_string}\"},\"query-input\":{\"@type\":\"PropertyValueSpecification\",\"valueRequired\":true,\"valueName\":\"search_term_string\"}}],\"inLanguage\":\"de\"},{\"@type\":\"Person\",\"@id\":\"https:\\\/\\\/aschaffenburgzweinull.stadtarchiv-digital.de\\\/#\\\/schema\\\/person\\\/f8d8ea4f39ce4a51c3617eadf9170a24\",\"name\":\"B\u00fcro f\u00fcr Erinnerungskultur\",\"url\":\"https:\\\/\\\/aschaffenburgzweinull.stadtarchiv-digital.de\\\/author\\\/hahn\\\/\"}]}<\/script>\n<!-- \/ Yoast SEO plugin. -->","yoast_head_json":{"title":"Gabriel-Dre\u00dfler-Stra\u00dfe - Aschaffenburg","robots":{"index":"index","follow":"follow","max-snippet":"max-snippet:-1","max-image-preview":"max-image-preview:large","max-video-preview":"max-video-preview:-1"},"canonical":"https:\/\/aschaffenburgzweinull.stadtarchiv-digital.de\/gabriel-dressler-strasse\/","og_locale":"de_DE","og_type":"article","og_title":"Gabriel-Dre\u00dfler-Stra\u00dfe - Aschaffenburg","og_description":"2019 benannt nach Gabriel Dre\u00dfler * 31.12.1874 in Gro\u00dfostheim \u2020 22.05.1960 in Gro\u00dfostheim Bauunternehmer Gabriel Dre\u00dfler wurde 1874 in Gro\u00dfostheim geboren. Er wohnte zeitlebens in seinem Heimatort, Ma\u00dfpforte 4. 1911\/13 [&hellip;]","og_url":"https:\/\/aschaffenburgzweinull.stadtarchiv-digital.de\/gabriel-dressler-strasse\/","og_site_name":"Aschaffenburg","article_published_time":"2023-06-07T15:14:09+00:00","article_modified_time":"2023-06-26T06:38:33+00:00","og_image":[{"width":379,"height":70,"url":"https:\/\/aschaffenburgzweinull.stadtarchiv-digital.de\/wp-content\/uploads\/2020\/07\/Logo-Stadtarchiv-Aschaffenburg.png","type":"image\/png"}],"author":"B\u00fcro f\u00fcr Erinnerungskultur","twitter_card":"summary_large_image","twitter_misc":{"Verfasst von":"B\u00fcro f\u00fcr Erinnerungskultur","Gesch\u00e4tzte Lesezeit":"1\u00a0Minute"},"schema":{"@context":"https:\/\/schema.org","@graph":[{"@type":"Article","@id":"https:\/\/aschaffenburgzweinull.stadtarchiv-digital.de\/gabriel-dressler-strasse\/#article","isPartOf":{"@id":"https:\/\/aschaffenburgzweinull.stadtarchiv-digital.de\/gabriel-dressler-strasse\/"},"author":{"name":"B\u00fcro f\u00fcr Erinnerungskultur","@id":"https:\/\/aschaffenburgzweinull.stadtarchiv-digital.de\/#\/schema\/person\/f8d8ea4f39ce4a51c3617eadf9170a24"},"headline":"Gabriel-Dre\u00dfler-Stra\u00dfe","datePublished":"2023-06-07T15:14:09+00:00","dateModified":"2023-06-26T06:38:33+00:00","mainEntityOfPage":{"@id":"https:\/\/aschaffenburgzweinull.stadtarchiv-digital.de\/gabriel-dressler-strasse\/"},"wordCount":176,"commentCount":0,"keywords":["Stra\u00dfennamen"],"articleSection":["Bildung","Stra\u00dfennamen"],"inLanguage":"de","potentialAction":[{"@type":"CommentAction","name":"Comment","target":["https:\/\/aschaffenburgzweinull.stadtarchiv-digital.de\/gabriel-dressler-strasse\/#respond"]}]},{"@type":"WebPage","@id":"https:\/\/aschaffenburgzweinull.stadtarchiv-digital.de\/gabriel-dressler-strasse\/","url":"https:\/\/aschaffenburgzweinull.stadtarchiv-digital.de\/gabriel-dressler-strasse\/","name":"Gabriel-Dre\u00dfler-Stra\u00dfe - Aschaffenburg","isPartOf":{"@id":"https:\/\/aschaffenburgzweinull.stadtarchiv-digital.de\/#website"},"datePublished":"2023-06-07T15:14:09+00:00","dateModified":"2023-06-26T06:38:33+00:00","author":{"@id":"https:\/\/aschaffenburgzweinull.stadtarchiv-digital.de\/#\/schema\/person\/f8d8ea4f39ce4a51c3617eadf9170a24"},"breadcrumb":{"@id":"https:\/\/aschaffenburgzweinull.stadtarchiv-digital.de\/gabriel-dressler-strasse\/#breadcrumb"},"inLanguage":"de","potentialAction":[{"@type":"ReadAction","target":["https:\/\/aschaffenburgzweinull.stadtarchiv-digital.de\/gabriel-dressler-strasse\/"]}]},{"@type":"BreadcrumbList","@id":"https:\/\/aschaffenburgzweinull.stadtarchiv-digital.de\/gabriel-dressler-strasse\/#breadcrumb","itemListElement":[{"@type":"ListItem","position":1,"name":"Startseite","item":"https:\/\/aschaffenburgzweinull.stadtarchiv-digital.de\/"},{"@type":"ListItem","position":2,"name":"Gabriel-Dre\u00dfler-Stra\u00dfe"}]},{"@type":"WebSite","@id":"https:\/\/aschaffenburgzweinull.stadtarchiv-digital.de\/#website","url":"https:\/\/aschaffenburgzweinull.stadtarchiv-digital.de\/","name":"Aschaffenburg","description":"2.0","potentialAction":[{"@type":"SearchAction","target":{"@type":"EntryPoint","urlTemplate":"https:\/\/aschaffenburgzweinull.stadtarchiv-digital.de\/?s={search_term_string}"},"query-input":{"@type":"PropertyValueSpecification","valueRequired":true,"valueName":"search_term_string"}}],"inLanguage":"de"},{"@type":"Person","@id":"https:\/\/aschaffenburgzweinull.stadtarchiv-digital.de\/#\/schema\/person\/f8d8ea4f39ce4a51c3617eadf9170a24","name":"B\u00fcro f\u00fcr Erinnerungskultur","url":"https:\/\/aschaffenburgzweinull.stadtarchiv-digital.de\/author\/hahn\/"}]}},"_links":{"self":[{"href":"https:\/\/aschaffenburgzweinull.stadtarchiv-digital.de\/data\/wp\/v2\/posts\/7105","targetHints":{"allow":["GET"]}}],"collection":[{"href":"https:\/\/aschaffenburgzweinull.stadtarchiv-digital.de\/data\/wp\/v2\/posts"}],"about":[{"href":"https:\/\/aschaffenburgzweinull.stadtarchiv-digital.de\/data\/wp\/v2\/types\/post"}],"author":[{"embeddable":true,"href":"https:\/\/aschaffenburgzweinull.stadtarchiv-digital.de\/data\/wp\/v2\/users\/72"}],"replies":[{"embeddable":true,"href":"https:\/\/aschaffenburgzweinull.stadtarchiv-digital.de\/data\/wp\/v2\/comments?post=7105"}],"version-history":[{"count":5,"href":"https:\/\/aschaffenburgzweinull.stadtarchiv-digital.de\/data\/wp\/v2\/posts\/7105\/revisions"}],"predecessor-version":[{"id":8097,"href":"https:\/\/aschaffenburgzweinull.stadtarchiv-digital.de\/data\/wp\/v2\/posts\/7105\/revisions\/8097"}],"wp:attachment":[{"href":"https:\/\/aschaffenburgzweinull.stadtarchiv-digital.de\/data\/wp\/v2\/media?parent=7105"}],"wp:term":[{"taxonomy":"category","embeddable":true,"href":"https:\/\/aschaffenburgzweinull.stadtarchiv-digital.de\/data\/wp\/v2\/categories?post=7105"},{"taxonomy":"post_tag","embeddable":true,"href":"https:\/\/aschaffenburgzweinull.stadtarchiv-digital.de\/data\/wp\/v2\/tags?post=7105"},{"taxonomy":"format","embeddable":true,"href":"https:\/\/aschaffenburgzweinull.stadtarchiv-digital.de\/data\/wp\/v2\/post-format?post=7105"},{"taxonomy":"content","embeddable":true,"href":"https:\/\/aschaffenburgzweinull.stadtarchiv-digital.de\/data\/wp\/v2\/post-content?post=7105"}],"curies":[{"name":"wp","href":"https:\/\/api.w.org\/{rel}","templated":true}]}}