{"id":7096,"date":"2023-06-07T17:14:03","date_gmt":"2023-06-07T15:14:03","guid":{"rendered":"https:\/\/aschaffenburgzweinull.stadtarchiv-digital.de\/goerdelerstrasse\/"},"modified":"2023-06-19T12:11:23","modified_gmt":"2023-06-19T10:11:23","slug":"goerdelerstrasse","status":"publish","type":"post","link":"https:\/\/aschaffenburgzweinull.stadtarchiv-digital.de\/goerdelerstrasse\/","title":{"rendered":"Goerdelerstra\u00dfe"},"content":{"rendered":"<p><strong>1988 benannt nach Carl Friedrich Goerdeler<\/strong><br \/>\n<strong>* 31.07.1884 in Schneidem\u00fchl (Provinz Posen) \u2020 02.02.1945 in Berlin-Pl\u00f6tzensee<\/strong><\/p>\n<p>Jurist und Politiker, NS-Widerstandsk\u00e4mpfer<\/p>\n<p>Carl Friedrich Goerdeler wurde 1884 in Schneidem\u00fchl geboren. Nach Besuch des humanistischen Gymnasiums in Marienwerder und Studium der Rechtswissenschaften in T\u00fcbingen und K\u00f6nigsberg wurde der Jurist 1930 Oberb\u00fcrgermeister von Leipzig und blieb dies auch nach der Macht\u00fcbernahme durch die Nationalsozialisten, obwohl er kein Mitglied der NSDAP wurde. Parallel zu seinem Amt fungierte er zwischen Ende 1931 und 1935 als Reichskommissar f\u00fcr Preis\u00fcberwachung. Im November 1936 trat er vom Posten des Oberb\u00fcrgermeisters in Leipzig zur\u00fcck. Der Weg in den erkl\u00e4rten Widerstand f\u00fchrte ihn \u00fcber eine Teilopposition (ablehnende Kritik ab 1935) und eine sp\u00e4testens seit Sommer 1937 nachweisbare Oppositionshaltung gegen\u00fcber dem NS-Regime. Unterst\u00fctzt etwa von Robert Bosch und dessen oppositionellen Stuttgarter Kreis unternahm er 1938 und 1939 ausgedehnte Auslandsreisen. Mit umfassenden Berichten \u00fcber die politische und \u00f6konomische Lage der Nachbarl\u00e4nder suchte er Einfluss auf die Regierung zu nehmen und den Ausbruch des Krieges zu verhindern.<br \/>\nCarl Friedrich Goerdeler gilt als eine der treibenden Kr\u00e4fte des zivilen b\u00fcrgerlich-konservativen Widerstands gegen Adolf Hitler und das NS-Regime. In den Planungen ab Winter 1941\/42 war er als Regierungschef nach dem Umsturz vorgesehen. Nach dem Attentat auf Adolf Hitler am 20. Juli 1944 wurde er auf der Flucht verhaftet und am 2. Februar 1945 in Berlin-Pl\u00f6tzensee erh\u00e4ngt.<br \/>\nAuch wenn Carl Goerdeler sich nicht als Antisemit verstand, gibt es in der historischen Forschung sehr unterschiedliche Auffassungen dar\u00fcber, wie seine Haltung gegen\u00fcber den Juden zu beurteilen sei. Die meisten Forschenden erkennen bei Carl Goerdeler antisemitische Ressentiments. Einig ist die Zunft sich darin, dass Goerdeler Gewalt gegen Juden allgemein und den Holocaust im Besonderen entschieden ablehnte.<\/p>\n<p><a href=\"https:\/\/aschaffenburgzweinull.stadtarchiv-digital.de\/dossier-carl-goerdeler\/\">Zum Dossier \u00fcber Carl Friedrich Goerdeler<\/a><\/p>\n","protected":false},"excerpt":{"rendered":"<p>1988 benannt nach Carl Friedrich Goerdeler * 31.07.1884 in Schneidem\u00fchl (Provinz Posen) \u2020 02.02.1945 in Berlin-Pl\u00f6tzensee Jurist und Politiker, NS-Widerstandsk\u00e4mpfer Carl Friedrich Goerdeler wurde 1884 in Schneidem\u00fchl geboren. Nach Besuch [&hellip;]<\/p>\n","protected":false},"author":72,"featured_media":0,"comment_status":"open","ping_status":"open","sticky":false,"template":"","format":"standard","meta":{"_acf_changed":false,"footnotes":""},"categories":[1,953],"tags":[145],"post-format":[2],"post-content":[67],"class_list":["post-7096","post","type-post","status-publish","format-standard","hentry","category-bildung","category-strassennamen","tag-strassennamen","format-information","content-text","project-strassennamen-in-aschaffenburg"],"acf":[],"yoast_head":"<!-- This site is optimized with the Yoast SEO plugin v27.4 - https:\/\/yoast.com\/product\/yoast-seo-wordpress\/ -->\n<title>Goerdelerstra\u00dfe - Aschaffenburg<\/title>\n<meta name=\"robots\" content=\"index, follow, max-snippet:-1, max-image-preview:large, max-video-preview:-1\" \/>\n<link rel=\"canonical\" href=\"https:\/\/aschaffenburgzweinull.stadtarchiv-digital.de\/goerdelerstrasse\/\" \/>\n<meta property=\"og:locale\" content=\"de_DE\" \/>\n<meta property=\"og:type\" content=\"article\" \/>\n<meta property=\"og:title\" content=\"Goerdelerstra\u00dfe - Aschaffenburg\" \/>\n<meta property=\"og:description\" content=\"1988 benannt nach Carl Friedrich Goerdeler * 31.07.1884 in Schneidem\u00fchl (Provinz Posen) \u2020 02.02.1945 in Berlin-Pl\u00f6tzensee Jurist und Politiker, NS-Widerstandsk\u00e4mpfer Carl Friedrich Goerdeler wurde 1884 in Schneidem\u00fchl geboren. Nach Besuch [&hellip;]\" \/>\n<meta property=\"og:url\" content=\"https:\/\/aschaffenburgzweinull.stadtarchiv-digital.de\/goerdelerstrasse\/\" \/>\n<meta property=\"og:site_name\" content=\"Aschaffenburg\" \/>\n<meta property=\"article:published_time\" content=\"2023-06-07T15:14:03+00:00\" \/>\n<meta property=\"article:modified_time\" content=\"2023-06-19T10:11:23+00:00\" \/>\n<meta property=\"og:image\" content=\"https:\/\/aschaffenburgzweinull.stadtarchiv-digital.de\/wp-content\/uploads\/2020\/07\/Logo-Stadtarchiv-Aschaffenburg.png\" \/>\n\t<meta property=\"og:image:width\" content=\"379\" \/>\n\t<meta property=\"og:image:height\" content=\"70\" \/>\n\t<meta property=\"og:image:type\" content=\"image\/png\" \/>\n<meta name=\"author\" content=\"B\u00fcro f\u00fcr Erinnerungskultur\" \/>\n<meta name=\"twitter:card\" content=\"summary_large_image\" \/>\n<meta name=\"twitter:label1\" content=\"Verfasst von\" \/>\n\t<meta name=\"twitter:data1\" content=\"B\u00fcro f\u00fcr Erinnerungskultur\" \/>\n\t<meta name=\"twitter:label2\" content=\"Gesch\u00e4tzte Lesezeit\" \/>\n\t<meta name=\"twitter:data2\" content=\"2\u00a0Minuten\" \/>\n<script type=\"application\/ld+json\" class=\"yoast-schema-graph\">{\"@context\":\"https:\\\/\\\/schema.org\",\"@graph\":[{\"@type\":\"Article\",\"@id\":\"https:\\\/\\\/aschaffenburgzweinull.stadtarchiv-digital.de\\\/goerdelerstrasse\\\/#article\",\"isPartOf\":{\"@id\":\"https:\\\/\\\/aschaffenburgzweinull.stadtarchiv-digital.de\\\/goerdelerstrasse\\\/\"},\"author\":{\"name\":\"B\u00fcro f\u00fcr Erinnerungskultur\",\"@id\":\"https:\\\/\\\/aschaffenburgzweinull.stadtarchiv-digital.de\\\/#\\\/schema\\\/person\\\/f8d8ea4f39ce4a51c3617eadf9170a24\"},\"headline\":\"Goerdelerstra\u00dfe\",\"datePublished\":\"2023-06-07T15:14:03+00:00\",\"dateModified\":\"2023-06-19T10:11:23+00:00\",\"mainEntityOfPage\":{\"@id\":\"https:\\\/\\\/aschaffenburgzweinull.stadtarchiv-digital.de\\\/goerdelerstrasse\\\/\"},\"wordCount\":289,\"commentCount\":0,\"keywords\":[\"Stra\u00dfennamen\"],\"articleSection\":[\"Bildung\",\"Stra\u00dfennamen\"],\"inLanguage\":\"de\",\"potentialAction\":[{\"@type\":\"CommentAction\",\"name\":\"Comment\",\"target\":[\"https:\\\/\\\/aschaffenburgzweinull.stadtarchiv-digital.de\\\/goerdelerstrasse\\\/#respond\"]}]},{\"@type\":\"WebPage\",\"@id\":\"https:\\\/\\\/aschaffenburgzweinull.stadtarchiv-digital.de\\\/goerdelerstrasse\\\/\",\"url\":\"https:\\\/\\\/aschaffenburgzweinull.stadtarchiv-digital.de\\\/goerdelerstrasse\\\/\",\"name\":\"Goerdelerstra\u00dfe - Aschaffenburg\",\"isPartOf\":{\"@id\":\"https:\\\/\\\/aschaffenburgzweinull.stadtarchiv-digital.de\\\/#website\"},\"datePublished\":\"2023-06-07T15:14:03+00:00\",\"dateModified\":\"2023-06-19T10:11:23+00:00\",\"author\":{\"@id\":\"https:\\\/\\\/aschaffenburgzweinull.stadtarchiv-digital.de\\\/#\\\/schema\\\/person\\\/f8d8ea4f39ce4a51c3617eadf9170a24\"},\"breadcrumb\":{\"@id\":\"https:\\\/\\\/aschaffenburgzweinull.stadtarchiv-digital.de\\\/goerdelerstrasse\\\/#breadcrumb\"},\"inLanguage\":\"de\",\"potentialAction\":[{\"@type\":\"ReadAction\",\"target\":[\"https:\\\/\\\/aschaffenburgzweinull.stadtarchiv-digital.de\\\/goerdelerstrasse\\\/\"]}]},{\"@type\":\"BreadcrumbList\",\"@id\":\"https:\\\/\\\/aschaffenburgzweinull.stadtarchiv-digital.de\\\/goerdelerstrasse\\\/#breadcrumb\",\"itemListElement\":[{\"@type\":\"ListItem\",\"position\":1,\"name\":\"Startseite\",\"item\":\"https:\\\/\\\/aschaffenburgzweinull.stadtarchiv-digital.de\\\/\"},{\"@type\":\"ListItem\",\"position\":2,\"name\":\"Goerdelerstra\u00dfe\"}]},{\"@type\":\"WebSite\",\"@id\":\"https:\\\/\\\/aschaffenburgzweinull.stadtarchiv-digital.de\\\/#website\",\"url\":\"https:\\\/\\\/aschaffenburgzweinull.stadtarchiv-digital.de\\\/\",\"name\":\"Aschaffenburg\",\"description\":\"2.0\",\"potentialAction\":[{\"@type\":\"SearchAction\",\"target\":{\"@type\":\"EntryPoint\",\"urlTemplate\":\"https:\\\/\\\/aschaffenburgzweinull.stadtarchiv-digital.de\\\/?s={search_term_string}\"},\"query-input\":{\"@type\":\"PropertyValueSpecification\",\"valueRequired\":true,\"valueName\":\"search_term_string\"}}],\"inLanguage\":\"de\"},{\"@type\":\"Person\",\"@id\":\"https:\\\/\\\/aschaffenburgzweinull.stadtarchiv-digital.de\\\/#\\\/schema\\\/person\\\/f8d8ea4f39ce4a51c3617eadf9170a24\",\"name\":\"B\u00fcro f\u00fcr Erinnerungskultur\",\"url\":\"https:\\\/\\\/aschaffenburgzweinull.stadtarchiv-digital.de\\\/author\\\/hahn\\\/\"}]}<\/script>\n<!-- \/ Yoast SEO plugin. -->","yoast_head_json":{"title":"Goerdelerstra\u00dfe - Aschaffenburg","robots":{"index":"index","follow":"follow","max-snippet":"max-snippet:-1","max-image-preview":"max-image-preview:large","max-video-preview":"max-video-preview:-1"},"canonical":"https:\/\/aschaffenburgzweinull.stadtarchiv-digital.de\/goerdelerstrasse\/","og_locale":"de_DE","og_type":"article","og_title":"Goerdelerstra\u00dfe - Aschaffenburg","og_description":"1988 benannt nach Carl Friedrich Goerdeler * 31.07.1884 in Schneidem\u00fchl (Provinz Posen) \u2020 02.02.1945 in Berlin-Pl\u00f6tzensee Jurist und Politiker, NS-Widerstandsk\u00e4mpfer Carl Friedrich Goerdeler wurde 1884 in Schneidem\u00fchl geboren. Nach Besuch [&hellip;]","og_url":"https:\/\/aschaffenburgzweinull.stadtarchiv-digital.de\/goerdelerstrasse\/","og_site_name":"Aschaffenburg","article_published_time":"2023-06-07T15:14:03+00:00","article_modified_time":"2023-06-19T10:11:23+00:00","og_image":[{"width":379,"height":70,"url":"https:\/\/aschaffenburgzweinull.stadtarchiv-digital.de\/wp-content\/uploads\/2020\/07\/Logo-Stadtarchiv-Aschaffenburg.png","type":"image\/png"}],"author":"B\u00fcro f\u00fcr Erinnerungskultur","twitter_card":"summary_large_image","twitter_misc":{"Verfasst von":"B\u00fcro f\u00fcr Erinnerungskultur","Gesch\u00e4tzte Lesezeit":"2\u00a0Minuten"},"schema":{"@context":"https:\/\/schema.org","@graph":[{"@type":"Article","@id":"https:\/\/aschaffenburgzweinull.stadtarchiv-digital.de\/goerdelerstrasse\/#article","isPartOf":{"@id":"https:\/\/aschaffenburgzweinull.stadtarchiv-digital.de\/goerdelerstrasse\/"},"author":{"name":"B\u00fcro f\u00fcr Erinnerungskultur","@id":"https:\/\/aschaffenburgzweinull.stadtarchiv-digital.de\/#\/schema\/person\/f8d8ea4f39ce4a51c3617eadf9170a24"},"headline":"Goerdelerstra\u00dfe","datePublished":"2023-06-07T15:14:03+00:00","dateModified":"2023-06-19T10:11:23+00:00","mainEntityOfPage":{"@id":"https:\/\/aschaffenburgzweinull.stadtarchiv-digital.de\/goerdelerstrasse\/"},"wordCount":289,"commentCount":0,"keywords":["Stra\u00dfennamen"],"articleSection":["Bildung","Stra\u00dfennamen"],"inLanguage":"de","potentialAction":[{"@type":"CommentAction","name":"Comment","target":["https:\/\/aschaffenburgzweinull.stadtarchiv-digital.de\/goerdelerstrasse\/#respond"]}]},{"@type":"WebPage","@id":"https:\/\/aschaffenburgzweinull.stadtarchiv-digital.de\/goerdelerstrasse\/","url":"https:\/\/aschaffenburgzweinull.stadtarchiv-digital.de\/goerdelerstrasse\/","name":"Goerdelerstra\u00dfe - Aschaffenburg","isPartOf":{"@id":"https:\/\/aschaffenburgzweinull.stadtarchiv-digital.de\/#website"},"datePublished":"2023-06-07T15:14:03+00:00","dateModified":"2023-06-19T10:11:23+00:00","author":{"@id":"https:\/\/aschaffenburgzweinull.stadtarchiv-digital.de\/#\/schema\/person\/f8d8ea4f39ce4a51c3617eadf9170a24"},"breadcrumb":{"@id":"https:\/\/aschaffenburgzweinull.stadtarchiv-digital.de\/goerdelerstrasse\/#breadcrumb"},"inLanguage":"de","potentialAction":[{"@type":"ReadAction","target":["https:\/\/aschaffenburgzweinull.stadtarchiv-digital.de\/goerdelerstrasse\/"]}]},{"@type":"BreadcrumbList","@id":"https:\/\/aschaffenburgzweinull.stadtarchiv-digital.de\/goerdelerstrasse\/#breadcrumb","itemListElement":[{"@type":"ListItem","position":1,"name":"Startseite","item":"https:\/\/aschaffenburgzweinull.stadtarchiv-digital.de\/"},{"@type":"ListItem","position":2,"name":"Goerdelerstra\u00dfe"}]},{"@type":"WebSite","@id":"https:\/\/aschaffenburgzweinull.stadtarchiv-digital.de\/#website","url":"https:\/\/aschaffenburgzweinull.stadtarchiv-digital.de\/","name":"Aschaffenburg","description":"2.0","potentialAction":[{"@type":"SearchAction","target":{"@type":"EntryPoint","urlTemplate":"https:\/\/aschaffenburgzweinull.stadtarchiv-digital.de\/?s={search_term_string}"},"query-input":{"@type":"PropertyValueSpecification","valueRequired":true,"valueName":"search_term_string"}}],"inLanguage":"de"},{"@type":"Person","@id":"https:\/\/aschaffenburgzweinull.stadtarchiv-digital.de\/#\/schema\/person\/f8d8ea4f39ce4a51c3617eadf9170a24","name":"B\u00fcro f\u00fcr Erinnerungskultur","url":"https:\/\/aschaffenburgzweinull.stadtarchiv-digital.de\/author\/hahn\/"}]}},"_links":{"self":[{"href":"https:\/\/aschaffenburgzweinull.stadtarchiv-digital.de\/data\/wp\/v2\/posts\/7096","targetHints":{"allow":["GET"]}}],"collection":[{"href":"https:\/\/aschaffenburgzweinull.stadtarchiv-digital.de\/data\/wp\/v2\/posts"}],"about":[{"href":"https:\/\/aschaffenburgzweinull.stadtarchiv-digital.de\/data\/wp\/v2\/types\/post"}],"author":[{"embeddable":true,"href":"https:\/\/aschaffenburgzweinull.stadtarchiv-digital.de\/data\/wp\/v2\/users\/72"}],"replies":[{"embeddable":true,"href":"https:\/\/aschaffenburgzweinull.stadtarchiv-digital.de\/data\/wp\/v2\/comments?post=7096"}],"version-history":[{"count":4,"href":"https:\/\/aschaffenburgzweinull.stadtarchiv-digital.de\/data\/wp\/v2\/posts\/7096\/revisions"}],"predecessor-version":[{"id":8004,"href":"https:\/\/aschaffenburgzweinull.stadtarchiv-digital.de\/data\/wp\/v2\/posts\/7096\/revisions\/8004"}],"wp:attachment":[{"href":"https:\/\/aschaffenburgzweinull.stadtarchiv-digital.de\/data\/wp\/v2\/media?parent=7096"}],"wp:term":[{"taxonomy":"category","embeddable":true,"href":"https:\/\/aschaffenburgzweinull.stadtarchiv-digital.de\/data\/wp\/v2\/categories?post=7096"},{"taxonomy":"post_tag","embeddable":true,"href":"https:\/\/aschaffenburgzweinull.stadtarchiv-digital.de\/data\/wp\/v2\/tags?post=7096"},{"taxonomy":"format","embeddable":true,"href":"https:\/\/aschaffenburgzweinull.stadtarchiv-digital.de\/data\/wp\/v2\/post-format?post=7096"},{"taxonomy":"content","embeddable":true,"href":"https:\/\/aschaffenburgzweinull.stadtarchiv-digital.de\/data\/wp\/v2\/post-content?post=7096"}],"curies":[{"name":"wp","href":"https:\/\/api.w.org\/{rel}","templated":true}]}}