{"id":7091,"date":"2023-06-07T17:14:01","date_gmt":"2023-06-07T15:14:01","guid":{"rendered":"https:\/\/aschaffenburgzweinull.stadtarchiv-digital.de\/gruenewaldstrasse-2\/"},"modified":"2023-06-19T12:11:27","modified_gmt":"2023-06-19T10:11:27","slug":"gruenewaldstrasse-2","status":"publish","type":"post","link":"https:\/\/aschaffenburgzweinull.stadtarchiv-digital.de\/gruenewaldstrasse-2\/","title":{"rendered":"Gr\u00fcnewaldstra\u00dfe"},"content":{"rendered":"<p><strong>1899 benannt nach Matthias Gr\u00fcnewald <\/strong><br \/>\n<strong>* um 1480 in Aschaffenburg oder W\u00fcrzburg \u2020 um 1530 in Halle an der Saale<\/strong><\/p>\n<p>Hofmaler<\/p>\n<p>Matthias Gr\u00fcnewald wurde um 1480 in Aschaffenburg oder W\u00fcrzburg geboren. Er war Hofmaler unter dem Mainzer Erzbischof Albrecht von Brandenburg w\u00e4hrend dessen Zeit in Aschaffenburg und gilt als einer der bedeutendsten deutschen Maler seiner Zeit. Es wird vermutet, dass Gr\u00fcnewald am Bauernkrieg sowie an einer Erhebung in Seligenstadt beteiligt war. Grundlage dieser Vermutung ist die Arbeit des Historikers Z\u00fclch, der Archivmaterial bearbeitet hat, das im Zweiten Weltkrieg verbrannte. 1525 war Gr\u00fcnewald Seligenst\u00e4dter B\u00fcrger und floh nach der Beteiligung an besagter Erhebung nach Frankfurt am Main. Sp\u00e4ter gelangte er nach Halle, wo sich zu dieser Zeit auch Albrecht von Brandenburg aufhielt, und starb dort 1530. Als Gr\u00fcnewalds Hauptwerk gilt der \u201eIsenheimer Altar\u201c, der sich im Museum in Colmar befindet. Sein vermutlich letztes Werk \u201eDie Beweinung Christi\u201c ist in der Stiftskirche Aschaffenburg zu sehen.<\/p>\n<ul>\n<li>Geschichts- und Kunstverein Aschaffenburg e.V. (Hrsg.): Fischer, Roman: Aschaffenburg im Mittelalter. Studien zur Geschichte der Stadt von den Anf\u00e4ngen bis zum Beginn der Neuzeit, Aschaffenburg 1989.<\/li>\n<li>Grimm, Heinrich, &#8222;Albrecht&#8220; in: Neue Deutsche Biographie 1 (1953), S. 166-167 [Online-Version]; URL: https:\/\/www.deutsche-biographie.de\/pnd118647733.html#ndbcontent<\/li>\n<li>Karl, Maria: Geistliche Institutionen und Fr\u00f6mmigkeitsleben in der Stadt Aschaffenburg im Zeitalter von Konfessionalisierung und Barock, in: Fu\u00dfbahn, Heinrich (Hrsg.): Ver\u00f6ffentlichungen des Geschichts- und Kunstvereins Aschaffenburg e.V., Aschaffenburg, 2019.<\/li>\n<\/ul>\n","protected":false},"excerpt":{"rendered":"<p>1899 benannt nach Matthias Gr\u00fcnewald * um 1480 in Aschaffenburg oder W\u00fcrzburg \u2020 um 1530 in Halle an der Saale Hofmaler Matthias Gr\u00fcnewald wurde um 1480 in Aschaffenburg oder W\u00fcrzburg [&hellip;]<\/p>\n","protected":false},"author":72,"featured_media":0,"comment_status":"open","ping_status":"open","sticky":false,"template":"","format":"standard","meta":{"_acf_changed":false,"footnotes":""},"categories":[1,953],"tags":[145],"post-format":[2],"post-content":[67],"class_list":["post-7091","post","type-post","status-publish","format-standard","hentry","category-bildung","category-strassennamen","tag-strassennamen","format-information","content-text","project-strassennamen-in-aschaffenburg"],"acf":[],"yoast_head":"<!-- This site is optimized with the Yoast SEO plugin v27.4 - https:\/\/yoast.com\/product\/yoast-seo-wordpress\/ -->\n<title>Gr\u00fcnewaldstra\u00dfe - Aschaffenburg<\/title>\n<meta name=\"robots\" content=\"index, follow, max-snippet:-1, max-image-preview:large, max-video-preview:-1\" \/>\n<link rel=\"canonical\" href=\"https:\/\/aschaffenburgzweinull.stadtarchiv-digital.de\/gruenewaldstrasse-2\/\" \/>\n<meta property=\"og:locale\" content=\"de_DE\" \/>\n<meta property=\"og:type\" content=\"article\" \/>\n<meta property=\"og:title\" content=\"Gr\u00fcnewaldstra\u00dfe - Aschaffenburg\" \/>\n<meta property=\"og:description\" content=\"1899 benannt nach Matthias Gr\u00fcnewald * um 1480 in Aschaffenburg oder W\u00fcrzburg \u2020 um 1530 in Halle an der Saale Hofmaler Matthias Gr\u00fcnewald wurde um 1480 in Aschaffenburg oder W\u00fcrzburg [&hellip;]\" \/>\n<meta property=\"og:url\" content=\"https:\/\/aschaffenburgzweinull.stadtarchiv-digital.de\/gruenewaldstrasse-2\/\" \/>\n<meta property=\"og:site_name\" content=\"Aschaffenburg\" \/>\n<meta property=\"article:published_time\" content=\"2023-06-07T15:14:01+00:00\" \/>\n<meta property=\"article:modified_time\" content=\"2023-06-19T10:11:27+00:00\" \/>\n<meta property=\"og:image\" content=\"https:\/\/aschaffenburgzweinull.stadtarchiv-digital.de\/wp-content\/uploads\/2020\/07\/Logo-Stadtarchiv-Aschaffenburg.png\" \/>\n\t<meta property=\"og:image:width\" content=\"379\" \/>\n\t<meta property=\"og:image:height\" content=\"70\" \/>\n\t<meta property=\"og:image:type\" content=\"image\/png\" \/>\n<meta name=\"author\" content=\"B\u00fcro f\u00fcr Erinnerungskultur\" \/>\n<meta name=\"twitter:card\" content=\"summary_large_image\" \/>\n<meta name=\"twitter:label1\" content=\"Verfasst von\" \/>\n\t<meta name=\"twitter:data1\" content=\"B\u00fcro f\u00fcr Erinnerungskultur\" \/>\n\t<meta name=\"twitter:label2\" content=\"Gesch\u00e4tzte Lesezeit\" \/>\n\t<meta name=\"twitter:data2\" content=\"2\u00a0Minuten\" \/>\n<script type=\"application\/ld+json\" class=\"yoast-schema-graph\">{\"@context\":\"https:\\\/\\\/schema.org\",\"@graph\":[{\"@type\":\"Article\",\"@id\":\"https:\\\/\\\/aschaffenburgzweinull.stadtarchiv-digital.de\\\/gruenewaldstrasse-2\\\/#article\",\"isPartOf\":{\"@id\":\"https:\\\/\\\/aschaffenburgzweinull.stadtarchiv-digital.de\\\/gruenewaldstrasse-2\\\/\"},\"author\":{\"name\":\"B\u00fcro f\u00fcr Erinnerungskultur\",\"@id\":\"https:\\\/\\\/aschaffenburgzweinull.stadtarchiv-digital.de\\\/#\\\/schema\\\/person\\\/f8d8ea4f39ce4a51c3617eadf9170a24\"},\"headline\":\"Gr\u00fcnewaldstra\u00dfe\",\"datePublished\":\"2023-06-07T15:14:01+00:00\",\"dateModified\":\"2023-06-19T10:11:27+00:00\",\"mainEntityOfPage\":{\"@id\":\"https:\\\/\\\/aschaffenburgzweinull.stadtarchiv-digital.de\\\/gruenewaldstrasse-2\\\/\"},\"wordCount\":237,\"commentCount\":0,\"keywords\":[\"Stra\u00dfennamen\"],\"articleSection\":[\"Bildung\",\"Stra\u00dfennamen\"],\"inLanguage\":\"de\",\"potentialAction\":[{\"@type\":\"CommentAction\",\"name\":\"Comment\",\"target\":[\"https:\\\/\\\/aschaffenburgzweinull.stadtarchiv-digital.de\\\/gruenewaldstrasse-2\\\/#respond\"]}]},{\"@type\":\"WebPage\",\"@id\":\"https:\\\/\\\/aschaffenburgzweinull.stadtarchiv-digital.de\\\/gruenewaldstrasse-2\\\/\",\"url\":\"https:\\\/\\\/aschaffenburgzweinull.stadtarchiv-digital.de\\\/gruenewaldstrasse-2\\\/\",\"name\":\"Gr\u00fcnewaldstra\u00dfe - Aschaffenburg\",\"isPartOf\":{\"@id\":\"https:\\\/\\\/aschaffenburgzweinull.stadtarchiv-digital.de\\\/#website\"},\"datePublished\":\"2023-06-07T15:14:01+00:00\",\"dateModified\":\"2023-06-19T10:11:27+00:00\",\"author\":{\"@id\":\"https:\\\/\\\/aschaffenburgzweinull.stadtarchiv-digital.de\\\/#\\\/schema\\\/person\\\/f8d8ea4f39ce4a51c3617eadf9170a24\"},\"breadcrumb\":{\"@id\":\"https:\\\/\\\/aschaffenburgzweinull.stadtarchiv-digital.de\\\/gruenewaldstrasse-2\\\/#breadcrumb\"},\"inLanguage\":\"de\",\"potentialAction\":[{\"@type\":\"ReadAction\",\"target\":[\"https:\\\/\\\/aschaffenburgzweinull.stadtarchiv-digital.de\\\/gruenewaldstrasse-2\\\/\"]}]},{\"@type\":\"BreadcrumbList\",\"@id\":\"https:\\\/\\\/aschaffenburgzweinull.stadtarchiv-digital.de\\\/gruenewaldstrasse-2\\\/#breadcrumb\",\"itemListElement\":[{\"@type\":\"ListItem\",\"position\":1,\"name\":\"Startseite\",\"item\":\"https:\\\/\\\/aschaffenburgzweinull.stadtarchiv-digital.de\\\/\"},{\"@type\":\"ListItem\",\"position\":2,\"name\":\"Gr\u00fcnewaldstra\u00dfe\"}]},{\"@type\":\"WebSite\",\"@id\":\"https:\\\/\\\/aschaffenburgzweinull.stadtarchiv-digital.de\\\/#website\",\"url\":\"https:\\\/\\\/aschaffenburgzweinull.stadtarchiv-digital.de\\\/\",\"name\":\"Aschaffenburg\",\"description\":\"2.0\",\"potentialAction\":[{\"@type\":\"SearchAction\",\"target\":{\"@type\":\"EntryPoint\",\"urlTemplate\":\"https:\\\/\\\/aschaffenburgzweinull.stadtarchiv-digital.de\\\/?s={search_term_string}\"},\"query-input\":{\"@type\":\"PropertyValueSpecification\",\"valueRequired\":true,\"valueName\":\"search_term_string\"}}],\"inLanguage\":\"de\"},{\"@type\":\"Person\",\"@id\":\"https:\\\/\\\/aschaffenburgzweinull.stadtarchiv-digital.de\\\/#\\\/schema\\\/person\\\/f8d8ea4f39ce4a51c3617eadf9170a24\",\"name\":\"B\u00fcro f\u00fcr Erinnerungskultur\",\"url\":\"https:\\\/\\\/aschaffenburgzweinull.stadtarchiv-digital.de\\\/author\\\/hahn\\\/\"}]}<\/script>\n<!-- \/ Yoast SEO plugin. -->","yoast_head_json":{"title":"Gr\u00fcnewaldstra\u00dfe - Aschaffenburg","robots":{"index":"index","follow":"follow","max-snippet":"max-snippet:-1","max-image-preview":"max-image-preview:large","max-video-preview":"max-video-preview:-1"},"canonical":"https:\/\/aschaffenburgzweinull.stadtarchiv-digital.de\/gruenewaldstrasse-2\/","og_locale":"de_DE","og_type":"article","og_title":"Gr\u00fcnewaldstra\u00dfe - Aschaffenburg","og_description":"1899 benannt nach Matthias Gr\u00fcnewald * um 1480 in Aschaffenburg oder W\u00fcrzburg \u2020 um 1530 in Halle an der Saale Hofmaler Matthias Gr\u00fcnewald wurde um 1480 in Aschaffenburg oder W\u00fcrzburg [&hellip;]","og_url":"https:\/\/aschaffenburgzweinull.stadtarchiv-digital.de\/gruenewaldstrasse-2\/","og_site_name":"Aschaffenburg","article_published_time":"2023-06-07T15:14:01+00:00","article_modified_time":"2023-06-19T10:11:27+00:00","og_image":[{"width":379,"height":70,"url":"https:\/\/aschaffenburgzweinull.stadtarchiv-digital.de\/wp-content\/uploads\/2020\/07\/Logo-Stadtarchiv-Aschaffenburg.png","type":"image\/png"}],"author":"B\u00fcro f\u00fcr Erinnerungskultur","twitter_card":"summary_large_image","twitter_misc":{"Verfasst von":"B\u00fcro f\u00fcr Erinnerungskultur","Gesch\u00e4tzte Lesezeit":"2\u00a0Minuten"},"schema":{"@context":"https:\/\/schema.org","@graph":[{"@type":"Article","@id":"https:\/\/aschaffenburgzweinull.stadtarchiv-digital.de\/gruenewaldstrasse-2\/#article","isPartOf":{"@id":"https:\/\/aschaffenburgzweinull.stadtarchiv-digital.de\/gruenewaldstrasse-2\/"},"author":{"name":"B\u00fcro f\u00fcr Erinnerungskultur","@id":"https:\/\/aschaffenburgzweinull.stadtarchiv-digital.de\/#\/schema\/person\/f8d8ea4f39ce4a51c3617eadf9170a24"},"headline":"Gr\u00fcnewaldstra\u00dfe","datePublished":"2023-06-07T15:14:01+00:00","dateModified":"2023-06-19T10:11:27+00:00","mainEntityOfPage":{"@id":"https:\/\/aschaffenburgzweinull.stadtarchiv-digital.de\/gruenewaldstrasse-2\/"},"wordCount":237,"commentCount":0,"keywords":["Stra\u00dfennamen"],"articleSection":["Bildung","Stra\u00dfennamen"],"inLanguage":"de","potentialAction":[{"@type":"CommentAction","name":"Comment","target":["https:\/\/aschaffenburgzweinull.stadtarchiv-digital.de\/gruenewaldstrasse-2\/#respond"]}]},{"@type":"WebPage","@id":"https:\/\/aschaffenburgzweinull.stadtarchiv-digital.de\/gruenewaldstrasse-2\/","url":"https:\/\/aschaffenburgzweinull.stadtarchiv-digital.de\/gruenewaldstrasse-2\/","name":"Gr\u00fcnewaldstra\u00dfe - Aschaffenburg","isPartOf":{"@id":"https:\/\/aschaffenburgzweinull.stadtarchiv-digital.de\/#website"},"datePublished":"2023-06-07T15:14:01+00:00","dateModified":"2023-06-19T10:11:27+00:00","author":{"@id":"https:\/\/aschaffenburgzweinull.stadtarchiv-digital.de\/#\/schema\/person\/f8d8ea4f39ce4a51c3617eadf9170a24"},"breadcrumb":{"@id":"https:\/\/aschaffenburgzweinull.stadtarchiv-digital.de\/gruenewaldstrasse-2\/#breadcrumb"},"inLanguage":"de","potentialAction":[{"@type":"ReadAction","target":["https:\/\/aschaffenburgzweinull.stadtarchiv-digital.de\/gruenewaldstrasse-2\/"]}]},{"@type":"BreadcrumbList","@id":"https:\/\/aschaffenburgzweinull.stadtarchiv-digital.de\/gruenewaldstrasse-2\/#breadcrumb","itemListElement":[{"@type":"ListItem","position":1,"name":"Startseite","item":"https:\/\/aschaffenburgzweinull.stadtarchiv-digital.de\/"},{"@type":"ListItem","position":2,"name":"Gr\u00fcnewaldstra\u00dfe"}]},{"@type":"WebSite","@id":"https:\/\/aschaffenburgzweinull.stadtarchiv-digital.de\/#website","url":"https:\/\/aschaffenburgzweinull.stadtarchiv-digital.de\/","name":"Aschaffenburg","description":"2.0","potentialAction":[{"@type":"SearchAction","target":{"@type":"EntryPoint","urlTemplate":"https:\/\/aschaffenburgzweinull.stadtarchiv-digital.de\/?s={search_term_string}"},"query-input":{"@type":"PropertyValueSpecification","valueRequired":true,"valueName":"search_term_string"}}],"inLanguage":"de"},{"@type":"Person","@id":"https:\/\/aschaffenburgzweinull.stadtarchiv-digital.de\/#\/schema\/person\/f8d8ea4f39ce4a51c3617eadf9170a24","name":"B\u00fcro f\u00fcr Erinnerungskultur","url":"https:\/\/aschaffenburgzweinull.stadtarchiv-digital.de\/author\/hahn\/"}]}},"_links":{"self":[{"href":"https:\/\/aschaffenburgzweinull.stadtarchiv-digital.de\/data\/wp\/v2\/posts\/7091","targetHints":{"allow":["GET"]}}],"collection":[{"href":"https:\/\/aschaffenburgzweinull.stadtarchiv-digital.de\/data\/wp\/v2\/posts"}],"about":[{"href":"https:\/\/aschaffenburgzweinull.stadtarchiv-digital.de\/data\/wp\/v2\/types\/post"}],"author":[{"embeddable":true,"href":"https:\/\/aschaffenburgzweinull.stadtarchiv-digital.de\/data\/wp\/v2\/users\/72"}],"replies":[{"embeddable":true,"href":"https:\/\/aschaffenburgzweinull.stadtarchiv-digital.de\/data\/wp\/v2\/comments?post=7091"}],"version-history":[{"count":2,"href":"https:\/\/aschaffenburgzweinull.stadtarchiv-digital.de\/data\/wp\/v2\/posts\/7091\/revisions"}],"predecessor-version":[{"id":7660,"href":"https:\/\/aschaffenburgzweinull.stadtarchiv-digital.de\/data\/wp\/v2\/posts\/7091\/revisions\/7660"}],"wp:attachment":[{"href":"https:\/\/aschaffenburgzweinull.stadtarchiv-digital.de\/data\/wp\/v2\/media?parent=7091"}],"wp:term":[{"taxonomy":"category","embeddable":true,"href":"https:\/\/aschaffenburgzweinull.stadtarchiv-digital.de\/data\/wp\/v2\/categories?post=7091"},{"taxonomy":"post_tag","embeddable":true,"href":"https:\/\/aschaffenburgzweinull.stadtarchiv-digital.de\/data\/wp\/v2\/tags?post=7091"},{"taxonomy":"format","embeddable":true,"href":"https:\/\/aschaffenburgzweinull.stadtarchiv-digital.de\/data\/wp\/v2\/post-format?post=7091"},{"taxonomy":"content","embeddable":true,"href":"https:\/\/aschaffenburgzweinull.stadtarchiv-digital.de\/data\/wp\/v2\/post-content?post=7091"}],"curies":[{"name":"wp","href":"https:\/\/api.w.org\/{rel}","templated":true}]}}