{"id":7062,"date":"2023-06-07T17:13:42","date_gmt":"2023-06-07T15:13:42","guid":{"rendered":"https:\/\/aschaffenburgzweinull.stadtarchiv-digital.de\/horchstrasse\/"},"modified":"2023-06-19T12:11:47","modified_gmt":"2023-06-19T10:11:47","slug":"horchstrasse","status":"publish","type":"post","link":"https:\/\/aschaffenburgzweinull.stadtarchiv-digital.de\/horchstrasse\/","title":{"rendered":"Horchstra\u00dfe"},"content":{"rendered":"<p><strong>1987 benannt nach August Horch<\/strong><br \/>\n<strong>* 12.10.1868 in Winningen \u2020 03.02.1951 in M\u00fcnchberg (Oberfranken)<\/strong><\/p>\n<p>Automobilkonstrukteur und Industrieller<\/p>\n<p>August Horch wurde 1868 in Winningen geboren. Der gelernte Schmied und Motorenbau-Ingenieur gr\u00fcndete 1899 die Firma \u201eAugust Horch &amp; Cie.\u201c, die sich mit der Konstruktion von Personenkraftwagen befasste, sp\u00e4ter die Automobilfirma \u201eAudi\u201c (lateinische Entsprechung seines Namens). Horch war im Automobilwesen ausgezeichnet vernetzt, etwa als Vorstandsmitglied diverser reichsweiter Verb\u00e4nde. Er leitete den Ausschuss \u201eAu\u00dfenhandelsstelle f\u00fcr Fahrzeuge\u201c im Reichsverkehrsministerium Berlin, der f\u00fcr die \u00dcberwachung der Ein- und Ausfuhr von Kraftfahrzeugen und Kraftfahrzeugteilen zust\u00e4ndig war. Ab 1926 arbeitete August Horch insbesondere als Sachverst\u00e4ndiger f\u00fcr das Automobilwesen. In den Jahren 1929 bis 1934 scheiterte er mit mehreren gro\u00df angelegten Versuchen eine hoch-technisierte H\u00fchnerzucht aufzubauen, was ihn in finanzielle Schwierigkeiten brachte.<br \/>\nIm Jahr der Macht\u00fcbernahme durch die Nationalsozialisten 1933 befand sich August Horch in seinem 65. Lebensjahr. Er galt als \u201eein geachteter Pionier der Kraftfahrt\u201c und war weiter als Sachverst\u00e4ndiger in der Branche gefragt. Laut Eintrag in beiden NSDAP-Mitgliederkarteien war Horch seit 1. Mai 1933 Mitglied der NSDAP, ist aber offensichtlich 1936 aus der Partei ausgetreten. Weder in der biografischen Literatur zu August Horch noch in anderen Quellen finden sich hingegen Hinweise auf eine NSDAP-Mitgliedschaft.<br \/>\nHorch starb 1951 in M\u00fcnchberg (Oberfranken).<\/p>\n<p><a href=\"https:\/\/aschaffenburgzweinull.stadtarchiv-digital.de\/dossier-august-horch\/\">Zum Dossier \u00fcber August Horch<\/a><\/p>\n","protected":false},"excerpt":{"rendered":"<p>1987 benannt nach August Horch * 12.10.1868 in Winningen \u2020 03.02.1951 in M\u00fcnchberg (Oberfranken) Automobilkonstrukteur und Industrieller August Horch wurde 1868 in Winningen geboren. Der gelernte Schmied und Motorenbau-Ingenieur gr\u00fcndete [&hellip;]<\/p>\n","protected":false},"author":72,"featured_media":0,"comment_status":"open","ping_status":"open","sticky":false,"template":"","format":"standard","meta":{"_acf_changed":false,"footnotes":""},"categories":[953,1],"tags":[145],"post-format":[2],"post-content":[67],"class_list":["post-7062","post","type-post","status-publish","format-standard","hentry","category-strassennamen","category-bildung","tag-strassennamen","format-information","content-text","project-strassennamen-in-aschaffenburg"],"acf":[],"yoast_head":"<!-- This site is optimized with the Yoast SEO plugin v27.4 - https:\/\/yoast.com\/product\/yoast-seo-wordpress\/ -->\n<title>Horchstra\u00dfe - Aschaffenburg<\/title>\n<meta name=\"robots\" content=\"index, follow, max-snippet:-1, max-image-preview:large, max-video-preview:-1\" \/>\n<link rel=\"canonical\" href=\"https:\/\/aschaffenburgzweinull.stadtarchiv-digital.de\/horchstrasse\/\" \/>\n<meta property=\"og:locale\" content=\"de_DE\" \/>\n<meta property=\"og:type\" content=\"article\" \/>\n<meta property=\"og:title\" content=\"Horchstra\u00dfe - Aschaffenburg\" \/>\n<meta property=\"og:description\" content=\"1987 benannt nach August Horch * 12.10.1868 in Winningen \u2020 03.02.1951 in M\u00fcnchberg (Oberfranken) Automobilkonstrukteur und Industrieller August Horch wurde 1868 in Winningen geboren. Der gelernte Schmied und Motorenbau-Ingenieur gr\u00fcndete [&hellip;]\" \/>\n<meta property=\"og:url\" content=\"https:\/\/aschaffenburgzweinull.stadtarchiv-digital.de\/horchstrasse\/\" \/>\n<meta property=\"og:site_name\" content=\"Aschaffenburg\" \/>\n<meta property=\"article:published_time\" content=\"2023-06-07T15:13:42+00:00\" \/>\n<meta property=\"article:modified_time\" content=\"2023-06-19T10:11:47+00:00\" \/>\n<meta property=\"og:image\" content=\"https:\/\/aschaffenburgzweinull.stadtarchiv-digital.de\/wp-content\/uploads\/2020\/07\/Logo-Stadtarchiv-Aschaffenburg.png\" \/>\n\t<meta property=\"og:image:width\" content=\"379\" \/>\n\t<meta property=\"og:image:height\" content=\"70\" \/>\n\t<meta property=\"og:image:type\" content=\"image\/png\" \/>\n<meta name=\"author\" content=\"B\u00fcro f\u00fcr Erinnerungskultur\" \/>\n<meta name=\"twitter:card\" content=\"summary_large_image\" \/>\n<meta name=\"twitter:label1\" content=\"Verfasst von\" \/>\n\t<meta name=\"twitter:data1\" content=\"B\u00fcro f\u00fcr Erinnerungskultur\" \/>\n\t<meta name=\"twitter:label2\" content=\"Gesch\u00e4tzte Lesezeit\" \/>\n\t<meta name=\"twitter:data2\" content=\"2\u00a0Minuten\" \/>\n<script type=\"application\/ld+json\" class=\"yoast-schema-graph\">{\"@context\":\"https:\\\/\\\/schema.org\",\"@graph\":[{\"@type\":\"Article\",\"@id\":\"https:\\\/\\\/aschaffenburgzweinull.stadtarchiv-digital.de\\\/horchstrasse\\\/#article\",\"isPartOf\":{\"@id\":\"https:\\\/\\\/aschaffenburgzweinull.stadtarchiv-digital.de\\\/horchstrasse\\\/\"},\"author\":{\"name\":\"B\u00fcro f\u00fcr Erinnerungskultur\",\"@id\":\"https:\\\/\\\/aschaffenburgzweinull.stadtarchiv-digital.de\\\/#\\\/schema\\\/person\\\/f8d8ea4f39ce4a51c3617eadf9170a24\"},\"headline\":\"Horchstra\u00dfe\",\"datePublished\":\"2023-06-07T15:13:42+00:00\",\"dateModified\":\"2023-06-19T10:11:47+00:00\",\"mainEntityOfPage\":{\"@id\":\"https:\\\/\\\/aschaffenburgzweinull.stadtarchiv-digital.de\\\/horchstrasse\\\/\"},\"wordCount\":208,\"commentCount\":0,\"keywords\":[\"Stra\u00dfennamen\"],\"articleSection\":[\"Stra\u00dfennamen\",\"Bildung\"],\"inLanguage\":\"de\",\"potentialAction\":[{\"@type\":\"CommentAction\",\"name\":\"Comment\",\"target\":[\"https:\\\/\\\/aschaffenburgzweinull.stadtarchiv-digital.de\\\/horchstrasse\\\/#respond\"]}]},{\"@type\":\"WebPage\",\"@id\":\"https:\\\/\\\/aschaffenburgzweinull.stadtarchiv-digital.de\\\/horchstrasse\\\/\",\"url\":\"https:\\\/\\\/aschaffenburgzweinull.stadtarchiv-digital.de\\\/horchstrasse\\\/\",\"name\":\"Horchstra\u00dfe - Aschaffenburg\",\"isPartOf\":{\"@id\":\"https:\\\/\\\/aschaffenburgzweinull.stadtarchiv-digital.de\\\/#website\"},\"datePublished\":\"2023-06-07T15:13:42+00:00\",\"dateModified\":\"2023-06-19T10:11:47+00:00\",\"author\":{\"@id\":\"https:\\\/\\\/aschaffenburgzweinull.stadtarchiv-digital.de\\\/#\\\/schema\\\/person\\\/f8d8ea4f39ce4a51c3617eadf9170a24\"},\"breadcrumb\":{\"@id\":\"https:\\\/\\\/aschaffenburgzweinull.stadtarchiv-digital.de\\\/horchstrasse\\\/#breadcrumb\"},\"inLanguage\":\"de\",\"potentialAction\":[{\"@type\":\"ReadAction\",\"target\":[\"https:\\\/\\\/aschaffenburgzweinull.stadtarchiv-digital.de\\\/horchstrasse\\\/\"]}]},{\"@type\":\"BreadcrumbList\",\"@id\":\"https:\\\/\\\/aschaffenburgzweinull.stadtarchiv-digital.de\\\/horchstrasse\\\/#breadcrumb\",\"itemListElement\":[{\"@type\":\"ListItem\",\"position\":1,\"name\":\"Startseite\",\"item\":\"https:\\\/\\\/aschaffenburgzweinull.stadtarchiv-digital.de\\\/\"},{\"@type\":\"ListItem\",\"position\":2,\"name\":\"Horchstra\u00dfe\"}]},{\"@type\":\"WebSite\",\"@id\":\"https:\\\/\\\/aschaffenburgzweinull.stadtarchiv-digital.de\\\/#website\",\"url\":\"https:\\\/\\\/aschaffenburgzweinull.stadtarchiv-digital.de\\\/\",\"name\":\"Aschaffenburg\",\"description\":\"2.0\",\"potentialAction\":[{\"@type\":\"SearchAction\",\"target\":{\"@type\":\"EntryPoint\",\"urlTemplate\":\"https:\\\/\\\/aschaffenburgzweinull.stadtarchiv-digital.de\\\/?s={search_term_string}\"},\"query-input\":{\"@type\":\"PropertyValueSpecification\",\"valueRequired\":true,\"valueName\":\"search_term_string\"}}],\"inLanguage\":\"de\"},{\"@type\":\"Person\",\"@id\":\"https:\\\/\\\/aschaffenburgzweinull.stadtarchiv-digital.de\\\/#\\\/schema\\\/person\\\/f8d8ea4f39ce4a51c3617eadf9170a24\",\"name\":\"B\u00fcro f\u00fcr Erinnerungskultur\",\"url\":\"https:\\\/\\\/aschaffenburgzweinull.stadtarchiv-digital.de\\\/author\\\/hahn\\\/\"}]}<\/script>\n<!-- \/ Yoast SEO plugin. -->","yoast_head_json":{"title":"Horchstra\u00dfe - Aschaffenburg","robots":{"index":"index","follow":"follow","max-snippet":"max-snippet:-1","max-image-preview":"max-image-preview:large","max-video-preview":"max-video-preview:-1"},"canonical":"https:\/\/aschaffenburgzweinull.stadtarchiv-digital.de\/horchstrasse\/","og_locale":"de_DE","og_type":"article","og_title":"Horchstra\u00dfe - Aschaffenburg","og_description":"1987 benannt nach August Horch * 12.10.1868 in Winningen \u2020 03.02.1951 in M\u00fcnchberg (Oberfranken) Automobilkonstrukteur und Industrieller August Horch wurde 1868 in Winningen geboren. Der gelernte Schmied und Motorenbau-Ingenieur gr\u00fcndete [&hellip;]","og_url":"https:\/\/aschaffenburgzweinull.stadtarchiv-digital.de\/horchstrasse\/","og_site_name":"Aschaffenburg","article_published_time":"2023-06-07T15:13:42+00:00","article_modified_time":"2023-06-19T10:11:47+00:00","og_image":[{"width":379,"height":70,"url":"https:\/\/aschaffenburgzweinull.stadtarchiv-digital.de\/wp-content\/uploads\/2020\/07\/Logo-Stadtarchiv-Aschaffenburg.png","type":"image\/png"}],"author":"B\u00fcro f\u00fcr Erinnerungskultur","twitter_card":"summary_large_image","twitter_misc":{"Verfasst von":"B\u00fcro f\u00fcr Erinnerungskultur","Gesch\u00e4tzte Lesezeit":"2\u00a0Minuten"},"schema":{"@context":"https:\/\/schema.org","@graph":[{"@type":"Article","@id":"https:\/\/aschaffenburgzweinull.stadtarchiv-digital.de\/horchstrasse\/#article","isPartOf":{"@id":"https:\/\/aschaffenburgzweinull.stadtarchiv-digital.de\/horchstrasse\/"},"author":{"name":"B\u00fcro f\u00fcr Erinnerungskultur","@id":"https:\/\/aschaffenburgzweinull.stadtarchiv-digital.de\/#\/schema\/person\/f8d8ea4f39ce4a51c3617eadf9170a24"},"headline":"Horchstra\u00dfe","datePublished":"2023-06-07T15:13:42+00:00","dateModified":"2023-06-19T10:11:47+00:00","mainEntityOfPage":{"@id":"https:\/\/aschaffenburgzweinull.stadtarchiv-digital.de\/horchstrasse\/"},"wordCount":208,"commentCount":0,"keywords":["Stra\u00dfennamen"],"articleSection":["Stra\u00dfennamen","Bildung"],"inLanguage":"de","potentialAction":[{"@type":"CommentAction","name":"Comment","target":["https:\/\/aschaffenburgzweinull.stadtarchiv-digital.de\/horchstrasse\/#respond"]}]},{"@type":"WebPage","@id":"https:\/\/aschaffenburgzweinull.stadtarchiv-digital.de\/horchstrasse\/","url":"https:\/\/aschaffenburgzweinull.stadtarchiv-digital.de\/horchstrasse\/","name":"Horchstra\u00dfe - Aschaffenburg","isPartOf":{"@id":"https:\/\/aschaffenburgzweinull.stadtarchiv-digital.de\/#website"},"datePublished":"2023-06-07T15:13:42+00:00","dateModified":"2023-06-19T10:11:47+00:00","author":{"@id":"https:\/\/aschaffenburgzweinull.stadtarchiv-digital.de\/#\/schema\/person\/f8d8ea4f39ce4a51c3617eadf9170a24"},"breadcrumb":{"@id":"https:\/\/aschaffenburgzweinull.stadtarchiv-digital.de\/horchstrasse\/#breadcrumb"},"inLanguage":"de","potentialAction":[{"@type":"ReadAction","target":["https:\/\/aschaffenburgzweinull.stadtarchiv-digital.de\/horchstrasse\/"]}]},{"@type":"BreadcrumbList","@id":"https:\/\/aschaffenburgzweinull.stadtarchiv-digital.de\/horchstrasse\/#breadcrumb","itemListElement":[{"@type":"ListItem","position":1,"name":"Startseite","item":"https:\/\/aschaffenburgzweinull.stadtarchiv-digital.de\/"},{"@type":"ListItem","position":2,"name":"Horchstra\u00dfe"}]},{"@type":"WebSite","@id":"https:\/\/aschaffenburgzweinull.stadtarchiv-digital.de\/#website","url":"https:\/\/aschaffenburgzweinull.stadtarchiv-digital.de\/","name":"Aschaffenburg","description":"2.0","potentialAction":[{"@type":"SearchAction","target":{"@type":"EntryPoint","urlTemplate":"https:\/\/aschaffenburgzweinull.stadtarchiv-digital.de\/?s={search_term_string}"},"query-input":{"@type":"PropertyValueSpecification","valueRequired":true,"valueName":"search_term_string"}}],"inLanguage":"de"},{"@type":"Person","@id":"https:\/\/aschaffenburgzweinull.stadtarchiv-digital.de\/#\/schema\/person\/f8d8ea4f39ce4a51c3617eadf9170a24","name":"B\u00fcro f\u00fcr Erinnerungskultur","url":"https:\/\/aschaffenburgzweinull.stadtarchiv-digital.de\/author\/hahn\/"}]}},"_links":{"self":[{"href":"https:\/\/aschaffenburgzweinull.stadtarchiv-digital.de\/data\/wp\/v2\/posts\/7062","targetHints":{"allow":["GET"]}}],"collection":[{"href":"https:\/\/aschaffenburgzweinull.stadtarchiv-digital.de\/data\/wp\/v2\/posts"}],"about":[{"href":"https:\/\/aschaffenburgzweinull.stadtarchiv-digital.de\/data\/wp\/v2\/types\/post"}],"author":[{"embeddable":true,"href":"https:\/\/aschaffenburgzweinull.stadtarchiv-digital.de\/data\/wp\/v2\/users\/72"}],"replies":[{"embeddable":true,"href":"https:\/\/aschaffenburgzweinull.stadtarchiv-digital.de\/data\/wp\/v2\/comments?post=7062"}],"version-history":[{"count":3,"href":"https:\/\/aschaffenburgzweinull.stadtarchiv-digital.de\/data\/wp\/v2\/posts\/7062\/revisions"}],"predecessor-version":[{"id":7960,"href":"https:\/\/aschaffenburgzweinull.stadtarchiv-digital.de\/data\/wp\/v2\/posts\/7062\/revisions\/7960"}],"wp:attachment":[{"href":"https:\/\/aschaffenburgzweinull.stadtarchiv-digital.de\/data\/wp\/v2\/media?parent=7062"}],"wp:term":[{"taxonomy":"category","embeddable":true,"href":"https:\/\/aschaffenburgzweinull.stadtarchiv-digital.de\/data\/wp\/v2\/categories?post=7062"},{"taxonomy":"post_tag","embeddable":true,"href":"https:\/\/aschaffenburgzweinull.stadtarchiv-digital.de\/data\/wp\/v2\/tags?post=7062"},{"taxonomy":"format","embeddable":true,"href":"https:\/\/aschaffenburgzweinull.stadtarchiv-digital.de\/data\/wp\/v2\/post-format?post=7062"},{"taxonomy":"content","embeddable":true,"href":"https:\/\/aschaffenburgzweinull.stadtarchiv-digital.de\/data\/wp\/v2\/post-content?post=7062"}],"curies":[{"name":"wp","href":"https:\/\/api.w.org\/{rel}","templated":true}]}}