{"id":7020,"date":"2023-06-07T17:13:13","date_gmt":"2023-06-07T15:13:13","guid":{"rendered":"https:\/\/aschaffenburgzweinull.stadtarchiv-digital.de\/lamprechtstrasse-2\/"},"modified":"2023-06-19T12:12:17","modified_gmt":"2023-06-19T10:12:17","slug":"lamprechtstrasse-2","status":"publish","type":"post","link":"https:\/\/aschaffenburgzweinull.stadtarchiv-digital.de\/lamprechtstrasse-2\/","title":{"rendered":"Lamprechtstra\u00dfe"},"content":{"rendered":"<p><strong>1871 benannt nach Lampert von Hersfeld (Lambrecht von Aschaffenburg)<\/strong><br \/>\n<strong>* um 1025 \u2020 um 1085 vermutlich in Hasungen<\/strong><\/p>\n<p>Geschichtsschreiber<\/p>\n<p>Lampert von Hersfeld (auch Lambrecht von Aschaffenburg) wurde um 1025 geboren und entstammte vermutlich einer fr\u00e4nkischen Familie; weder Herkunft noch Lebensdaten sind valide \u00fcberliefert. Er studierte vermutlich Theologie in Bamberg und trat 1058 in Hersfeld in den Benediktinerorden ein. Im selben Jahr wurde Lampert in Aschaffenburg zum Priester geweiht und ging auf eine Pilgerreise nach Jerusalem, von der er 1059 zur\u00fcckkehrte. 1074\/76 schrieb Lampert die Geschichte des Hersfelder Klosters nieder und verfasste 1081 als Abt des Klosters Hasungen die sogenannten \u201eAnnalen\u201c. Lampert starb etwa 1085, vermutlich in Hasungen nahe Kassel. Die Bezeichnung \u201evon Aschaffenburg\u201c ist historisch wohl nicht korrekt, sondern vermutlich auf einen Druckfehler zur\u00fcckzuf\u00fchren \u2013 gilt aber als Grund f\u00fcr die Benennung der Stra\u00dfe (in der Schreibweise \u201eLamprecht\u201c) sowie f\u00fcr die Errichtung eines Denkmals auf dem Karlsplatz in Aschaffenburg ihm zu Ehren, das sich heute im Innenhof des ehemaligen Jesuitenkollegs (Pfaffengasse 22\/24) befindet.<\/p>\n<ul>\n<li>Pollnick, Carsten: Aschaffenburger Stra\u00dfennamen, Stadtgeschichtliche Beitr\u00e4ge, Band 1, Aschaffenburg 1990.<\/li>\n<li>Struve, Tilman, &#8222;Lampert von Hersfeld&#8220; in: Neue Deutsche Biographie 13 (1982), S. 461-462 [Online-Version]; URL: https:\/\/www.deutsche-biographie.de\/pnd10095135X.html#ndbcontent<\/li>\n<\/ul>\n","protected":false},"excerpt":{"rendered":"<p>1871 benannt nach Lampert von Hersfeld (Lambrecht von Aschaffenburg) * um 1025 \u2020 um 1085 vermutlich in Hasungen Geschichtsschreiber Lampert von Hersfeld (auch Lambrecht von Aschaffenburg) wurde um 1025 geboren [&hellip;]<\/p>\n","protected":false},"author":72,"featured_media":0,"comment_status":"open","ping_status":"open","sticky":false,"template":"","format":"standard","meta":{"_acf_changed":false,"footnotes":""},"categories":[1,953],"tags":[145],"post-format":[2],"post-content":[67],"class_list":["post-7020","post","type-post","status-publish","format-standard","hentry","category-bildung","category-strassennamen","tag-strassennamen","format-information","content-text","project-strassennamen-in-aschaffenburg"],"acf":[],"yoast_head":"<!-- This site is optimized with the Yoast SEO plugin v27.4 - https:\/\/yoast.com\/product\/yoast-seo-wordpress\/ -->\n<title>Lamprechtstra\u00dfe - Aschaffenburg<\/title>\n<meta name=\"robots\" content=\"index, follow, max-snippet:-1, max-image-preview:large, max-video-preview:-1\" \/>\n<link rel=\"canonical\" href=\"https:\/\/aschaffenburgzweinull.stadtarchiv-digital.de\/lamprechtstrasse-2\/\" \/>\n<meta property=\"og:locale\" content=\"de_DE\" \/>\n<meta property=\"og:type\" content=\"article\" \/>\n<meta property=\"og:title\" content=\"Lamprechtstra\u00dfe - Aschaffenburg\" \/>\n<meta property=\"og:description\" content=\"1871 benannt nach Lampert von Hersfeld (Lambrecht von Aschaffenburg) * um 1025 \u2020 um 1085 vermutlich in Hasungen Geschichtsschreiber Lampert von Hersfeld (auch Lambrecht von Aschaffenburg) wurde um 1025 geboren [&hellip;]\" \/>\n<meta property=\"og:url\" content=\"https:\/\/aschaffenburgzweinull.stadtarchiv-digital.de\/lamprechtstrasse-2\/\" \/>\n<meta property=\"og:site_name\" content=\"Aschaffenburg\" \/>\n<meta property=\"article:published_time\" content=\"2023-06-07T15:13:13+00:00\" \/>\n<meta property=\"article:modified_time\" content=\"2023-06-19T10:12:17+00:00\" \/>\n<meta property=\"og:image\" content=\"https:\/\/aschaffenburgzweinull.stadtarchiv-digital.de\/wp-content\/uploads\/2020\/07\/Logo-Stadtarchiv-Aschaffenburg.png\" \/>\n\t<meta property=\"og:image:width\" content=\"379\" \/>\n\t<meta property=\"og:image:height\" content=\"70\" \/>\n\t<meta property=\"og:image:type\" content=\"image\/png\" \/>\n<meta name=\"author\" content=\"B\u00fcro f\u00fcr Erinnerungskultur\" \/>\n<meta name=\"twitter:card\" content=\"summary_large_image\" \/>\n<meta name=\"twitter:label1\" content=\"Verfasst von\" \/>\n\t<meta name=\"twitter:data1\" content=\"B\u00fcro f\u00fcr Erinnerungskultur\" \/>\n\t<meta name=\"twitter:label2\" content=\"Gesch\u00e4tzte Lesezeit\" \/>\n\t<meta name=\"twitter:data2\" content=\"2\u00a0Minuten\" \/>\n<script type=\"application\/ld+json\" class=\"yoast-schema-graph\">{\"@context\":\"https:\\\/\\\/schema.org\",\"@graph\":[{\"@type\":\"Article\",\"@id\":\"https:\\\/\\\/aschaffenburgzweinull.stadtarchiv-digital.de\\\/lamprechtstrasse-2\\\/#article\",\"isPartOf\":{\"@id\":\"https:\\\/\\\/aschaffenburgzweinull.stadtarchiv-digital.de\\\/lamprechtstrasse-2\\\/\"},\"author\":{\"name\":\"B\u00fcro f\u00fcr Erinnerungskultur\",\"@id\":\"https:\\\/\\\/aschaffenburgzweinull.stadtarchiv-digital.de\\\/#\\\/schema\\\/person\\\/f8d8ea4f39ce4a51c3617eadf9170a24\"},\"headline\":\"Lamprechtstra\u00dfe\",\"datePublished\":\"2023-06-07T15:13:13+00:00\",\"dateModified\":\"2023-06-19T10:12:17+00:00\",\"mainEntityOfPage\":{\"@id\":\"https:\\\/\\\/aschaffenburgzweinull.stadtarchiv-digital.de\\\/lamprechtstrasse-2\\\/\"},\"wordCount\":190,\"commentCount\":0,\"keywords\":[\"Stra\u00dfennamen\"],\"articleSection\":[\"Bildung\",\"Stra\u00dfennamen\"],\"inLanguage\":\"de\",\"potentialAction\":[{\"@type\":\"CommentAction\",\"name\":\"Comment\",\"target\":[\"https:\\\/\\\/aschaffenburgzweinull.stadtarchiv-digital.de\\\/lamprechtstrasse-2\\\/#respond\"]}]},{\"@type\":\"WebPage\",\"@id\":\"https:\\\/\\\/aschaffenburgzweinull.stadtarchiv-digital.de\\\/lamprechtstrasse-2\\\/\",\"url\":\"https:\\\/\\\/aschaffenburgzweinull.stadtarchiv-digital.de\\\/lamprechtstrasse-2\\\/\",\"name\":\"Lamprechtstra\u00dfe - Aschaffenburg\",\"isPartOf\":{\"@id\":\"https:\\\/\\\/aschaffenburgzweinull.stadtarchiv-digital.de\\\/#website\"},\"datePublished\":\"2023-06-07T15:13:13+00:00\",\"dateModified\":\"2023-06-19T10:12:17+00:00\",\"author\":{\"@id\":\"https:\\\/\\\/aschaffenburgzweinull.stadtarchiv-digital.de\\\/#\\\/schema\\\/person\\\/f8d8ea4f39ce4a51c3617eadf9170a24\"},\"breadcrumb\":{\"@id\":\"https:\\\/\\\/aschaffenburgzweinull.stadtarchiv-digital.de\\\/lamprechtstrasse-2\\\/#breadcrumb\"},\"inLanguage\":\"de\",\"potentialAction\":[{\"@type\":\"ReadAction\",\"target\":[\"https:\\\/\\\/aschaffenburgzweinull.stadtarchiv-digital.de\\\/lamprechtstrasse-2\\\/\"]}]},{\"@type\":\"BreadcrumbList\",\"@id\":\"https:\\\/\\\/aschaffenburgzweinull.stadtarchiv-digital.de\\\/lamprechtstrasse-2\\\/#breadcrumb\",\"itemListElement\":[{\"@type\":\"ListItem\",\"position\":1,\"name\":\"Startseite\",\"item\":\"https:\\\/\\\/aschaffenburgzweinull.stadtarchiv-digital.de\\\/\"},{\"@type\":\"ListItem\",\"position\":2,\"name\":\"Lamprechtstra\u00dfe\"}]},{\"@type\":\"WebSite\",\"@id\":\"https:\\\/\\\/aschaffenburgzweinull.stadtarchiv-digital.de\\\/#website\",\"url\":\"https:\\\/\\\/aschaffenburgzweinull.stadtarchiv-digital.de\\\/\",\"name\":\"Aschaffenburg\",\"description\":\"2.0\",\"potentialAction\":[{\"@type\":\"SearchAction\",\"target\":{\"@type\":\"EntryPoint\",\"urlTemplate\":\"https:\\\/\\\/aschaffenburgzweinull.stadtarchiv-digital.de\\\/?s={search_term_string}\"},\"query-input\":{\"@type\":\"PropertyValueSpecification\",\"valueRequired\":true,\"valueName\":\"search_term_string\"}}],\"inLanguage\":\"de\"},{\"@type\":\"Person\",\"@id\":\"https:\\\/\\\/aschaffenburgzweinull.stadtarchiv-digital.de\\\/#\\\/schema\\\/person\\\/f8d8ea4f39ce4a51c3617eadf9170a24\",\"name\":\"B\u00fcro f\u00fcr Erinnerungskultur\",\"url\":\"https:\\\/\\\/aschaffenburgzweinull.stadtarchiv-digital.de\\\/author\\\/hahn\\\/\"}]}<\/script>\n<!-- \/ Yoast SEO plugin. -->","yoast_head_json":{"title":"Lamprechtstra\u00dfe - Aschaffenburg","robots":{"index":"index","follow":"follow","max-snippet":"max-snippet:-1","max-image-preview":"max-image-preview:large","max-video-preview":"max-video-preview:-1"},"canonical":"https:\/\/aschaffenburgzweinull.stadtarchiv-digital.de\/lamprechtstrasse-2\/","og_locale":"de_DE","og_type":"article","og_title":"Lamprechtstra\u00dfe - Aschaffenburg","og_description":"1871 benannt nach Lampert von Hersfeld (Lambrecht von Aschaffenburg) * um 1025 \u2020 um 1085 vermutlich in Hasungen Geschichtsschreiber Lampert von Hersfeld (auch Lambrecht von Aschaffenburg) wurde um 1025 geboren [&hellip;]","og_url":"https:\/\/aschaffenburgzweinull.stadtarchiv-digital.de\/lamprechtstrasse-2\/","og_site_name":"Aschaffenburg","article_published_time":"2023-06-07T15:13:13+00:00","article_modified_time":"2023-06-19T10:12:17+00:00","og_image":[{"width":379,"height":70,"url":"https:\/\/aschaffenburgzweinull.stadtarchiv-digital.de\/wp-content\/uploads\/2020\/07\/Logo-Stadtarchiv-Aschaffenburg.png","type":"image\/png"}],"author":"B\u00fcro f\u00fcr Erinnerungskultur","twitter_card":"summary_large_image","twitter_misc":{"Verfasst von":"B\u00fcro f\u00fcr Erinnerungskultur","Gesch\u00e4tzte Lesezeit":"2\u00a0Minuten"},"schema":{"@context":"https:\/\/schema.org","@graph":[{"@type":"Article","@id":"https:\/\/aschaffenburgzweinull.stadtarchiv-digital.de\/lamprechtstrasse-2\/#article","isPartOf":{"@id":"https:\/\/aschaffenburgzweinull.stadtarchiv-digital.de\/lamprechtstrasse-2\/"},"author":{"name":"B\u00fcro f\u00fcr Erinnerungskultur","@id":"https:\/\/aschaffenburgzweinull.stadtarchiv-digital.de\/#\/schema\/person\/f8d8ea4f39ce4a51c3617eadf9170a24"},"headline":"Lamprechtstra\u00dfe","datePublished":"2023-06-07T15:13:13+00:00","dateModified":"2023-06-19T10:12:17+00:00","mainEntityOfPage":{"@id":"https:\/\/aschaffenburgzweinull.stadtarchiv-digital.de\/lamprechtstrasse-2\/"},"wordCount":190,"commentCount":0,"keywords":["Stra\u00dfennamen"],"articleSection":["Bildung","Stra\u00dfennamen"],"inLanguage":"de","potentialAction":[{"@type":"CommentAction","name":"Comment","target":["https:\/\/aschaffenburgzweinull.stadtarchiv-digital.de\/lamprechtstrasse-2\/#respond"]}]},{"@type":"WebPage","@id":"https:\/\/aschaffenburgzweinull.stadtarchiv-digital.de\/lamprechtstrasse-2\/","url":"https:\/\/aschaffenburgzweinull.stadtarchiv-digital.de\/lamprechtstrasse-2\/","name":"Lamprechtstra\u00dfe - Aschaffenburg","isPartOf":{"@id":"https:\/\/aschaffenburgzweinull.stadtarchiv-digital.de\/#website"},"datePublished":"2023-06-07T15:13:13+00:00","dateModified":"2023-06-19T10:12:17+00:00","author":{"@id":"https:\/\/aschaffenburgzweinull.stadtarchiv-digital.de\/#\/schema\/person\/f8d8ea4f39ce4a51c3617eadf9170a24"},"breadcrumb":{"@id":"https:\/\/aschaffenburgzweinull.stadtarchiv-digital.de\/lamprechtstrasse-2\/#breadcrumb"},"inLanguage":"de","potentialAction":[{"@type":"ReadAction","target":["https:\/\/aschaffenburgzweinull.stadtarchiv-digital.de\/lamprechtstrasse-2\/"]}]},{"@type":"BreadcrumbList","@id":"https:\/\/aschaffenburgzweinull.stadtarchiv-digital.de\/lamprechtstrasse-2\/#breadcrumb","itemListElement":[{"@type":"ListItem","position":1,"name":"Startseite","item":"https:\/\/aschaffenburgzweinull.stadtarchiv-digital.de\/"},{"@type":"ListItem","position":2,"name":"Lamprechtstra\u00dfe"}]},{"@type":"WebSite","@id":"https:\/\/aschaffenburgzweinull.stadtarchiv-digital.de\/#website","url":"https:\/\/aschaffenburgzweinull.stadtarchiv-digital.de\/","name":"Aschaffenburg","description":"2.0","potentialAction":[{"@type":"SearchAction","target":{"@type":"EntryPoint","urlTemplate":"https:\/\/aschaffenburgzweinull.stadtarchiv-digital.de\/?s={search_term_string}"},"query-input":{"@type":"PropertyValueSpecification","valueRequired":true,"valueName":"search_term_string"}}],"inLanguage":"de"},{"@type":"Person","@id":"https:\/\/aschaffenburgzweinull.stadtarchiv-digital.de\/#\/schema\/person\/f8d8ea4f39ce4a51c3617eadf9170a24","name":"B\u00fcro f\u00fcr Erinnerungskultur","url":"https:\/\/aschaffenburgzweinull.stadtarchiv-digital.de\/author\/hahn\/"}]}},"_links":{"self":[{"href":"https:\/\/aschaffenburgzweinull.stadtarchiv-digital.de\/data\/wp\/v2\/posts\/7020","targetHints":{"allow":["GET"]}}],"collection":[{"href":"https:\/\/aschaffenburgzweinull.stadtarchiv-digital.de\/data\/wp\/v2\/posts"}],"about":[{"href":"https:\/\/aschaffenburgzweinull.stadtarchiv-digital.de\/data\/wp\/v2\/types\/post"}],"author":[{"embeddable":true,"href":"https:\/\/aschaffenburgzweinull.stadtarchiv-digital.de\/data\/wp\/v2\/users\/72"}],"replies":[{"embeddable":true,"href":"https:\/\/aschaffenburgzweinull.stadtarchiv-digital.de\/data\/wp\/v2\/comments?post=7020"}],"version-history":[{"count":2,"href":"https:\/\/aschaffenburgzweinull.stadtarchiv-digital.de\/data\/wp\/v2\/posts\/7020\/revisions"}],"predecessor-version":[{"id":7711,"href":"https:\/\/aschaffenburgzweinull.stadtarchiv-digital.de\/data\/wp\/v2\/posts\/7020\/revisions\/7711"}],"wp:attachment":[{"href":"https:\/\/aschaffenburgzweinull.stadtarchiv-digital.de\/data\/wp\/v2\/media?parent=7020"}],"wp:term":[{"taxonomy":"category","embeddable":true,"href":"https:\/\/aschaffenburgzweinull.stadtarchiv-digital.de\/data\/wp\/v2\/categories?post=7020"},{"taxonomy":"post_tag","embeddable":true,"href":"https:\/\/aschaffenburgzweinull.stadtarchiv-digital.de\/data\/wp\/v2\/tags?post=7020"},{"taxonomy":"format","embeddable":true,"href":"https:\/\/aschaffenburgzweinull.stadtarchiv-digital.de\/data\/wp\/v2\/post-format?post=7020"},{"taxonomy":"content","embeddable":true,"href":"https:\/\/aschaffenburgzweinull.stadtarchiv-digital.de\/data\/wp\/v2\/post-content?post=7020"}],"curies":[{"name":"wp","href":"https:\/\/api.w.org\/{rel}","templated":true}]}}