{"id":7012,"date":"2023-06-07T17:13:08","date_gmt":"2023-06-07T15:13:08","guid":{"rendered":"https:\/\/aschaffenburgzweinull.stadtarchiv-digital.de\/liebigplatz\/"},"modified":"2023-06-19T12:12:24","modified_gmt":"2023-06-19T10:12:24","slug":"liebigplatz","status":"publish","type":"post","link":"https:\/\/aschaffenburgzweinull.stadtarchiv-digital.de\/liebigplatz\/","title":{"rendered":"Liebigplatz"},"content":{"rendered":"<p><strong>1952 benannt nach Justus von Liebig<\/strong><br \/>\n<strong>* 12.05.1803 in Darmstadt \u2020 18.04.1873 in M\u00fcnchen<\/strong><\/p>\n<p>Chemiker<\/p>\n<p>Justus Liebig wurde 1803 in Darmstadt geboren. Er studierte Chemie in Bonn, Erlangen und Paris und lehrte das Fach 1824 zum Professor f\u00fcr Chemie berufen an der Universit\u00e4t in Gie\u00dfen. Ab 1852 lebte und wirkte er in M\u00fcnchen. Liebig genoss bereits zu Lebzeiten internationales Ansehen und gilt heute als einer der bedeutendsten Chemiker des 19. Jahrhunderts. Er leistete grundlegende Beitr\u00e4ge zur Entwicklung der Chemie. Seine Forschungen f\u00fchrten zur Entdeckung des Chloroforms und legten den Grundstein f\u00fcr die moderne Minerald\u00fcngung und f\u00fcr den Beginn der Agrochemie. 1859 \u00fcbernahm er die Pr\u00e4sidentschaft der Bayerischen Akademie der Wissenschaften.<br \/>\nLiebig starb 1873 in M\u00fcnchen. Die Universit\u00e4t in Gie\u00dfen ist heute nach Justus Liebig benannt.<\/p>\n<p>Quellen:<\/p>\n<ul>\n<li>Christian Sprenger, Deutsches Historisches Museum, Berlin, 14. September 2014<\/li>\n<li>Priesner, Claus, &#8222;Liebig, Justus Freiherr von&#8220; in: Neue Deutsche Biographie 14 (1985), S. 497-501 [Online-Version]; URL: https:\/\/www.deutsche-biographie.de\/pnd118572741.html#ndbcontent<\/li>\n<li>https:\/\/www.bsb-muenchen.de\/sammlungen\/handschriften\/personen\/nachlaesse\/liebig-justus-von-1803-1873\/<\/li>\n<li>\u201eLiebig, Justus Freiherr von\u201c, in: Hessische Biografie &lt;https:\/\/www.lagis-hessen.de\/pnd\/118572741&gt; (Stand: 18.4.2023)<\/li>\n<\/ul>\n","protected":false},"excerpt":{"rendered":"<p>1952 benannt nach Justus von Liebig * 12.05.1803 in Darmstadt \u2020 18.04.1873 in M\u00fcnchen Chemiker Justus Liebig wurde 1803 in Darmstadt geboren. Er studierte Chemie in Bonn, Erlangen und Paris [&hellip;]<\/p>\n","protected":false},"author":72,"featured_media":0,"comment_status":"open","ping_status":"open","sticky":false,"template":"","format":"standard","meta":{"_acf_changed":false,"footnotes":""},"categories":[1,953],"tags":[145],"post-format":[2],"post-content":[67],"class_list":["post-7012","post","type-post","status-publish","format-standard","hentry","category-bildung","category-strassennamen","tag-strassennamen","format-information","content-text","project-strassennamen-in-aschaffenburg"],"acf":[],"yoast_head":"<!-- This site is optimized with the Yoast SEO plugin v27.4 - https:\/\/yoast.com\/product\/yoast-seo-wordpress\/ -->\n<title>Liebigplatz - Aschaffenburg<\/title>\n<meta name=\"robots\" content=\"index, follow, max-snippet:-1, max-image-preview:large, max-video-preview:-1\" \/>\n<link rel=\"canonical\" href=\"https:\/\/aschaffenburgzweinull.stadtarchiv-digital.de\/liebigplatz\/\" \/>\n<meta property=\"og:locale\" content=\"de_DE\" \/>\n<meta property=\"og:type\" content=\"article\" \/>\n<meta property=\"og:title\" content=\"Liebigplatz - Aschaffenburg\" \/>\n<meta property=\"og:description\" content=\"1952 benannt nach Justus von Liebig * 12.05.1803 in Darmstadt \u2020 18.04.1873 in M\u00fcnchen Chemiker Justus Liebig wurde 1803 in Darmstadt geboren. Er studierte Chemie in Bonn, Erlangen und Paris [&hellip;]\" \/>\n<meta property=\"og:url\" content=\"https:\/\/aschaffenburgzweinull.stadtarchiv-digital.de\/liebigplatz\/\" \/>\n<meta property=\"og:site_name\" content=\"Aschaffenburg\" \/>\n<meta property=\"article:published_time\" content=\"2023-06-07T15:13:08+00:00\" \/>\n<meta property=\"article:modified_time\" content=\"2023-06-19T10:12:24+00:00\" \/>\n<meta property=\"og:image\" content=\"https:\/\/aschaffenburgzweinull.stadtarchiv-digital.de\/wp-content\/uploads\/2020\/07\/Logo-Stadtarchiv-Aschaffenburg.png\" \/>\n\t<meta property=\"og:image:width\" content=\"379\" \/>\n\t<meta property=\"og:image:height\" content=\"70\" \/>\n\t<meta property=\"og:image:type\" content=\"image\/png\" \/>\n<meta name=\"author\" content=\"B\u00fcro f\u00fcr Erinnerungskultur\" \/>\n<meta name=\"twitter:card\" content=\"summary_large_image\" \/>\n<meta name=\"twitter:label1\" content=\"Verfasst von\" \/>\n\t<meta name=\"twitter:data1\" content=\"B\u00fcro f\u00fcr Erinnerungskultur\" \/>\n\t<meta name=\"twitter:label2\" content=\"Gesch\u00e4tzte Lesezeit\" \/>\n\t<meta name=\"twitter:data2\" content=\"1\u00a0Minute\" \/>\n<script type=\"application\/ld+json\" class=\"yoast-schema-graph\">{\"@context\":\"https:\\\/\\\/schema.org\",\"@graph\":[{\"@type\":\"Article\",\"@id\":\"https:\\\/\\\/aschaffenburgzweinull.stadtarchiv-digital.de\\\/liebigplatz\\\/#article\",\"isPartOf\":{\"@id\":\"https:\\\/\\\/aschaffenburgzweinull.stadtarchiv-digital.de\\\/liebigplatz\\\/\"},\"author\":{\"name\":\"B\u00fcro f\u00fcr Erinnerungskultur\",\"@id\":\"https:\\\/\\\/aschaffenburgzweinull.stadtarchiv-digital.de\\\/#\\\/schema\\\/person\\\/f8d8ea4f39ce4a51c3617eadf9170a24\"},\"headline\":\"Liebigplatz\",\"datePublished\":\"2023-06-07T15:13:08+00:00\",\"dateModified\":\"2023-06-19T10:12:24+00:00\",\"mainEntityOfPage\":{\"@id\":\"https:\\\/\\\/aschaffenburgzweinull.stadtarchiv-digital.de\\\/liebigplatz\\\/\"},\"wordCount\":183,\"commentCount\":0,\"keywords\":[\"Stra\u00dfennamen\"],\"articleSection\":[\"Bildung\",\"Stra\u00dfennamen\"],\"inLanguage\":\"de\",\"potentialAction\":[{\"@type\":\"CommentAction\",\"name\":\"Comment\",\"target\":[\"https:\\\/\\\/aschaffenburgzweinull.stadtarchiv-digital.de\\\/liebigplatz\\\/#respond\"]}]},{\"@type\":\"WebPage\",\"@id\":\"https:\\\/\\\/aschaffenburgzweinull.stadtarchiv-digital.de\\\/liebigplatz\\\/\",\"url\":\"https:\\\/\\\/aschaffenburgzweinull.stadtarchiv-digital.de\\\/liebigplatz\\\/\",\"name\":\"Liebigplatz - Aschaffenburg\",\"isPartOf\":{\"@id\":\"https:\\\/\\\/aschaffenburgzweinull.stadtarchiv-digital.de\\\/#website\"},\"datePublished\":\"2023-06-07T15:13:08+00:00\",\"dateModified\":\"2023-06-19T10:12:24+00:00\",\"author\":{\"@id\":\"https:\\\/\\\/aschaffenburgzweinull.stadtarchiv-digital.de\\\/#\\\/schema\\\/person\\\/f8d8ea4f39ce4a51c3617eadf9170a24\"},\"breadcrumb\":{\"@id\":\"https:\\\/\\\/aschaffenburgzweinull.stadtarchiv-digital.de\\\/liebigplatz\\\/#breadcrumb\"},\"inLanguage\":\"de\",\"potentialAction\":[{\"@type\":\"ReadAction\",\"target\":[\"https:\\\/\\\/aschaffenburgzweinull.stadtarchiv-digital.de\\\/liebigplatz\\\/\"]}]},{\"@type\":\"BreadcrumbList\",\"@id\":\"https:\\\/\\\/aschaffenburgzweinull.stadtarchiv-digital.de\\\/liebigplatz\\\/#breadcrumb\",\"itemListElement\":[{\"@type\":\"ListItem\",\"position\":1,\"name\":\"Startseite\",\"item\":\"https:\\\/\\\/aschaffenburgzweinull.stadtarchiv-digital.de\\\/\"},{\"@type\":\"ListItem\",\"position\":2,\"name\":\"Liebigplatz\"}]},{\"@type\":\"WebSite\",\"@id\":\"https:\\\/\\\/aschaffenburgzweinull.stadtarchiv-digital.de\\\/#website\",\"url\":\"https:\\\/\\\/aschaffenburgzweinull.stadtarchiv-digital.de\\\/\",\"name\":\"Aschaffenburg\",\"description\":\"2.0\",\"potentialAction\":[{\"@type\":\"SearchAction\",\"target\":{\"@type\":\"EntryPoint\",\"urlTemplate\":\"https:\\\/\\\/aschaffenburgzweinull.stadtarchiv-digital.de\\\/?s={search_term_string}\"},\"query-input\":{\"@type\":\"PropertyValueSpecification\",\"valueRequired\":true,\"valueName\":\"search_term_string\"}}],\"inLanguage\":\"de\"},{\"@type\":\"Person\",\"@id\":\"https:\\\/\\\/aschaffenburgzweinull.stadtarchiv-digital.de\\\/#\\\/schema\\\/person\\\/f8d8ea4f39ce4a51c3617eadf9170a24\",\"name\":\"B\u00fcro f\u00fcr Erinnerungskultur\",\"url\":\"https:\\\/\\\/aschaffenburgzweinull.stadtarchiv-digital.de\\\/author\\\/hahn\\\/\"}]}<\/script>\n<!-- \/ Yoast SEO plugin. -->","yoast_head_json":{"title":"Liebigplatz - Aschaffenburg","robots":{"index":"index","follow":"follow","max-snippet":"max-snippet:-1","max-image-preview":"max-image-preview:large","max-video-preview":"max-video-preview:-1"},"canonical":"https:\/\/aschaffenburgzweinull.stadtarchiv-digital.de\/liebigplatz\/","og_locale":"de_DE","og_type":"article","og_title":"Liebigplatz - Aschaffenburg","og_description":"1952 benannt nach Justus von Liebig * 12.05.1803 in Darmstadt \u2020 18.04.1873 in M\u00fcnchen Chemiker Justus Liebig wurde 1803 in Darmstadt geboren. Er studierte Chemie in Bonn, Erlangen und Paris [&hellip;]","og_url":"https:\/\/aschaffenburgzweinull.stadtarchiv-digital.de\/liebigplatz\/","og_site_name":"Aschaffenburg","article_published_time":"2023-06-07T15:13:08+00:00","article_modified_time":"2023-06-19T10:12:24+00:00","og_image":[{"width":379,"height":70,"url":"https:\/\/aschaffenburgzweinull.stadtarchiv-digital.de\/wp-content\/uploads\/2020\/07\/Logo-Stadtarchiv-Aschaffenburg.png","type":"image\/png"}],"author":"B\u00fcro f\u00fcr Erinnerungskultur","twitter_card":"summary_large_image","twitter_misc":{"Verfasst von":"B\u00fcro f\u00fcr Erinnerungskultur","Gesch\u00e4tzte Lesezeit":"1\u00a0Minute"},"schema":{"@context":"https:\/\/schema.org","@graph":[{"@type":"Article","@id":"https:\/\/aschaffenburgzweinull.stadtarchiv-digital.de\/liebigplatz\/#article","isPartOf":{"@id":"https:\/\/aschaffenburgzweinull.stadtarchiv-digital.de\/liebigplatz\/"},"author":{"name":"B\u00fcro f\u00fcr Erinnerungskultur","@id":"https:\/\/aschaffenburgzweinull.stadtarchiv-digital.de\/#\/schema\/person\/f8d8ea4f39ce4a51c3617eadf9170a24"},"headline":"Liebigplatz","datePublished":"2023-06-07T15:13:08+00:00","dateModified":"2023-06-19T10:12:24+00:00","mainEntityOfPage":{"@id":"https:\/\/aschaffenburgzweinull.stadtarchiv-digital.de\/liebigplatz\/"},"wordCount":183,"commentCount":0,"keywords":["Stra\u00dfennamen"],"articleSection":["Bildung","Stra\u00dfennamen"],"inLanguage":"de","potentialAction":[{"@type":"CommentAction","name":"Comment","target":["https:\/\/aschaffenburgzweinull.stadtarchiv-digital.de\/liebigplatz\/#respond"]}]},{"@type":"WebPage","@id":"https:\/\/aschaffenburgzweinull.stadtarchiv-digital.de\/liebigplatz\/","url":"https:\/\/aschaffenburgzweinull.stadtarchiv-digital.de\/liebigplatz\/","name":"Liebigplatz - Aschaffenburg","isPartOf":{"@id":"https:\/\/aschaffenburgzweinull.stadtarchiv-digital.de\/#website"},"datePublished":"2023-06-07T15:13:08+00:00","dateModified":"2023-06-19T10:12:24+00:00","author":{"@id":"https:\/\/aschaffenburgzweinull.stadtarchiv-digital.de\/#\/schema\/person\/f8d8ea4f39ce4a51c3617eadf9170a24"},"breadcrumb":{"@id":"https:\/\/aschaffenburgzweinull.stadtarchiv-digital.de\/liebigplatz\/#breadcrumb"},"inLanguage":"de","potentialAction":[{"@type":"ReadAction","target":["https:\/\/aschaffenburgzweinull.stadtarchiv-digital.de\/liebigplatz\/"]}]},{"@type":"BreadcrumbList","@id":"https:\/\/aschaffenburgzweinull.stadtarchiv-digital.de\/liebigplatz\/#breadcrumb","itemListElement":[{"@type":"ListItem","position":1,"name":"Startseite","item":"https:\/\/aschaffenburgzweinull.stadtarchiv-digital.de\/"},{"@type":"ListItem","position":2,"name":"Liebigplatz"}]},{"@type":"WebSite","@id":"https:\/\/aschaffenburgzweinull.stadtarchiv-digital.de\/#website","url":"https:\/\/aschaffenburgzweinull.stadtarchiv-digital.de\/","name":"Aschaffenburg","description":"2.0","potentialAction":[{"@type":"SearchAction","target":{"@type":"EntryPoint","urlTemplate":"https:\/\/aschaffenburgzweinull.stadtarchiv-digital.de\/?s={search_term_string}"},"query-input":{"@type":"PropertyValueSpecification","valueRequired":true,"valueName":"search_term_string"}}],"inLanguage":"de"},{"@type":"Person","@id":"https:\/\/aschaffenburgzweinull.stadtarchiv-digital.de\/#\/schema\/person\/f8d8ea4f39ce4a51c3617eadf9170a24","name":"B\u00fcro f\u00fcr Erinnerungskultur","url":"https:\/\/aschaffenburgzweinull.stadtarchiv-digital.de\/author\/hahn\/"}]}},"_links":{"self":[{"href":"https:\/\/aschaffenburgzweinull.stadtarchiv-digital.de\/data\/wp\/v2\/posts\/7012","targetHints":{"allow":["GET"]}}],"collection":[{"href":"https:\/\/aschaffenburgzweinull.stadtarchiv-digital.de\/data\/wp\/v2\/posts"}],"about":[{"href":"https:\/\/aschaffenburgzweinull.stadtarchiv-digital.de\/data\/wp\/v2\/types\/post"}],"author":[{"embeddable":true,"href":"https:\/\/aschaffenburgzweinull.stadtarchiv-digital.de\/data\/wp\/v2\/users\/72"}],"replies":[{"embeddable":true,"href":"https:\/\/aschaffenburgzweinull.stadtarchiv-digital.de\/data\/wp\/v2\/comments?post=7012"}],"version-history":[{"count":2,"href":"https:\/\/aschaffenburgzweinull.stadtarchiv-digital.de\/data\/wp\/v2\/posts\/7012\/revisions"}],"predecessor-version":[{"id":7929,"href":"https:\/\/aschaffenburgzweinull.stadtarchiv-digital.de\/data\/wp\/v2\/posts\/7012\/revisions\/7929"}],"wp:attachment":[{"href":"https:\/\/aschaffenburgzweinull.stadtarchiv-digital.de\/data\/wp\/v2\/media?parent=7012"}],"wp:term":[{"taxonomy":"category","embeddable":true,"href":"https:\/\/aschaffenburgzweinull.stadtarchiv-digital.de\/data\/wp\/v2\/categories?post=7012"},{"taxonomy":"post_tag","embeddable":true,"href":"https:\/\/aschaffenburgzweinull.stadtarchiv-digital.de\/data\/wp\/v2\/tags?post=7012"},{"taxonomy":"format","embeddable":true,"href":"https:\/\/aschaffenburgzweinull.stadtarchiv-digital.de\/data\/wp\/v2\/post-format?post=7012"},{"taxonomy":"content","embeddable":true,"href":"https:\/\/aschaffenburgzweinull.stadtarchiv-digital.de\/data\/wp\/v2\/post-content?post=7012"}],"curies":[{"name":"wp","href":"https:\/\/api.w.org\/{rel}","templated":true}]}}