{"id":7004,"date":"2023-06-07T17:13:04","date_gmt":"2023-06-07T15:13:04","guid":{"rendered":"https:\/\/aschaffenburgzweinull.stadtarchiv-digital.de\/ludwig-roth-strasse\/"},"modified":"2024-07-11T09:56:49","modified_gmt":"2024-07-11T07:56:49","slug":"ludwig-roth-strasse","status":"publish","type":"post","link":"https:\/\/aschaffenburgzweinull.stadtarchiv-digital.de\/ludwig-roth-strasse\/","title":{"rendered":"Ludwig-Roth-Stra\u00dfe"},"content":{"rendered":"<p><strong>Mit Beschluss des Stadtrates vom 10. Juni 2024 wird die Ludwig-Roth-Stra\u00dfe auf Ludwig Roth umgewidmet.<\/strong><\/p>\n<p><strong>Ludwig Roth (1900 \u2013 1945)<\/strong><\/p>\n<p>J\u00fcdischer Lehrer, ermordet im KZ Gro\u00df-Rosen (Niederschlesien)<\/p>\n<p>* 04.08.1900 in Berlin<\/p>\n<p>\u2020 07.02.1945 im KZ Gro\u00df-Rosen<\/p>\n<p><img loading=\"lazy\" decoding=\"async\" class=\"alignnone size-full wp-image-9724\" src=\"https:\/\/aschaffenburgzweinull.stadtarchiv-digital.de\/wp-content\/uploads\/2023\/06\/udwig-Roth-Foto-1935-JPEG.jpg\" alt=\"\" width=\"252\" height=\"370\" \/><\/p>\n<p>Ludwig Roth wurde am 4. August 1900 als \u00e4ltester Sohn von Elsa (geb. Hinrichsen) und Alfred Roth in Berlin geboren. Der Stammbaum der Familie Roth reicht 500 Jahre zur\u00fcck bis in die Zeit, als sephardische Juden Spanien w\u00e4hrend der Inquisition verlie\u00dfen und in Deutschland ans\u00e4ssig wurden. Ludwigs Gro\u00dfvater m\u00fctterlicherseits, Emil Hinrichsen, besa\u00df ein Import-Export- und Versicherungsgesch\u00e4ft in der Sch\u00fctzenstra\u00dfe 40 \u2013 42 in Berlin. Hier lebten und arbeiteten auch Ludwigs Eltern, bis 1936 die Zwangsschlie\u00dfung des Gesch\u00e4fts durch die Nationalsozialisten angeordnet wurde.<\/p>\n<p>Ludwig Roth war Lehrer. Vermutlich im Sommer 1936 floh er in die Niederlande. Laut Melderegister von &#8217;s-Gravenhage (Den Haag) war er in der Stadt seit Ende August 1936 gemeldet und wohnte dort in den folgenden Jahren an unterschiedlichen Adressen. Bis 1939 soll er hier als Lehrer gearbeitet haben. Anschlie\u00dfend lebte er bis 1942 in der niederl\u00e4ndischen Stadt Groningen. \u00dcber das Arbeitslager De Fledders in Westerfelde kam er Anfang Oktober 1942 ins Durchgangslager Westerbork in den deutsch besetzten Niederlanden, von wo aus er mit dem Ziel Vernichtungslager Auschwitz deportiert wurde. Unter nicht zu rekonstruierenden Umst\u00e4nden gelangte er ins Konzentrationslager Gross-Rosen in Niederschlesien. Laut tradierter Dokumente wurde er am 7. Februar 1945 in Gross-Rosen f\u00fcr tot erkl\u00e4rt \u2013 nur eine Woche vor der Befreiung des KZs durch die Rote Armee.<\/p>\n<p>Die Eltern von Ludwig Roth blieben in Berlin und wurden im Juli 1942 deportiert und ermordet. Stolpersteine erinnern an ihrem letzten Wohnort in Berlin an die beiden NS-Opfer. Seinem j\u00fcngeren Bruder Kurt (1906 \u2013 1996) war 1936 gemeinsam mit dessen Frau Ruth die Flucht in die USA gelungen. Ein Stolperstein f\u00fcr Ludwig Roth soll voraussichtlich im November 2024 in Berlin verlegt werden.<\/p>\n<p>&nbsp;<\/p>\n<p><strong>Von 1996 bis 2024 war die Ludwig-Roth-Stra\u00dfe nach Ludwig Roth (1897-1969) benannt.<\/strong><\/p>\n<p><strong>Ludwig Roth<\/strong><\/p>\n<p><strong>* 05.06.1897 in Gailbach \u2020 20.08.1969 in Gailbach<\/strong><\/p>\n<p>B\u00fcrgermeister von Gailbach<\/p>\n<p>Ludwig Roth wurde 1897 in Gailbach (ab 1975 zu Aschaffenburg geh\u00f6rig) geboren. Der gelernte Former, Maurer und Gemeindearbeiter war von 1960 bis 1965 B\u00fcrgermeister von Gailbach.<br \/>\nLudwig Roth war ab 1933 Mitglied der NSDAP und der SA. Er bekleidete die Funktion des \u201eSt\u00fctzpunkt Kassenleiters\u201c in der NSDAP-Ortsgruppe Aschaffenburg. Zudem war Ludwig Roth Mitglied weiterer NS-Organisationen, wie der Deutschen Arbeitsfront (DAF), der NS-Volkswohlfahrt (NSV), des Reichsluftschutzbunds (RLB) und des Reichskolonialbunds (RKB). Bereits 1925 trat er dem \u201eDeutschen Reichskriegerbund Kyffh\u00e4user\u201c bei, der gr\u00f6\u00dften Organisation ehemaliger Soldaten in der Weimarer Republik, die 1938 in den \u201eNationalsozialistischen Reichskriegerbund\u201c \u00fcberf\u00fchrt wurde. Von 1937 bis 1945 war er Mitglied des Gemeinderats in Gailbach. Als Soldat des 13. Infanterieregiments 388 zog er in den Zweiten Weltkrieg. Im September 1940 wurde er zum \u201eFrontstalag 181\u201c nach Saumur ins besetzte Frankreich versetzt, bef\u00f6rdert zum Oberfeldwebel. Aufgrund seiner eigenen Angaben wurde Ludwig Roth zun\u00e4chst automatisch in die Klasse II der \u201eBelasteten\u201c (Aktivisten) eingeordnet. Das Urteil des Entnazifizierungsverfahrens findet sich in der Spruchkammerakte jedoch nicht tradiert. Ludwig Roth starb 1969 in Gailbach.<\/p>\n<p><a href=\"https:\/\/aschaffenburgzweinull.stadtarchiv-digital.de\/dossier-ludwig-roth\/\">Zum Dossier \u00fcber Ludwig Roth<\/a><\/p>\n<p><strong>Nachtrag des Stadt- und Stiftsarchivs Aschaffenburg zum Dossier \u00fcber Ludwig Roth<\/strong><\/p>\n<p>Im Nachgang zur Ausstellung \u201eEhre, wem Ehre geb\u00fchrt!?\u201c, die vom 28. Juni bis zum 11. August 2023 im Sch\u00f6nborner Hof zu sehen war, hat Irmgard Roth, Tochter von Ludwig Roth, einen Teilnachlass ihres Vaters dem Stadt- und Stiftsarchiv \u00fcbergeben. Dieser umfasst Ehrungen, Fotografien, Dokumente und Zeitungsausschnitte. Der Teilnachlass ist unter der Signatur PBS 202 einsehbar.<\/p>\n<p>Aus dem Material lassen sich Informationen entnehmen, die das Dossier zu Ludwig Roth, angefertigt im Auftrag der Stadt Aschaffenburg im Prozess der \u00dcberpr\u00fcfung der nach Personen benannten Stra\u00dfennamen (Stand: M\u00e4rz 2023), an einigen Stellen erg\u00e4nzen:<\/p>\n<p>Detaillierte Angaben zum Einsatz (Einsatzorte) im Ersten Weltkrieg (April 1916 \u2013 Oktober 1918)<\/p>\n<p>Erg\u00e4nzende Angaben zum Einsatz im Zweiten Weltkrieg (laut Wehrpass), darunter: Datum der Ernennung zum Oberfeldwebel (01.05.1941), offizielle Dienststelle \u201eFront Stalag 181\u201c (September 1940 \u2013 Juni 1942), anschlie\u00dfend offizielle Dienststelle \u201eDulag [Durchgangslager] 181\u201c (bis einschlie\u00dflich Mai 1944), Teilnahme am \u201eRusslandfeldzug\u201c im Winter 1942\/43, Kriegsverdienstkreuz 2. Klasse mit Schwertern (30.01.1943)<\/p>\n<p>Hinweis auf Entscheid der Spruchkammer vom 15.03.1948, wonach Ludwig Roth unter die sogenannte \u201eWeihnachtsamnestie\u201c gefallen war (Entnazifizierungsverfahren daraufhin eingestellt, Sperre \u00fcber Verm\u00f6gen aufgehoben)<\/p>\n<p>&nbsp;<\/p>\n","protected":false},"excerpt":{"rendered":"<p>Mit Beschluss des Stadtrates vom 10. Juni 2024 wird die Ludwig-Roth-Stra\u00dfe auf Ludwig Roth umgewidmet. Ludwig Roth (1900 \u2013 1945) J\u00fcdischer Lehrer, ermordet im KZ Gro\u00df-Rosen (Niederschlesien) * 04.08.1900 in [&hellip;]<\/p>\n","protected":false},"author":72,"featured_media":0,"comment_status":"open","ping_status":"open","sticky":false,"template":"","format":"standard","meta":{"_acf_changed":false,"footnotes":""},"categories":[1,953],"tags":[145],"post-format":[2],"post-content":[67],"class_list":["post-7004","post","type-post","status-publish","format-standard","hentry","category-bildung","category-strassennamen","tag-strassennamen","format-information","content-text","project-strassennamen-in-aschaffenburg"],"acf":[],"yoast_head":"<!-- This site is optimized with the Yoast SEO plugin v27.4 - https:\/\/yoast.com\/product\/yoast-seo-wordpress\/ -->\n<title>Ludwig-Roth-Stra\u00dfe - Aschaffenburg<\/title>\n<meta name=\"robots\" content=\"index, follow, max-snippet:-1, max-image-preview:large, max-video-preview:-1\" \/>\n<link rel=\"canonical\" href=\"https:\/\/aschaffenburgzweinull.stadtarchiv-digital.de\/ludwig-roth-strasse\/\" \/>\n<meta property=\"og:locale\" content=\"de_DE\" \/>\n<meta property=\"og:type\" content=\"article\" \/>\n<meta property=\"og:title\" content=\"Ludwig-Roth-Stra\u00dfe - Aschaffenburg\" \/>\n<meta property=\"og:description\" content=\"Mit Beschluss des Stadtrates vom 10. Juni 2024 wird die Ludwig-Roth-Stra\u00dfe auf Ludwig Roth umgewidmet. Ludwig Roth (1900 \u2013 1945) J\u00fcdischer Lehrer, ermordet im KZ Gro\u00df-Rosen (Niederschlesien) * 04.08.1900 in [&hellip;]\" \/>\n<meta property=\"og:url\" content=\"https:\/\/aschaffenburgzweinull.stadtarchiv-digital.de\/ludwig-roth-strasse\/\" \/>\n<meta property=\"og:site_name\" content=\"Aschaffenburg\" \/>\n<meta property=\"article:published_time\" content=\"2023-06-07T15:13:04+00:00\" \/>\n<meta property=\"article:modified_time\" content=\"2024-07-11T07:56:49+00:00\" \/>\n<meta property=\"og:image\" content=\"https:\/\/aschaffenburgzweinull.stadtarchiv-digital.de\/wp-content\/uploads\/2023\/06\/udwig-Roth-Foto-1935-JPEG.jpg\" \/>\n<meta name=\"author\" content=\"B\u00fcro f\u00fcr Erinnerungskultur\" \/>\n<meta name=\"twitter:card\" content=\"summary_large_image\" \/>\n<meta name=\"twitter:label1\" content=\"Verfasst von\" \/>\n\t<meta name=\"twitter:data1\" content=\"B\u00fcro f\u00fcr Erinnerungskultur\" \/>\n\t<meta name=\"twitter:label2\" content=\"Gesch\u00e4tzte Lesezeit\" \/>\n\t<meta name=\"twitter:data2\" content=\"5\u00a0Minuten\" \/>\n<script type=\"application\/ld+json\" class=\"yoast-schema-graph\">{\"@context\":\"https:\\\/\\\/schema.org\",\"@graph\":[{\"@type\":\"Article\",\"@id\":\"https:\\\/\\\/aschaffenburgzweinull.stadtarchiv-digital.de\\\/ludwig-roth-strasse\\\/#article\",\"isPartOf\":{\"@id\":\"https:\\\/\\\/aschaffenburgzweinull.stadtarchiv-digital.de\\\/ludwig-roth-strasse\\\/\"},\"author\":{\"name\":\"B\u00fcro f\u00fcr Erinnerungskultur\",\"@id\":\"https:\\\/\\\/aschaffenburgzweinull.stadtarchiv-digital.de\\\/#\\\/schema\\\/person\\\/f8d8ea4f39ce4a51c3617eadf9170a24\"},\"headline\":\"Ludwig-Roth-Stra\u00dfe\",\"datePublished\":\"2023-06-07T15:13:04+00:00\",\"dateModified\":\"2024-07-11T07:56:49+00:00\",\"mainEntityOfPage\":{\"@id\":\"https:\\\/\\\/aschaffenburgzweinull.stadtarchiv-digital.de\\\/ludwig-roth-strasse\\\/\"},\"wordCount\":671,\"commentCount\":0,\"image\":{\"@id\":\"https:\\\/\\\/aschaffenburgzweinull.stadtarchiv-digital.de\\\/ludwig-roth-strasse\\\/#primaryimage\"},\"thumbnailUrl\":\"https:\\\/\\\/aschaffenburgzweinull.stadtarchiv-digital.de\\\/wp-content\\\/uploads\\\/2023\\\/06\\\/udwig-Roth-Foto-1935-JPEG.jpg\",\"keywords\":[\"Stra\u00dfennamen\"],\"articleSection\":[\"Bildung\",\"Stra\u00dfennamen\"],\"inLanguage\":\"de\",\"potentialAction\":[{\"@type\":\"CommentAction\",\"name\":\"Comment\",\"target\":[\"https:\\\/\\\/aschaffenburgzweinull.stadtarchiv-digital.de\\\/ludwig-roth-strasse\\\/#respond\"]}]},{\"@type\":\"WebPage\",\"@id\":\"https:\\\/\\\/aschaffenburgzweinull.stadtarchiv-digital.de\\\/ludwig-roth-strasse\\\/\",\"url\":\"https:\\\/\\\/aschaffenburgzweinull.stadtarchiv-digital.de\\\/ludwig-roth-strasse\\\/\",\"name\":\"Ludwig-Roth-Stra\u00dfe - Aschaffenburg\",\"isPartOf\":{\"@id\":\"https:\\\/\\\/aschaffenburgzweinull.stadtarchiv-digital.de\\\/#website\"},\"primaryImageOfPage\":{\"@id\":\"https:\\\/\\\/aschaffenburgzweinull.stadtarchiv-digital.de\\\/ludwig-roth-strasse\\\/#primaryimage\"},\"image\":{\"@id\":\"https:\\\/\\\/aschaffenburgzweinull.stadtarchiv-digital.de\\\/ludwig-roth-strasse\\\/#primaryimage\"},\"thumbnailUrl\":\"https:\\\/\\\/aschaffenburgzweinull.stadtarchiv-digital.de\\\/wp-content\\\/uploads\\\/2023\\\/06\\\/udwig-Roth-Foto-1935-JPEG.jpg\",\"datePublished\":\"2023-06-07T15:13:04+00:00\",\"dateModified\":\"2024-07-11T07:56:49+00:00\",\"author\":{\"@id\":\"https:\\\/\\\/aschaffenburgzweinull.stadtarchiv-digital.de\\\/#\\\/schema\\\/person\\\/f8d8ea4f39ce4a51c3617eadf9170a24\"},\"breadcrumb\":{\"@id\":\"https:\\\/\\\/aschaffenburgzweinull.stadtarchiv-digital.de\\\/ludwig-roth-strasse\\\/#breadcrumb\"},\"inLanguage\":\"de\",\"potentialAction\":[{\"@type\":\"ReadAction\",\"target\":[\"https:\\\/\\\/aschaffenburgzweinull.stadtarchiv-digital.de\\\/ludwig-roth-strasse\\\/\"]}]},{\"@type\":\"ImageObject\",\"inLanguage\":\"de\",\"@id\":\"https:\\\/\\\/aschaffenburgzweinull.stadtarchiv-digital.de\\\/ludwig-roth-strasse\\\/#primaryimage\",\"url\":\"https:\\\/\\\/aschaffenburgzweinull.stadtarchiv-digital.de\\\/wp-content\\\/uploads\\\/2023\\\/06\\\/udwig-Roth-Foto-1935-JPEG.jpg\",\"contentUrl\":\"https:\\\/\\\/aschaffenburgzweinull.stadtarchiv-digital.de\\\/wp-content\\\/uploads\\\/2023\\\/06\\\/udwig-Roth-Foto-1935-JPEG.jpg\",\"width\":252,\"height\":370},{\"@type\":\"BreadcrumbList\",\"@id\":\"https:\\\/\\\/aschaffenburgzweinull.stadtarchiv-digital.de\\\/ludwig-roth-strasse\\\/#breadcrumb\",\"itemListElement\":[{\"@type\":\"ListItem\",\"position\":1,\"name\":\"Startseite\",\"item\":\"https:\\\/\\\/aschaffenburgzweinull.stadtarchiv-digital.de\\\/\"},{\"@type\":\"ListItem\",\"position\":2,\"name\":\"Ludwig-Roth-Stra\u00dfe\"}]},{\"@type\":\"WebSite\",\"@id\":\"https:\\\/\\\/aschaffenburgzweinull.stadtarchiv-digital.de\\\/#website\",\"url\":\"https:\\\/\\\/aschaffenburgzweinull.stadtarchiv-digital.de\\\/\",\"name\":\"Aschaffenburg\",\"description\":\"2.0\",\"potentialAction\":[{\"@type\":\"SearchAction\",\"target\":{\"@type\":\"EntryPoint\",\"urlTemplate\":\"https:\\\/\\\/aschaffenburgzweinull.stadtarchiv-digital.de\\\/?s={search_term_string}\"},\"query-input\":{\"@type\":\"PropertyValueSpecification\",\"valueRequired\":true,\"valueName\":\"search_term_string\"}}],\"inLanguage\":\"de\"},{\"@type\":\"Person\",\"@id\":\"https:\\\/\\\/aschaffenburgzweinull.stadtarchiv-digital.de\\\/#\\\/schema\\\/person\\\/f8d8ea4f39ce4a51c3617eadf9170a24\",\"name\":\"B\u00fcro f\u00fcr Erinnerungskultur\",\"url\":\"https:\\\/\\\/aschaffenburgzweinull.stadtarchiv-digital.de\\\/author\\\/hahn\\\/\"}]}<\/script>\n<!-- \/ Yoast SEO plugin. -->","yoast_head_json":{"title":"Ludwig-Roth-Stra\u00dfe - Aschaffenburg","robots":{"index":"index","follow":"follow","max-snippet":"max-snippet:-1","max-image-preview":"max-image-preview:large","max-video-preview":"max-video-preview:-1"},"canonical":"https:\/\/aschaffenburgzweinull.stadtarchiv-digital.de\/ludwig-roth-strasse\/","og_locale":"de_DE","og_type":"article","og_title":"Ludwig-Roth-Stra\u00dfe - Aschaffenburg","og_description":"Mit Beschluss des Stadtrates vom 10. Juni 2024 wird die Ludwig-Roth-Stra\u00dfe auf Ludwig Roth umgewidmet. Ludwig Roth (1900 \u2013 1945) J\u00fcdischer Lehrer, ermordet im KZ Gro\u00df-Rosen (Niederschlesien) * 04.08.1900 in [&hellip;]","og_url":"https:\/\/aschaffenburgzweinull.stadtarchiv-digital.de\/ludwig-roth-strasse\/","og_site_name":"Aschaffenburg","article_published_time":"2023-06-07T15:13:04+00:00","article_modified_time":"2024-07-11T07:56:49+00:00","og_image":[{"url":"https:\/\/aschaffenburgzweinull.stadtarchiv-digital.de\/wp-content\/uploads\/2023\/06\/udwig-Roth-Foto-1935-JPEG.jpg","type":"","width":"","height":""}],"author":"B\u00fcro f\u00fcr Erinnerungskultur","twitter_card":"summary_large_image","twitter_misc":{"Verfasst von":"B\u00fcro f\u00fcr Erinnerungskultur","Gesch\u00e4tzte Lesezeit":"5\u00a0Minuten"},"schema":{"@context":"https:\/\/schema.org","@graph":[{"@type":"Article","@id":"https:\/\/aschaffenburgzweinull.stadtarchiv-digital.de\/ludwig-roth-strasse\/#article","isPartOf":{"@id":"https:\/\/aschaffenburgzweinull.stadtarchiv-digital.de\/ludwig-roth-strasse\/"},"author":{"name":"B\u00fcro f\u00fcr Erinnerungskultur","@id":"https:\/\/aschaffenburgzweinull.stadtarchiv-digital.de\/#\/schema\/person\/f8d8ea4f39ce4a51c3617eadf9170a24"},"headline":"Ludwig-Roth-Stra\u00dfe","datePublished":"2023-06-07T15:13:04+00:00","dateModified":"2024-07-11T07:56:49+00:00","mainEntityOfPage":{"@id":"https:\/\/aschaffenburgzweinull.stadtarchiv-digital.de\/ludwig-roth-strasse\/"},"wordCount":671,"commentCount":0,"image":{"@id":"https:\/\/aschaffenburgzweinull.stadtarchiv-digital.de\/ludwig-roth-strasse\/#primaryimage"},"thumbnailUrl":"https:\/\/aschaffenburgzweinull.stadtarchiv-digital.de\/wp-content\/uploads\/2023\/06\/udwig-Roth-Foto-1935-JPEG.jpg","keywords":["Stra\u00dfennamen"],"articleSection":["Bildung","Stra\u00dfennamen"],"inLanguage":"de","potentialAction":[{"@type":"CommentAction","name":"Comment","target":["https:\/\/aschaffenburgzweinull.stadtarchiv-digital.de\/ludwig-roth-strasse\/#respond"]}]},{"@type":"WebPage","@id":"https:\/\/aschaffenburgzweinull.stadtarchiv-digital.de\/ludwig-roth-strasse\/","url":"https:\/\/aschaffenburgzweinull.stadtarchiv-digital.de\/ludwig-roth-strasse\/","name":"Ludwig-Roth-Stra\u00dfe - Aschaffenburg","isPartOf":{"@id":"https:\/\/aschaffenburgzweinull.stadtarchiv-digital.de\/#website"},"primaryImageOfPage":{"@id":"https:\/\/aschaffenburgzweinull.stadtarchiv-digital.de\/ludwig-roth-strasse\/#primaryimage"},"image":{"@id":"https:\/\/aschaffenburgzweinull.stadtarchiv-digital.de\/ludwig-roth-strasse\/#primaryimage"},"thumbnailUrl":"https:\/\/aschaffenburgzweinull.stadtarchiv-digital.de\/wp-content\/uploads\/2023\/06\/udwig-Roth-Foto-1935-JPEG.jpg","datePublished":"2023-06-07T15:13:04+00:00","dateModified":"2024-07-11T07:56:49+00:00","author":{"@id":"https:\/\/aschaffenburgzweinull.stadtarchiv-digital.de\/#\/schema\/person\/f8d8ea4f39ce4a51c3617eadf9170a24"},"breadcrumb":{"@id":"https:\/\/aschaffenburgzweinull.stadtarchiv-digital.de\/ludwig-roth-strasse\/#breadcrumb"},"inLanguage":"de","potentialAction":[{"@type":"ReadAction","target":["https:\/\/aschaffenburgzweinull.stadtarchiv-digital.de\/ludwig-roth-strasse\/"]}]},{"@type":"ImageObject","inLanguage":"de","@id":"https:\/\/aschaffenburgzweinull.stadtarchiv-digital.de\/ludwig-roth-strasse\/#primaryimage","url":"https:\/\/aschaffenburgzweinull.stadtarchiv-digital.de\/wp-content\/uploads\/2023\/06\/udwig-Roth-Foto-1935-JPEG.jpg","contentUrl":"https:\/\/aschaffenburgzweinull.stadtarchiv-digital.de\/wp-content\/uploads\/2023\/06\/udwig-Roth-Foto-1935-JPEG.jpg","width":252,"height":370},{"@type":"BreadcrumbList","@id":"https:\/\/aschaffenburgzweinull.stadtarchiv-digital.de\/ludwig-roth-strasse\/#breadcrumb","itemListElement":[{"@type":"ListItem","position":1,"name":"Startseite","item":"https:\/\/aschaffenburgzweinull.stadtarchiv-digital.de\/"},{"@type":"ListItem","position":2,"name":"Ludwig-Roth-Stra\u00dfe"}]},{"@type":"WebSite","@id":"https:\/\/aschaffenburgzweinull.stadtarchiv-digital.de\/#website","url":"https:\/\/aschaffenburgzweinull.stadtarchiv-digital.de\/","name":"Aschaffenburg","description":"2.0","potentialAction":[{"@type":"SearchAction","target":{"@type":"EntryPoint","urlTemplate":"https:\/\/aschaffenburgzweinull.stadtarchiv-digital.de\/?s={search_term_string}"},"query-input":{"@type":"PropertyValueSpecification","valueRequired":true,"valueName":"search_term_string"}}],"inLanguage":"de"},{"@type":"Person","@id":"https:\/\/aschaffenburgzweinull.stadtarchiv-digital.de\/#\/schema\/person\/f8d8ea4f39ce4a51c3617eadf9170a24","name":"B\u00fcro f\u00fcr Erinnerungskultur","url":"https:\/\/aschaffenburgzweinull.stadtarchiv-digital.de\/author\/hahn\/"}]}},"_links":{"self":[{"href":"https:\/\/aschaffenburgzweinull.stadtarchiv-digital.de\/data\/wp\/v2\/posts\/7004","targetHints":{"allow":["GET"]}}],"collection":[{"href":"https:\/\/aschaffenburgzweinull.stadtarchiv-digital.de\/data\/wp\/v2\/posts"}],"about":[{"href":"https:\/\/aschaffenburgzweinull.stadtarchiv-digital.de\/data\/wp\/v2\/types\/post"}],"author":[{"embeddable":true,"href":"https:\/\/aschaffenburgzweinull.stadtarchiv-digital.de\/data\/wp\/v2\/users\/72"}],"replies":[{"embeddable":true,"href":"https:\/\/aschaffenburgzweinull.stadtarchiv-digital.de\/data\/wp\/v2\/comments?post=7004"}],"version-history":[{"count":12,"href":"https:\/\/aschaffenburgzweinull.stadtarchiv-digital.de\/data\/wp\/v2\/posts\/7004\/revisions"}],"predecessor-version":[{"id":9726,"href":"https:\/\/aschaffenburgzweinull.stadtarchiv-digital.de\/data\/wp\/v2\/posts\/7004\/revisions\/9726"}],"wp:attachment":[{"href":"https:\/\/aschaffenburgzweinull.stadtarchiv-digital.de\/data\/wp\/v2\/media?parent=7004"}],"wp:term":[{"taxonomy":"category","embeddable":true,"href":"https:\/\/aschaffenburgzweinull.stadtarchiv-digital.de\/data\/wp\/v2\/categories?post=7004"},{"taxonomy":"post_tag","embeddable":true,"href":"https:\/\/aschaffenburgzweinull.stadtarchiv-digital.de\/data\/wp\/v2\/tags?post=7004"},{"taxonomy":"format","embeddable":true,"href":"https:\/\/aschaffenburgzweinull.stadtarchiv-digital.de\/data\/wp\/v2\/post-format?post=7004"},{"taxonomy":"content","embeddable":true,"href":"https:\/\/aschaffenburgzweinull.stadtarchiv-digital.de\/data\/wp\/v2\/post-content?post=7004"}],"curies":[{"name":"wp","href":"https:\/\/api.w.org\/{rel}","templated":true}]}}