{"id":6919,"date":"2023-06-07T17:12:16","date_gmt":"2023-06-07T15:12:16","guid":{"rendered":"https:\/\/aschaffenburgzweinull.stadtarchiv-digital.de\/trockenbrodtstrasse\/"},"modified":"2023-11-06T20:20:07","modified_gmt":"2023-11-06T19:20:07","slug":"trockenbrodtstrasse","status":"publish","type":"post","link":"https:\/\/aschaffenburgzweinull.stadtarchiv-digital.de\/trockenbrodtstrasse\/","title":{"rendered":"Trockenbrodtstra\u00dfe"},"content":{"rendered":"<p><strong>1956 benannt nach Karl Friedrich \u201eFritz\u201c und Gustav Trockenbrodt<\/strong><br \/>\n<strong>Karl Friedrich: * 20.05.1859 in Aschaffenburg \u2020 09.04.1938 in Aschaffenburg<\/strong><br \/>\n<strong>Gustav: *10.11.1869 in Aschaffenburg \u2020 27.04.1904 in Rosenheim<\/strong><\/p>\n<p>Fritz und Gustav Trockenbrodt waren zwei der f\u00fcnf Kinder des Kaufmanns Johann Trockenbrodt und seiner Ehefrau Karoline Auguste (geborene Conradi).<\/p>\n<p>Karl Friedrich \u201eFritz\u201c Trockenbrodt wurde 1859 in Aschaffenburg geboren. Er \u00fcbernahm das Kolonialwarengesch\u00e4ft seines Vaters. In seiner Freizeit war Fritz Trockenbrodt musikalisch t\u00e4tig, komponierte Musik f\u00fcr Orchester und Ch\u00f6re. Er spielte unter anderem bei Wohlt\u00e4tigkeitskonzerten und trat w\u00e4hrend des Ersten Weltkriegs h\u00e4ufiger als S\u00e4nger auf. 1884 heiratete Fritz Trockenbrodt Johanna Maria Driesmanns. Er war Vorsitzender des Musikvereins sowie im Geschichtsverein aktiv und liberal-demokratischer Kommunalpolitiker. Fritz Trockenbrodt starb 1938 in Aschaffenburg.<\/p>\n<p>Gustav Trockenbrodt wurde zehn Jahre nach seinem Bruder 1869 ebenfalls in Aschaffenburg geboren. Er studierte in M\u00fcnchen und Erlangen Rechtswissenschaften und war als Notariatskanzlist in Schweinfurt und Traunstein t\u00e4tig. Er war als Mundartdichter bekannt und verfasste die \u201eAscheberger Spr\u00fcch\u201c. Wie sein Bruder war er au\u00dferdem musikalisch aktiv, komponierte Werke f\u00fcr Orchester und mit \u201eZoriade und Zemira\u201c eine eigene Oper. Gustav Trockenbrodt starb im Alter von 35 Jahren in Rosenheim an einer Darmerkrankung.<\/p>\n<ul>\n<li>Klotz, Matthias: Der Erste Weltkrieg in Aschaffenburg. Eine Dokumentation, Aschaffenburg 2014.<\/li>\n<li>Mischon, Marita: Sonstige Druckerzeugnisse, in: Pollnick, Carsten (Hrsg.): 1904 \u2013 2004. 100 Jahre Geschichts- und Kunstverein Aschaffenburg e.V., Aschaffenburg 2004.<\/li>\n<li>Pollnick, Carsten: Aschaffenburger Stra\u00dfennamen, Stadtgeschichtliche Beitr\u00e4ge, Band 1, Aschaffenburg 1990.<\/li>\n<li>Pollnick, Carsten: Chronologie, in: Pollnick, Carsten (Hrsg.): 1904 \u2013 2004. 100 Jahre Geschichts- und Kunstverein Aschaffenburg e.V., Aschaffenburg 2004.<\/li>\n<li>Pollnick, Carsten: Vortr\u00e4ge und Berichte, in: Pollnick, Carsten (Hrsg.): 1904 \u2013 2004. 100 Jahre Geschichts- und Kunstverein Aschaffenburg e.V., Aschaffenburg 2004.<\/li>\n<\/ul>\n<p>&nbsp;<\/p>\n<p>&nbsp;<\/p>\n","protected":false},"excerpt":{"rendered":"<p>1956 benannt nach Karl Friedrich \u201eFritz\u201c und Gustav Trockenbrodt Karl Friedrich: * 20.05.1859 in Aschaffenburg \u2020 09.04.1938 in Aschaffenburg Gustav: *10.11.1869 in Aschaffenburg \u2020 27.04.1904 in Rosenheim Fritz und Gustav [&hellip;]<\/p>\n","protected":false},"author":72,"featured_media":0,"comment_status":"open","ping_status":"open","sticky":false,"template":"","format":"standard","meta":{"_acf_changed":false,"footnotes":""},"categories":[1,953],"tags":[145],"post-format":[2],"post-content":[67],"class_list":["post-6919","post","type-post","status-publish","format-standard","hentry","category-bildung","category-strassennamen","tag-strassennamen","format-information","content-text","project-strassennamen-in-aschaffenburg"],"acf":[],"yoast_head":"<!-- This site is optimized with the Yoast SEO plugin v27.4 - https:\/\/yoast.com\/product\/yoast-seo-wordpress\/ -->\n<title>Trockenbrodtstra\u00dfe - Aschaffenburg<\/title>\n<meta name=\"robots\" content=\"index, follow, max-snippet:-1, max-image-preview:large, max-video-preview:-1\" \/>\n<link rel=\"canonical\" href=\"https:\/\/aschaffenburgzweinull.stadtarchiv-digital.de\/trockenbrodtstrasse\/\" \/>\n<meta property=\"og:locale\" content=\"de_DE\" \/>\n<meta property=\"og:type\" content=\"article\" \/>\n<meta property=\"og:title\" content=\"Trockenbrodtstra\u00dfe - Aschaffenburg\" \/>\n<meta property=\"og:description\" content=\"1956 benannt nach Karl Friedrich \u201eFritz\u201c und Gustav Trockenbrodt Karl Friedrich: * 20.05.1859 in Aschaffenburg \u2020 09.04.1938 in Aschaffenburg Gustav: *10.11.1869 in Aschaffenburg \u2020 27.04.1904 in Rosenheim Fritz und Gustav [&hellip;]\" \/>\n<meta property=\"og:url\" content=\"https:\/\/aschaffenburgzweinull.stadtarchiv-digital.de\/trockenbrodtstrasse\/\" \/>\n<meta property=\"og:site_name\" content=\"Aschaffenburg\" \/>\n<meta property=\"article:published_time\" content=\"2023-06-07T15:12:16+00:00\" \/>\n<meta property=\"article:modified_time\" content=\"2023-11-06T19:20:07+00:00\" \/>\n<meta property=\"og:image\" content=\"https:\/\/aschaffenburgzweinull.stadtarchiv-digital.de\/wp-content\/uploads\/2020\/07\/Logo-Stadtarchiv-Aschaffenburg.png\" \/>\n\t<meta property=\"og:image:width\" content=\"379\" \/>\n\t<meta property=\"og:image:height\" content=\"70\" \/>\n\t<meta property=\"og:image:type\" content=\"image\/png\" \/>\n<meta name=\"author\" content=\"B\u00fcro f\u00fcr Erinnerungskultur\" \/>\n<meta name=\"twitter:card\" content=\"summary_large_image\" \/>\n<meta name=\"twitter:label1\" content=\"Verfasst von\" \/>\n\t<meta name=\"twitter:data1\" content=\"B\u00fcro f\u00fcr Erinnerungskultur\" \/>\n\t<meta name=\"twitter:label2\" content=\"Gesch\u00e4tzte Lesezeit\" \/>\n\t<meta name=\"twitter:data2\" content=\"2\u00a0Minuten\" \/>\n<script type=\"application\/ld+json\" class=\"yoast-schema-graph\">{\"@context\":\"https:\\\/\\\/schema.org\",\"@graph\":[{\"@type\":\"Article\",\"@id\":\"https:\\\/\\\/aschaffenburgzweinull.stadtarchiv-digital.de\\\/trockenbrodtstrasse\\\/#article\",\"isPartOf\":{\"@id\":\"https:\\\/\\\/aschaffenburgzweinull.stadtarchiv-digital.de\\\/trockenbrodtstrasse\\\/\"},\"author\":{\"name\":\"B\u00fcro f\u00fcr Erinnerungskultur\",\"@id\":\"https:\\\/\\\/aschaffenburgzweinull.stadtarchiv-digital.de\\\/#\\\/schema\\\/person\\\/f8d8ea4f39ce4a51c3617eadf9170a24\"},\"headline\":\"Trockenbrodtstra\u00dfe\",\"datePublished\":\"2023-06-07T15:12:16+00:00\",\"dateModified\":\"2023-11-06T19:20:07+00:00\",\"mainEntityOfPage\":{\"@id\":\"https:\\\/\\\/aschaffenburgzweinull.stadtarchiv-digital.de\\\/trockenbrodtstrasse\\\/\"},\"wordCount\":263,\"commentCount\":1,\"keywords\":[\"Stra\u00dfennamen\"],\"articleSection\":[\"Bildung\",\"Stra\u00dfennamen\"],\"inLanguage\":\"de\",\"potentialAction\":[{\"@type\":\"CommentAction\",\"name\":\"Comment\",\"target\":[\"https:\\\/\\\/aschaffenburgzweinull.stadtarchiv-digital.de\\\/trockenbrodtstrasse\\\/#respond\"]}]},{\"@type\":\"WebPage\",\"@id\":\"https:\\\/\\\/aschaffenburgzweinull.stadtarchiv-digital.de\\\/trockenbrodtstrasse\\\/\",\"url\":\"https:\\\/\\\/aschaffenburgzweinull.stadtarchiv-digital.de\\\/trockenbrodtstrasse\\\/\",\"name\":\"Trockenbrodtstra\u00dfe - Aschaffenburg\",\"isPartOf\":{\"@id\":\"https:\\\/\\\/aschaffenburgzweinull.stadtarchiv-digital.de\\\/#website\"},\"datePublished\":\"2023-06-07T15:12:16+00:00\",\"dateModified\":\"2023-11-06T19:20:07+00:00\",\"author\":{\"@id\":\"https:\\\/\\\/aschaffenburgzweinull.stadtarchiv-digital.de\\\/#\\\/schema\\\/person\\\/f8d8ea4f39ce4a51c3617eadf9170a24\"},\"breadcrumb\":{\"@id\":\"https:\\\/\\\/aschaffenburgzweinull.stadtarchiv-digital.de\\\/trockenbrodtstrasse\\\/#breadcrumb\"},\"inLanguage\":\"de\",\"potentialAction\":[{\"@type\":\"ReadAction\",\"target\":[\"https:\\\/\\\/aschaffenburgzweinull.stadtarchiv-digital.de\\\/trockenbrodtstrasse\\\/\"]}]},{\"@type\":\"BreadcrumbList\",\"@id\":\"https:\\\/\\\/aschaffenburgzweinull.stadtarchiv-digital.de\\\/trockenbrodtstrasse\\\/#breadcrumb\",\"itemListElement\":[{\"@type\":\"ListItem\",\"position\":1,\"name\":\"Startseite\",\"item\":\"https:\\\/\\\/aschaffenburgzweinull.stadtarchiv-digital.de\\\/\"},{\"@type\":\"ListItem\",\"position\":2,\"name\":\"Trockenbrodtstra\u00dfe\"}]},{\"@type\":\"WebSite\",\"@id\":\"https:\\\/\\\/aschaffenburgzweinull.stadtarchiv-digital.de\\\/#website\",\"url\":\"https:\\\/\\\/aschaffenburgzweinull.stadtarchiv-digital.de\\\/\",\"name\":\"Aschaffenburg\",\"description\":\"2.0\",\"potentialAction\":[{\"@type\":\"SearchAction\",\"target\":{\"@type\":\"EntryPoint\",\"urlTemplate\":\"https:\\\/\\\/aschaffenburgzweinull.stadtarchiv-digital.de\\\/?s={search_term_string}\"},\"query-input\":{\"@type\":\"PropertyValueSpecification\",\"valueRequired\":true,\"valueName\":\"search_term_string\"}}],\"inLanguage\":\"de\"},{\"@type\":\"Person\",\"@id\":\"https:\\\/\\\/aschaffenburgzweinull.stadtarchiv-digital.de\\\/#\\\/schema\\\/person\\\/f8d8ea4f39ce4a51c3617eadf9170a24\",\"name\":\"B\u00fcro f\u00fcr Erinnerungskultur\",\"url\":\"https:\\\/\\\/aschaffenburgzweinull.stadtarchiv-digital.de\\\/author\\\/hahn\\\/\"}]}<\/script>\n<!-- \/ Yoast SEO plugin. -->","yoast_head_json":{"title":"Trockenbrodtstra\u00dfe - Aschaffenburg","robots":{"index":"index","follow":"follow","max-snippet":"max-snippet:-1","max-image-preview":"max-image-preview:large","max-video-preview":"max-video-preview:-1"},"canonical":"https:\/\/aschaffenburgzweinull.stadtarchiv-digital.de\/trockenbrodtstrasse\/","og_locale":"de_DE","og_type":"article","og_title":"Trockenbrodtstra\u00dfe - Aschaffenburg","og_description":"1956 benannt nach Karl Friedrich \u201eFritz\u201c und Gustav Trockenbrodt Karl Friedrich: * 20.05.1859 in Aschaffenburg \u2020 09.04.1938 in Aschaffenburg Gustav: *10.11.1869 in Aschaffenburg \u2020 27.04.1904 in Rosenheim Fritz und Gustav [&hellip;]","og_url":"https:\/\/aschaffenburgzweinull.stadtarchiv-digital.de\/trockenbrodtstrasse\/","og_site_name":"Aschaffenburg","article_published_time":"2023-06-07T15:12:16+00:00","article_modified_time":"2023-11-06T19:20:07+00:00","og_image":[{"width":379,"height":70,"url":"https:\/\/aschaffenburgzweinull.stadtarchiv-digital.de\/wp-content\/uploads\/2020\/07\/Logo-Stadtarchiv-Aschaffenburg.png","type":"image\/png"}],"author":"B\u00fcro f\u00fcr Erinnerungskultur","twitter_card":"summary_large_image","twitter_misc":{"Verfasst von":"B\u00fcro f\u00fcr Erinnerungskultur","Gesch\u00e4tzte Lesezeit":"2\u00a0Minuten"},"schema":{"@context":"https:\/\/schema.org","@graph":[{"@type":"Article","@id":"https:\/\/aschaffenburgzweinull.stadtarchiv-digital.de\/trockenbrodtstrasse\/#article","isPartOf":{"@id":"https:\/\/aschaffenburgzweinull.stadtarchiv-digital.de\/trockenbrodtstrasse\/"},"author":{"name":"B\u00fcro f\u00fcr Erinnerungskultur","@id":"https:\/\/aschaffenburgzweinull.stadtarchiv-digital.de\/#\/schema\/person\/f8d8ea4f39ce4a51c3617eadf9170a24"},"headline":"Trockenbrodtstra\u00dfe","datePublished":"2023-06-07T15:12:16+00:00","dateModified":"2023-11-06T19:20:07+00:00","mainEntityOfPage":{"@id":"https:\/\/aschaffenburgzweinull.stadtarchiv-digital.de\/trockenbrodtstrasse\/"},"wordCount":263,"commentCount":1,"keywords":["Stra\u00dfennamen"],"articleSection":["Bildung","Stra\u00dfennamen"],"inLanguage":"de","potentialAction":[{"@type":"CommentAction","name":"Comment","target":["https:\/\/aschaffenburgzweinull.stadtarchiv-digital.de\/trockenbrodtstrasse\/#respond"]}]},{"@type":"WebPage","@id":"https:\/\/aschaffenburgzweinull.stadtarchiv-digital.de\/trockenbrodtstrasse\/","url":"https:\/\/aschaffenburgzweinull.stadtarchiv-digital.de\/trockenbrodtstrasse\/","name":"Trockenbrodtstra\u00dfe - Aschaffenburg","isPartOf":{"@id":"https:\/\/aschaffenburgzweinull.stadtarchiv-digital.de\/#website"},"datePublished":"2023-06-07T15:12:16+00:00","dateModified":"2023-11-06T19:20:07+00:00","author":{"@id":"https:\/\/aschaffenburgzweinull.stadtarchiv-digital.de\/#\/schema\/person\/f8d8ea4f39ce4a51c3617eadf9170a24"},"breadcrumb":{"@id":"https:\/\/aschaffenburgzweinull.stadtarchiv-digital.de\/trockenbrodtstrasse\/#breadcrumb"},"inLanguage":"de","potentialAction":[{"@type":"ReadAction","target":["https:\/\/aschaffenburgzweinull.stadtarchiv-digital.de\/trockenbrodtstrasse\/"]}]},{"@type":"BreadcrumbList","@id":"https:\/\/aschaffenburgzweinull.stadtarchiv-digital.de\/trockenbrodtstrasse\/#breadcrumb","itemListElement":[{"@type":"ListItem","position":1,"name":"Startseite","item":"https:\/\/aschaffenburgzweinull.stadtarchiv-digital.de\/"},{"@type":"ListItem","position":2,"name":"Trockenbrodtstra\u00dfe"}]},{"@type":"WebSite","@id":"https:\/\/aschaffenburgzweinull.stadtarchiv-digital.de\/#website","url":"https:\/\/aschaffenburgzweinull.stadtarchiv-digital.de\/","name":"Aschaffenburg","description":"2.0","potentialAction":[{"@type":"SearchAction","target":{"@type":"EntryPoint","urlTemplate":"https:\/\/aschaffenburgzweinull.stadtarchiv-digital.de\/?s={search_term_string}"},"query-input":{"@type":"PropertyValueSpecification","valueRequired":true,"valueName":"search_term_string"}}],"inLanguage":"de"},{"@type":"Person","@id":"https:\/\/aschaffenburgzweinull.stadtarchiv-digital.de\/#\/schema\/person\/f8d8ea4f39ce4a51c3617eadf9170a24","name":"B\u00fcro f\u00fcr Erinnerungskultur","url":"https:\/\/aschaffenburgzweinull.stadtarchiv-digital.de\/author\/hahn\/"}]}},"_links":{"self":[{"href":"https:\/\/aschaffenburgzweinull.stadtarchiv-digital.de\/data\/wp\/v2\/posts\/6919","targetHints":{"allow":["GET"]}}],"collection":[{"href":"https:\/\/aschaffenburgzweinull.stadtarchiv-digital.de\/data\/wp\/v2\/posts"}],"about":[{"href":"https:\/\/aschaffenburgzweinull.stadtarchiv-digital.de\/data\/wp\/v2\/types\/post"}],"author":[{"embeddable":true,"href":"https:\/\/aschaffenburgzweinull.stadtarchiv-digital.de\/data\/wp\/v2\/users\/72"}],"replies":[{"embeddable":true,"href":"https:\/\/aschaffenburgzweinull.stadtarchiv-digital.de\/data\/wp\/v2\/comments?post=6919"}],"version-history":[{"count":3,"href":"https:\/\/aschaffenburgzweinull.stadtarchiv-digital.de\/data\/wp\/v2\/posts\/6919\/revisions"}],"predecessor-version":[{"id":8289,"href":"https:\/\/aschaffenburgzweinull.stadtarchiv-digital.de\/data\/wp\/v2\/posts\/6919\/revisions\/8289"}],"wp:attachment":[{"href":"https:\/\/aschaffenburgzweinull.stadtarchiv-digital.de\/data\/wp\/v2\/media?parent=6919"}],"wp:term":[{"taxonomy":"category","embeddable":true,"href":"https:\/\/aschaffenburgzweinull.stadtarchiv-digital.de\/data\/wp\/v2\/categories?post=6919"},{"taxonomy":"post_tag","embeddable":true,"href":"https:\/\/aschaffenburgzweinull.stadtarchiv-digital.de\/data\/wp\/v2\/tags?post=6919"},{"taxonomy":"format","embeddable":true,"href":"https:\/\/aschaffenburgzweinull.stadtarchiv-digital.de\/data\/wp\/v2\/post-format?post=6919"},{"taxonomy":"content","embeddable":true,"href":"https:\/\/aschaffenburgzweinull.stadtarchiv-digital.de\/data\/wp\/v2\/post-content?post=6919"}],"curies":[{"name":"wp","href":"https:\/\/api.w.org\/{rel}","templated":true}]}}