{"id":6908,"date":"2023-06-07T17:12:10","date_gmt":"2023-06-07T15:12:10","guid":{"rendered":"https:\/\/aschaffenburgzweinull.stadtarchiv-digital.de\/wiesnerstrasse\/"},"modified":"2023-06-19T12:13:36","modified_gmt":"2023-06-19T10:13:36","slug":"wiesnerstrasse","status":"publish","type":"post","link":"https:\/\/aschaffenburgzweinull.stadtarchiv-digital.de\/wiesnerstrasse\/","title":{"rendered":"Wiesnerstra\u00dfe"},"content":{"rendered":"<p><strong>1962 benannt nach Bernhard Wiesner <\/strong><br \/>\n<strong>* 04.04.1864 in W\u00fcrzburg \u2020 12.01.1938 in Aschaffenburg<\/strong><\/p>\n<p>Arzt<\/p>\n<p>Bernhard Wiesner wurde 1864 in W\u00fcrzburg geboren. Er war Hausarzt der Familie Dessauer in Aschaffenburg, heiratete Elisabeth Dessauer und ist der Vater der Landtagsabgeordneten und Ehrenb\u00fcrgerin Marielies Schleicher. Wiesner gilt als Pionier auf dem Gebiet der Radiologie und arbeitete mit Friedrich Dessauer zusammen. Gemeinsam gaben sie 1903 den \u201eLeitfaden des R\u00f6ntgenverfahrens\u201c heraus. W\u00e4hrend des Ersten Weltkriegs leitete Wiesner das Aschaffenburger Lazarett. F\u00fcr seine Arbeit wurde ihm von Ludwig III. das K\u00f6nig-Ludwig-Kreuz verliehen, 1928 wurde er zum Geheimen Sanit\u00e4tsrat ernannt. Bernhard Wiesner starb 1938 in Aschaffenburg.<\/p>\n<ul>\n<li>HO \/B\u00c4K: Ehrenzeichen der deutschen \u00c4rzteschaft f\u00fcr Marielies Schleicher, in: Deutsches \u00c4rzteblatt International vom 30.10.1975, https:\/\/www.aerzteblatt.de\/int\/article.asp?id=158111.<\/li>\n<li>Klotz, Matthias: Der Erste Weltkrieg in Aschaffenburg. Eine Dokumentation, Aschaffenburg 2014.<\/li>\n<li>Pollnick, Carsten: Aschaffenburger Stra\u00dfennamen, Stadtgeschichtliche Beitr\u00e4ge, Band 1, Aschaffenburg 1990.<\/li>\n<\/ul>\n","protected":false},"excerpt":{"rendered":"<p>1962 benannt nach Bernhard Wiesner * 04.04.1864 in W\u00fcrzburg \u2020 12.01.1938 in Aschaffenburg Arzt Bernhard Wiesner wurde 1864 in W\u00fcrzburg geboren. Er war Hausarzt der Familie Dessauer in Aschaffenburg, heiratete [&hellip;]<\/p>\n","protected":false},"author":72,"featured_media":0,"comment_status":"open","ping_status":"open","sticky":false,"template":"","format":"standard","meta":{"_acf_changed":false,"footnotes":""},"categories":[1,953],"tags":[145],"post-format":[2],"post-content":[67],"class_list":["post-6908","post","type-post","status-publish","format-standard","hentry","category-bildung","category-strassennamen","tag-strassennamen","format-information","content-text","project-strassennamen-in-aschaffenburg"],"acf":[],"yoast_head":"<!-- This site is optimized with the Yoast SEO plugin v27.4 - https:\/\/yoast.com\/product\/yoast-seo-wordpress\/ -->\n<title>Wiesnerstra\u00dfe - Aschaffenburg<\/title>\n<meta name=\"robots\" content=\"index, follow, max-snippet:-1, max-image-preview:large, max-video-preview:-1\" \/>\n<link rel=\"canonical\" href=\"https:\/\/aschaffenburgzweinull.stadtarchiv-digital.de\/wiesnerstrasse\/\" \/>\n<meta property=\"og:locale\" content=\"de_DE\" \/>\n<meta property=\"og:type\" content=\"article\" \/>\n<meta property=\"og:title\" content=\"Wiesnerstra\u00dfe - Aschaffenburg\" \/>\n<meta property=\"og:description\" content=\"1962 benannt nach Bernhard Wiesner * 04.04.1864 in W\u00fcrzburg \u2020 12.01.1938 in Aschaffenburg Arzt Bernhard Wiesner wurde 1864 in W\u00fcrzburg geboren. Er war Hausarzt der Familie Dessauer in Aschaffenburg, heiratete [&hellip;]\" \/>\n<meta property=\"og:url\" content=\"https:\/\/aschaffenburgzweinull.stadtarchiv-digital.de\/wiesnerstrasse\/\" \/>\n<meta property=\"og:site_name\" content=\"Aschaffenburg\" \/>\n<meta property=\"article:published_time\" content=\"2023-06-07T15:12:10+00:00\" \/>\n<meta property=\"article:modified_time\" content=\"2023-06-19T10:13:36+00:00\" \/>\n<meta property=\"og:image\" content=\"https:\/\/aschaffenburgzweinull.stadtarchiv-digital.de\/wp-content\/uploads\/2020\/07\/Logo-Stadtarchiv-Aschaffenburg.png\" \/>\n\t<meta property=\"og:image:width\" content=\"379\" \/>\n\t<meta property=\"og:image:height\" content=\"70\" \/>\n\t<meta property=\"og:image:type\" content=\"image\/png\" \/>\n<meta name=\"author\" content=\"B\u00fcro f\u00fcr Erinnerungskultur\" \/>\n<meta name=\"twitter:card\" content=\"summary_large_image\" \/>\n<meta name=\"twitter:label1\" content=\"Verfasst von\" \/>\n\t<meta name=\"twitter:data1\" content=\"B\u00fcro f\u00fcr Erinnerungskultur\" \/>\n\t<meta name=\"twitter:label2\" content=\"Gesch\u00e4tzte Lesezeit\" \/>\n\t<meta name=\"twitter:data2\" content=\"1\u00a0Minute\" \/>\n<script type=\"application\/ld+json\" class=\"yoast-schema-graph\">{\"@context\":\"https:\\\/\\\/schema.org\",\"@graph\":[{\"@type\":\"Article\",\"@id\":\"https:\\\/\\\/aschaffenburgzweinull.stadtarchiv-digital.de\\\/wiesnerstrasse\\\/#article\",\"isPartOf\":{\"@id\":\"https:\\\/\\\/aschaffenburgzweinull.stadtarchiv-digital.de\\\/wiesnerstrasse\\\/\"},\"author\":{\"name\":\"B\u00fcro f\u00fcr Erinnerungskultur\",\"@id\":\"https:\\\/\\\/aschaffenburgzweinull.stadtarchiv-digital.de\\\/#\\\/schema\\\/person\\\/f8d8ea4f39ce4a51c3617eadf9170a24\"},\"headline\":\"Wiesnerstra\u00dfe\",\"datePublished\":\"2023-06-07T15:12:10+00:00\",\"dateModified\":\"2023-06-19T10:13:36+00:00\",\"mainEntityOfPage\":{\"@id\":\"https:\\\/\\\/aschaffenburgzweinull.stadtarchiv-digital.de\\\/wiesnerstrasse\\\/\"},\"wordCount\":144,\"commentCount\":0,\"keywords\":[\"Stra\u00dfennamen\"],\"articleSection\":[\"Bildung\",\"Stra\u00dfennamen\"],\"inLanguage\":\"de\",\"potentialAction\":[{\"@type\":\"CommentAction\",\"name\":\"Comment\",\"target\":[\"https:\\\/\\\/aschaffenburgzweinull.stadtarchiv-digital.de\\\/wiesnerstrasse\\\/#respond\"]}]},{\"@type\":\"WebPage\",\"@id\":\"https:\\\/\\\/aschaffenburgzweinull.stadtarchiv-digital.de\\\/wiesnerstrasse\\\/\",\"url\":\"https:\\\/\\\/aschaffenburgzweinull.stadtarchiv-digital.de\\\/wiesnerstrasse\\\/\",\"name\":\"Wiesnerstra\u00dfe - Aschaffenburg\",\"isPartOf\":{\"@id\":\"https:\\\/\\\/aschaffenburgzweinull.stadtarchiv-digital.de\\\/#website\"},\"datePublished\":\"2023-06-07T15:12:10+00:00\",\"dateModified\":\"2023-06-19T10:13:36+00:00\",\"author\":{\"@id\":\"https:\\\/\\\/aschaffenburgzweinull.stadtarchiv-digital.de\\\/#\\\/schema\\\/person\\\/f8d8ea4f39ce4a51c3617eadf9170a24\"},\"breadcrumb\":{\"@id\":\"https:\\\/\\\/aschaffenburgzweinull.stadtarchiv-digital.de\\\/wiesnerstrasse\\\/#breadcrumb\"},\"inLanguage\":\"de\",\"potentialAction\":[{\"@type\":\"ReadAction\",\"target\":[\"https:\\\/\\\/aschaffenburgzweinull.stadtarchiv-digital.de\\\/wiesnerstrasse\\\/\"]}]},{\"@type\":\"BreadcrumbList\",\"@id\":\"https:\\\/\\\/aschaffenburgzweinull.stadtarchiv-digital.de\\\/wiesnerstrasse\\\/#breadcrumb\",\"itemListElement\":[{\"@type\":\"ListItem\",\"position\":1,\"name\":\"Startseite\",\"item\":\"https:\\\/\\\/aschaffenburgzweinull.stadtarchiv-digital.de\\\/\"},{\"@type\":\"ListItem\",\"position\":2,\"name\":\"Wiesnerstra\u00dfe\"}]},{\"@type\":\"WebSite\",\"@id\":\"https:\\\/\\\/aschaffenburgzweinull.stadtarchiv-digital.de\\\/#website\",\"url\":\"https:\\\/\\\/aschaffenburgzweinull.stadtarchiv-digital.de\\\/\",\"name\":\"Aschaffenburg\",\"description\":\"2.0\",\"potentialAction\":[{\"@type\":\"SearchAction\",\"target\":{\"@type\":\"EntryPoint\",\"urlTemplate\":\"https:\\\/\\\/aschaffenburgzweinull.stadtarchiv-digital.de\\\/?s={search_term_string}\"},\"query-input\":{\"@type\":\"PropertyValueSpecification\",\"valueRequired\":true,\"valueName\":\"search_term_string\"}}],\"inLanguage\":\"de\"},{\"@type\":\"Person\",\"@id\":\"https:\\\/\\\/aschaffenburgzweinull.stadtarchiv-digital.de\\\/#\\\/schema\\\/person\\\/f8d8ea4f39ce4a51c3617eadf9170a24\",\"name\":\"B\u00fcro f\u00fcr Erinnerungskultur\",\"url\":\"https:\\\/\\\/aschaffenburgzweinull.stadtarchiv-digital.de\\\/author\\\/hahn\\\/\"}]}<\/script>\n<!-- \/ Yoast SEO plugin. -->","yoast_head_json":{"title":"Wiesnerstra\u00dfe - Aschaffenburg","robots":{"index":"index","follow":"follow","max-snippet":"max-snippet:-1","max-image-preview":"max-image-preview:large","max-video-preview":"max-video-preview:-1"},"canonical":"https:\/\/aschaffenburgzweinull.stadtarchiv-digital.de\/wiesnerstrasse\/","og_locale":"de_DE","og_type":"article","og_title":"Wiesnerstra\u00dfe - Aschaffenburg","og_description":"1962 benannt nach Bernhard Wiesner * 04.04.1864 in W\u00fcrzburg \u2020 12.01.1938 in Aschaffenburg Arzt Bernhard Wiesner wurde 1864 in W\u00fcrzburg geboren. Er war Hausarzt der Familie Dessauer in Aschaffenburg, heiratete [&hellip;]","og_url":"https:\/\/aschaffenburgzweinull.stadtarchiv-digital.de\/wiesnerstrasse\/","og_site_name":"Aschaffenburg","article_published_time":"2023-06-07T15:12:10+00:00","article_modified_time":"2023-06-19T10:13:36+00:00","og_image":[{"width":379,"height":70,"url":"https:\/\/aschaffenburgzweinull.stadtarchiv-digital.de\/wp-content\/uploads\/2020\/07\/Logo-Stadtarchiv-Aschaffenburg.png","type":"image\/png"}],"author":"B\u00fcro f\u00fcr Erinnerungskultur","twitter_card":"summary_large_image","twitter_misc":{"Verfasst von":"B\u00fcro f\u00fcr Erinnerungskultur","Gesch\u00e4tzte Lesezeit":"1\u00a0Minute"},"schema":{"@context":"https:\/\/schema.org","@graph":[{"@type":"Article","@id":"https:\/\/aschaffenburgzweinull.stadtarchiv-digital.de\/wiesnerstrasse\/#article","isPartOf":{"@id":"https:\/\/aschaffenburgzweinull.stadtarchiv-digital.de\/wiesnerstrasse\/"},"author":{"name":"B\u00fcro f\u00fcr Erinnerungskultur","@id":"https:\/\/aschaffenburgzweinull.stadtarchiv-digital.de\/#\/schema\/person\/f8d8ea4f39ce4a51c3617eadf9170a24"},"headline":"Wiesnerstra\u00dfe","datePublished":"2023-06-07T15:12:10+00:00","dateModified":"2023-06-19T10:13:36+00:00","mainEntityOfPage":{"@id":"https:\/\/aschaffenburgzweinull.stadtarchiv-digital.de\/wiesnerstrasse\/"},"wordCount":144,"commentCount":0,"keywords":["Stra\u00dfennamen"],"articleSection":["Bildung","Stra\u00dfennamen"],"inLanguage":"de","potentialAction":[{"@type":"CommentAction","name":"Comment","target":["https:\/\/aschaffenburgzweinull.stadtarchiv-digital.de\/wiesnerstrasse\/#respond"]}]},{"@type":"WebPage","@id":"https:\/\/aschaffenburgzweinull.stadtarchiv-digital.de\/wiesnerstrasse\/","url":"https:\/\/aschaffenburgzweinull.stadtarchiv-digital.de\/wiesnerstrasse\/","name":"Wiesnerstra\u00dfe - Aschaffenburg","isPartOf":{"@id":"https:\/\/aschaffenburgzweinull.stadtarchiv-digital.de\/#website"},"datePublished":"2023-06-07T15:12:10+00:00","dateModified":"2023-06-19T10:13:36+00:00","author":{"@id":"https:\/\/aschaffenburgzweinull.stadtarchiv-digital.de\/#\/schema\/person\/f8d8ea4f39ce4a51c3617eadf9170a24"},"breadcrumb":{"@id":"https:\/\/aschaffenburgzweinull.stadtarchiv-digital.de\/wiesnerstrasse\/#breadcrumb"},"inLanguage":"de","potentialAction":[{"@type":"ReadAction","target":["https:\/\/aschaffenburgzweinull.stadtarchiv-digital.de\/wiesnerstrasse\/"]}]},{"@type":"BreadcrumbList","@id":"https:\/\/aschaffenburgzweinull.stadtarchiv-digital.de\/wiesnerstrasse\/#breadcrumb","itemListElement":[{"@type":"ListItem","position":1,"name":"Startseite","item":"https:\/\/aschaffenburgzweinull.stadtarchiv-digital.de\/"},{"@type":"ListItem","position":2,"name":"Wiesnerstra\u00dfe"}]},{"@type":"WebSite","@id":"https:\/\/aschaffenburgzweinull.stadtarchiv-digital.de\/#website","url":"https:\/\/aschaffenburgzweinull.stadtarchiv-digital.de\/","name":"Aschaffenburg","description":"2.0","potentialAction":[{"@type":"SearchAction","target":{"@type":"EntryPoint","urlTemplate":"https:\/\/aschaffenburgzweinull.stadtarchiv-digital.de\/?s={search_term_string}"},"query-input":{"@type":"PropertyValueSpecification","valueRequired":true,"valueName":"search_term_string"}}],"inLanguage":"de"},{"@type":"Person","@id":"https:\/\/aschaffenburgzweinull.stadtarchiv-digital.de\/#\/schema\/person\/f8d8ea4f39ce4a51c3617eadf9170a24","name":"B\u00fcro f\u00fcr Erinnerungskultur","url":"https:\/\/aschaffenburgzweinull.stadtarchiv-digital.de\/author\/hahn\/"}]}},"_links":{"self":[{"href":"https:\/\/aschaffenburgzweinull.stadtarchiv-digital.de\/data\/wp\/v2\/posts\/6908","targetHints":{"allow":["GET"]}}],"collection":[{"href":"https:\/\/aschaffenburgzweinull.stadtarchiv-digital.de\/data\/wp\/v2\/posts"}],"about":[{"href":"https:\/\/aschaffenburgzweinull.stadtarchiv-digital.de\/data\/wp\/v2\/types\/post"}],"author":[{"embeddable":true,"href":"https:\/\/aschaffenburgzweinull.stadtarchiv-digital.de\/data\/wp\/v2\/users\/72"}],"replies":[{"embeddable":true,"href":"https:\/\/aschaffenburgzweinull.stadtarchiv-digital.de\/data\/wp\/v2\/comments?post=6908"}],"version-history":[{"count":2,"href":"https:\/\/aschaffenburgzweinull.stadtarchiv-digital.de\/data\/wp\/v2\/posts\/6908\/revisions"}],"predecessor-version":[{"id":7793,"href":"https:\/\/aschaffenburgzweinull.stadtarchiv-digital.de\/data\/wp\/v2\/posts\/6908\/revisions\/7793"}],"wp:attachment":[{"href":"https:\/\/aschaffenburgzweinull.stadtarchiv-digital.de\/data\/wp\/v2\/media?parent=6908"}],"wp:term":[{"taxonomy":"category","embeddable":true,"href":"https:\/\/aschaffenburgzweinull.stadtarchiv-digital.de\/data\/wp\/v2\/categories?post=6908"},{"taxonomy":"post_tag","embeddable":true,"href":"https:\/\/aschaffenburgzweinull.stadtarchiv-digital.de\/data\/wp\/v2\/tags?post=6908"},{"taxonomy":"format","embeddable":true,"href":"https:\/\/aschaffenburgzweinull.stadtarchiv-digital.de\/data\/wp\/v2\/post-format?post=6908"},{"taxonomy":"content","embeddable":true,"href":"https:\/\/aschaffenburgzweinull.stadtarchiv-digital.de\/data\/wp\/v2\/post-content?post=6908"}],"curies":[{"name":"wp","href":"https:\/\/api.w.org\/{rel}","templated":true}]}}