{"id":6002,"date":"2023-03-28T07:31:14","date_gmt":"2023-03-28T05:31:14","guid":{"rendered":"https:\/\/aschaffenburgzweinull.stadtarchiv-digital.de\/?p=6002"},"modified":"2023-12-12T11:51:59","modified_gmt":"2023-12-12T10:51:59","slug":"peter-gingold","status":"publish","type":"post","link":"https:\/\/aschaffenburgzweinull.stadtarchiv-digital.de\/peter-gingold\/","title":{"rendered":"Peter Gingold (1916-2006)"},"content":{"rendered":"<p>Peter Gingold wurde am 8. M\u00e4rz 1916 in Aschaffenburg geboren und lebte ab 1929 in Frankfurt am Main. 1931 trat er in den \u201cKommunistischen Jugendverband Deutschlands\u201d ein. Zwei Jahre sp\u00e4ter emigrierte seine j\u00fcdische Familie nach Frankreich. Er selbst blieb in Deutschland und beteiligte sich am Widerstand gegen den Nationalsozialismus. Im Fr\u00fchjahr 1933 wurde er verhaftet, sp\u00e4ter floh er nach Frankreich. Dort schloss er sich der R\u00e9sistance und wurde 1943 in Dijon erneut verhaftet. Nach gelungenem Fluchtversuch fand er wieder den Weg zur R\u00e9sistance. Anschlie\u00dfend verschlug es ihn zu den antifaschistischen Partisanen in Italien, wo er das Kriegsende erlebte.<\/p>\n<p>Seine Erlebnisse schilderte Gingold bis ins hohe Alter in Interviews und vor Schulklassen; seine 2009 ver\u00f6ffentlichten Erinnerungen und weitere Publikationen geben Aufschluss \u00fcber seine Widerstandst\u00e4tigkeit in der NS-Zeit. Die im Fr\u00fchjahr 2022 in Aschaffenburg gezeigte Ausstellungsreihe \u201cTrotz alledem\u201d berichtete \u00fcber Peter Gingold. Auch in der Reihe Aschaffenburger Geschichten wurden sein Leben und Werk gew\u00fcrdigt. <a href=\"https:\/\/aschaffenburgzweinull.stadtarchiv-digital.de\/episode-21-der-widerstandskaempfer-peter-gingold\/\">https:\/\/aschaffenburgzweinull.stadtarchiv-digital.de\/episode-21-der-widerstandskaempfer-peter-gingold\/<\/a><\/p>\n","protected":false},"excerpt":{"rendered":"<p>Peter Gingold wurde am 8. M\u00e4rz 1916 in Aschaffenburg geboren und lebte ab 1929 in Frankfurt am Main. 1931 trat er in den \u201cKommunistischen Jugendverband Deutschlands\u201d ein. Zwei Jahre sp\u00e4ter [&hellip;]<\/p>\n","protected":false},"author":4,"featured_media":6063,"comment_status":"open","ping_status":"open","sticky":false,"template":"","format":"standard","meta":{"_acf_changed":false,"footnotes":""},"categories":[38],"tags":[938,939,940],"post-format":[2],"post-content":[],"class_list":["post-6002","post","type-post","status-publish","format-standard","has-post-thumbnail","hentry","category-geschichte","tag-gingold","tag-widerstand","tag-resistance","format-information","project-stadtarchiv"],"acf":[],"yoast_head":"<!-- This site is optimized with the Yoast SEO plugin v27.4 - https:\/\/yoast.com\/product\/yoast-seo-wordpress\/ -->\n<title>Peter Gingold (1916-2006) - Aschaffenburg<\/title>\n<meta name=\"robots\" content=\"index, follow, max-snippet:-1, max-image-preview:large, max-video-preview:-1\" \/>\n<link rel=\"canonical\" href=\"https:\/\/aschaffenburgzweinull.stadtarchiv-digital.de\/peter-gingold\/\" \/>\n<meta property=\"og:locale\" content=\"de_DE\" \/>\n<meta property=\"og:type\" content=\"article\" \/>\n<meta property=\"og:title\" content=\"Peter Gingold (1916-2006) - Aschaffenburg\" \/>\n<meta property=\"og:description\" content=\"Peter Gingold wurde am 8. M\u00e4rz 1916 in Aschaffenburg geboren und lebte ab 1929 in Frankfurt am Main. 1931 trat er in den \u201cKommunistischen Jugendverband Deutschlands\u201d ein. Zwei Jahre sp\u00e4ter [&hellip;]\" \/>\n<meta property=\"og:url\" content=\"https:\/\/aschaffenburgzweinull.stadtarchiv-digital.de\/peter-gingold\/\" \/>\n<meta property=\"og:site_name\" content=\"Aschaffenburg\" \/>\n<meta property=\"article:published_time\" content=\"2023-03-28T05:31:14+00:00\" \/>\n<meta property=\"article:modified_time\" content=\"2023-12-12T10:51:59+00:00\" \/>\n<meta property=\"og:image\" content=\"https:\/\/aschaffenburgzweinull.stadtarchiv-digital.de\/wp-content\/uploads\/2023\/03\/gingold-scaled.jpg\" \/>\n\t<meta property=\"og:image:width\" content=\"1811\" \/>\n\t<meta property=\"og:image:height\" content=\"2560\" \/>\n\t<meta property=\"og:image:type\" content=\"image\/jpeg\" \/>\n<meta name=\"author\" content=\"Joachim Kemper\" \/>\n<meta name=\"twitter:card\" content=\"summary_large_image\" \/>\n<meta name=\"twitter:label1\" content=\"Verfasst von\" \/>\n\t<meta name=\"twitter:data1\" content=\"Joachim Kemper\" \/>\n\t<meta name=\"twitter:label2\" content=\"Gesch\u00e4tzte Lesezeit\" \/>\n\t<meta name=\"twitter:data2\" content=\"1\u00a0Minute\" \/>\n<script type=\"application\/ld+json\" class=\"yoast-schema-graph\">{\"@context\":\"https:\\\/\\\/schema.org\",\"@graph\":[{\"@type\":\"Article\",\"@id\":\"https:\\\/\\\/aschaffenburgzweinull.stadtarchiv-digital.de\\\/peter-gingold\\\/#article\",\"isPartOf\":{\"@id\":\"https:\\\/\\\/aschaffenburgzweinull.stadtarchiv-digital.de\\\/peter-gingold\\\/\"},\"author\":{\"name\":\"Joachim Kemper\",\"@id\":\"https:\\\/\\\/aschaffenburgzweinull.stadtarchiv-digital.de\\\/#\\\/schema\\\/person\\\/dd9602c3095e03cce86decd4d74984d2\"},\"headline\":\"Peter Gingold (1916-2006)\",\"datePublished\":\"2023-03-28T05:31:14+00:00\",\"dateModified\":\"2023-12-12T10:51:59+00:00\",\"mainEntityOfPage\":{\"@id\":\"https:\\\/\\\/aschaffenburgzweinull.stadtarchiv-digital.de\\\/peter-gingold\\\/\"},\"wordCount\":165,\"commentCount\":0,\"image\":{\"@id\":\"https:\\\/\\\/aschaffenburgzweinull.stadtarchiv-digital.de\\\/peter-gingold\\\/#primaryimage\"},\"thumbnailUrl\":\"https:\\\/\\\/aschaffenburgzweinull.stadtarchiv-digital.de\\\/wp-content\\\/uploads\\\/2023\\\/03\\\/gingold-scaled.jpg\",\"keywords\":[\"gingold\",\"widerstand\",\"resistance\"],\"articleSection\":[\"Geschichte\"],\"inLanguage\":\"de\",\"potentialAction\":[{\"@type\":\"CommentAction\",\"name\":\"Comment\",\"target\":[\"https:\\\/\\\/aschaffenburgzweinull.stadtarchiv-digital.de\\\/peter-gingold\\\/#respond\"]}]},{\"@type\":\"WebPage\",\"@id\":\"https:\\\/\\\/aschaffenburgzweinull.stadtarchiv-digital.de\\\/peter-gingold\\\/\",\"url\":\"https:\\\/\\\/aschaffenburgzweinull.stadtarchiv-digital.de\\\/peter-gingold\\\/\",\"name\":\"Peter Gingold (1916-2006) - Aschaffenburg\",\"isPartOf\":{\"@id\":\"https:\\\/\\\/aschaffenburgzweinull.stadtarchiv-digital.de\\\/#website\"},\"primaryImageOfPage\":{\"@id\":\"https:\\\/\\\/aschaffenburgzweinull.stadtarchiv-digital.de\\\/peter-gingold\\\/#primaryimage\"},\"image\":{\"@id\":\"https:\\\/\\\/aschaffenburgzweinull.stadtarchiv-digital.de\\\/peter-gingold\\\/#primaryimage\"},\"thumbnailUrl\":\"https:\\\/\\\/aschaffenburgzweinull.stadtarchiv-digital.de\\\/wp-content\\\/uploads\\\/2023\\\/03\\\/gingold-scaled.jpg\",\"datePublished\":\"2023-03-28T05:31:14+00:00\",\"dateModified\":\"2023-12-12T10:51:59+00:00\",\"author\":{\"@id\":\"https:\\\/\\\/aschaffenburgzweinull.stadtarchiv-digital.de\\\/#\\\/schema\\\/person\\\/dd9602c3095e03cce86decd4d74984d2\"},\"breadcrumb\":{\"@id\":\"https:\\\/\\\/aschaffenburgzweinull.stadtarchiv-digital.de\\\/peter-gingold\\\/#breadcrumb\"},\"inLanguage\":\"de\",\"potentialAction\":[{\"@type\":\"ReadAction\",\"target\":[\"https:\\\/\\\/aschaffenburgzweinull.stadtarchiv-digital.de\\\/peter-gingold\\\/\"]}]},{\"@type\":\"ImageObject\",\"inLanguage\":\"de\",\"@id\":\"https:\\\/\\\/aschaffenburgzweinull.stadtarchiv-digital.de\\\/peter-gingold\\\/#primaryimage\",\"url\":\"https:\\\/\\\/aschaffenburgzweinull.stadtarchiv-digital.de\\\/wp-content\\\/uploads\\\/2023\\\/03\\\/gingold-scaled.jpg\",\"contentUrl\":\"https:\\\/\\\/aschaffenburgzweinull.stadtarchiv-digital.de\\\/wp-content\\\/uploads\\\/2023\\\/03\\\/gingold-scaled.jpg\",\"width\":1811,\"height\":2560},{\"@type\":\"BreadcrumbList\",\"@id\":\"https:\\\/\\\/aschaffenburgzweinull.stadtarchiv-digital.de\\\/peter-gingold\\\/#breadcrumb\",\"itemListElement\":[{\"@type\":\"ListItem\",\"position\":1,\"name\":\"Startseite\",\"item\":\"https:\\\/\\\/aschaffenburgzweinull.stadtarchiv-digital.de\\\/\"},{\"@type\":\"ListItem\",\"position\":2,\"name\":\"Peter Gingold (1916-2006)\"}]},{\"@type\":\"WebSite\",\"@id\":\"https:\\\/\\\/aschaffenburgzweinull.stadtarchiv-digital.de\\\/#website\",\"url\":\"https:\\\/\\\/aschaffenburgzweinull.stadtarchiv-digital.de\\\/\",\"name\":\"Aschaffenburg\",\"description\":\"2.0\",\"potentialAction\":[{\"@type\":\"SearchAction\",\"target\":{\"@type\":\"EntryPoint\",\"urlTemplate\":\"https:\\\/\\\/aschaffenburgzweinull.stadtarchiv-digital.de\\\/?s={search_term_string}\"},\"query-input\":{\"@type\":\"PropertyValueSpecification\",\"valueRequired\":true,\"valueName\":\"search_term_string\"}}],\"inLanguage\":\"de\"},{\"@type\":\"Person\",\"@id\":\"https:\\\/\\\/aschaffenburgzweinull.stadtarchiv-digital.de\\\/#\\\/schema\\\/person\\\/dd9602c3095e03cce86decd4d74984d2\",\"name\":\"Joachim Kemper\",\"url\":\"https:\\\/\\\/aschaffenburgzweinull.stadtarchiv-digital.de\\\/author\\\/jkemper\\\/\"}]}<\/script>\n<!-- \/ Yoast SEO plugin. -->","yoast_head_json":{"title":"Peter Gingold (1916-2006) - Aschaffenburg","robots":{"index":"index","follow":"follow","max-snippet":"max-snippet:-1","max-image-preview":"max-image-preview:large","max-video-preview":"max-video-preview:-1"},"canonical":"https:\/\/aschaffenburgzweinull.stadtarchiv-digital.de\/peter-gingold\/","og_locale":"de_DE","og_type":"article","og_title":"Peter Gingold (1916-2006) - Aschaffenburg","og_description":"Peter Gingold wurde am 8. M\u00e4rz 1916 in Aschaffenburg geboren und lebte ab 1929 in Frankfurt am Main. 1931 trat er in den \u201cKommunistischen Jugendverband Deutschlands\u201d ein. Zwei Jahre sp\u00e4ter [&hellip;]","og_url":"https:\/\/aschaffenburgzweinull.stadtarchiv-digital.de\/peter-gingold\/","og_site_name":"Aschaffenburg","article_published_time":"2023-03-28T05:31:14+00:00","article_modified_time":"2023-12-12T10:51:59+00:00","og_image":[{"width":1811,"height":2560,"url":"https:\/\/aschaffenburgzweinull.stadtarchiv-digital.de\/wp-content\/uploads\/2023\/03\/gingold-scaled.jpg","type":"image\/jpeg"}],"author":"Joachim Kemper","twitter_card":"summary_large_image","twitter_misc":{"Verfasst von":"Joachim Kemper","Gesch\u00e4tzte Lesezeit":"1\u00a0Minute"},"schema":{"@context":"https:\/\/schema.org","@graph":[{"@type":"Article","@id":"https:\/\/aschaffenburgzweinull.stadtarchiv-digital.de\/peter-gingold\/#article","isPartOf":{"@id":"https:\/\/aschaffenburgzweinull.stadtarchiv-digital.de\/peter-gingold\/"},"author":{"name":"Joachim Kemper","@id":"https:\/\/aschaffenburgzweinull.stadtarchiv-digital.de\/#\/schema\/person\/dd9602c3095e03cce86decd4d74984d2"},"headline":"Peter Gingold (1916-2006)","datePublished":"2023-03-28T05:31:14+00:00","dateModified":"2023-12-12T10:51:59+00:00","mainEntityOfPage":{"@id":"https:\/\/aschaffenburgzweinull.stadtarchiv-digital.de\/peter-gingold\/"},"wordCount":165,"commentCount":0,"image":{"@id":"https:\/\/aschaffenburgzweinull.stadtarchiv-digital.de\/peter-gingold\/#primaryimage"},"thumbnailUrl":"https:\/\/aschaffenburgzweinull.stadtarchiv-digital.de\/wp-content\/uploads\/2023\/03\/gingold-scaled.jpg","keywords":["gingold","widerstand","resistance"],"articleSection":["Geschichte"],"inLanguage":"de","potentialAction":[{"@type":"CommentAction","name":"Comment","target":["https:\/\/aschaffenburgzweinull.stadtarchiv-digital.de\/peter-gingold\/#respond"]}]},{"@type":"WebPage","@id":"https:\/\/aschaffenburgzweinull.stadtarchiv-digital.de\/peter-gingold\/","url":"https:\/\/aschaffenburgzweinull.stadtarchiv-digital.de\/peter-gingold\/","name":"Peter Gingold (1916-2006) - Aschaffenburg","isPartOf":{"@id":"https:\/\/aschaffenburgzweinull.stadtarchiv-digital.de\/#website"},"primaryImageOfPage":{"@id":"https:\/\/aschaffenburgzweinull.stadtarchiv-digital.de\/peter-gingold\/#primaryimage"},"image":{"@id":"https:\/\/aschaffenburgzweinull.stadtarchiv-digital.de\/peter-gingold\/#primaryimage"},"thumbnailUrl":"https:\/\/aschaffenburgzweinull.stadtarchiv-digital.de\/wp-content\/uploads\/2023\/03\/gingold-scaled.jpg","datePublished":"2023-03-28T05:31:14+00:00","dateModified":"2023-12-12T10:51:59+00:00","author":{"@id":"https:\/\/aschaffenburgzweinull.stadtarchiv-digital.de\/#\/schema\/person\/dd9602c3095e03cce86decd4d74984d2"},"breadcrumb":{"@id":"https:\/\/aschaffenburgzweinull.stadtarchiv-digital.de\/peter-gingold\/#breadcrumb"},"inLanguage":"de","potentialAction":[{"@type":"ReadAction","target":["https:\/\/aschaffenburgzweinull.stadtarchiv-digital.de\/peter-gingold\/"]}]},{"@type":"ImageObject","inLanguage":"de","@id":"https:\/\/aschaffenburgzweinull.stadtarchiv-digital.de\/peter-gingold\/#primaryimage","url":"https:\/\/aschaffenburgzweinull.stadtarchiv-digital.de\/wp-content\/uploads\/2023\/03\/gingold-scaled.jpg","contentUrl":"https:\/\/aschaffenburgzweinull.stadtarchiv-digital.de\/wp-content\/uploads\/2023\/03\/gingold-scaled.jpg","width":1811,"height":2560},{"@type":"BreadcrumbList","@id":"https:\/\/aschaffenburgzweinull.stadtarchiv-digital.de\/peter-gingold\/#breadcrumb","itemListElement":[{"@type":"ListItem","position":1,"name":"Startseite","item":"https:\/\/aschaffenburgzweinull.stadtarchiv-digital.de\/"},{"@type":"ListItem","position":2,"name":"Peter Gingold (1916-2006)"}]},{"@type":"WebSite","@id":"https:\/\/aschaffenburgzweinull.stadtarchiv-digital.de\/#website","url":"https:\/\/aschaffenburgzweinull.stadtarchiv-digital.de\/","name":"Aschaffenburg","description":"2.0","potentialAction":[{"@type":"SearchAction","target":{"@type":"EntryPoint","urlTemplate":"https:\/\/aschaffenburgzweinull.stadtarchiv-digital.de\/?s={search_term_string}"},"query-input":{"@type":"PropertyValueSpecification","valueRequired":true,"valueName":"search_term_string"}}],"inLanguage":"de"},{"@type":"Person","@id":"https:\/\/aschaffenburgzweinull.stadtarchiv-digital.de\/#\/schema\/person\/dd9602c3095e03cce86decd4d74984d2","name":"Joachim Kemper","url":"https:\/\/aschaffenburgzweinull.stadtarchiv-digital.de\/author\/jkemper\/"}]}},"_links":{"self":[{"href":"https:\/\/aschaffenburgzweinull.stadtarchiv-digital.de\/data\/wp\/v2\/posts\/6002","targetHints":{"allow":["GET"]}}],"collection":[{"href":"https:\/\/aschaffenburgzweinull.stadtarchiv-digital.de\/data\/wp\/v2\/posts"}],"about":[{"href":"https:\/\/aschaffenburgzweinull.stadtarchiv-digital.de\/data\/wp\/v2\/types\/post"}],"author":[{"embeddable":true,"href":"https:\/\/aschaffenburgzweinull.stadtarchiv-digital.de\/data\/wp\/v2\/users\/4"}],"replies":[{"embeddable":true,"href":"https:\/\/aschaffenburgzweinull.stadtarchiv-digital.de\/data\/wp\/v2\/comments?post=6002"}],"version-history":[{"count":6,"href":"https:\/\/aschaffenburgzweinull.stadtarchiv-digital.de\/data\/wp\/v2\/posts\/6002\/revisions"}],"predecessor-version":[{"id":9363,"href":"https:\/\/aschaffenburgzweinull.stadtarchiv-digital.de\/data\/wp\/v2\/posts\/6002\/revisions\/9363"}],"wp:featuredmedia":[{"embeddable":true,"href":"https:\/\/aschaffenburgzweinull.stadtarchiv-digital.de\/data\/wp\/v2\/media\/6063"}],"wp:attachment":[{"href":"https:\/\/aschaffenburgzweinull.stadtarchiv-digital.de\/data\/wp\/v2\/media?parent=6002"}],"wp:term":[{"taxonomy":"category","embeddable":true,"href":"https:\/\/aschaffenburgzweinull.stadtarchiv-digital.de\/data\/wp\/v2\/categories?post=6002"},{"taxonomy":"post_tag","embeddable":true,"href":"https:\/\/aschaffenburgzweinull.stadtarchiv-digital.de\/data\/wp\/v2\/tags?post=6002"},{"taxonomy":"format","embeddable":true,"href":"https:\/\/aschaffenburgzweinull.stadtarchiv-digital.de\/data\/wp\/v2\/post-format?post=6002"},{"taxonomy":"content","embeddable":true,"href":"https:\/\/aschaffenburgzweinull.stadtarchiv-digital.de\/data\/wp\/v2\/post-content?post=6002"}],"curies":[{"name":"wp","href":"https:\/\/api.w.org\/{rel}","templated":true}]}}