{"id":5703,"date":"2022-09-13T11:56:46","date_gmt":"2022-09-13T09:56:46","guid":{"rendered":"https:\/\/aschaffenburgzweinull.stadtarchiv-digital.de\/?p=5703"},"modified":"2022-09-20T09:37:25","modified_gmt":"2022-09-20T07:37:25","slug":"episode-21-der-widerstandskaempfer-peter-gingold","status":"publish","type":"post","link":"https:\/\/aschaffenburgzweinull.stadtarchiv-digital.de\/episode-21-der-widerstandskaempfer-peter-gingold\/","title":{"rendered":"Episode 21: Der Widerstandsk\u00e4mpfer Peter Gingold"},"content":{"rendered":"<p>In der neuen Folge der &#8222;Aschaffenburger Geschichten&#8220; sprechen Silvia Gingold und Mathias Meyers mit Dr. Vaios Kalogrias, Koordinator des Projekts &#8222;Geschichte Aschaffenburgs im 19. und 20. Jahrhundert&#8220;, \u00fcber das Leben und Werk des Aschaffenburger Widerstandsk\u00e4mpfers Peter Gingold.<\/p>\n<p>Silvia Gingold ( geb. 1946) war Lehrerin im hessischen Schuldienst, bekam 1975 infolge des &#8222;Radikalenerlasses&#8220; Berufsverbot, musste jedoch nach massiven nationalen und internationalen Protesten gegen ihre Entlassung wieder eingestellt werden. Sie ist im Kasseler Friedensforum sowie in der VVN-BdA (&#8222;Vereinigung der Verfolgten des Naziregimes &#8211; Bund der Antifaschistinnen und Antifaschisten&#8220;) aktiv. Mit Lesungen aus den Erinnerungen ihres Vaters setzt sie die Zeitzeugenarbeit ihrer Eltern Ettie und Peter Gingold fort, die in Frankreich am Widerstand gegen die NS-Besatzungsmacht teilnahmen.<\/p>\n<p>Mathias Meyers (geb. 1959) ist Sozialarbeiter und lebt in Mainz. Er ist seit 1977 Mitglied der VVN-BdA. Gemeinsam mit dem Mainzer K\u00fcnstler Thilo Weckm\u00fcller arbeitet er in dem Projekt &#8222;Trotz alledem!&#8220;, das inzwischen mehr als 80 Portr\u00e4ts und Biografien von Menschen aus dem Rhein-Main-Gebiet erstellt hat, die in der Zeit des Nationalsozialismus Widerstand leisteten. Seit 2008 fanden 16 Ausstellungen des Projekts mit jeweiligen kulturellen, antifaschistischen Begleitprogrammen statt.<\/p>\n<p>Der Podcast kann bei verschiedenen Podcast-Anbietern geh\u00f6rt werden:\u00a0<a href=\"https:\/\/open.spotify.com\/show\/3tBnHlSbYRRQPznNkLO2Ad?si=e0Tm4T9TQyahiwEEZuNhCA\">Spotify<\/a>,\u00a0<a href=\"https:\/\/www.audible.com\/pd\/Podcast\/B08JJRRFJC?ipRedirectOverride=true&amp;overrideBaseCountry=true&amp;pf_rd_p=0fdc2c5d-f9bb-4efb-a751-c9e8b1466b3a&amp;pf_rd_r=BEBSH8810J1VW3FTK8N5\">Audible<\/a>,\u00a0<a href=\"https:\/\/www.deezer.com\/search\/Aschaffenburger%20Geschichten\">Deezer<\/a>,\u00a0<a href=\"https:\/\/podcasts.apple.com\/de\/podcast\/aschaffenburger-geschichten\/id1566606888\">Apple Podcasts<\/a>\u00a0<a href=\"https:\/\/podcasts.google.com\/search\/aschaffenburger%20geschichten\">Google Podcasts<\/a>\u00a0und\u00a0<a href=\"https:\/\/www.podcast.de\/podcast\/2519802\/\">Podcast.de<\/a><\/p>\n<p>Viel Spa\u00df beim Zuh\u00f6ren!<\/p>\n<audio class=\"wp-audio-shortcode\" id=\"audio-5703-1\" preload=\"none\" style=\"width: 100%;\" controls=\"controls\"><source type=\"audio\/mpeg\" src=\"https:\/\/aschaffenburgzweinull.stadtarchiv-digital.de\/wp-content\/uploads\/2022\/09\/Widerstandskaempfer-Peter-Gingold.mp3?_=1\" \/><a href=\"https:\/\/aschaffenburgzweinull.stadtarchiv-digital.de\/wp-content\/uploads\/2022\/09\/Widerstandskaempfer-Peter-Gingold.mp3\">https:\/\/aschaffenburgzweinull.stadtarchiv-digital.de\/wp-content\/uploads\/2022\/09\/Widerstandskaempfer-Peter-Gingold.mp3<\/a><\/audio>\n","protected":false},"excerpt":{"rendered":"<p>In der neuen Folge der &#8222;Aschaffenburger Geschichten&#8220; sprechen Silvia Gingold und Mathias Meyers mit Dr. Vaios Kalogrias, Koordinator des Projekts &#8222;Geschichte Aschaffenburgs im 19. und 20. Jahrhundert&#8220;, \u00fcber das Leben [&hellip;]<\/p>\n","protected":false},"author":4,"featured_media":0,"comment_status":"open","ping_status":"open","sticky":false,"template":"","format":"standard","meta":{"_acf_changed":false,"footnotes":""},"categories":[1,38],"tags":[],"post-format":[2,44],"post-content":[],"class_list":["post-5703","post","type-post","status-publish","format-standard","hentry","category-bildung","category-geschichte","format-information","format-beobachtung","project-aschaffenburger-geschichten"],"acf":[],"yoast_head":"<!-- This site is optimized with the Yoast SEO plugin v27.4 - https:\/\/yoast.com\/product\/yoast-seo-wordpress\/ -->\n<title>Episode 21: Der Widerstandsk\u00e4mpfer Peter Gingold - Aschaffenburg<\/title>\n<meta name=\"robots\" content=\"index, follow, max-snippet:-1, max-image-preview:large, max-video-preview:-1\" \/>\n<link rel=\"canonical\" href=\"https:\/\/aschaffenburgzweinull.stadtarchiv-digital.de\/episode-21-der-widerstandskaempfer-peter-gingold\/\" \/>\n<meta property=\"og:locale\" content=\"de_DE\" \/>\n<meta property=\"og:type\" content=\"article\" \/>\n<meta property=\"og:title\" content=\"Episode 21: Der Widerstandsk\u00e4mpfer Peter Gingold - Aschaffenburg\" \/>\n<meta property=\"og:description\" content=\"In der neuen Folge der &#8222;Aschaffenburger Geschichten&#8220; sprechen Silvia Gingold und Mathias Meyers mit Dr. Vaios Kalogrias, Koordinator des Projekts &#8222;Geschichte Aschaffenburgs im 19. und 20. Jahrhundert&#8220;, \u00fcber das Leben [&hellip;]\" \/>\n<meta property=\"og:url\" content=\"https:\/\/aschaffenburgzweinull.stadtarchiv-digital.de\/episode-21-der-widerstandskaempfer-peter-gingold\/\" \/>\n<meta property=\"og:site_name\" content=\"Aschaffenburg\" \/>\n<meta property=\"article:published_time\" content=\"2022-09-13T09:56:46+00:00\" \/>\n<meta property=\"article:modified_time\" content=\"2022-09-20T07:37:25+00:00\" \/>\n<meta property=\"og:image\" content=\"https:\/\/aschaffenburgzweinull.stadtarchiv-digital.de\/wp-content\/uploads\/2020\/07\/Logo-Stadtarchiv-Aschaffenburg.png\" \/>\n\t<meta property=\"og:image:width\" content=\"379\" \/>\n\t<meta property=\"og:image:height\" content=\"70\" \/>\n\t<meta property=\"og:image:type\" content=\"image\/png\" \/>\n<meta name=\"author\" content=\"Joachim Kemper\" \/>\n<meta name=\"twitter:card\" content=\"summary_large_image\" \/>\n<meta name=\"twitter:label1\" content=\"Verfasst von\" \/>\n\t<meta name=\"twitter:data1\" content=\"Joachim Kemper\" \/>\n\t<meta name=\"twitter:label2\" content=\"Gesch\u00e4tzte Lesezeit\" \/>\n\t<meta name=\"twitter:data2\" content=\"2\u00a0Minuten\" \/>\n<script type=\"application\/ld+json\" class=\"yoast-schema-graph\">{\"@context\":\"https:\\\/\\\/schema.org\",\"@graph\":[{\"@type\":\"Article\",\"@id\":\"https:\\\/\\\/aschaffenburgzweinull.stadtarchiv-digital.de\\\/episode-21-der-widerstandskaempfer-peter-gingold\\\/#article\",\"isPartOf\":{\"@id\":\"https:\\\/\\\/aschaffenburgzweinull.stadtarchiv-digital.de\\\/episode-21-der-widerstandskaempfer-peter-gingold\\\/\"},\"author\":{\"name\":\"Joachim Kemper\",\"@id\":\"https:\\\/\\\/aschaffenburgzweinull.stadtarchiv-digital.de\\\/#\\\/schema\\\/person\\\/dd9602c3095e03cce86decd4d74984d2\"},\"headline\":\"Episode 21: Der Widerstandsk\u00e4mpfer Peter Gingold\",\"datePublished\":\"2022-09-13T09:56:46+00:00\",\"dateModified\":\"2022-09-20T07:37:25+00:00\",\"mainEntityOfPage\":{\"@id\":\"https:\\\/\\\/aschaffenburgzweinull.stadtarchiv-digital.de\\\/episode-21-der-widerstandskaempfer-peter-gingold\\\/\"},\"wordCount\":217,\"commentCount\":0,\"articleSection\":[\"Bildung\",\"Geschichte\"],\"inLanguage\":\"de\",\"potentialAction\":[{\"@type\":\"CommentAction\",\"name\":\"Comment\",\"target\":[\"https:\\\/\\\/aschaffenburgzweinull.stadtarchiv-digital.de\\\/episode-21-der-widerstandskaempfer-peter-gingold\\\/#respond\"]}]},{\"@type\":\"WebPage\",\"@id\":\"https:\\\/\\\/aschaffenburgzweinull.stadtarchiv-digital.de\\\/episode-21-der-widerstandskaempfer-peter-gingold\\\/\",\"url\":\"https:\\\/\\\/aschaffenburgzweinull.stadtarchiv-digital.de\\\/episode-21-der-widerstandskaempfer-peter-gingold\\\/\",\"name\":\"Episode 21: Der Widerstandsk\u00e4mpfer Peter Gingold - Aschaffenburg\",\"isPartOf\":{\"@id\":\"https:\\\/\\\/aschaffenburgzweinull.stadtarchiv-digital.de\\\/#website\"},\"datePublished\":\"2022-09-13T09:56:46+00:00\",\"dateModified\":\"2022-09-20T07:37:25+00:00\",\"author\":{\"@id\":\"https:\\\/\\\/aschaffenburgzweinull.stadtarchiv-digital.de\\\/#\\\/schema\\\/person\\\/dd9602c3095e03cce86decd4d74984d2\"},\"breadcrumb\":{\"@id\":\"https:\\\/\\\/aschaffenburgzweinull.stadtarchiv-digital.de\\\/episode-21-der-widerstandskaempfer-peter-gingold\\\/#breadcrumb\"},\"inLanguage\":\"de\",\"potentialAction\":[{\"@type\":\"ReadAction\",\"target\":[\"https:\\\/\\\/aschaffenburgzweinull.stadtarchiv-digital.de\\\/episode-21-der-widerstandskaempfer-peter-gingold\\\/\"]}]},{\"@type\":\"BreadcrumbList\",\"@id\":\"https:\\\/\\\/aschaffenburgzweinull.stadtarchiv-digital.de\\\/episode-21-der-widerstandskaempfer-peter-gingold\\\/#breadcrumb\",\"itemListElement\":[{\"@type\":\"ListItem\",\"position\":1,\"name\":\"Startseite\",\"item\":\"https:\\\/\\\/aschaffenburgzweinull.stadtarchiv-digital.de\\\/\"},{\"@type\":\"ListItem\",\"position\":2,\"name\":\"Episode 21: Der Widerstandsk\u00e4mpfer Peter Gingold\"}]},{\"@type\":\"WebSite\",\"@id\":\"https:\\\/\\\/aschaffenburgzweinull.stadtarchiv-digital.de\\\/#website\",\"url\":\"https:\\\/\\\/aschaffenburgzweinull.stadtarchiv-digital.de\\\/\",\"name\":\"Aschaffenburg\",\"description\":\"2.0\",\"potentialAction\":[{\"@type\":\"SearchAction\",\"target\":{\"@type\":\"EntryPoint\",\"urlTemplate\":\"https:\\\/\\\/aschaffenburgzweinull.stadtarchiv-digital.de\\\/?s={search_term_string}\"},\"query-input\":{\"@type\":\"PropertyValueSpecification\",\"valueRequired\":true,\"valueName\":\"search_term_string\"}}],\"inLanguage\":\"de\"},{\"@type\":\"Person\",\"@id\":\"https:\\\/\\\/aschaffenburgzweinull.stadtarchiv-digital.de\\\/#\\\/schema\\\/person\\\/dd9602c3095e03cce86decd4d74984d2\",\"name\":\"Joachim Kemper\",\"url\":\"https:\\\/\\\/aschaffenburgzweinull.stadtarchiv-digital.de\\\/author\\\/jkemper\\\/\"}]}<\/script>\n<!-- \/ Yoast SEO plugin. -->","yoast_head_json":{"title":"Episode 21: Der Widerstandsk\u00e4mpfer Peter Gingold - Aschaffenburg","robots":{"index":"index","follow":"follow","max-snippet":"max-snippet:-1","max-image-preview":"max-image-preview:large","max-video-preview":"max-video-preview:-1"},"canonical":"https:\/\/aschaffenburgzweinull.stadtarchiv-digital.de\/episode-21-der-widerstandskaempfer-peter-gingold\/","og_locale":"de_DE","og_type":"article","og_title":"Episode 21: Der Widerstandsk\u00e4mpfer Peter Gingold - Aschaffenburg","og_description":"In der neuen Folge der &#8222;Aschaffenburger Geschichten&#8220; sprechen Silvia Gingold und Mathias Meyers mit Dr. Vaios Kalogrias, Koordinator des Projekts &#8222;Geschichte Aschaffenburgs im 19. und 20. Jahrhundert&#8220;, \u00fcber das Leben [&hellip;]","og_url":"https:\/\/aschaffenburgzweinull.stadtarchiv-digital.de\/episode-21-der-widerstandskaempfer-peter-gingold\/","og_site_name":"Aschaffenburg","article_published_time":"2022-09-13T09:56:46+00:00","article_modified_time":"2022-09-20T07:37:25+00:00","og_image":[{"width":379,"height":70,"url":"https:\/\/aschaffenburgzweinull.stadtarchiv-digital.de\/wp-content\/uploads\/2020\/07\/Logo-Stadtarchiv-Aschaffenburg.png","type":"image\/png"}],"author":"Joachim Kemper","twitter_card":"summary_large_image","twitter_misc":{"Verfasst von":"Joachim Kemper","Gesch\u00e4tzte Lesezeit":"2\u00a0Minuten"},"schema":{"@context":"https:\/\/schema.org","@graph":[{"@type":"Article","@id":"https:\/\/aschaffenburgzweinull.stadtarchiv-digital.de\/episode-21-der-widerstandskaempfer-peter-gingold\/#article","isPartOf":{"@id":"https:\/\/aschaffenburgzweinull.stadtarchiv-digital.de\/episode-21-der-widerstandskaempfer-peter-gingold\/"},"author":{"name":"Joachim Kemper","@id":"https:\/\/aschaffenburgzweinull.stadtarchiv-digital.de\/#\/schema\/person\/dd9602c3095e03cce86decd4d74984d2"},"headline":"Episode 21: Der Widerstandsk\u00e4mpfer Peter Gingold","datePublished":"2022-09-13T09:56:46+00:00","dateModified":"2022-09-20T07:37:25+00:00","mainEntityOfPage":{"@id":"https:\/\/aschaffenburgzweinull.stadtarchiv-digital.de\/episode-21-der-widerstandskaempfer-peter-gingold\/"},"wordCount":217,"commentCount":0,"articleSection":["Bildung","Geschichte"],"inLanguage":"de","potentialAction":[{"@type":"CommentAction","name":"Comment","target":["https:\/\/aschaffenburgzweinull.stadtarchiv-digital.de\/episode-21-der-widerstandskaempfer-peter-gingold\/#respond"]}]},{"@type":"WebPage","@id":"https:\/\/aschaffenburgzweinull.stadtarchiv-digital.de\/episode-21-der-widerstandskaempfer-peter-gingold\/","url":"https:\/\/aschaffenburgzweinull.stadtarchiv-digital.de\/episode-21-der-widerstandskaempfer-peter-gingold\/","name":"Episode 21: Der Widerstandsk\u00e4mpfer Peter Gingold - Aschaffenburg","isPartOf":{"@id":"https:\/\/aschaffenburgzweinull.stadtarchiv-digital.de\/#website"},"datePublished":"2022-09-13T09:56:46+00:00","dateModified":"2022-09-20T07:37:25+00:00","author":{"@id":"https:\/\/aschaffenburgzweinull.stadtarchiv-digital.de\/#\/schema\/person\/dd9602c3095e03cce86decd4d74984d2"},"breadcrumb":{"@id":"https:\/\/aschaffenburgzweinull.stadtarchiv-digital.de\/episode-21-der-widerstandskaempfer-peter-gingold\/#breadcrumb"},"inLanguage":"de","potentialAction":[{"@type":"ReadAction","target":["https:\/\/aschaffenburgzweinull.stadtarchiv-digital.de\/episode-21-der-widerstandskaempfer-peter-gingold\/"]}]},{"@type":"BreadcrumbList","@id":"https:\/\/aschaffenburgzweinull.stadtarchiv-digital.de\/episode-21-der-widerstandskaempfer-peter-gingold\/#breadcrumb","itemListElement":[{"@type":"ListItem","position":1,"name":"Startseite","item":"https:\/\/aschaffenburgzweinull.stadtarchiv-digital.de\/"},{"@type":"ListItem","position":2,"name":"Episode 21: Der Widerstandsk\u00e4mpfer Peter Gingold"}]},{"@type":"WebSite","@id":"https:\/\/aschaffenburgzweinull.stadtarchiv-digital.de\/#website","url":"https:\/\/aschaffenburgzweinull.stadtarchiv-digital.de\/","name":"Aschaffenburg","description":"2.0","potentialAction":[{"@type":"SearchAction","target":{"@type":"EntryPoint","urlTemplate":"https:\/\/aschaffenburgzweinull.stadtarchiv-digital.de\/?s={search_term_string}"},"query-input":{"@type":"PropertyValueSpecification","valueRequired":true,"valueName":"search_term_string"}}],"inLanguage":"de"},{"@type":"Person","@id":"https:\/\/aschaffenburgzweinull.stadtarchiv-digital.de\/#\/schema\/person\/dd9602c3095e03cce86decd4d74984d2","name":"Joachim Kemper","url":"https:\/\/aschaffenburgzweinull.stadtarchiv-digital.de\/author\/jkemper\/"}]}},"_links":{"self":[{"href":"https:\/\/aschaffenburgzweinull.stadtarchiv-digital.de\/data\/wp\/v2\/posts\/5703","targetHints":{"allow":["GET"]}}],"collection":[{"href":"https:\/\/aschaffenburgzweinull.stadtarchiv-digital.de\/data\/wp\/v2\/posts"}],"about":[{"href":"https:\/\/aschaffenburgzweinull.stadtarchiv-digital.de\/data\/wp\/v2\/types\/post"}],"author":[{"embeddable":true,"href":"https:\/\/aschaffenburgzweinull.stadtarchiv-digital.de\/data\/wp\/v2\/users\/4"}],"replies":[{"embeddable":true,"href":"https:\/\/aschaffenburgzweinull.stadtarchiv-digital.de\/data\/wp\/v2\/comments?post=5703"}],"version-history":[{"count":8,"href":"https:\/\/aschaffenburgzweinull.stadtarchiv-digital.de\/data\/wp\/v2\/posts\/5703\/revisions"}],"predecessor-version":[{"id":5722,"href":"https:\/\/aschaffenburgzweinull.stadtarchiv-digital.de\/data\/wp\/v2\/posts\/5703\/revisions\/5722"}],"wp:attachment":[{"href":"https:\/\/aschaffenburgzweinull.stadtarchiv-digital.de\/data\/wp\/v2\/media?parent=5703"}],"wp:term":[{"taxonomy":"category","embeddable":true,"href":"https:\/\/aschaffenburgzweinull.stadtarchiv-digital.de\/data\/wp\/v2\/categories?post=5703"},{"taxonomy":"post_tag","embeddable":true,"href":"https:\/\/aschaffenburgzweinull.stadtarchiv-digital.de\/data\/wp\/v2\/tags?post=5703"},{"taxonomy":"format","embeddable":true,"href":"https:\/\/aschaffenburgzweinull.stadtarchiv-digital.de\/data\/wp\/v2\/post-format?post=5703"},{"taxonomy":"content","embeddable":true,"href":"https:\/\/aschaffenburgzweinull.stadtarchiv-digital.de\/data\/wp\/v2\/post-content?post=5703"}],"curies":[{"name":"wp","href":"https:\/\/api.w.org\/{rel}","templated":true}]}}