{"id":5666,"date":"2022-09-05T14:03:48","date_gmt":"2022-09-05T12:03:48","guid":{"rendered":"https:\/\/aschaffenburgzweinull.stadtarchiv-digital.de\/?p=5666"},"modified":"2022-09-06T14:02:20","modified_gmt":"2022-09-06T12:02:20","slug":"lebensgeschichten-der-digitalisierung-12-kommunikation-und-videotelefonie","status":"publish","type":"post","link":"https:\/\/aschaffenburgzweinull.stadtarchiv-digital.de\/lebensgeschichten-der-digitalisierung-12-kommunikation-und-videotelefonie\/","title":{"rendered":"Lebensgeschichten der Digitalisierung (12): Kommunikation und Videotelefonie"},"content":{"rendered":"<p data-pm-slice=\"1 1 []\">\u00c4hnlich wie bei der industriellen Revolution befindet sich die Menschheit momentan in einem digitalen Umbruch. Die Grenze zwischen Realit\u00e4t und Virtuellem verschiebt sich immer weiter und verschwimmt an manchen Punkten sogar ganz. Die Videotelefonie bietet in dieser entscheidungstr\u00e4chtigen Zeit eine gro\u00dfe M\u00f6glichkeit, an der Zukunft mitzuwirken. Der Austausch zwischen Menschen, Ideensammlung, Diskussion und L\u00f6sungsfindung wird durch den schnellen Weg der Videotelefonie vielfach vereinfacht. In der zw\u00f6lften Folge der Lebensgeschichten geht es um eben diese technische Entwicklung, wie sie ein immer gr\u00f6\u00dferer Teil der Gesellschaft geworden ist, welche Vorteile sie mit sich bringt und wie wir diese nutzen k\u00f6nnen.<\/p>\n<p data-pm-slice=\"1 1 []\">Das Gespr\u00e4ch f\u00fchrten Christina H\u00f6flich-Staudt (Stadt Aschaffenburg), Eric Leiderer (B\u00fcrgermeister, Digitalreferent, Stadt Aschaffenburg), Frank Tentler (Dozent und Berater) und Tobias Held (M\u00fcnster School of Design der FH M\u00fcnster), moderiert von Martin Schwarzkopf (Main-Echo).<\/p>\n<p data-pm-slice=\"1 1 []\">Christina H\u00f6flich-Staudt studierte als Aschaffenburgerin Betriebswirtschaft und Recht an der TH Aschaffenburg mit Schwerpunkt Business Intelligence und Marketing Intelligence. Seit August 2020 folgt sie Ihrer Leidenschaft und arbeitet im Bereich der Digitalstrategie als E-Government-Beauftragte f\u00fcr die Stadt Aschaffenburg. Sie begleitete die Einf\u00fchrung zahlreicher digitaler Tools, wie beispielsweise des Videokonferenz-Tools BigBlueButton, bei der Stadt Aschaffenburg.<\/p>\n<p data-pm-slice=\"1 1 []\">Eric Leiderer (Jg. 1972) absolvierte 1988 eine Ausbildung als Zerspanungsmechaniker und trat w\u00e4hrenddessen der IG Metall bei. 1999 wurde er hauptamtlicher Gesch\u00e4ftssekret\u00e4r bei der IG Metall mit den Arbeitsschwerpunkten Jugend, Bildung und Mitgliedergewinnung. Es schlossen sich 2007 und 2009 eine Ausbildung zum systemischen Berater und 2018 ein zertifiziertes Studium in General Management an. 2020 wurde Eric Leiderer zum B\u00fcrgermeister der Stadt Aschaffenburg gew\u00e4hlt. Dort leitet er das Referat f\u00fcr Digitalstrategie, Personalmanagement und zentrale Dienste.<\/p>\n<p data-pm-slice=\"1 1 []\">Frank Tentler (http:\/\/www.tentler.plus) entwickelt, leitet und ber\u00e4t seit 2004 digitale Kommunikations- und Digitalisierungsprojekte f\u00fcr Unternehmen, Institutionen, St\u00e4dte und Beh\u00f6rden. Schwerpunkte seiner Arbeit liegen heute in der Planung, Entwicklung und Umsetzung von nachhaltigen und sozialen &#8222;Smart Cities&#8220;. Er unterrichtet &#8222;Smart City Design&#8220; an der Macromedia International Highschool Berlin. In Aschaffenburg ist er als Digitalisierungsberater der Stadt t\u00e4tig.<\/p>\n<p>Tobias Held studierte Design in Dessau und M\u00fcnster und promoviert aktuell an der Bauhaus-Universit\u00e4t Weimar zu sozio-interaktiven Potentialen der Videotelefonie im Kontext von N\u00e4he und Distanz. Im Fr\u00fchjahr 2020 erschien sein Buch \u201eFace-to-Interface: Eine Kultur- und Technikgeschichte der Videotelefonie\u201c (Marburg: B\u00fcchner-Verlag), das sich mit der Geschichte des Erfolgs und Misserfolgs der Videotelefonie besch\u00e4ftigt. Zudem ist er wissenschaftlicher Mitarbeiter an der Westf\u00e4lischen Hochschule in Gelsenkirchen und Lehrbeauftrager f\u00fcr Theorie der Wahrnehmung, Kommunikation und Medien an der MSD \u2013 M\u00fcnster School of Design der FH M\u00fcnster.<\/p>\n<p>Martin Schwarzkopf (Jg. 1970) absolvierte 1997 den Master in Gesellschaftswissenschaften, Englisch und Geschichte. Seit 2014 ist er Chefredakteur beim Medienhaus Main-Echo. In seiner Freizeit gibt er sich dem Ausdauersport hin und ist lizensierter Fu\u00dfball-Trainer und Feuerwehrmann.<\/p>\n<div>\n<div>\n<p>In Kooperation zwischen der Stadt Aschaffenburg und dem Medienhaus Main-Echo erscheint heute die zw\u00f6lfte Folge der neuen Podcast-Reihe \u201eLebensgeschichten der Digitalisierung\u201c. Ziel der Reihe ist es, mithilfe eines pers\u00f6nlichen Blicks in die Geschichte der Digitalisierung neue Impulse f\u00fcr die Zukunft zu bekommen. Solche \u201eLebensgeschichten der Digitalisierung\u201c sch\u00e4rfen unser Verst\u00e4ndnis aktueller Entwicklungen und machen nicht zuletzt Mut, das digitale Zeitalter als gesamtgesellschaftliche Aufgabe anzunehmen und mitzugestalten.<\/p>\n<p>Der Podcast kann bei verschiedenen Podcast-Anbietern geh\u00f6rt werden:\u00a0<a href=\"https:\/\/open.spotify.com\/show\/48UZbVzKCwuUThbsky0cNy\">Spotify<\/a>,\u00a0<a href=\"https:\/\/podcasts.apple.com\/de\/podcast\/lebensgeschichten-der-digitalisierung\/id1575729433?l=en\">Apple Podcasts,<\/a>\u00a0<a href=\"https:\/\/www.deezer.com\/de\/show\/2820882\">Deezer<\/a>,\u00a0<a href=\"https:\/\/www.podcast.de\/podcast\/2552898\/lebensgeschichten-der-digitalisierung\">Podcast.de<\/a><\/p>\n<\/div>\n<p>Viel Spa\u00df beim Zuh\u00f6ren!<\/p>\n<audio class=\"wp-audio-shortcode\" id=\"audio-5666-1\" preload=\"none\" style=\"width: 100%;\" controls=\"controls\"><source type=\"audio\/mpeg\" src=\"https:\/\/aschaffenburgzweinull.stadtarchiv-digital.de\/wp-content\/uploads\/2022\/09\/Lebensgeschichten-der-Digitalisierung_Videotelefonie.mp3?_=1\" \/><a href=\"https:\/\/aschaffenburgzweinull.stadtarchiv-digital.de\/wp-content\/uploads\/2022\/09\/Lebensgeschichten-der-Digitalisierung_Videotelefonie.mp3\">https:\/\/aschaffenburgzweinull.stadtarchiv-digital.de\/wp-content\/uploads\/2022\/09\/Lebensgeschichten-der-Digitalisierung_Videotelefonie.mp3<\/a><\/audio>\n<\/div>\n","protected":false},"excerpt":{"rendered":"<p>\u00c4hnlich wie bei der industriellen Revolution befindet sich die Menschheit momentan in einem digitalen Umbruch. Die Grenze zwischen Realit\u00e4t und Virtuellem verschiebt sich immer weiter und verschwimmt an manchen Punkten [&hellip;]<\/p>\n","protected":false},"author":4,"featured_media":5362,"comment_status":"open","ping_status":"open","sticky":false,"template":"","format":"standard","meta":{"_acf_changed":false,"footnotes":""},"categories":[1],"tags":[916,917],"post-format":[],"post-content":[],"class_list":["post-5666","post","type-post","status-publish","format-standard","has-post-thumbnail","hentry","category-bildung","tag-kommunikation","tag-videotelefonie","project-podcast-lebensgeschichten-der-digitalisierung"],"acf":[],"yoast_head":"<!-- This site is optimized with the Yoast SEO plugin v27.4 - https:\/\/yoast.com\/product\/yoast-seo-wordpress\/ -->\n<title>Lebensgeschichten der Digitalisierung (12): Kommunikation und Videotelefonie - Aschaffenburg<\/title>\n<meta name=\"robots\" content=\"index, follow, max-snippet:-1, max-image-preview:large, max-video-preview:-1\" \/>\n<link rel=\"canonical\" href=\"https:\/\/aschaffenburgzweinull.stadtarchiv-digital.de\/lebensgeschichten-der-digitalisierung-12-kommunikation-und-videotelefonie\/\" \/>\n<meta property=\"og:locale\" content=\"de_DE\" \/>\n<meta property=\"og:type\" content=\"article\" \/>\n<meta property=\"og:title\" content=\"Lebensgeschichten der Digitalisierung (12): Kommunikation und Videotelefonie - Aschaffenburg\" \/>\n<meta property=\"og:description\" content=\"\u00c4hnlich wie bei der industriellen Revolution befindet sich die Menschheit momentan in einem digitalen Umbruch. Die Grenze zwischen Realit\u00e4t und Virtuellem verschiebt sich immer weiter und verschwimmt an manchen Punkten [&hellip;]\" \/>\n<meta property=\"og:url\" content=\"https:\/\/aschaffenburgzweinull.stadtarchiv-digital.de\/lebensgeschichten-der-digitalisierung-12-kommunikation-und-videotelefonie\/\" \/>\n<meta property=\"og:site_name\" content=\"Aschaffenburg\" \/>\n<meta property=\"article:published_time\" content=\"2022-09-05T12:03:48+00:00\" \/>\n<meta property=\"article:modified_time\" content=\"2022-09-06T12:02:20+00:00\" \/>\n<meta property=\"og:image\" content=\"https:\/\/aschaffenburgzweinull.stadtarchiv-digital.de\/wp-content\/uploads\/2022\/05\/DSA_PodcastCover_Lebensgeschichten_1400x1400px.jpg\" \/>\n\t<meta property=\"og:image:width\" content=\"1400\" \/>\n\t<meta property=\"og:image:height\" content=\"1400\" \/>\n\t<meta property=\"og:image:type\" content=\"image\/jpeg\" \/>\n<meta name=\"author\" content=\"Joachim Kemper\" \/>\n<meta name=\"twitter:card\" content=\"summary_large_image\" \/>\n<meta name=\"twitter:label1\" content=\"Verfasst von\" \/>\n\t<meta name=\"twitter:data1\" content=\"Joachim Kemper\" \/>\n\t<meta name=\"twitter:label2\" content=\"Gesch\u00e4tzte Lesezeit\" \/>\n\t<meta name=\"twitter:data2\" content=\"3\u00a0Minuten\" \/>\n<script type=\"application\/ld+json\" class=\"yoast-schema-graph\">{\"@context\":\"https:\\\/\\\/schema.org\",\"@graph\":[{\"@type\":\"Article\",\"@id\":\"https:\\\/\\\/aschaffenburgzweinull.stadtarchiv-digital.de\\\/lebensgeschichten-der-digitalisierung-12-kommunikation-und-videotelefonie\\\/#article\",\"isPartOf\":{\"@id\":\"https:\\\/\\\/aschaffenburgzweinull.stadtarchiv-digital.de\\\/lebensgeschichten-der-digitalisierung-12-kommunikation-und-videotelefonie\\\/\"},\"author\":{\"name\":\"Joachim Kemper\",\"@id\":\"https:\\\/\\\/aschaffenburgzweinull.stadtarchiv-digital.de\\\/#\\\/schema\\\/person\\\/dd9602c3095e03cce86decd4d74984d2\"},\"headline\":\"Lebensgeschichten der Digitalisierung (12): Kommunikation und Videotelefonie\",\"datePublished\":\"2022-09-05T12:03:48+00:00\",\"dateModified\":\"2022-09-06T12:02:20+00:00\",\"mainEntityOfPage\":{\"@id\":\"https:\\\/\\\/aschaffenburgzweinull.stadtarchiv-digital.de\\\/lebensgeschichten-der-digitalisierung-12-kommunikation-und-videotelefonie\\\/\"},\"wordCount\":571,\"commentCount\":0,\"image\":{\"@id\":\"https:\\\/\\\/aschaffenburgzweinull.stadtarchiv-digital.de\\\/lebensgeschichten-der-digitalisierung-12-kommunikation-und-videotelefonie\\\/#primaryimage\"},\"thumbnailUrl\":\"https:\\\/\\\/aschaffenburgzweinull.stadtarchiv-digital.de\\\/wp-content\\\/uploads\\\/2022\\\/05\\\/DSA_PodcastCover_Lebensgeschichten_1400x1400px.jpg\",\"keywords\":[\"kommunikation\",\"videotelefonie\"],\"articleSection\":[\"Bildung\"],\"inLanguage\":\"de\",\"potentialAction\":[{\"@type\":\"CommentAction\",\"name\":\"Comment\",\"target\":[\"https:\\\/\\\/aschaffenburgzweinull.stadtarchiv-digital.de\\\/lebensgeschichten-der-digitalisierung-12-kommunikation-und-videotelefonie\\\/#respond\"]}]},{\"@type\":\"WebPage\",\"@id\":\"https:\\\/\\\/aschaffenburgzweinull.stadtarchiv-digital.de\\\/lebensgeschichten-der-digitalisierung-12-kommunikation-und-videotelefonie\\\/\",\"url\":\"https:\\\/\\\/aschaffenburgzweinull.stadtarchiv-digital.de\\\/lebensgeschichten-der-digitalisierung-12-kommunikation-und-videotelefonie\\\/\",\"name\":\"Lebensgeschichten der Digitalisierung (12): Kommunikation und Videotelefonie - Aschaffenburg\",\"isPartOf\":{\"@id\":\"https:\\\/\\\/aschaffenburgzweinull.stadtarchiv-digital.de\\\/#website\"},\"primaryImageOfPage\":{\"@id\":\"https:\\\/\\\/aschaffenburgzweinull.stadtarchiv-digital.de\\\/lebensgeschichten-der-digitalisierung-12-kommunikation-und-videotelefonie\\\/#primaryimage\"},\"image\":{\"@id\":\"https:\\\/\\\/aschaffenburgzweinull.stadtarchiv-digital.de\\\/lebensgeschichten-der-digitalisierung-12-kommunikation-und-videotelefonie\\\/#primaryimage\"},\"thumbnailUrl\":\"https:\\\/\\\/aschaffenburgzweinull.stadtarchiv-digital.de\\\/wp-content\\\/uploads\\\/2022\\\/05\\\/DSA_PodcastCover_Lebensgeschichten_1400x1400px.jpg\",\"datePublished\":\"2022-09-05T12:03:48+00:00\",\"dateModified\":\"2022-09-06T12:02:20+00:00\",\"author\":{\"@id\":\"https:\\\/\\\/aschaffenburgzweinull.stadtarchiv-digital.de\\\/#\\\/schema\\\/person\\\/dd9602c3095e03cce86decd4d74984d2\"},\"breadcrumb\":{\"@id\":\"https:\\\/\\\/aschaffenburgzweinull.stadtarchiv-digital.de\\\/lebensgeschichten-der-digitalisierung-12-kommunikation-und-videotelefonie\\\/#breadcrumb\"},\"inLanguage\":\"de\",\"potentialAction\":[{\"@type\":\"ReadAction\",\"target\":[\"https:\\\/\\\/aschaffenburgzweinull.stadtarchiv-digital.de\\\/lebensgeschichten-der-digitalisierung-12-kommunikation-und-videotelefonie\\\/\"]}]},{\"@type\":\"ImageObject\",\"inLanguage\":\"de\",\"@id\":\"https:\\\/\\\/aschaffenburgzweinull.stadtarchiv-digital.de\\\/lebensgeschichten-der-digitalisierung-12-kommunikation-und-videotelefonie\\\/#primaryimage\",\"url\":\"https:\\\/\\\/aschaffenburgzweinull.stadtarchiv-digital.de\\\/wp-content\\\/uploads\\\/2022\\\/05\\\/DSA_PodcastCover_Lebensgeschichten_1400x1400px.jpg\",\"contentUrl\":\"https:\\\/\\\/aschaffenburgzweinull.stadtarchiv-digital.de\\\/wp-content\\\/uploads\\\/2022\\\/05\\\/DSA_PodcastCover_Lebensgeschichten_1400x1400px.jpg\",\"width\":1400,\"height\":1400},{\"@type\":\"BreadcrumbList\",\"@id\":\"https:\\\/\\\/aschaffenburgzweinull.stadtarchiv-digital.de\\\/lebensgeschichten-der-digitalisierung-12-kommunikation-und-videotelefonie\\\/#breadcrumb\",\"itemListElement\":[{\"@type\":\"ListItem\",\"position\":1,\"name\":\"Startseite\",\"item\":\"https:\\\/\\\/aschaffenburgzweinull.stadtarchiv-digital.de\\\/\"},{\"@type\":\"ListItem\",\"position\":2,\"name\":\"Lebensgeschichten der Digitalisierung (12): Kommunikation und Videotelefonie\"}]},{\"@type\":\"WebSite\",\"@id\":\"https:\\\/\\\/aschaffenburgzweinull.stadtarchiv-digital.de\\\/#website\",\"url\":\"https:\\\/\\\/aschaffenburgzweinull.stadtarchiv-digital.de\\\/\",\"name\":\"Aschaffenburg\",\"description\":\"2.0\",\"potentialAction\":[{\"@type\":\"SearchAction\",\"target\":{\"@type\":\"EntryPoint\",\"urlTemplate\":\"https:\\\/\\\/aschaffenburgzweinull.stadtarchiv-digital.de\\\/?s={search_term_string}\"},\"query-input\":{\"@type\":\"PropertyValueSpecification\",\"valueRequired\":true,\"valueName\":\"search_term_string\"}}],\"inLanguage\":\"de\"},{\"@type\":\"Person\",\"@id\":\"https:\\\/\\\/aschaffenburgzweinull.stadtarchiv-digital.de\\\/#\\\/schema\\\/person\\\/dd9602c3095e03cce86decd4d74984d2\",\"name\":\"Joachim Kemper\",\"url\":\"https:\\\/\\\/aschaffenburgzweinull.stadtarchiv-digital.de\\\/author\\\/jkemper\\\/\"}]}<\/script>\n<!-- \/ Yoast SEO plugin. -->","yoast_head_json":{"title":"Lebensgeschichten der Digitalisierung (12): Kommunikation und Videotelefonie - Aschaffenburg","robots":{"index":"index","follow":"follow","max-snippet":"max-snippet:-1","max-image-preview":"max-image-preview:large","max-video-preview":"max-video-preview:-1"},"canonical":"https:\/\/aschaffenburgzweinull.stadtarchiv-digital.de\/lebensgeschichten-der-digitalisierung-12-kommunikation-und-videotelefonie\/","og_locale":"de_DE","og_type":"article","og_title":"Lebensgeschichten der Digitalisierung (12): Kommunikation und Videotelefonie - Aschaffenburg","og_description":"\u00c4hnlich wie bei der industriellen Revolution befindet sich die Menschheit momentan in einem digitalen Umbruch. Die Grenze zwischen Realit\u00e4t und Virtuellem verschiebt sich immer weiter und verschwimmt an manchen Punkten [&hellip;]","og_url":"https:\/\/aschaffenburgzweinull.stadtarchiv-digital.de\/lebensgeschichten-der-digitalisierung-12-kommunikation-und-videotelefonie\/","og_site_name":"Aschaffenburg","article_published_time":"2022-09-05T12:03:48+00:00","article_modified_time":"2022-09-06T12:02:20+00:00","og_image":[{"width":1400,"height":1400,"url":"https:\/\/aschaffenburgzweinull.stadtarchiv-digital.de\/wp-content\/uploads\/2022\/05\/DSA_PodcastCover_Lebensgeschichten_1400x1400px.jpg","type":"image\/jpeg"}],"author":"Joachim Kemper","twitter_card":"summary_large_image","twitter_misc":{"Verfasst von":"Joachim Kemper","Gesch\u00e4tzte Lesezeit":"3\u00a0Minuten"},"schema":{"@context":"https:\/\/schema.org","@graph":[{"@type":"Article","@id":"https:\/\/aschaffenburgzweinull.stadtarchiv-digital.de\/lebensgeschichten-der-digitalisierung-12-kommunikation-und-videotelefonie\/#article","isPartOf":{"@id":"https:\/\/aschaffenburgzweinull.stadtarchiv-digital.de\/lebensgeschichten-der-digitalisierung-12-kommunikation-und-videotelefonie\/"},"author":{"name":"Joachim Kemper","@id":"https:\/\/aschaffenburgzweinull.stadtarchiv-digital.de\/#\/schema\/person\/dd9602c3095e03cce86decd4d74984d2"},"headline":"Lebensgeschichten der Digitalisierung (12): Kommunikation und Videotelefonie","datePublished":"2022-09-05T12:03:48+00:00","dateModified":"2022-09-06T12:02:20+00:00","mainEntityOfPage":{"@id":"https:\/\/aschaffenburgzweinull.stadtarchiv-digital.de\/lebensgeschichten-der-digitalisierung-12-kommunikation-und-videotelefonie\/"},"wordCount":571,"commentCount":0,"image":{"@id":"https:\/\/aschaffenburgzweinull.stadtarchiv-digital.de\/lebensgeschichten-der-digitalisierung-12-kommunikation-und-videotelefonie\/#primaryimage"},"thumbnailUrl":"https:\/\/aschaffenburgzweinull.stadtarchiv-digital.de\/wp-content\/uploads\/2022\/05\/DSA_PodcastCover_Lebensgeschichten_1400x1400px.jpg","keywords":["kommunikation","videotelefonie"],"articleSection":["Bildung"],"inLanguage":"de","potentialAction":[{"@type":"CommentAction","name":"Comment","target":["https:\/\/aschaffenburgzweinull.stadtarchiv-digital.de\/lebensgeschichten-der-digitalisierung-12-kommunikation-und-videotelefonie\/#respond"]}]},{"@type":"WebPage","@id":"https:\/\/aschaffenburgzweinull.stadtarchiv-digital.de\/lebensgeschichten-der-digitalisierung-12-kommunikation-und-videotelefonie\/","url":"https:\/\/aschaffenburgzweinull.stadtarchiv-digital.de\/lebensgeschichten-der-digitalisierung-12-kommunikation-und-videotelefonie\/","name":"Lebensgeschichten der Digitalisierung (12): Kommunikation und Videotelefonie - Aschaffenburg","isPartOf":{"@id":"https:\/\/aschaffenburgzweinull.stadtarchiv-digital.de\/#website"},"primaryImageOfPage":{"@id":"https:\/\/aschaffenburgzweinull.stadtarchiv-digital.de\/lebensgeschichten-der-digitalisierung-12-kommunikation-und-videotelefonie\/#primaryimage"},"image":{"@id":"https:\/\/aschaffenburgzweinull.stadtarchiv-digital.de\/lebensgeschichten-der-digitalisierung-12-kommunikation-und-videotelefonie\/#primaryimage"},"thumbnailUrl":"https:\/\/aschaffenburgzweinull.stadtarchiv-digital.de\/wp-content\/uploads\/2022\/05\/DSA_PodcastCover_Lebensgeschichten_1400x1400px.jpg","datePublished":"2022-09-05T12:03:48+00:00","dateModified":"2022-09-06T12:02:20+00:00","author":{"@id":"https:\/\/aschaffenburgzweinull.stadtarchiv-digital.de\/#\/schema\/person\/dd9602c3095e03cce86decd4d74984d2"},"breadcrumb":{"@id":"https:\/\/aschaffenburgzweinull.stadtarchiv-digital.de\/lebensgeschichten-der-digitalisierung-12-kommunikation-und-videotelefonie\/#breadcrumb"},"inLanguage":"de","potentialAction":[{"@type":"ReadAction","target":["https:\/\/aschaffenburgzweinull.stadtarchiv-digital.de\/lebensgeschichten-der-digitalisierung-12-kommunikation-und-videotelefonie\/"]}]},{"@type":"ImageObject","inLanguage":"de","@id":"https:\/\/aschaffenburgzweinull.stadtarchiv-digital.de\/lebensgeschichten-der-digitalisierung-12-kommunikation-und-videotelefonie\/#primaryimage","url":"https:\/\/aschaffenburgzweinull.stadtarchiv-digital.de\/wp-content\/uploads\/2022\/05\/DSA_PodcastCover_Lebensgeschichten_1400x1400px.jpg","contentUrl":"https:\/\/aschaffenburgzweinull.stadtarchiv-digital.de\/wp-content\/uploads\/2022\/05\/DSA_PodcastCover_Lebensgeschichten_1400x1400px.jpg","width":1400,"height":1400},{"@type":"BreadcrumbList","@id":"https:\/\/aschaffenburgzweinull.stadtarchiv-digital.de\/lebensgeschichten-der-digitalisierung-12-kommunikation-und-videotelefonie\/#breadcrumb","itemListElement":[{"@type":"ListItem","position":1,"name":"Startseite","item":"https:\/\/aschaffenburgzweinull.stadtarchiv-digital.de\/"},{"@type":"ListItem","position":2,"name":"Lebensgeschichten der Digitalisierung (12): Kommunikation und Videotelefonie"}]},{"@type":"WebSite","@id":"https:\/\/aschaffenburgzweinull.stadtarchiv-digital.de\/#website","url":"https:\/\/aschaffenburgzweinull.stadtarchiv-digital.de\/","name":"Aschaffenburg","description":"2.0","potentialAction":[{"@type":"SearchAction","target":{"@type":"EntryPoint","urlTemplate":"https:\/\/aschaffenburgzweinull.stadtarchiv-digital.de\/?s={search_term_string}"},"query-input":{"@type":"PropertyValueSpecification","valueRequired":true,"valueName":"search_term_string"}}],"inLanguage":"de"},{"@type":"Person","@id":"https:\/\/aschaffenburgzweinull.stadtarchiv-digital.de\/#\/schema\/person\/dd9602c3095e03cce86decd4d74984d2","name":"Joachim Kemper","url":"https:\/\/aschaffenburgzweinull.stadtarchiv-digital.de\/author\/jkemper\/"}]}},"_links":{"self":[{"href":"https:\/\/aschaffenburgzweinull.stadtarchiv-digital.de\/data\/wp\/v2\/posts\/5666","targetHints":{"allow":["GET"]}}],"collection":[{"href":"https:\/\/aschaffenburgzweinull.stadtarchiv-digital.de\/data\/wp\/v2\/posts"}],"about":[{"href":"https:\/\/aschaffenburgzweinull.stadtarchiv-digital.de\/data\/wp\/v2\/types\/post"}],"author":[{"embeddable":true,"href":"https:\/\/aschaffenburgzweinull.stadtarchiv-digital.de\/data\/wp\/v2\/users\/4"}],"replies":[{"embeddable":true,"href":"https:\/\/aschaffenburgzweinull.stadtarchiv-digital.de\/data\/wp\/v2\/comments?post=5666"}],"version-history":[{"count":9,"href":"https:\/\/aschaffenburgzweinull.stadtarchiv-digital.de\/data\/wp\/v2\/posts\/5666\/revisions"}],"predecessor-version":[{"id":5690,"href":"https:\/\/aschaffenburgzweinull.stadtarchiv-digital.de\/data\/wp\/v2\/posts\/5666\/revisions\/5690"}],"wp:featuredmedia":[{"embeddable":true,"href":"https:\/\/aschaffenburgzweinull.stadtarchiv-digital.de\/data\/wp\/v2\/media\/5362"}],"wp:attachment":[{"href":"https:\/\/aschaffenburgzweinull.stadtarchiv-digital.de\/data\/wp\/v2\/media?parent=5666"}],"wp:term":[{"taxonomy":"category","embeddable":true,"href":"https:\/\/aschaffenburgzweinull.stadtarchiv-digital.de\/data\/wp\/v2\/categories?post=5666"},{"taxonomy":"post_tag","embeddable":true,"href":"https:\/\/aschaffenburgzweinull.stadtarchiv-digital.de\/data\/wp\/v2\/tags?post=5666"},{"taxonomy":"format","embeddable":true,"href":"https:\/\/aschaffenburgzweinull.stadtarchiv-digital.de\/data\/wp\/v2\/post-format?post=5666"},{"taxonomy":"content","embeddable":true,"href":"https:\/\/aschaffenburgzweinull.stadtarchiv-digital.de\/data\/wp\/v2\/post-content?post=5666"}],"curies":[{"name":"wp","href":"https:\/\/api.w.org\/{rel}","templated":true}]}}