{"id":5435,"date":"2022-06-08T10:44:43","date_gmt":"2022-06-08T08:44:43","guid":{"rendered":"https:\/\/aschaffenburgzweinull.stadtarchiv-digital.de\/?p=5435"},"modified":"2022-06-08T10:44:43","modified_gmt":"2022-06-08T08:44:43","slug":"der-besuch-des-bayerischen-koenigs-ludwigs-i-und-seiner-familie-in-aschaffenburg-1840-teil-1","status":"publish","type":"post","link":"https:\/\/aschaffenburgzweinull.stadtarchiv-digital.de\/der-besuch-des-bayerischen-koenigs-ludwigs-i-und-seiner-familie-in-aschaffenburg-1840-teil-1\/","title":{"rendered":"Der Besuch des bayerischen K\u00f6nigs Ludwigs I. und seiner Familie in Aschaffenburg 1840 (Teil 1)"},"content":{"rendered":"<p>Zwei Jahre mussten die Aschaffenburger warten, bis ihr geliebter K\u00f6nig Ludwig I. (1786-1868) wieder die Stadt besuchte. Am 20. Mai 1840 traf die Familie in Aschaffenburg ein, nachdem sie vorher Besuche in Ingolstadt und W\u00fcrzburg absolvierte. Neben K\u00f6nig Ludwig und seiner Ehefrau Therese (1792-1854) waren die Kinder Luitpold (1821-1912, der sp\u00e4tere Prinzregent) und Adelgunde (1823-1914), Hildegard (1825-1864), Alexandra (1826-1875) und Adalbert (1828-1875) mitgereist. Der Thronfolger Maximilian (1811-1864, sp\u00e4ter Maximilian II.) reiste sp\u00e4ter an.<a href=\"#_ftn1\" name=\"_ftnref1\">[1]<\/a><\/p>\n<p>Das Sandtor war mit einem Triumpfbogen aus Laub- und Blumengewinden ausgestattet und mit der K\u00f6nigskrone sowie dem bayerischen Wappen geschm\u00fcckt. In goldenen Buchstaben stand \u201eWillkommen\u201c geschrieben. Hier hielten Pfarrer Anderlohr eine Rede und eine Lehrerin, Frl. Mittermayer, trug ein Gedicht vor. Kaplan Will richtete einen Gru\u00df an die K\u00f6nigin und ein Frl. Marx trug ein weiteres Gedicht vor.<\/p>\n<p>Die Besuche der K\u00f6nigsfamilie in Aschaffenburg waren eine Mischung aus offiziellem Besuch und \u2013 Urlaub. Aschaffenburg war nat\u00fcrlich auch eine ideale \u201eAu\u00dfenstelle\u201c, von wo man Besuche aus dem nicht weit entfernten Ausland empfangen konnte. Das \u201eAusland\u201c begann schon ein paar Kilometer westlich an der Grenze zum Gro\u00dfherzogtum Hessen-Darmstadt. Dort war die \u00e4lteste Tochter Mathilde (1813-1862)<a href=\"#_ftn2\" name=\"_ftnref2\">[2]<\/a> mit dem Erbgro\u00dfherzog von Hessen, Ludwig III. (1806-1877, 1848 bis 1877 Gro\u00dfherzog von Hessen-Darmstadt) verheiratet. Nach Mathilde ist die ber\u00fchmte Mathildenh\u00f6he in Darmstadt benannt. Sie nutzte, so oft es ging, die Gelegenheit, um in Aschaffenburg bei ihrer Familie zu sein.<\/p>\n<p>Am Sonntag, dem 24. Mai 1840, wohnte das K\u00f6nigspaar mit Prinz Luitpold einem Konzert der Operns\u00e4ngerin Clara St\u00f6kl-Heinefetter aus Wien bei. Dabei traten auch ihre Schwester Madame Miklovich-Heinefetter, Herr Hirsch, Violinist des herzoglichen Theaterorchesters Wiesbaden und Herr Ostermaier, Hautboist des hier stationierten Regiments \u201eZandt\u201c auf. Veranstalter war der hiesige Frauen-Verein.<a href=\"#_ftn3\" name=\"_ftnref3\">[3]<\/a><\/p>\n<p>Bereits am Vormittag des 21. Mai trafen der Erbgro\u00dfherzog von Hessen, Ludwig III., und seine Ehefrau Mathilde in Aschaffenburg ein, um am Abend wieder abzureisen.<a href=\"#_ftn4\" name=\"_ftnref4\">[4]<\/a> Am Dienstag, 26. Mai 1840, besuchten sie wieder Aschaffenburg. Diesmal war der russische Thronfolger [Alexander II., 1818-1881] mit dabei, denn er war mit der erst 15j\u00e4hrigen Maria zu Hessen und bei Rhein (1824-1880), einer Schwester des Erbgro\u00dfherzogs, liiert. Sie stiegen im Gasthaus \u201eBayerischer Hof\u201c ab. Die Abreise der G\u00e4ste nach Darmstadt erfolgte noch am selben Tag.<a href=\"#_ftn5\" name=\"_ftnref5\">[5]<\/a> Mathilde reiste am 13. Juni wieder nach Darmstadt zur\u00fcck.<a href=\"#_ftn6\" name=\"_ftnref6\">[6]<\/a><\/p>\n<p>Am n\u00e4chsten Tag, dem 22. Mai, standen Empf\u00e4nge der hiesigen Adels, s\u00e4mtlicher k\u00f6niglichen Stellen und Beh\u00f6rden, der Geistlichkeit und der Offizierscorps der Linie und der Landwehr auf dem Programm.<a href=\"#_ftn7\" name=\"_ftnref7\">[7]<\/a><\/p>\n<p>Am Montag, 1. Juni, traf der Gro\u00dfherzog Ludwig II. von Hessen-Darmstadt und sein Bruder, Prinz Emil von Hessen (1790-1856), in Aschaffenburg ein und kehrten abends wieder nach Darmstadt zur\u00fcck.<a href=\"#_ftn8\" name=\"_ftnref8\">[8]<\/a><\/p>\n<p>Am 9. Juni traf der regierende Landgraf von Hessen-Homburg, Philipp (1779-1846) mit seiner Ehefrau ein, nahm im Bayerischen Hof Quartier und speiste mit der k\u00f6niglichen Familie zu Mittag.<a href=\"#_ftn9\" name=\"_ftnref9\">[9]<\/a><\/p>\n<p>Anl\u00e4sslich des Todes des preu\u00dfischen K\u00f6nigs Friedrich Wilhelm III. (1770-1840) am 7. Juni 1840 ordnete Ludwig I. ab dem 11. Juni f\u00fcr die Dauer von vier Wochen Trauer an. Am 11. Juni reiste Prinz Luitpold nach Berlin ab<a href=\"#_ftn10\" name=\"_ftnref10\">[10]<\/a> und kehrte am 23. Juni wieder zur\u00fcck.<a href=\"#_ftn11\" name=\"_ftnref11\">[11]<\/a> In der Zwischenzeit war ihm der Schwarze-Adler-Orden verliehen worden.<a href=\"#_ftn12\" name=\"_ftnref12\">[12]<\/a><\/p>\n<p>Aschaffenburg war f\u00fcr K\u00f6nig Ludwig auch das ideale Sprungbrett, um Besuche im nahegelegenen Ausland zu absolvieren: Am Morgen des 18. Juni reiste Ludwig I. nach Frankfurt, um die kaiserlich russische Familie zu besuchen.<a href=\"#_ftn13\" name=\"_ftnref13\">[13]<\/a> Die Fronleichnamsprozession wurde aufgrund allerh\u00f6chster Verordnung auf Sonntag, den 21. Juni 1840 verschoben. Zu diesem Fest war der Bischof von Eichst\u00e4tt, Karl August Graf von Reisach (1800-1869), zu Gast und feierte das Hochamt.<a href=\"#_ftn14\" name=\"_ftnref14\">[14]<\/a><\/p>\n<p>Ludwig hat eine Reise nach Germersheim unternommen und kehrte am Sonntag, 28. Juni, wieder zur\u00fcck. Abends fand ein Festball mit Anwesenheit von K\u00f6nig Ludwig statt.<a href=\"#_ftn15\" name=\"_ftnref15\">[15]<\/a><\/p>\n<p>Am Nachmittag des 29. Juni kamen an: Gro\u00dff\u00fcrstin Helena (1807-1873<a href=\"#_ftn16\" name=\"_ftnref16\">,[16]<\/a> Gemahlin des Gro\u00dff\u00fcrsten Michael von Ru\u00dfland) mit ihren T\u00f6chtern Marie, Elisabeth und Katharina, die verwitwete Herzogin von Nassau mit ihrer Tochter Marie. Gro\u00dff\u00fcrstin Helena stieg mit Gefolge im k\u00f6niglichen Schloss, Frau Herzogin im Gasthaus \u201eZum Bayerischen Hof\u201c ab. Die Abreise erfolgte am 30. Juni.<a href=\"#_ftn17\" name=\"_ftnref17\">[17]<\/a><\/p>\n<p>Am 2. Juli, morgens um 7 Uhr, reiste das K\u00f6nigspaar Ludwig und Therese mit Prinz Luitpold nach (Bad) Ems ab, um der Kaiserin von Ru\u00dfland und dem nassauischen Hof einen Besuch abzustatten.<a href=\"#_ftn18\" name=\"_ftnref18\">[18]<\/a> Am 6. Juli trafen sie fr\u00fchmorgens um 3 Uhr wieder in Aschaffenburg ein.<a href=\"#_ftn19\" name=\"_ftnref19\">[19]<\/a> Mathilde kam am 6. Juli wieder nach Aschaffenburg.<a href=\"#_ftn20\" name=\"_ftnref20\">[20]<\/a><\/p>\n<p>Der vorl\u00e4ufige H\u00f6hepunkt der Reise war der 8. Juli: Der 48. Geburtstag der K\u00f6nigin Therese. Dazu wurde am Donnerstag, 9. Juli, auf dem B\u00fcchelberg ein gro\u00dfes Fest gefeiert. Ein einst\u00fcndiger Festzug zog von der Innenstadt hinauf zum B\u00fcchelberg, wo ein wei\u00df-blaues Festzelt und mehrere Zeltpavillons aufgebaut waren. \u201eSeine Majest\u00e4t der K\u00f6nig, Allerh\u00f6chstwelcher die einzelnen Puncte des Festplatzes in Augenschein nahm, geruhte mit besonderer Freundlichkeit mit Jedermann sich zu unterhalten, und \u00fcberall, wo der verehrte Landesvater erschien, ert\u00f6nte gro\u00dfer Freudenruf.\u201c Nachdem die k\u00f6nigliche Familie gegen 4 Uhr nachmittags abgereist war, kam sie am Abend zur\u00fcck, um weiter zu feiern. Nur einer musste der Feier fernbleiben: Prinz Luitpold, der wegen Unp\u00e4sslichkeit verhindert war. Die in der N\u00e4he gelegene altgotische Burg des Weinbergbesitzers Adam Kipp war mit bengalischem und anderem Feuerwerk beleuchtet.<a href=\"#_ftn21\" name=\"_ftnref21\">[21]<\/a><\/p>\n<p>Am eigentlichen Geburtstag, dem 8. Juli 1840, war die gesamte k\u00f6nigliche Familie nach Gro\u00dfheubach auf den Engelberg gereist, wo sie auf einer Anh\u00f6he den Geburtstag im engen Kreise mit einem Mittagsmahl feierten. Die R\u00fcckfahrt erfolgte per Schiff. Am Abend waren die in den Nationalfarben beflaggten Schiffe pr\u00e4chtig beleuchtet. Viele Einwohner waren an den Nilkheimer Hof gekommen, um das Spektakel zu beobachten.<a href=\"#_ftn22\" name=\"_ftnref22\">[22]<\/a><\/p>\n<p>&nbsp;<\/p>\n<p><strong>Anmerkungen:<\/strong><\/p>\n<p><a href=\"#_ftnref1\" name=\"_ftn1\">[1]<\/a> AZ 1840, Nr. 122, 21. Mai, S. 1-2. Die Anwesenheit der drei j\u00fcngsten Kinder geht nur aus AZ 1840, Nr. 209, 31. August, S. 4, hervor.<\/p>\n<p><a href=\"#_ftnref2\" name=\"_ftn2\">[2]<\/a> Zu Mathilde siehe auch: AZ 1840, Nr. 133, 3. Juni, S. 4.<\/p>\n<p><a href=\"#_ftnref3\" name=\"_ftn3\">[3]<\/a> AZ 1840, Nr. 125, 25. Mai, S. 1-2, auch Nr. 124, 23. Mai, S. 4.<\/p>\n<p><a href=\"#_ftnref4\" name=\"_ftn4\">[4]<\/a> AZ 1840, Nr. 123, 22. Mai, S. 2.<\/p>\n<p><a href=\"#_ftnref5\" name=\"_ftn5\">[5]<\/a> AZ 1840, Nr. 127, 27. Mai, S. 1.<\/p>\n<p><a href=\"#_ftnref6\" name=\"_ftn6\">[6]<\/a> AZ 1840, Nr. 143, 15. Juni, S. 2.<\/p>\n<p><a href=\"#_ftnref7\" name=\"_ftn7\">[7]<\/a> AZ 1840, Nr. 124, 23. Mai, S. 2.<\/p>\n<p><a href=\"#_ftnref8\" name=\"_ftn8\">[8]<\/a> AZ 1840, Nr. 132, 2. Juni, S. 1.<\/p>\n<p><a href=\"#_ftnref9\" name=\"_ftn9\">[9]<\/a> AZ 1840, Nr. 139, 10. Juni, S. 3.<\/p>\n<p><a href=\"#_ftnref10\" name=\"_ftn10\">[10]<\/a> AZ 1840, Nr. 140, 11. Juni, S. 1.<\/p>\n<p><a href=\"#_ftnref11\" name=\"_ftn11\">[11]<\/a> AZ 1840, Nr. 151, 24. Juni, S. 2.<\/p>\n<p><a href=\"#_ftnref12\" name=\"_ftn12\">[12]<\/a> AZ 1840, Nr. 157, 1. Juli, S. 3.<\/p>\n<p><a href=\"#_ftnref13\" name=\"_ftn13\">[13]<\/a> AZ 1840, Nr. 146, 18. Juni, S. 3 und Nr. 157, 1. Juli, S. 2. In der Zeitungsnotiz vom 1. Juli hei\u00dft es eindeutig \u201e27. Juni\u201c. Die Angabe am 18. Juni (Vortag) ist also falsch, hier wurde das \u201eZeitungsgebot\u201c (schreibe so, als wenn es am Erscheinungstag geschehen w\u00e4re) nicht eingehalten. Zum Besuch der kaiserlich russischen Familie in Frankfurt siehe auch: AZ 1840, Nr. 147, 19. Juni, S. 2.<\/p>\n<p><a href=\"#_ftnref14\" name=\"_ftn14\">[14]<\/a> AZ 1840, Nr. 149, 22. Juni, S. 1-2.<\/p>\n<p><a href=\"#_ftnref15\" name=\"_ftn15\">[15]<\/a> AZ 1840, Nr. 155, 29. Juni, S. 3.<\/p>\n<p><a href=\"#_ftnref16\" name=\"_ftn16\">[16]<\/a> <a href=\"http:\/\/www.carl-reinecke.de\/Vita\/grossfuerstin_helene.html\">http:\/\/www.carl-reinecke.de\/Vita\/grossfuerstin_helene.html<\/a><\/p>\n<p><a href=\"#_ftnref17\" name=\"_ftn17\">[17]<\/a> AZ 1840, Nr. 156, 30. Juni, S. 1.<\/p>\n<p><a href=\"#_ftnref18\" name=\"_ftn18\">[18]<\/a> AZ 1840, Nr. 158, 2. Juli, S. 1.<\/p>\n<p><a href=\"#_ftnref19\" name=\"_ftn19\">[19]<\/a> AZ 1840, Nr. 161, 6. Juli, S. 3.<\/p>\n<p><a href=\"#_ftnref20\" name=\"_ftn20\">[20]<\/a> AZ 1840, Nr. 163, 8. Juli, S. 3.<\/p>\n<p><a href=\"#_ftnref21\" name=\"_ftn21\">[21]<\/a> AZ 1840, Nr. 164, 9. Juli, S. 1-3.<\/p>\n<p><a href=\"#_ftnref22\" name=\"_ftn22\">[22]<\/a> AZ 1840, Nr. 164, 9. Juli, S. 3-4.<\/p>\n","protected":false},"excerpt":{"rendered":"<p>Zwei Jahre mussten die Aschaffenburger warten, bis ihr geliebter K\u00f6nig Ludwig I. (1786-1868) wieder die Stadt besuchte. Am 20. Mai 1840 traf die Familie in Aschaffenburg ein, nachdem sie vorher [&hellip;]<\/p>\n","protected":false},"author":40,"featured_media":0,"comment_status":"open","ping_status":"open","sticky":false,"template":"","format":"standard","meta":{"_acf_changed":false,"footnotes":""},"categories":[39,38],"tags":[285,871,21],"post-format":[2],"post-content":[],"class_list":["post-5435","post","type-post","status-publish","format-standard","hentry","category-kultur","category-geschichte","tag-koenig","tag-besuch","tag-ludwig-i","format-information","project-stadtarchiv"],"acf":[],"yoast_head":"<!-- This site is optimized with the Yoast SEO plugin v27.4 - https:\/\/yoast.com\/product\/yoast-seo-wordpress\/ -->\n<title>Der Besuch des bayerischen K\u00f6nigs Ludwigs I. und seiner Familie in Aschaffenburg 1840 (Teil 1) - Aschaffenburg<\/title>\n<meta name=\"robots\" content=\"index, follow, max-snippet:-1, max-image-preview:large, max-video-preview:-1\" \/>\n<link rel=\"canonical\" href=\"https:\/\/aschaffenburgzweinull.stadtarchiv-digital.de\/der-besuch-des-bayerischen-koenigs-ludwigs-i-und-seiner-familie-in-aschaffenburg-1840-teil-1\/\" \/>\n<meta property=\"og:locale\" content=\"de_DE\" \/>\n<meta property=\"og:type\" content=\"article\" \/>\n<meta property=\"og:title\" content=\"Der Besuch des bayerischen K\u00f6nigs Ludwigs I. und seiner Familie in Aschaffenburg 1840 (Teil 1) - Aschaffenburg\" \/>\n<meta property=\"og:description\" content=\"Zwei Jahre mussten die Aschaffenburger warten, bis ihr geliebter K\u00f6nig Ludwig I. (1786-1868) wieder die Stadt besuchte. Am 20. Mai 1840 traf die Familie in Aschaffenburg ein, nachdem sie vorher [&hellip;]\" \/>\n<meta property=\"og:url\" content=\"https:\/\/aschaffenburgzweinull.stadtarchiv-digital.de\/der-besuch-des-bayerischen-koenigs-ludwigs-i-und-seiner-familie-in-aschaffenburg-1840-teil-1\/\" \/>\n<meta property=\"og:site_name\" content=\"Aschaffenburg\" \/>\n<meta property=\"article:published_time\" content=\"2022-06-08T08:44:43+00:00\" \/>\n<meta property=\"og:image\" content=\"https:\/\/aschaffenburgzweinull.stadtarchiv-digital.de\/wp-content\/uploads\/2020\/07\/Logo-Stadtarchiv-Aschaffenburg.png\" \/>\n\t<meta property=\"og:image:width\" content=\"379\" \/>\n\t<meta property=\"og:image:height\" content=\"70\" \/>\n\t<meta property=\"og:image:type\" content=\"image\/png\" \/>\n<meta name=\"author\" content=\"KlotzMatthias\" \/>\n<meta name=\"twitter:card\" content=\"summary_large_image\" \/>\n<meta name=\"twitter:label1\" content=\"Verfasst von\" \/>\n\t<meta name=\"twitter:data1\" content=\"KlotzMatthias\" \/>\n\t<meta name=\"twitter:label2\" content=\"Gesch\u00e4tzte Lesezeit\" \/>\n\t<meta name=\"twitter:data2\" content=\"7\u00a0Minuten\" \/>\n<script type=\"application\/ld+json\" class=\"yoast-schema-graph\">{\"@context\":\"https:\\\/\\\/schema.org\",\"@graph\":[{\"@type\":\"Article\",\"@id\":\"https:\\\/\\\/aschaffenburgzweinull.stadtarchiv-digital.de\\\/der-besuch-des-bayerischen-koenigs-ludwigs-i-und-seiner-familie-in-aschaffenburg-1840-teil-1\\\/#article\",\"isPartOf\":{\"@id\":\"https:\\\/\\\/aschaffenburgzweinull.stadtarchiv-digital.de\\\/der-besuch-des-bayerischen-koenigs-ludwigs-i-und-seiner-familie-in-aschaffenburg-1840-teil-1\\\/\"},\"author\":{\"name\":\"KlotzMatthias\",\"@id\":\"https:\\\/\\\/aschaffenburgzweinull.stadtarchiv-digital.de\\\/#\\\/schema\\\/person\\\/8672a8c8425105971cb82cbbe0df75eb\"},\"headline\":\"Der Besuch des bayerischen K\u00f6nigs Ludwigs I. und seiner Familie in Aschaffenburg 1840 (Teil 1)\",\"datePublished\":\"2022-06-08T08:44:43+00:00\",\"mainEntityOfPage\":{\"@id\":\"https:\\\/\\\/aschaffenburgzweinull.stadtarchiv-digital.de\\\/der-besuch-des-bayerischen-koenigs-ludwigs-i-und-seiner-familie-in-aschaffenburg-1840-teil-1\\\/\"},\"wordCount\":1124,\"commentCount\":0,\"keywords\":[\"K\u00f6nig\",\"Besuch\",\"Ludwig I\"],\"articleSection\":[\"Kultur\",\"Geschichte\"],\"inLanguage\":\"de\",\"potentialAction\":[{\"@type\":\"CommentAction\",\"name\":\"Comment\",\"target\":[\"https:\\\/\\\/aschaffenburgzweinull.stadtarchiv-digital.de\\\/der-besuch-des-bayerischen-koenigs-ludwigs-i-und-seiner-familie-in-aschaffenburg-1840-teil-1\\\/#respond\"]}]},{\"@type\":\"WebPage\",\"@id\":\"https:\\\/\\\/aschaffenburgzweinull.stadtarchiv-digital.de\\\/der-besuch-des-bayerischen-koenigs-ludwigs-i-und-seiner-familie-in-aschaffenburg-1840-teil-1\\\/\",\"url\":\"https:\\\/\\\/aschaffenburgzweinull.stadtarchiv-digital.de\\\/der-besuch-des-bayerischen-koenigs-ludwigs-i-und-seiner-familie-in-aschaffenburg-1840-teil-1\\\/\",\"name\":\"Der Besuch des bayerischen K\u00f6nigs Ludwigs I. und seiner Familie in Aschaffenburg 1840 (Teil 1) - Aschaffenburg\",\"isPartOf\":{\"@id\":\"https:\\\/\\\/aschaffenburgzweinull.stadtarchiv-digital.de\\\/#website\"},\"datePublished\":\"2022-06-08T08:44:43+00:00\",\"author\":{\"@id\":\"https:\\\/\\\/aschaffenburgzweinull.stadtarchiv-digital.de\\\/#\\\/schema\\\/person\\\/8672a8c8425105971cb82cbbe0df75eb\"},\"breadcrumb\":{\"@id\":\"https:\\\/\\\/aschaffenburgzweinull.stadtarchiv-digital.de\\\/der-besuch-des-bayerischen-koenigs-ludwigs-i-und-seiner-familie-in-aschaffenburg-1840-teil-1\\\/#breadcrumb\"},\"inLanguage\":\"de\",\"potentialAction\":[{\"@type\":\"ReadAction\",\"target\":[\"https:\\\/\\\/aschaffenburgzweinull.stadtarchiv-digital.de\\\/der-besuch-des-bayerischen-koenigs-ludwigs-i-und-seiner-familie-in-aschaffenburg-1840-teil-1\\\/\"]}]},{\"@type\":\"BreadcrumbList\",\"@id\":\"https:\\\/\\\/aschaffenburgzweinull.stadtarchiv-digital.de\\\/der-besuch-des-bayerischen-koenigs-ludwigs-i-und-seiner-familie-in-aschaffenburg-1840-teil-1\\\/#breadcrumb\",\"itemListElement\":[{\"@type\":\"ListItem\",\"position\":1,\"name\":\"Startseite\",\"item\":\"https:\\\/\\\/aschaffenburgzweinull.stadtarchiv-digital.de\\\/\"},{\"@type\":\"ListItem\",\"position\":2,\"name\":\"Der Besuch des bayerischen K\u00f6nigs Ludwigs I. und seiner Familie in Aschaffenburg 1840 (Teil 1)\"}]},{\"@type\":\"WebSite\",\"@id\":\"https:\\\/\\\/aschaffenburgzweinull.stadtarchiv-digital.de\\\/#website\",\"url\":\"https:\\\/\\\/aschaffenburgzweinull.stadtarchiv-digital.de\\\/\",\"name\":\"Aschaffenburg\",\"description\":\"2.0\",\"potentialAction\":[{\"@type\":\"SearchAction\",\"target\":{\"@type\":\"EntryPoint\",\"urlTemplate\":\"https:\\\/\\\/aschaffenburgzweinull.stadtarchiv-digital.de\\\/?s={search_term_string}\"},\"query-input\":{\"@type\":\"PropertyValueSpecification\",\"valueRequired\":true,\"valueName\":\"search_term_string\"}}],\"inLanguage\":\"de\"},{\"@type\":\"Person\",\"@id\":\"https:\\\/\\\/aschaffenburgzweinull.stadtarchiv-digital.de\\\/#\\\/schema\\\/person\\\/8672a8c8425105971cb82cbbe0df75eb\",\"name\":\"KlotzMatthias\",\"url\":\"https:\\\/\\\/aschaffenburgzweinull.stadtarchiv-digital.de\\\/author\\\/klotzmatthias\\\/\"}]}<\/script>\n<!-- \/ Yoast SEO plugin. -->","yoast_head_json":{"title":"Der Besuch des bayerischen K\u00f6nigs Ludwigs I. und seiner Familie in Aschaffenburg 1840 (Teil 1) - Aschaffenburg","robots":{"index":"index","follow":"follow","max-snippet":"max-snippet:-1","max-image-preview":"max-image-preview:large","max-video-preview":"max-video-preview:-1"},"canonical":"https:\/\/aschaffenburgzweinull.stadtarchiv-digital.de\/der-besuch-des-bayerischen-koenigs-ludwigs-i-und-seiner-familie-in-aschaffenburg-1840-teil-1\/","og_locale":"de_DE","og_type":"article","og_title":"Der Besuch des bayerischen K\u00f6nigs Ludwigs I. und seiner Familie in Aschaffenburg 1840 (Teil 1) - Aschaffenburg","og_description":"Zwei Jahre mussten die Aschaffenburger warten, bis ihr geliebter K\u00f6nig Ludwig I. (1786-1868) wieder die Stadt besuchte. Am 20. Mai 1840 traf die Familie in Aschaffenburg ein, nachdem sie vorher [&hellip;]","og_url":"https:\/\/aschaffenburgzweinull.stadtarchiv-digital.de\/der-besuch-des-bayerischen-koenigs-ludwigs-i-und-seiner-familie-in-aschaffenburg-1840-teil-1\/","og_site_name":"Aschaffenburg","article_published_time":"2022-06-08T08:44:43+00:00","og_image":[{"width":379,"height":70,"url":"https:\/\/aschaffenburgzweinull.stadtarchiv-digital.de\/wp-content\/uploads\/2020\/07\/Logo-Stadtarchiv-Aschaffenburg.png","type":"image\/png"}],"author":"KlotzMatthias","twitter_card":"summary_large_image","twitter_misc":{"Verfasst von":"KlotzMatthias","Gesch\u00e4tzte Lesezeit":"7\u00a0Minuten"},"schema":{"@context":"https:\/\/schema.org","@graph":[{"@type":"Article","@id":"https:\/\/aschaffenburgzweinull.stadtarchiv-digital.de\/der-besuch-des-bayerischen-koenigs-ludwigs-i-und-seiner-familie-in-aschaffenburg-1840-teil-1\/#article","isPartOf":{"@id":"https:\/\/aschaffenburgzweinull.stadtarchiv-digital.de\/der-besuch-des-bayerischen-koenigs-ludwigs-i-und-seiner-familie-in-aschaffenburg-1840-teil-1\/"},"author":{"name":"KlotzMatthias","@id":"https:\/\/aschaffenburgzweinull.stadtarchiv-digital.de\/#\/schema\/person\/8672a8c8425105971cb82cbbe0df75eb"},"headline":"Der Besuch des bayerischen K\u00f6nigs Ludwigs I. und seiner Familie in Aschaffenburg 1840 (Teil 1)","datePublished":"2022-06-08T08:44:43+00:00","mainEntityOfPage":{"@id":"https:\/\/aschaffenburgzweinull.stadtarchiv-digital.de\/der-besuch-des-bayerischen-koenigs-ludwigs-i-und-seiner-familie-in-aschaffenburg-1840-teil-1\/"},"wordCount":1124,"commentCount":0,"keywords":["K\u00f6nig","Besuch","Ludwig I"],"articleSection":["Kultur","Geschichte"],"inLanguage":"de","potentialAction":[{"@type":"CommentAction","name":"Comment","target":["https:\/\/aschaffenburgzweinull.stadtarchiv-digital.de\/der-besuch-des-bayerischen-koenigs-ludwigs-i-und-seiner-familie-in-aschaffenburg-1840-teil-1\/#respond"]}]},{"@type":"WebPage","@id":"https:\/\/aschaffenburgzweinull.stadtarchiv-digital.de\/der-besuch-des-bayerischen-koenigs-ludwigs-i-und-seiner-familie-in-aschaffenburg-1840-teil-1\/","url":"https:\/\/aschaffenburgzweinull.stadtarchiv-digital.de\/der-besuch-des-bayerischen-koenigs-ludwigs-i-und-seiner-familie-in-aschaffenburg-1840-teil-1\/","name":"Der Besuch des bayerischen K\u00f6nigs Ludwigs I. und seiner Familie in Aschaffenburg 1840 (Teil 1) - Aschaffenburg","isPartOf":{"@id":"https:\/\/aschaffenburgzweinull.stadtarchiv-digital.de\/#website"},"datePublished":"2022-06-08T08:44:43+00:00","author":{"@id":"https:\/\/aschaffenburgzweinull.stadtarchiv-digital.de\/#\/schema\/person\/8672a8c8425105971cb82cbbe0df75eb"},"breadcrumb":{"@id":"https:\/\/aschaffenburgzweinull.stadtarchiv-digital.de\/der-besuch-des-bayerischen-koenigs-ludwigs-i-und-seiner-familie-in-aschaffenburg-1840-teil-1\/#breadcrumb"},"inLanguage":"de","potentialAction":[{"@type":"ReadAction","target":["https:\/\/aschaffenburgzweinull.stadtarchiv-digital.de\/der-besuch-des-bayerischen-koenigs-ludwigs-i-und-seiner-familie-in-aschaffenburg-1840-teil-1\/"]}]},{"@type":"BreadcrumbList","@id":"https:\/\/aschaffenburgzweinull.stadtarchiv-digital.de\/der-besuch-des-bayerischen-koenigs-ludwigs-i-und-seiner-familie-in-aschaffenburg-1840-teil-1\/#breadcrumb","itemListElement":[{"@type":"ListItem","position":1,"name":"Startseite","item":"https:\/\/aschaffenburgzweinull.stadtarchiv-digital.de\/"},{"@type":"ListItem","position":2,"name":"Der Besuch des bayerischen K\u00f6nigs Ludwigs I. und seiner Familie in Aschaffenburg 1840 (Teil 1)"}]},{"@type":"WebSite","@id":"https:\/\/aschaffenburgzweinull.stadtarchiv-digital.de\/#website","url":"https:\/\/aschaffenburgzweinull.stadtarchiv-digital.de\/","name":"Aschaffenburg","description":"2.0","potentialAction":[{"@type":"SearchAction","target":{"@type":"EntryPoint","urlTemplate":"https:\/\/aschaffenburgzweinull.stadtarchiv-digital.de\/?s={search_term_string}"},"query-input":{"@type":"PropertyValueSpecification","valueRequired":true,"valueName":"search_term_string"}}],"inLanguage":"de"},{"@type":"Person","@id":"https:\/\/aschaffenburgzweinull.stadtarchiv-digital.de\/#\/schema\/person\/8672a8c8425105971cb82cbbe0df75eb","name":"KlotzMatthias","url":"https:\/\/aschaffenburgzweinull.stadtarchiv-digital.de\/author\/klotzmatthias\/"}]}},"_links":{"self":[{"href":"https:\/\/aschaffenburgzweinull.stadtarchiv-digital.de\/data\/wp\/v2\/posts\/5435","targetHints":{"allow":["GET"]}}],"collection":[{"href":"https:\/\/aschaffenburgzweinull.stadtarchiv-digital.de\/data\/wp\/v2\/posts"}],"about":[{"href":"https:\/\/aschaffenburgzweinull.stadtarchiv-digital.de\/data\/wp\/v2\/types\/post"}],"author":[{"embeddable":true,"href":"https:\/\/aschaffenburgzweinull.stadtarchiv-digital.de\/data\/wp\/v2\/users\/40"}],"replies":[{"embeddable":true,"href":"https:\/\/aschaffenburgzweinull.stadtarchiv-digital.de\/data\/wp\/v2\/comments?post=5435"}],"version-history":[{"count":6,"href":"https:\/\/aschaffenburgzweinull.stadtarchiv-digital.de\/data\/wp\/v2\/posts\/5435\/revisions"}],"predecessor-version":[{"id":5447,"href":"https:\/\/aschaffenburgzweinull.stadtarchiv-digital.de\/data\/wp\/v2\/posts\/5435\/revisions\/5447"}],"wp:attachment":[{"href":"https:\/\/aschaffenburgzweinull.stadtarchiv-digital.de\/data\/wp\/v2\/media?parent=5435"}],"wp:term":[{"taxonomy":"category","embeddable":true,"href":"https:\/\/aschaffenburgzweinull.stadtarchiv-digital.de\/data\/wp\/v2\/categories?post=5435"},{"taxonomy":"post_tag","embeddable":true,"href":"https:\/\/aschaffenburgzweinull.stadtarchiv-digital.de\/data\/wp\/v2\/tags?post=5435"},{"taxonomy":"format","embeddable":true,"href":"https:\/\/aschaffenburgzweinull.stadtarchiv-digital.de\/data\/wp\/v2\/post-format?post=5435"},{"taxonomy":"content","embeddable":true,"href":"https:\/\/aschaffenburgzweinull.stadtarchiv-digital.de\/data\/wp\/v2\/post-content?post=5435"}],"curies":[{"name":"wp","href":"https:\/\/api.w.org\/{rel}","templated":true}]}}