{"id":4667,"date":"2022-03-23T12:30:34","date_gmt":"2022-03-23T11:30:34","guid":{"rendered":"https:\/\/aschaffenburgzweinull.stadtarchiv-digital.de\/?p=4667"},"modified":"2022-03-23T12:30:34","modified_gmt":"2022-03-23T11:30:34","slug":"7-nachricht","status":"publish","type":"post","link":"https:\/\/aschaffenburgzweinull.stadtarchiv-digital.de\/7-nachricht\/","title":{"rendered":"7. Nachricht"},"content":{"rendered":"<p>Hallo, ich gr\u00fc\u00dfe Dich! Sch\u00f6n, dass Du weiter neugierig auf meine Familie und mich bist! Heute wollte ich von meinem Schwager Max Levi erz\u00e4hlen, richtig? Genau! Max war der Ehemann meiner Schwester Hedwig. Die beiden heirateten 1910 in Aschaffenburg. Er war 35, sie 24.<\/p>\n<p>Die beiden hatten sich sehr gern und ich freue mich, dass ich bei ihrer Hochzeit Trauzeuge sein durfte! Max kam \u00fcrspr\u00fcnglich aus einem kleinen Ort in der N\u00e4he von Heilbronn \u2013 aus Affaltrach. Er zog aus beruflichen Gr\u00fcnden nach Aschaffenburg, wo er als Kaufmann im Gesch\u00e4ft von Simon L\u00f6b Dilsheimer arbeitete, das sich in der Herstallstrasse befand.<\/p>\n<p>Bevor Max und Hedwig heirateten, wurde er \u2013 ebenfalls 1910 \u2013 Teilhaber bei \u201cH. Hamburger &amp; S\u00f6hne\u201d. Dieser berufliche Aufstieg war damals sehr wichtig: Durch die finanzielle Sicherheit, die eine solche Stellung mit sich bringt, konnte man davon ausgehen, dass Max imstande war, seine Familie zu versorgen.<\/p>\n<p>Wie Du sicher wei\u00dft, waren daf\u00fcr bis vor gar nicht so langer Zeit vor allem, meistens eher nur, die M\u00e4nner zust\u00e4ndig. Das war ja auch schon bei meinen Eltern so gewesen, wie Du Dich vielleicht erinnerst. Aber zur\u00fcck zum Thema: Familie Levi! Kurz nach der Hochzeit freuten wir uns auch schon \u00fcber die sch\u00f6ne Neuigkeit: Hedwig erwartete ein Kind! Dieses Kind wurde am 8. Oktober 1911 in Aschaffenburg geboren und trug den Namen Anneliese.<\/p>\n<p>Das n\u00e4chste Mal erfahrt ihr mehr \u00fcber die Kindheit und Jugend meiner Nichte. Ganz so unbeschwert war sie leider nicht. Eine Krankheit, die heute dank eines Impfstoffs zum Gl\u00fcck nur noch in wenigen L\u00e4ndern vorkommt, schr\u00e4nkte Anneliese sehr ein. Mehr davon das n\u00e4chste Mal. Ich freue mich auf Dich! Dein Max<\/p>\n","protected":false},"excerpt":{"rendered":"<p>Hallo, ich gr\u00fc\u00dfe Dich! Sch\u00f6n, dass Du weiter neugierig auf meine Familie und mich bist! Heute wollte ich von meinem Schwager Max Levi erz\u00e4hlen, richtig? Genau! Max war der Ehemann [&hellip;]<\/p>\n","protected":false},"author":3,"featured_media":0,"comment_status":"open","ping_status":"open","sticky":false,"template":"","format":"standard","meta":{"_acf_changed":false,"footnotes":""},"categories":[39,1,38],"tags":[875,264,643],"post-format":[2],"post-content":[67],"class_list":["post-4667","post","type-post","status-publish","format-standard","hentry","category-kultur","category-bildung","category-geschichte","tag-geschaeft","tag-juedische-geschichte","tag-unternehmen","format-information","content-text","project-erinnern-immer"],"acf":[],"yoast_head":"<!-- This site is optimized with the Yoast SEO plugin v27.4 - https:\/\/yoast.com\/product\/yoast-seo-wordpress\/ -->\n<title>7. Nachricht - Aschaffenburg<\/title>\n<meta name=\"robots\" content=\"index, follow, max-snippet:-1, max-image-preview:large, max-video-preview:-1\" \/>\n<link rel=\"canonical\" href=\"https:\/\/aschaffenburgzweinull.stadtarchiv-digital.de\/7-nachricht\/\" \/>\n<meta property=\"og:locale\" content=\"de_DE\" \/>\n<meta property=\"og:type\" content=\"article\" \/>\n<meta property=\"og:title\" content=\"7. Nachricht - Aschaffenburg\" \/>\n<meta property=\"og:description\" content=\"Hallo, ich gr\u00fc\u00dfe Dich! Sch\u00f6n, dass Du weiter neugierig auf meine Familie und mich bist! Heute wollte ich von meinem Schwager Max Levi erz\u00e4hlen, richtig? Genau! Max war der Ehemann [&hellip;]\" \/>\n<meta property=\"og:url\" content=\"https:\/\/aschaffenburgzweinull.stadtarchiv-digital.de\/7-nachricht\/\" \/>\n<meta property=\"og:site_name\" content=\"Aschaffenburg\" \/>\n<meta property=\"article:published_time\" content=\"2022-03-23T11:30:34+00:00\" \/>\n<meta property=\"og:image\" content=\"https:\/\/aschaffenburgzweinull.stadtarchiv-digital.de\/wp-content\/uploads\/2020\/07\/Logo-Stadtarchiv-Aschaffenburg.png\" \/>\n\t<meta property=\"og:image:width\" content=\"379\" \/>\n\t<meta property=\"og:image:height\" content=\"70\" \/>\n\t<meta property=\"og:image:type\" content=\"image\/png\" \/>\n<meta name=\"author\" content=\"Aschaffenburg_2.0\" \/>\n<meta name=\"twitter:card\" content=\"summary_large_image\" \/>\n<meta name=\"twitter:label1\" content=\"Verfasst von\" \/>\n\t<meta name=\"twitter:data1\" content=\"Aschaffenburg_2.0\" \/>\n\t<meta name=\"twitter:label2\" content=\"Gesch\u00e4tzte Lesezeit\" \/>\n\t<meta name=\"twitter:data2\" content=\"2\u00a0Minuten\" \/>\n<script type=\"application\/ld+json\" class=\"yoast-schema-graph\">{\"@context\":\"https:\\\/\\\/schema.org\",\"@graph\":[{\"@type\":\"Article\",\"@id\":\"https:\\\/\\\/aschaffenburgzweinull.stadtarchiv-digital.de\\\/7-nachricht\\\/#article\",\"isPartOf\":{\"@id\":\"https:\\\/\\\/aschaffenburgzweinull.stadtarchiv-digital.de\\\/7-nachricht\\\/\"},\"author\":{\"name\":\"Aschaffenburg_2.0\",\"@id\":\"https:\\\/\\\/aschaffenburgzweinull.stadtarchiv-digital.de\\\/#\\\/schema\\\/person\\\/6620dad05f894110a34e3afd3c3cf3ff\"},\"headline\":\"7. Nachricht\",\"datePublished\":\"2022-03-23T11:30:34+00:00\",\"mainEntityOfPage\":{\"@id\":\"https:\\\/\\\/aschaffenburgzweinull.stadtarchiv-digital.de\\\/7-nachricht\\\/\"},\"wordCount\":285,\"commentCount\":0,\"keywords\":[\"Gesch\u00e4ft\",\"J\u00fcdische Geschichte\",\"Unternehmen\"],\"articleSection\":[\"Kultur\",\"Bildung\",\"Geschichte\"],\"inLanguage\":\"de\",\"potentialAction\":[{\"@type\":\"CommentAction\",\"name\":\"Comment\",\"target\":[\"https:\\\/\\\/aschaffenburgzweinull.stadtarchiv-digital.de\\\/7-nachricht\\\/#respond\"]}]},{\"@type\":\"WebPage\",\"@id\":\"https:\\\/\\\/aschaffenburgzweinull.stadtarchiv-digital.de\\\/7-nachricht\\\/\",\"url\":\"https:\\\/\\\/aschaffenburgzweinull.stadtarchiv-digital.de\\\/7-nachricht\\\/\",\"name\":\"7. Nachricht - Aschaffenburg\",\"isPartOf\":{\"@id\":\"https:\\\/\\\/aschaffenburgzweinull.stadtarchiv-digital.de\\\/#website\"},\"datePublished\":\"2022-03-23T11:30:34+00:00\",\"author\":{\"@id\":\"https:\\\/\\\/aschaffenburgzweinull.stadtarchiv-digital.de\\\/#\\\/schema\\\/person\\\/6620dad05f894110a34e3afd3c3cf3ff\"},\"breadcrumb\":{\"@id\":\"https:\\\/\\\/aschaffenburgzweinull.stadtarchiv-digital.de\\\/7-nachricht\\\/#breadcrumb\"},\"inLanguage\":\"de\",\"potentialAction\":[{\"@type\":\"ReadAction\",\"target\":[\"https:\\\/\\\/aschaffenburgzweinull.stadtarchiv-digital.de\\\/7-nachricht\\\/\"]}]},{\"@type\":\"BreadcrumbList\",\"@id\":\"https:\\\/\\\/aschaffenburgzweinull.stadtarchiv-digital.de\\\/7-nachricht\\\/#breadcrumb\",\"itemListElement\":[{\"@type\":\"ListItem\",\"position\":1,\"name\":\"Startseite\",\"item\":\"https:\\\/\\\/aschaffenburgzweinull.stadtarchiv-digital.de\\\/\"},{\"@type\":\"ListItem\",\"position\":2,\"name\":\"7. Nachricht\"}]},{\"@type\":\"WebSite\",\"@id\":\"https:\\\/\\\/aschaffenburgzweinull.stadtarchiv-digital.de\\\/#website\",\"url\":\"https:\\\/\\\/aschaffenburgzweinull.stadtarchiv-digital.de\\\/\",\"name\":\"Aschaffenburg\",\"description\":\"2.0\",\"potentialAction\":[{\"@type\":\"SearchAction\",\"target\":{\"@type\":\"EntryPoint\",\"urlTemplate\":\"https:\\\/\\\/aschaffenburgzweinull.stadtarchiv-digital.de\\\/?s={search_term_string}\"},\"query-input\":{\"@type\":\"PropertyValueSpecification\",\"valueRequired\":true,\"valueName\":\"search_term_string\"}}],\"inLanguage\":\"de\"},{\"@type\":\"Person\",\"@id\":\"https:\\\/\\\/aschaffenburgzweinull.stadtarchiv-digital.de\\\/#\\\/schema\\\/person\\\/6620dad05f894110a34e3afd3c3cf3ff\",\"name\":\"Aschaffenburg_2.0\",\"url\":\"https:\\\/\\\/aschaffenburgzweinull.stadtarchiv-digital.de\\\/author\\\/aschaffenburg_2-0\\\/\"}]}<\/script>\n<!-- \/ Yoast SEO plugin. -->","yoast_head_json":{"title":"7. Nachricht - Aschaffenburg","robots":{"index":"index","follow":"follow","max-snippet":"max-snippet:-1","max-image-preview":"max-image-preview:large","max-video-preview":"max-video-preview:-1"},"canonical":"https:\/\/aschaffenburgzweinull.stadtarchiv-digital.de\/7-nachricht\/","og_locale":"de_DE","og_type":"article","og_title":"7. Nachricht - Aschaffenburg","og_description":"Hallo, ich gr\u00fc\u00dfe Dich! Sch\u00f6n, dass Du weiter neugierig auf meine Familie und mich bist! Heute wollte ich von meinem Schwager Max Levi erz\u00e4hlen, richtig? Genau! Max war der Ehemann [&hellip;]","og_url":"https:\/\/aschaffenburgzweinull.stadtarchiv-digital.de\/7-nachricht\/","og_site_name":"Aschaffenburg","article_published_time":"2022-03-23T11:30:34+00:00","og_image":[{"width":379,"height":70,"url":"https:\/\/aschaffenburgzweinull.stadtarchiv-digital.de\/wp-content\/uploads\/2020\/07\/Logo-Stadtarchiv-Aschaffenburg.png","type":"image\/png"}],"author":"Aschaffenburg_2.0","twitter_card":"summary_large_image","twitter_misc":{"Verfasst von":"Aschaffenburg_2.0","Gesch\u00e4tzte Lesezeit":"2\u00a0Minuten"},"schema":{"@context":"https:\/\/schema.org","@graph":[{"@type":"Article","@id":"https:\/\/aschaffenburgzweinull.stadtarchiv-digital.de\/7-nachricht\/#article","isPartOf":{"@id":"https:\/\/aschaffenburgzweinull.stadtarchiv-digital.de\/7-nachricht\/"},"author":{"name":"Aschaffenburg_2.0","@id":"https:\/\/aschaffenburgzweinull.stadtarchiv-digital.de\/#\/schema\/person\/6620dad05f894110a34e3afd3c3cf3ff"},"headline":"7. Nachricht","datePublished":"2022-03-23T11:30:34+00:00","mainEntityOfPage":{"@id":"https:\/\/aschaffenburgzweinull.stadtarchiv-digital.de\/7-nachricht\/"},"wordCount":285,"commentCount":0,"keywords":["Gesch\u00e4ft","J\u00fcdische Geschichte","Unternehmen"],"articleSection":["Kultur","Bildung","Geschichte"],"inLanguage":"de","potentialAction":[{"@type":"CommentAction","name":"Comment","target":["https:\/\/aschaffenburgzweinull.stadtarchiv-digital.de\/7-nachricht\/#respond"]}]},{"@type":"WebPage","@id":"https:\/\/aschaffenburgzweinull.stadtarchiv-digital.de\/7-nachricht\/","url":"https:\/\/aschaffenburgzweinull.stadtarchiv-digital.de\/7-nachricht\/","name":"7. Nachricht - Aschaffenburg","isPartOf":{"@id":"https:\/\/aschaffenburgzweinull.stadtarchiv-digital.de\/#website"},"datePublished":"2022-03-23T11:30:34+00:00","author":{"@id":"https:\/\/aschaffenburgzweinull.stadtarchiv-digital.de\/#\/schema\/person\/6620dad05f894110a34e3afd3c3cf3ff"},"breadcrumb":{"@id":"https:\/\/aschaffenburgzweinull.stadtarchiv-digital.de\/7-nachricht\/#breadcrumb"},"inLanguage":"de","potentialAction":[{"@type":"ReadAction","target":["https:\/\/aschaffenburgzweinull.stadtarchiv-digital.de\/7-nachricht\/"]}]},{"@type":"BreadcrumbList","@id":"https:\/\/aschaffenburgzweinull.stadtarchiv-digital.de\/7-nachricht\/#breadcrumb","itemListElement":[{"@type":"ListItem","position":1,"name":"Startseite","item":"https:\/\/aschaffenburgzweinull.stadtarchiv-digital.de\/"},{"@type":"ListItem","position":2,"name":"7. Nachricht"}]},{"@type":"WebSite","@id":"https:\/\/aschaffenburgzweinull.stadtarchiv-digital.de\/#website","url":"https:\/\/aschaffenburgzweinull.stadtarchiv-digital.de\/","name":"Aschaffenburg","description":"2.0","potentialAction":[{"@type":"SearchAction","target":{"@type":"EntryPoint","urlTemplate":"https:\/\/aschaffenburgzweinull.stadtarchiv-digital.de\/?s={search_term_string}"},"query-input":{"@type":"PropertyValueSpecification","valueRequired":true,"valueName":"search_term_string"}}],"inLanguage":"de"},{"@type":"Person","@id":"https:\/\/aschaffenburgzweinull.stadtarchiv-digital.de\/#\/schema\/person\/6620dad05f894110a34e3afd3c3cf3ff","name":"Aschaffenburg_2.0","url":"https:\/\/aschaffenburgzweinull.stadtarchiv-digital.de\/author\/aschaffenburg_2-0\/"}]}},"_links":{"self":[{"href":"https:\/\/aschaffenburgzweinull.stadtarchiv-digital.de\/data\/wp\/v2\/posts\/4667","targetHints":{"allow":["GET"]}}],"collection":[{"href":"https:\/\/aschaffenburgzweinull.stadtarchiv-digital.de\/data\/wp\/v2\/posts"}],"about":[{"href":"https:\/\/aschaffenburgzweinull.stadtarchiv-digital.de\/data\/wp\/v2\/types\/post"}],"author":[{"embeddable":true,"href":"https:\/\/aschaffenburgzweinull.stadtarchiv-digital.de\/data\/wp\/v2\/users\/3"}],"replies":[{"embeddable":true,"href":"https:\/\/aschaffenburgzweinull.stadtarchiv-digital.de\/data\/wp\/v2\/comments?post=4667"}],"version-history":[{"count":4,"href":"https:\/\/aschaffenburgzweinull.stadtarchiv-digital.de\/data\/wp\/v2\/posts\/4667\/revisions"}],"predecessor-version":[{"id":4899,"href":"https:\/\/aschaffenburgzweinull.stadtarchiv-digital.de\/data\/wp\/v2\/posts\/4667\/revisions\/4899"}],"wp:attachment":[{"href":"https:\/\/aschaffenburgzweinull.stadtarchiv-digital.de\/data\/wp\/v2\/media?parent=4667"}],"wp:term":[{"taxonomy":"category","embeddable":true,"href":"https:\/\/aschaffenburgzweinull.stadtarchiv-digital.de\/data\/wp\/v2\/categories?post=4667"},{"taxonomy":"post_tag","embeddable":true,"href":"https:\/\/aschaffenburgzweinull.stadtarchiv-digital.de\/data\/wp\/v2\/tags?post=4667"},{"taxonomy":"format","embeddable":true,"href":"https:\/\/aschaffenburgzweinull.stadtarchiv-digital.de\/data\/wp\/v2\/post-format?post=4667"},{"taxonomy":"content","embeddable":true,"href":"https:\/\/aschaffenburgzweinull.stadtarchiv-digital.de\/data\/wp\/v2\/post-content?post=4667"}],"curies":[{"name":"wp","href":"https:\/\/api.w.org\/{rel}","templated":true}]}}