{"id":4367,"date":"2022-03-28T07:48:10","date_gmt":"2022-03-28T05:48:10","guid":{"rendered":"https:\/\/aschaffenburgzweinull.stadtarchiv-digital.de\/?p=4367"},"modified":"2022-03-29T09:33:24","modified_gmt":"2022-03-29T07:33:24","slug":"bodendenkmaeler-schweinheim","status":"publish","type":"post","link":"https:\/\/aschaffenburgzweinull.stadtarchiv-digital.de\/bodendenkmaeler-schweinheim\/","title":{"rendered":"Bodendenkm\u00e4ler &#8211; Schweinheim"},"content":{"rendered":"<p><strong>Grabh\u00fcgelfeld<\/strong><\/p>\n<p>S\u00fcd\u00f6stlich des Sangenbachs befindet sich auf der Flur \u201eP\u00e4rlein\u201c ein gr\u00f6\u00dferes Grabh\u00fcgelfeld vorgeschichtlicher Zeitstellung. Im digitalen Gel\u00e4ndemodell sind an dem sanft nach Norden abfallenden Hang mindestens 13 H\u00fcgel zu erkennen. Bj\u00f6rn-Uwe Abels nennt 1979 nur 10 Grabh\u00fcgel. Die aus Sand aufgeworfenen Objekte sind mit Durchmessern zwischen meist 15 und 20 m vergleichsweise gro\u00df, z. T. aber stark verflacht. Zwei H\u00fcgel besitzen Durchmesser von etwa 35 m und sind noch bis zu 3 m H\u00f6he erhalten. Zwei Objekte sind durch einen wohl bereits um 1920, auf jeden Fall aber vor 1979 angelegten Waldweg angeschnitten und deutlich in Mitleidenschaft gezogen worden. Weitere H\u00fcgel wurden durch zumeist alte Angrabungen gest\u00f6rt. J\u00fcngere Eingriffe gehen auf die Nutzung des Gel\u00e4ndes zu \u00dcbungszwecken der US-Army zur\u00fcck, die in den H\u00fcgeln noch bis in die 1990er Jahre Schanzarbeiten ausf\u00fchrte. Funde aus dem Gr\u00e4berfeld sind nicht bekannt geworden. Eine n\u00e4here Datierung innerhalb der Vorgeschichte ist somit nicht m\u00f6glich.<\/p>\n<p><strong>Siedlung des Alt- bis Mittelneolithikums<\/strong><\/p>\n<p>Im Fr\u00fchjahr 1961 wurde am Rand der bereits damals aufgelassenen Gemeindesandgrube im S\u00fcden von Schweinheim durch einen Sch\u00fcler ein jungsteinzeitliches Steinbeil, ein sog. Schuhleistenkeil, gefunden. Das in etwa 0,6 m Tiefe am Rand der Grube zutage getretene Beil wurde gleich den Museen der Stadt Aschaffenburg \u00fcbergeben. Wenige Tage sp\u00e4ter entdeckte der Finder in unmittelbarer N\u00e4he zwei kleine r\u00f6tlich-ockerfarbene Keramikst\u00fccke vorgeschichtlicher Zeitstellung sowie etwas Holzkohlereste. Eine baldige Nachgrabung durch Mitarbeiter der Aschaffenburger Museen ergab an dieser Stelle keine Hinweise auf Befunde. Das nicht ganz 10 cm lange trapezf\u00f6rmige Beil aus gr\u00fcnlich-grauem Amphibolit ist besonders am Nacken besch\u00e4digt, w\u00e4hrend die Schneide sehr gut erhalten ist. Die Keramikfragmente weisen keine Besonderheiten auf. Die Befunde der ungew\u00f6hnlicherweise auf einem Hochsattel gelegenen Siedlung des Alt- bis Mittelneolithikums wurden durch den Sandabbau gro\u00dffl\u00e4chig zerst\u00f6rt und d\u00fcrften nur noch im Randbereich der Grube anzutreffen sein.<\/p>\n<p><strong>Pfarrkirche Mari\u00e4 Geburt<\/strong><\/p>\n<p>Bei dem bestehenden Bau der kath. Pfarrkirche Mari\u00e4 Geburt handelt es sich um einen Neubau von 1894 an der Stelle von \u00e4lteren Sakralbauten. So ist seit 1660 eine Kapelle belegt, die im 18. Jh. erweitert wurde. Im Bereich der Kirche sind Befunde von Vorg\u00e4ngerbauten des Mittelalters und der fr\u00fchen Neuzeit im Boden zu erwarten (Vgl. Baudenkm\u00e4ler, <a href=\"https:\/\/aschaffenburgzweinull.stadtarchiv-digital.de\/?p=4277&amp;preview=true\">Marienstra\u00dfe 16<\/a>).<\/p>\n<p>Quelle:<\/p>\n<p>Ina Gutzeit\/Hauke Kenzler: Kreisfreie Stadt Aschaffenburg. Ensembles, Baudenkm\u00e4ler, Bodendenkm\u00e4ler (Denkm\u00e4ler in Bayern. VI. Unterfranken, 71), M\u00fcnchen 2015, S. 313.<\/p>\n","protected":false},"excerpt":{"rendered":"<p>Grabh\u00fcgelfeld S\u00fcd\u00f6stlich des Sangenbachs befindet sich auf der Flur \u201eP\u00e4rlein\u201c ein gr\u00f6\u00dferes Grabh\u00fcgelfeld vorgeschichtlicher Zeitstellung. Im digitalen Gel\u00e4ndemodell sind an dem sanft nach Norden abfallenden Hang mindestens 13 H\u00fcgel zu [&hellip;]<\/p>\n","protected":false},"author":3,"featured_media":0,"comment_status":"open","ping_status":"open","sticky":false,"template":"","format":"standard","meta":{"_acf_changed":false,"footnotes":""},"categories":[842],"tags":[18,122,137,804,812,814,817,832,844,865,866],"post-format":[2],"post-content":[67],"class_list":["post-4367","post","type-post","status-publish","format-standard","hentry","category-bodendenkmal","tag-mittelalter","tag-schweinheim","tag-kirche","tag-mariae-geburt","tag-siedlungsgeschichte","tag-fruehgeschichte","tag-fruehe-neuzeit","tag-graeberfeld","tag-grabung","tag-grabhuegel","tag-us-army","format-information","content-text","project-denkmaltopographie"],"acf":[],"yoast_head":"<!-- This site is optimized with the Yoast SEO plugin v27.4 - https:\/\/yoast.com\/product\/yoast-seo-wordpress\/ -->\n<title>Bodendenkm\u00e4ler - Schweinheim - Aschaffenburg<\/title>\n<meta name=\"robots\" content=\"index, follow, max-snippet:-1, max-image-preview:large, max-video-preview:-1\" \/>\n<link rel=\"canonical\" href=\"https:\/\/aschaffenburgzweinull.stadtarchiv-digital.de\/bodendenkmaeler-schweinheim\/\" \/>\n<meta property=\"og:locale\" content=\"de_DE\" \/>\n<meta property=\"og:type\" content=\"article\" \/>\n<meta property=\"og:title\" content=\"Bodendenkm\u00e4ler - Schweinheim - Aschaffenburg\" \/>\n<meta property=\"og:description\" content=\"Grabh\u00fcgelfeld S\u00fcd\u00f6stlich des Sangenbachs befindet sich auf der Flur \u201eP\u00e4rlein\u201c ein gr\u00f6\u00dferes Grabh\u00fcgelfeld vorgeschichtlicher Zeitstellung. Im digitalen Gel\u00e4ndemodell sind an dem sanft nach Norden abfallenden Hang mindestens 13 H\u00fcgel zu [&hellip;]\" \/>\n<meta property=\"og:url\" content=\"https:\/\/aschaffenburgzweinull.stadtarchiv-digital.de\/bodendenkmaeler-schweinheim\/\" \/>\n<meta property=\"og:site_name\" content=\"Aschaffenburg\" \/>\n<meta property=\"article:published_time\" content=\"2022-03-28T05:48:10+00:00\" \/>\n<meta property=\"article:modified_time\" content=\"2022-03-29T07:33:24+00:00\" \/>\n<meta property=\"og:image\" content=\"https:\/\/aschaffenburgzweinull.stadtarchiv-digital.de\/wp-content\/uploads\/2020\/07\/Logo-Stadtarchiv-Aschaffenburg.png\" \/>\n\t<meta property=\"og:image:width\" content=\"379\" \/>\n\t<meta property=\"og:image:height\" content=\"70\" \/>\n\t<meta property=\"og:image:type\" content=\"image\/png\" \/>\n<meta name=\"author\" content=\"Aschaffenburg_2.0\" \/>\n<meta name=\"twitter:card\" content=\"summary_large_image\" \/>\n<meta name=\"twitter:label1\" content=\"Verfasst von\" \/>\n\t<meta name=\"twitter:data1\" content=\"Aschaffenburg_2.0\" \/>\n\t<meta name=\"twitter:label2\" content=\"Gesch\u00e4tzte Lesezeit\" \/>\n\t<meta name=\"twitter:data2\" content=\"3\u00a0Minuten\" \/>\n<script type=\"application\/ld+json\" class=\"yoast-schema-graph\">{\"@context\":\"https:\\\/\\\/schema.org\",\"@graph\":[{\"@type\":\"Article\",\"@id\":\"https:\\\/\\\/aschaffenburgzweinull.stadtarchiv-digital.de\\\/bodendenkmaeler-schweinheim\\\/#article\",\"isPartOf\":{\"@id\":\"https:\\\/\\\/aschaffenburgzweinull.stadtarchiv-digital.de\\\/bodendenkmaeler-schweinheim\\\/\"},\"author\":{\"name\":\"Aschaffenburg_2.0\",\"@id\":\"https:\\\/\\\/aschaffenburgzweinull.stadtarchiv-digital.de\\\/#\\\/schema\\\/person\\\/6620dad05f894110a34e3afd3c3cf3ff\"},\"headline\":\"Bodendenkm\u00e4ler &#8211; Schweinheim\",\"datePublished\":\"2022-03-28T05:48:10+00:00\",\"dateModified\":\"2022-03-29T07:33:24+00:00\",\"mainEntityOfPage\":{\"@id\":\"https:\\\/\\\/aschaffenburgzweinull.stadtarchiv-digital.de\\\/bodendenkmaeler-schweinheim\\\/\"},\"wordCount\":407,\"commentCount\":0,\"keywords\":[\"Mittelalter\",\"Schweinheim\",\"Kirche\",\"Mari\u00e4 Geburt\",\"Siedlungsgeschichte\",\"Fr\u00fchgeschichte\",\"Fr\u00fche Neuzeit\",\"Gr\u00e4berfeld\",\"Grabung\",\"Grabh\u00fcgel\",\"US-Army\"],\"articleSection\":[\"Bodendenkmal\"],\"inLanguage\":\"de\",\"potentialAction\":[{\"@type\":\"CommentAction\",\"name\":\"Comment\",\"target\":[\"https:\\\/\\\/aschaffenburgzweinull.stadtarchiv-digital.de\\\/bodendenkmaeler-schweinheim\\\/#respond\"]}]},{\"@type\":\"WebPage\",\"@id\":\"https:\\\/\\\/aschaffenburgzweinull.stadtarchiv-digital.de\\\/bodendenkmaeler-schweinheim\\\/\",\"url\":\"https:\\\/\\\/aschaffenburgzweinull.stadtarchiv-digital.de\\\/bodendenkmaeler-schweinheim\\\/\",\"name\":\"Bodendenkm\u00e4ler - Schweinheim - Aschaffenburg\",\"isPartOf\":{\"@id\":\"https:\\\/\\\/aschaffenburgzweinull.stadtarchiv-digital.de\\\/#website\"},\"datePublished\":\"2022-03-28T05:48:10+00:00\",\"dateModified\":\"2022-03-29T07:33:24+00:00\",\"author\":{\"@id\":\"https:\\\/\\\/aschaffenburgzweinull.stadtarchiv-digital.de\\\/#\\\/schema\\\/person\\\/6620dad05f894110a34e3afd3c3cf3ff\"},\"breadcrumb\":{\"@id\":\"https:\\\/\\\/aschaffenburgzweinull.stadtarchiv-digital.de\\\/bodendenkmaeler-schweinheim\\\/#breadcrumb\"},\"inLanguage\":\"de\",\"potentialAction\":[{\"@type\":\"ReadAction\",\"target\":[\"https:\\\/\\\/aschaffenburgzweinull.stadtarchiv-digital.de\\\/bodendenkmaeler-schweinheim\\\/\"]}]},{\"@type\":\"BreadcrumbList\",\"@id\":\"https:\\\/\\\/aschaffenburgzweinull.stadtarchiv-digital.de\\\/bodendenkmaeler-schweinheim\\\/#breadcrumb\",\"itemListElement\":[{\"@type\":\"ListItem\",\"position\":1,\"name\":\"Startseite\",\"item\":\"https:\\\/\\\/aschaffenburgzweinull.stadtarchiv-digital.de\\\/\"},{\"@type\":\"ListItem\",\"position\":2,\"name\":\"Bodendenkm\u00e4ler &#8211; Schweinheim\"}]},{\"@type\":\"WebSite\",\"@id\":\"https:\\\/\\\/aschaffenburgzweinull.stadtarchiv-digital.de\\\/#website\",\"url\":\"https:\\\/\\\/aschaffenburgzweinull.stadtarchiv-digital.de\\\/\",\"name\":\"Aschaffenburg\",\"description\":\"2.0\",\"potentialAction\":[{\"@type\":\"SearchAction\",\"target\":{\"@type\":\"EntryPoint\",\"urlTemplate\":\"https:\\\/\\\/aschaffenburgzweinull.stadtarchiv-digital.de\\\/?s={search_term_string}\"},\"query-input\":{\"@type\":\"PropertyValueSpecification\",\"valueRequired\":true,\"valueName\":\"search_term_string\"}}],\"inLanguage\":\"de\"},{\"@type\":\"Person\",\"@id\":\"https:\\\/\\\/aschaffenburgzweinull.stadtarchiv-digital.de\\\/#\\\/schema\\\/person\\\/6620dad05f894110a34e3afd3c3cf3ff\",\"name\":\"Aschaffenburg_2.0\",\"url\":\"https:\\\/\\\/aschaffenburgzweinull.stadtarchiv-digital.de\\\/author\\\/aschaffenburg_2-0\\\/\"}]}<\/script>\n<!-- \/ Yoast SEO plugin. -->","yoast_head_json":{"title":"Bodendenkm\u00e4ler - Schweinheim - Aschaffenburg","robots":{"index":"index","follow":"follow","max-snippet":"max-snippet:-1","max-image-preview":"max-image-preview:large","max-video-preview":"max-video-preview:-1"},"canonical":"https:\/\/aschaffenburgzweinull.stadtarchiv-digital.de\/bodendenkmaeler-schweinheim\/","og_locale":"de_DE","og_type":"article","og_title":"Bodendenkm\u00e4ler - Schweinheim - Aschaffenburg","og_description":"Grabh\u00fcgelfeld S\u00fcd\u00f6stlich des Sangenbachs befindet sich auf der Flur \u201eP\u00e4rlein\u201c ein gr\u00f6\u00dferes Grabh\u00fcgelfeld vorgeschichtlicher Zeitstellung. Im digitalen Gel\u00e4ndemodell sind an dem sanft nach Norden abfallenden Hang mindestens 13 H\u00fcgel zu [&hellip;]","og_url":"https:\/\/aschaffenburgzweinull.stadtarchiv-digital.de\/bodendenkmaeler-schweinheim\/","og_site_name":"Aschaffenburg","article_published_time":"2022-03-28T05:48:10+00:00","article_modified_time":"2022-03-29T07:33:24+00:00","og_image":[{"width":379,"height":70,"url":"https:\/\/aschaffenburgzweinull.stadtarchiv-digital.de\/wp-content\/uploads\/2020\/07\/Logo-Stadtarchiv-Aschaffenburg.png","type":"image\/png"}],"author":"Aschaffenburg_2.0","twitter_card":"summary_large_image","twitter_misc":{"Verfasst von":"Aschaffenburg_2.0","Gesch\u00e4tzte Lesezeit":"3\u00a0Minuten"},"schema":{"@context":"https:\/\/schema.org","@graph":[{"@type":"Article","@id":"https:\/\/aschaffenburgzweinull.stadtarchiv-digital.de\/bodendenkmaeler-schweinheim\/#article","isPartOf":{"@id":"https:\/\/aschaffenburgzweinull.stadtarchiv-digital.de\/bodendenkmaeler-schweinheim\/"},"author":{"name":"Aschaffenburg_2.0","@id":"https:\/\/aschaffenburgzweinull.stadtarchiv-digital.de\/#\/schema\/person\/6620dad05f894110a34e3afd3c3cf3ff"},"headline":"Bodendenkm\u00e4ler &#8211; Schweinheim","datePublished":"2022-03-28T05:48:10+00:00","dateModified":"2022-03-29T07:33:24+00:00","mainEntityOfPage":{"@id":"https:\/\/aschaffenburgzweinull.stadtarchiv-digital.de\/bodendenkmaeler-schweinheim\/"},"wordCount":407,"commentCount":0,"keywords":["Mittelalter","Schweinheim","Kirche","Mari\u00e4 Geburt","Siedlungsgeschichte","Fr\u00fchgeschichte","Fr\u00fche Neuzeit","Gr\u00e4berfeld","Grabung","Grabh\u00fcgel","US-Army"],"articleSection":["Bodendenkmal"],"inLanguage":"de","potentialAction":[{"@type":"CommentAction","name":"Comment","target":["https:\/\/aschaffenburgzweinull.stadtarchiv-digital.de\/bodendenkmaeler-schweinheim\/#respond"]}]},{"@type":"WebPage","@id":"https:\/\/aschaffenburgzweinull.stadtarchiv-digital.de\/bodendenkmaeler-schweinheim\/","url":"https:\/\/aschaffenburgzweinull.stadtarchiv-digital.de\/bodendenkmaeler-schweinheim\/","name":"Bodendenkm\u00e4ler - Schweinheim - Aschaffenburg","isPartOf":{"@id":"https:\/\/aschaffenburgzweinull.stadtarchiv-digital.de\/#website"},"datePublished":"2022-03-28T05:48:10+00:00","dateModified":"2022-03-29T07:33:24+00:00","author":{"@id":"https:\/\/aschaffenburgzweinull.stadtarchiv-digital.de\/#\/schema\/person\/6620dad05f894110a34e3afd3c3cf3ff"},"breadcrumb":{"@id":"https:\/\/aschaffenburgzweinull.stadtarchiv-digital.de\/bodendenkmaeler-schweinheim\/#breadcrumb"},"inLanguage":"de","potentialAction":[{"@type":"ReadAction","target":["https:\/\/aschaffenburgzweinull.stadtarchiv-digital.de\/bodendenkmaeler-schweinheim\/"]}]},{"@type":"BreadcrumbList","@id":"https:\/\/aschaffenburgzweinull.stadtarchiv-digital.de\/bodendenkmaeler-schweinheim\/#breadcrumb","itemListElement":[{"@type":"ListItem","position":1,"name":"Startseite","item":"https:\/\/aschaffenburgzweinull.stadtarchiv-digital.de\/"},{"@type":"ListItem","position":2,"name":"Bodendenkm\u00e4ler &#8211; Schweinheim"}]},{"@type":"WebSite","@id":"https:\/\/aschaffenburgzweinull.stadtarchiv-digital.de\/#website","url":"https:\/\/aschaffenburgzweinull.stadtarchiv-digital.de\/","name":"Aschaffenburg","description":"2.0","potentialAction":[{"@type":"SearchAction","target":{"@type":"EntryPoint","urlTemplate":"https:\/\/aschaffenburgzweinull.stadtarchiv-digital.de\/?s={search_term_string}"},"query-input":{"@type":"PropertyValueSpecification","valueRequired":true,"valueName":"search_term_string"}}],"inLanguage":"de"},{"@type":"Person","@id":"https:\/\/aschaffenburgzweinull.stadtarchiv-digital.de\/#\/schema\/person\/6620dad05f894110a34e3afd3c3cf3ff","name":"Aschaffenburg_2.0","url":"https:\/\/aschaffenburgzweinull.stadtarchiv-digital.de\/author\/aschaffenburg_2-0\/"}]}},"_links":{"self":[{"href":"https:\/\/aschaffenburgzweinull.stadtarchiv-digital.de\/data\/wp\/v2\/posts\/4367","targetHints":{"allow":["GET"]}}],"collection":[{"href":"https:\/\/aschaffenburgzweinull.stadtarchiv-digital.de\/data\/wp\/v2\/posts"}],"about":[{"href":"https:\/\/aschaffenburgzweinull.stadtarchiv-digital.de\/data\/wp\/v2\/types\/post"}],"author":[{"embeddable":true,"href":"https:\/\/aschaffenburgzweinull.stadtarchiv-digital.de\/data\/wp\/v2\/users\/3"}],"replies":[{"embeddable":true,"href":"https:\/\/aschaffenburgzweinull.stadtarchiv-digital.de\/data\/wp\/v2\/comments?post=4367"}],"version-history":[{"count":3,"href":"https:\/\/aschaffenburgzweinull.stadtarchiv-digital.de\/data\/wp\/v2\/posts\/4367\/revisions"}],"predecessor-version":[{"id":5235,"href":"https:\/\/aschaffenburgzweinull.stadtarchiv-digital.de\/data\/wp\/v2\/posts\/4367\/revisions\/5235"}],"wp:attachment":[{"href":"https:\/\/aschaffenburgzweinull.stadtarchiv-digital.de\/data\/wp\/v2\/media?parent=4367"}],"wp:term":[{"taxonomy":"category","embeddable":true,"href":"https:\/\/aschaffenburgzweinull.stadtarchiv-digital.de\/data\/wp\/v2\/categories?post=4367"},{"taxonomy":"post_tag","embeddable":true,"href":"https:\/\/aschaffenburgzweinull.stadtarchiv-digital.de\/data\/wp\/v2\/tags?post=4367"},{"taxonomy":"format","embeddable":true,"href":"https:\/\/aschaffenburgzweinull.stadtarchiv-digital.de\/data\/wp\/v2\/post-format?post=4367"},{"taxonomy":"content","embeddable":true,"href":"https:\/\/aschaffenburgzweinull.stadtarchiv-digital.de\/data\/wp\/v2\/post-content?post=4367"}],"curies":[{"name":"wp","href":"https:\/\/api.w.org\/{rel}","templated":true}]}}