{"id":4302,"date":"2022-03-28T09:22:12","date_gmt":"2022-03-28T07:22:12","guid":{"rendered":"https:\/\/aschaffenburgzweinull.stadtarchiv-digital.de\/?p=4302"},"modified":"2022-03-28T09:22:12","modified_gmt":"2022-03-28T07:22:12","slug":"gemarkung-obernau","status":"publish","type":"post","link":"https:\/\/aschaffenburgzweinull.stadtarchiv-digital.de\/gemarkung-obernau\/","title":{"rendered":"Gemarkung Obernau"},"content":{"rendered":"<p class=\"MsoNormal\">Der Fund eines ungef\u00e4hr 17,5 cm langen spitznackigen Steinbeils des Jung- bis Endneolithikums belegt ein Einsetzen der Besiedlung innerhalb der Gemarkung im Neolithikum. Das Beil wurde im Mai 1914 an der Grenze der Gemarkungen Obernau und Soden \u201eim Wald unter Steinger\u00f6ll\u201c gefunden. Eine mineralogische Untersuchung durch die Universit\u00e4t W\u00fcrzburg bestimmte das Gestein als Diabas. Das Beil konnte zun\u00e4chst f\u00fcr das Mainfr\u00e4nkische Museum in W\u00fcrzburg erworben werden und gelangte sp\u00e4ter an das St\u00e4dtische Museum in Kitzingen. Das St\u00fcck ist heute nicht mehr identifizierbar. 1892 wurden im Main bei Obernau, etwa bei Kilometer 297, ein bronzenes Randleistenbeil und eine Nadel geborgen. Das etwa 12,5 cm lange Beil besitzt nur sehr schwach ausgepr\u00e4gte Randleisten. Die Bronzenadel weist einen diskus\u00e4hnlichen Kopf auf. Unterhalb des Kopfes wurde im Bereich einer verdickten Stelle offenbar eine Durchbohrung begonnen, aber nicht ausgef\u00fchrt. Beide Fundst\u00fccke k\u00f6nnen in die \u00e4ltere Bronzezeit datiert werden (Bz A). N\u00e4heres zu den Fundumst\u00e4nden ist nicht bekannt, doch d\u00fcrfte es sich um Deponierungen rituellen Charakters handeln. Die Objekte gelangten in die Arch\u00e4ologische Staatssammlung. Die \u00e4lteste \u00fcberlieferte schriftliche Nennung des Ortes in einer Urkunde von 1191 besagt, dass Erzbischof Konrad I. von Mainz (1120\/25\u20131200) den Ort Obernau (\u201evillam quandam Oberenheim\u201c), der dem Mainzer Stift St. Maria im Felde geh\u00f6rte, dem Aschaffenburger Stift St. Peter und Alexander schenkte. Die tats\u00e4chliche Entstehungszeit des Ortes im Mittelalter l\u00e4sst sich daraus jedoch nicht ableiten. Bereits die Endung auf -heim weist ebenso wie das n\u00f6rdlich des historischen Ortskerns gelegene Reihengr\u00e4berfeld auf eine Entstehung im fr\u00fchen Mittelalter hin. Die historische Siedlung entfaltete sich entlang der Hauptverbindungsstra\u00dfe zwischen Aschaffenburg und Miltenberg, der heutigen Hauptstra\u00dfe. Das Stra\u00dfendorf ist gepr\u00e4gt von giebelst\u00e4ndigen Fachwerkh\u00e4usern, die durch gemauerte Einfahrtstorb\u00f6gen miteinander verbunden waren. Scheunen schlie\u00dfen die tiefen Grundst\u00fccke ab und bilden den dem Dorf Schutz bietenden Scheunenrand. Dieser wurde in der Mitte des 15. Jh. durch eine gemauerte Ortsbefestigung erg\u00e4nzt.<\/p>\n<p class=\"MsoNormal\">In der Mitte des 19. Jh. liegt die gesamte Bebauung noch ausschlie\u00dflich innerhalb der Dorfbefestigung. Die in der 2. H\u00e4lfte des 19. Jh. einsetzende Dorferweiterung erfolgte haupts\u00e4chlich entlang der heutigen Maintal- und Sulzbacher Stra\u00dfe, seit dem Bau der Bahnlinie Aschaffenburg\u2013Miltenberg 1876 auch beiderseits der Bahnhofstra\u00dfe. Im 20. Jh. entwickelte sich das von einschneidenden geschichtlichen Ereignissen weitgehend verschont gebliebene Obernau zu einer Arbeiter- und sp\u00e4ter zu einer Wohngemeinde. Seit Ende des Zweiten Weltkrieges erfuhr Obernau einen deutlichen Aufschwung. Am 1. Mai 1978 erfolgte die Eingemeindung zur Stadt Aschaffenburg. Anl\u00e4sslich der 800-Jahr-Feier des Ortes 1991 hat die Stadt die Renovierung von Fassaden, Fenstern und Toren finanziell gef\u00f6rdert, weshalb vor allem durch private Initiativen einige architektonisch wertvolle Geb\u00e4ude hinsichtlich ihrer Baugeschichte untersucht, gesichert und restauriert werden konnten. Im Bereich des durch die Befestigung abgegrenzten Ortes sind arch\u00e4ologische Befunde im Boden erhalten. Am S\u00fcdrand der Gemarkung liegt am Altenbach der Standort der bis 1943 bestehenden Altenbachsm\u00fchle. Obgleich der \u00e4lteste schriftliche Beleg f\u00fcr die M\u00fchle erst aus dem Jahre 1680 stammt, sind arch\u00e4ologischen Befunde eines sp\u00e4tmittelalterlichen Vorl\u00e4ufers zu vermuten.<\/p>\n<p>Quelle:<\/p>\n<p>Ina Gutzeit\/Hauke Kenzler: Kreisfreie Stadt Aschaffenburg. Ensembles, Baudenkm\u00e4ler, Bodendenkm\u00e4ler (Denkm\u00e4ler in Bayern. VI. Unterfranken, 71), M\u00fcnchen 2015, S. 287.<\/p>\n","protected":false},"excerpt":{"rendered":"<p>Der Fund eines ungef\u00e4hr 17,5 cm langen spitznackigen Steinbeils des Jung- bis Endneolithikums belegt ein Einsetzen der Besiedlung innerhalb der Gemarkung im Neolithikum. Das Beil wurde im Mai 1914 an [&hellip;]<\/p>\n","protected":false},"author":3,"featured_media":0,"comment_status":"open","ping_status":"open","sticky":false,"template":"","format":"standard","meta":{"_acf_changed":false,"footnotes":""},"categories":[38,542],"tags":[18,95,103,232,269,627,649,657,813,814,818],"post-format":[2],"post-content":[67],"class_list":["post-4302","post","type-post","status-publish","format-standard","hentry","category-geschichte","category-baudenkmal","tag-mittelalter","tag-st-peter-und-alexander","tag-main","tag-eingemeindung","tag-muehle","tag-museum","tag-fachwerk","tag-kurmainz","tag-fundstelle","tag-fruehgeschichte","tag-archaeologische-funde","format-information","content-text","project-denkmaltopographie"],"acf":[],"yoast_head":"<!-- This site is optimized with the Yoast SEO plugin v27.4 - https:\/\/yoast.com\/product\/yoast-seo-wordpress\/ -->\n<title>Gemarkung Obernau - Aschaffenburg<\/title>\n<meta name=\"robots\" content=\"index, follow, max-snippet:-1, max-image-preview:large, max-video-preview:-1\" \/>\n<link rel=\"canonical\" href=\"https:\/\/aschaffenburgzweinull.stadtarchiv-digital.de\/gemarkung-obernau\/\" \/>\n<meta property=\"og:locale\" content=\"de_DE\" \/>\n<meta property=\"og:type\" content=\"article\" \/>\n<meta property=\"og:title\" content=\"Gemarkung Obernau - Aschaffenburg\" \/>\n<meta property=\"og:description\" content=\"Der Fund eines ungef\u00e4hr 17,5 cm langen spitznackigen Steinbeils des Jung- bis Endneolithikums belegt ein Einsetzen der Besiedlung innerhalb der Gemarkung im Neolithikum. Das Beil wurde im Mai 1914 an [&hellip;]\" \/>\n<meta property=\"og:url\" content=\"https:\/\/aschaffenburgzweinull.stadtarchiv-digital.de\/gemarkung-obernau\/\" \/>\n<meta property=\"og:site_name\" content=\"Aschaffenburg\" \/>\n<meta property=\"article:published_time\" content=\"2022-03-28T07:22:12+00:00\" \/>\n<meta property=\"og:image\" content=\"https:\/\/aschaffenburgzweinull.stadtarchiv-digital.de\/wp-content\/uploads\/2020\/07\/Logo-Stadtarchiv-Aschaffenburg.png\" \/>\n\t<meta property=\"og:image:width\" content=\"379\" \/>\n\t<meta property=\"og:image:height\" content=\"70\" \/>\n\t<meta property=\"og:image:type\" content=\"image\/png\" \/>\n<meta name=\"author\" content=\"Aschaffenburg_2.0\" \/>\n<meta name=\"twitter:card\" content=\"summary_large_image\" \/>\n<meta name=\"twitter:label1\" content=\"Verfasst von\" \/>\n\t<meta name=\"twitter:data1\" content=\"Aschaffenburg_2.0\" \/>\n\t<meta name=\"twitter:label2\" content=\"Gesch\u00e4tzte Lesezeit\" \/>\n\t<meta name=\"twitter:data2\" content=\"3\u00a0Minuten\" \/>\n<script type=\"application\/ld+json\" class=\"yoast-schema-graph\">{\"@context\":\"https:\\\/\\\/schema.org\",\"@graph\":[{\"@type\":\"Article\",\"@id\":\"https:\\\/\\\/aschaffenburgzweinull.stadtarchiv-digital.de\\\/gemarkung-obernau\\\/#article\",\"isPartOf\":{\"@id\":\"https:\\\/\\\/aschaffenburgzweinull.stadtarchiv-digital.de\\\/gemarkung-obernau\\\/\"},\"author\":{\"name\":\"Aschaffenburg_2.0\",\"@id\":\"https:\\\/\\\/aschaffenburgzweinull.stadtarchiv-digital.de\\\/#\\\/schema\\\/person\\\/6620dad05f894110a34e3afd3c3cf3ff\"},\"headline\":\"Gemarkung Obernau\",\"datePublished\":\"2022-03-28T07:22:12+00:00\",\"mainEntityOfPage\":{\"@id\":\"https:\\\/\\\/aschaffenburgzweinull.stadtarchiv-digital.de\\\/gemarkung-obernau\\\/\"},\"wordCount\":536,\"commentCount\":0,\"keywords\":[\"Mittelalter\",\"St. Peter und Alexander\",\"Main\",\"Eingemeindung\",\"M\u00fchle\",\"Museum\",\"Fachwerk\",\"Kurmainz\",\"Fundstelle\",\"Fr\u00fchgeschichte\",\"arch\u00e4ologische Funde\"],\"articleSection\":[\"Geschichte\",\"Baudenkmal\"],\"inLanguage\":\"de\",\"potentialAction\":[{\"@type\":\"CommentAction\",\"name\":\"Comment\",\"target\":[\"https:\\\/\\\/aschaffenburgzweinull.stadtarchiv-digital.de\\\/gemarkung-obernau\\\/#respond\"]}]},{\"@type\":\"WebPage\",\"@id\":\"https:\\\/\\\/aschaffenburgzweinull.stadtarchiv-digital.de\\\/gemarkung-obernau\\\/\",\"url\":\"https:\\\/\\\/aschaffenburgzweinull.stadtarchiv-digital.de\\\/gemarkung-obernau\\\/\",\"name\":\"Gemarkung Obernau - Aschaffenburg\",\"isPartOf\":{\"@id\":\"https:\\\/\\\/aschaffenburgzweinull.stadtarchiv-digital.de\\\/#website\"},\"datePublished\":\"2022-03-28T07:22:12+00:00\",\"author\":{\"@id\":\"https:\\\/\\\/aschaffenburgzweinull.stadtarchiv-digital.de\\\/#\\\/schema\\\/person\\\/6620dad05f894110a34e3afd3c3cf3ff\"},\"breadcrumb\":{\"@id\":\"https:\\\/\\\/aschaffenburgzweinull.stadtarchiv-digital.de\\\/gemarkung-obernau\\\/#breadcrumb\"},\"inLanguage\":\"de\",\"potentialAction\":[{\"@type\":\"ReadAction\",\"target\":[\"https:\\\/\\\/aschaffenburgzweinull.stadtarchiv-digital.de\\\/gemarkung-obernau\\\/\"]}]},{\"@type\":\"BreadcrumbList\",\"@id\":\"https:\\\/\\\/aschaffenburgzweinull.stadtarchiv-digital.de\\\/gemarkung-obernau\\\/#breadcrumb\",\"itemListElement\":[{\"@type\":\"ListItem\",\"position\":1,\"name\":\"Startseite\",\"item\":\"https:\\\/\\\/aschaffenburgzweinull.stadtarchiv-digital.de\\\/\"},{\"@type\":\"ListItem\",\"position\":2,\"name\":\"Gemarkung Obernau\"}]},{\"@type\":\"WebSite\",\"@id\":\"https:\\\/\\\/aschaffenburgzweinull.stadtarchiv-digital.de\\\/#website\",\"url\":\"https:\\\/\\\/aschaffenburgzweinull.stadtarchiv-digital.de\\\/\",\"name\":\"Aschaffenburg\",\"description\":\"2.0\",\"potentialAction\":[{\"@type\":\"SearchAction\",\"target\":{\"@type\":\"EntryPoint\",\"urlTemplate\":\"https:\\\/\\\/aschaffenburgzweinull.stadtarchiv-digital.de\\\/?s={search_term_string}\"},\"query-input\":{\"@type\":\"PropertyValueSpecification\",\"valueRequired\":true,\"valueName\":\"search_term_string\"}}],\"inLanguage\":\"de\"},{\"@type\":\"Person\",\"@id\":\"https:\\\/\\\/aschaffenburgzweinull.stadtarchiv-digital.de\\\/#\\\/schema\\\/person\\\/6620dad05f894110a34e3afd3c3cf3ff\",\"name\":\"Aschaffenburg_2.0\",\"url\":\"https:\\\/\\\/aschaffenburgzweinull.stadtarchiv-digital.de\\\/author\\\/aschaffenburg_2-0\\\/\"}]}<\/script>\n<!-- \/ Yoast SEO plugin. -->","yoast_head_json":{"title":"Gemarkung Obernau - Aschaffenburg","robots":{"index":"index","follow":"follow","max-snippet":"max-snippet:-1","max-image-preview":"max-image-preview:large","max-video-preview":"max-video-preview:-1"},"canonical":"https:\/\/aschaffenburgzweinull.stadtarchiv-digital.de\/gemarkung-obernau\/","og_locale":"de_DE","og_type":"article","og_title":"Gemarkung Obernau - Aschaffenburg","og_description":"Der Fund eines ungef\u00e4hr 17,5 cm langen spitznackigen Steinbeils des Jung- bis Endneolithikums belegt ein Einsetzen der Besiedlung innerhalb der Gemarkung im Neolithikum. Das Beil wurde im Mai 1914 an [&hellip;]","og_url":"https:\/\/aschaffenburgzweinull.stadtarchiv-digital.de\/gemarkung-obernau\/","og_site_name":"Aschaffenburg","article_published_time":"2022-03-28T07:22:12+00:00","og_image":[{"width":379,"height":70,"url":"https:\/\/aschaffenburgzweinull.stadtarchiv-digital.de\/wp-content\/uploads\/2020\/07\/Logo-Stadtarchiv-Aschaffenburg.png","type":"image\/png"}],"author":"Aschaffenburg_2.0","twitter_card":"summary_large_image","twitter_misc":{"Verfasst von":"Aschaffenburg_2.0","Gesch\u00e4tzte Lesezeit":"3\u00a0Minuten"},"schema":{"@context":"https:\/\/schema.org","@graph":[{"@type":"Article","@id":"https:\/\/aschaffenburgzweinull.stadtarchiv-digital.de\/gemarkung-obernau\/#article","isPartOf":{"@id":"https:\/\/aschaffenburgzweinull.stadtarchiv-digital.de\/gemarkung-obernau\/"},"author":{"name":"Aschaffenburg_2.0","@id":"https:\/\/aschaffenburgzweinull.stadtarchiv-digital.de\/#\/schema\/person\/6620dad05f894110a34e3afd3c3cf3ff"},"headline":"Gemarkung Obernau","datePublished":"2022-03-28T07:22:12+00:00","mainEntityOfPage":{"@id":"https:\/\/aschaffenburgzweinull.stadtarchiv-digital.de\/gemarkung-obernau\/"},"wordCount":536,"commentCount":0,"keywords":["Mittelalter","St. Peter und Alexander","Main","Eingemeindung","M\u00fchle","Museum","Fachwerk","Kurmainz","Fundstelle","Fr\u00fchgeschichte","arch\u00e4ologische Funde"],"articleSection":["Geschichte","Baudenkmal"],"inLanguage":"de","potentialAction":[{"@type":"CommentAction","name":"Comment","target":["https:\/\/aschaffenburgzweinull.stadtarchiv-digital.de\/gemarkung-obernau\/#respond"]}]},{"@type":"WebPage","@id":"https:\/\/aschaffenburgzweinull.stadtarchiv-digital.de\/gemarkung-obernau\/","url":"https:\/\/aschaffenburgzweinull.stadtarchiv-digital.de\/gemarkung-obernau\/","name":"Gemarkung Obernau - Aschaffenburg","isPartOf":{"@id":"https:\/\/aschaffenburgzweinull.stadtarchiv-digital.de\/#website"},"datePublished":"2022-03-28T07:22:12+00:00","author":{"@id":"https:\/\/aschaffenburgzweinull.stadtarchiv-digital.de\/#\/schema\/person\/6620dad05f894110a34e3afd3c3cf3ff"},"breadcrumb":{"@id":"https:\/\/aschaffenburgzweinull.stadtarchiv-digital.de\/gemarkung-obernau\/#breadcrumb"},"inLanguage":"de","potentialAction":[{"@type":"ReadAction","target":["https:\/\/aschaffenburgzweinull.stadtarchiv-digital.de\/gemarkung-obernau\/"]}]},{"@type":"BreadcrumbList","@id":"https:\/\/aschaffenburgzweinull.stadtarchiv-digital.de\/gemarkung-obernau\/#breadcrumb","itemListElement":[{"@type":"ListItem","position":1,"name":"Startseite","item":"https:\/\/aschaffenburgzweinull.stadtarchiv-digital.de\/"},{"@type":"ListItem","position":2,"name":"Gemarkung Obernau"}]},{"@type":"WebSite","@id":"https:\/\/aschaffenburgzweinull.stadtarchiv-digital.de\/#website","url":"https:\/\/aschaffenburgzweinull.stadtarchiv-digital.de\/","name":"Aschaffenburg","description":"2.0","potentialAction":[{"@type":"SearchAction","target":{"@type":"EntryPoint","urlTemplate":"https:\/\/aschaffenburgzweinull.stadtarchiv-digital.de\/?s={search_term_string}"},"query-input":{"@type":"PropertyValueSpecification","valueRequired":true,"valueName":"search_term_string"}}],"inLanguage":"de"},{"@type":"Person","@id":"https:\/\/aschaffenburgzweinull.stadtarchiv-digital.de\/#\/schema\/person\/6620dad05f894110a34e3afd3c3cf3ff","name":"Aschaffenburg_2.0","url":"https:\/\/aschaffenburgzweinull.stadtarchiv-digital.de\/author\/aschaffenburg_2-0\/"}]}},"_links":{"self":[{"href":"https:\/\/aschaffenburgzweinull.stadtarchiv-digital.de\/data\/wp\/v2\/posts\/4302","targetHints":{"allow":["GET"]}}],"collection":[{"href":"https:\/\/aschaffenburgzweinull.stadtarchiv-digital.de\/data\/wp\/v2\/posts"}],"about":[{"href":"https:\/\/aschaffenburgzweinull.stadtarchiv-digital.de\/data\/wp\/v2\/types\/post"}],"author":[{"embeddable":true,"href":"https:\/\/aschaffenburgzweinull.stadtarchiv-digital.de\/data\/wp\/v2\/users\/3"}],"replies":[{"embeddable":true,"href":"https:\/\/aschaffenburgzweinull.stadtarchiv-digital.de\/data\/wp\/v2\/comments?post=4302"}],"version-history":[{"count":1,"href":"https:\/\/aschaffenburgzweinull.stadtarchiv-digital.de\/data\/wp\/v2\/posts\/4302\/revisions"}],"predecessor-version":[{"id":4303,"href":"https:\/\/aschaffenburgzweinull.stadtarchiv-digital.de\/data\/wp\/v2\/posts\/4302\/revisions\/4303"}],"wp:attachment":[{"href":"https:\/\/aschaffenburgzweinull.stadtarchiv-digital.de\/data\/wp\/v2\/media?parent=4302"}],"wp:term":[{"taxonomy":"category","embeddable":true,"href":"https:\/\/aschaffenburgzweinull.stadtarchiv-digital.de\/data\/wp\/v2\/categories?post=4302"},{"taxonomy":"post_tag","embeddable":true,"href":"https:\/\/aschaffenburgzweinull.stadtarchiv-digital.de\/data\/wp\/v2\/tags?post=4302"},{"taxonomy":"format","embeddable":true,"href":"https:\/\/aschaffenburgzweinull.stadtarchiv-digital.de\/data\/wp\/v2\/post-format?post=4302"},{"taxonomy":"content","embeddable":true,"href":"https:\/\/aschaffenburgzweinull.stadtarchiv-digital.de\/data\/wp\/v2\/post-content?post=4302"}],"curies":[{"name":"wp","href":"https:\/\/api.w.org\/{rel}","templated":true}]}}