{"id":4296,"date":"2022-03-28T10:27:56","date_gmt":"2022-03-28T08:27:56","guid":{"rendered":"https:\/\/aschaffenburgzweinull.stadtarchiv-digital.de\/?p=4296"},"modified":"2022-03-28T10:27:56","modified_gmt":"2022-03-28T08:27:56","slug":"gemarkung-damm","status":"publish","type":"post","link":"https:\/\/aschaffenburgzweinull.stadtarchiv-digital.de\/gemarkung-damm\/","title":{"rendered":"Gemarkung Damm"},"content":{"rendered":"<p>Innerhalb der Gemarkung Damm werden die Zeugnisse der Vor- und Fr\u00fchgeschichte vor allem von Grabh\u00fcgelgruppen dominiert, die sich in den gro\u00dffl\u00e4chigen Forstgebieten \u201eStrietwald\u201c und \u201eStriet- Stiftswald\u201c erhalten haben. Dabei ist davon auszugehen, dass bei zuk\u00fcnftigen Gel\u00e4ndeprospektionen mit neu entwickelten Methoden noch weitere Bestattungspl\u00e4tze und andere, die Nutzung des Menschen anzeigende Gel\u00e4ndestrukturen entdeckt werden. Im Waldst\u00fcck \u201eAlter Schlag\u201c, von dem bislang keine Grabh\u00fcgelnekropolen bekannt sind, wurde beispielsweise 2011 bei Begehungen eine rundliche Gel\u00e4ndeform von ca. 15 m Durchmesser beobachtet. Im digitalen Gel\u00e4ndemodell auf der Grundlage eines Airborne Laserscans konnte die Struktur jedoch nicht als Erhebung verifiziert werden, sodass es sich m\u00f6glicherweise um einen Meilerplatz handelt.<\/p>\n<p>Auch au\u00dferhalb der Forstgebiete entspricht die Anzahl der bekannten arch\u00e4ologischen Fundstellen sicherlich nicht dem ehem. Bestand. Vielfach wurden Befunde vor- und fr\u00fchgeschichtlicher Zeitstellung unerkannt \u00fcberbaut oder unzureichend erfasst. Neben einer vermutlich in die \u00e4ltere Eisenzeit zu datierenden Siedlung existiert innerhalb der Gemarkung noch ein weiterer gesicherter Hinweis auf vor- und fr\u00fchgeschichtliche Siedlungsaktivit\u00e4ten, da 1954 beim Bau der Autobahn entsprechende arch\u00e4ologische Befunde entdeckt wurden. Die dabei geborgenen Keramikst\u00fccke sind heute verschollen, sodass eine n\u00e4here Datierung nicht mehr m\u00f6glich ist. Der nur ann\u00e4hernd lokalisierbare Fundplatz ist heute durch den Autobahnbau und die Einrichtung eines Parkplatzes \u00fcberbaut und vermutlich komplett zerst\u00f6rt. Den Beginn der Besiedlung im Neolithikum zeigen zahlreiche, jedoch nicht genau lokalisierbare Funde von Steinger\u00e4ten an, die 1901 zusammen mit anderen Funden aus dem Spessart und seiner Umgebung in die Arch\u00e4ologische Staatssammlung M\u00fcnchen gelangten. In einem alten Inventar werden sie als \u201eSteinkeile\u201c, \u201eSteinh\u00e4mmer\u201c und \u201eFeuersteinmesser\u201c bezeichnet, was heute keine eindeutige Ansprache und Datierung mehr zul\u00e4sst. M\u00f6glicherweise deutet der 1885 in der Gemarkung Damm entdeckte Fund eines heute verschollenen Glockenbechers auf zerst\u00f6rte Gr\u00e4ber des Endneolithikums hin, sodass neben dem Gr\u00e4berfeld der sp\u00e4ten Bronze-, Urnenfelder- und fr\u00fchen Hallstattzeit mindestens noch ein weiterer Bestattungsplatz innerhalb der Gemarkung angenommen werden muss. Zu den Fundumst\u00e4nden und der Fundlage sind jedoch keinerlei n\u00e4here Angaben \u00fcberliefert. Nach der von Peter Endrich gefertigten Skizze des Objekts zu urteilen, handelt es sich um einen Metopenbecher der j\u00fcngeren Glockenbecherzeit (ca. 23.\u201321. Jh. v. Chr.), wie er f\u00fcr das Untermaingebiet typisch ist. Zumindest Begehungen werden innerhalb der r\u00f6mischen Kaiserzeit durch den Zufallsfund einer r\u00f6mischen M\u00fcnze angezeigt. Der bronzene Dupondius des Marc Aurel (161\u2013180 n. Chr.) fand sich 2007 im Aushub f\u00fcr die Anlage eines Gartenteichs. Avers zeigt die M\u00fcnze die B\u00fcste des b\u00e4rtigen Kaisers mit Strahlenkrone, Gewand und der stark abgeriebenen Umschrift \u201e\u2026 NINVSAVG\u201c (Antoninus Augustus). Revers ist eine weibliche Figur mit F\u00fcllhorn und Rechenbrett zu sehen. Die Umschrift ist unleserlich. Eine Interpretation des Objekts als Siedlungs-, Depot- oder Verlustfund ist nicht m\u00f6glich.<\/p>\n<p>Wohl bereits mit der Einrichtung der Aschaffenburger Pfarrei St. Agatha in der 2. H\u00e4lfte des 12. Jh. wurde der Zehntbezirk Damm, welcher zu dieser Zeit zur Pfarrei Zu Unserer Lieben Frau (Muttergottespfarrkirche) geh\u00f6rte, St. Agatha zugeordnet. Die \u00e4lteste urkundliche Erw\u00e4hnung von Damm findet sich am 22. September 1232 aus Anlass eines Prozesses, bei dem Besitzungen im Ort \u201eDamme\u201c genannt werden. Die Erstnennungen aus den schriftlichen Quellen geben jedoch keinen Hinweis auf die tats\u00e4chliche Entstehungszeit des Ortes im Mittelalter, die deutlich davor liegen kann. Damm war kein selbstst\u00e4ndiges Dorf, sondern seine Einwohner waren mit denselben b\u00fcrgerlichen Rechten und Freiheiten begabt wie die Aschaffenburger. 1819 aber wurde Damm aus dem Stadtverband Aschaffenburg ausgeschlossen. Wohl auch dadurch vollzog sich im 19. Jh. der Wandel vom reinen Agrarort zur industriell gepr\u00e4gten Vorstadt. Zu den wichtigsten, in Damm vorhandenen Industriezweigen geh\u00f6rten die Steingutfabrik und sp\u00e4ter die Papierfabrikation sowie die Messwerkzeugherstellung. Aber auch der Anschluss an das Eisenbahnnetz 1854 trug wesentlich zur Entwicklung bei. Das 1901 eingemeindete Damm wurde im Zweiten Weltkrieg bei dem Angriff am 21. November 1944 schwer getroffen. Eine gro\u00dfe Anzahl der Wohn- und Gesch\u00e4ftsgeb\u00e4ude fiel den Bomben zum Opfer. Unter ihnen die Pfarrkirche St. Michael von 1877, der Schulbau von 1904\/06 und die evang. Pauluskirche von 1934. Im Bereich des Altortes sind arch\u00e4ologische Befunde des Mittelalters und der fr\u00fchen Neuzeit anzunehmen. Auch im Bereich einer 1797 bezeugten ehem. Papierm\u00fchle, von der sich das Hauptgeb\u00e4ude erhalten hat, d\u00fcrfen arch\u00e4ologische Befunde, insbesondere Fundamente von abgegangenen Nebengeb\u00e4uden im Boden vermutet werden. Weitere ehem. M\u00fchlenstandorte an der Aschaff sind heute abgegangen und weitgehend \u00fcberbaut. So befanden sich westlich und s\u00fcdwestlich des Altortes von Damm jeweils am S\u00fcdufer der Aschaff zwei weitere Standorte von M\u00fchlen, die auf der Uraufnahme von 1845 mit dem damals vorhandenen Geb\u00e4udebestand verzeichnet sind. Die Schwalbenm\u00fchle, die auf der Uraufnahme noch mit einem gro\u00dfen Hof eingetragen ist, lag zwischen der Aschaff und einem von dieser abgeleiteten M\u00fchlgraben. Am Standort der M\u00fchle sind arch\u00e4ologische Befunde der Fr\u00fchen Neuzeit, m\u00f6glicherweise auch des Mittelalters zu vermuten. Eine weitere abgegangene Papierm\u00fchle befand sich direkt an der Aschaff etwa 600 m nord\u00f6stlich von der Einm\u00fcndung der Aschaff in den Main. Das Gel\u00e4nde ist von Gewerbebauten \u00fcberbaut. Auch hier ist mit arch\u00e4ologischen Befunden der Fr\u00fchen Neuzeit zu rechnen. N\u00f6rdlich der Aschaff befindet sich am Fahrbach, der im Bereich des M\u00fchlenstandortes als Wild- bzw. Lohm\u00fchlgraben trassiert ist, die ehem. Lohm\u00fchle. Im Bereich des heutigen Geb\u00e4udebestandes sind Fundamente von Vorg\u00e4ngerbauten und ehem. Nebengeb\u00e4uden der fr\u00fchen Neuzeit zu vermuten.<\/p>\n<p>Westlich der Aschaff wurde 1979 das Teilst\u00fcck eines neuzeitlichen Kanals aus Bruchsteinplatten bei Bauma\u00dfnahmen aufgeschlossen, der nach Ausweis einzelner Keramikfunde des 18. und 19. Jh. aus dem direkten Umfeld des Objekts in die fr\u00fche Neuzeit zu datieren ist. Bei der Notgrabung, die Mitarbeiter der Aschaffenburger Museen unmittelbar nach der Entdeckung durchf\u00fchrten, konnte der Kanal auf einer L\u00e4nge von ca. 17 m aufgedeckt und dokumentiert werden. Von dem ost-west-orientierten Objekt zweigt ein Arm nach Norden ab, der auf 6,3 m L\u00e4nge verfolgt wurde. Vermutlich diente der Kanal zur Drainage. Zwei nicht n\u00e4her zu datierende vor- und fr\u00fchgeschichtliche Keramikst\u00fccke aus dem Untersuchungsbereich sind vermutlich verlagert.<\/p>\n<p>Ina Gutzeit\/Hauke Kenzler: Kreisfreie Stadt Aschaffenburg. Ensembles, Baudenkm\u00e4ler, Bodendenkm\u00e4ler (Denkm\u00e4ler in Bayern. VI. Unterfranken, 71), M\u00fcnchen 2015, S. 240-241.<\/p>\n","protected":false},"excerpt":{"rendered":"<p>Innerhalb der Gemarkung Damm werden die Zeugnisse der Vor- und Fr\u00fchgeschichte vor allem von Grabh\u00fcgelgruppen dominiert, die sich in den gro\u00dffl\u00e4chigen Forstgebieten \u201eStrietwald\u201c und \u201eStriet- Stiftswald\u201c erhalten haben. Dabei ist [&hellip;]<\/p>\n","protected":false},"author":3,"featured_media":0,"comment_status":"open","ping_status":"open","sticky":false,"template":"","format":"standard","meta":{"_acf_changed":false,"footnotes":""},"categories":[38,542],"tags":[813,814,815,816,18,817,195,818,267,269,326,562,635,676,757,759,763,812],"post-format":[2],"post-content":[67],"class_list":["post-4296","post","type-post","status-publish","format-standard","hentry","category-geschichte","category-baudenkmal","tag-fundstelle","tag-fruehgeschichte","tag-graeberfelder","tag-pauluskirche","tag-mittelalter","tag-fruehe-neuzeit","tag-damm","tag-archaeologische-funde","tag-papiermuehle","tag-muehle","tag-industrie","tag-fabrik","tag-antike","tag-st-agatha","tag-aschaff","tag-st-michael","tag-strietwald","tag-siedlungsgeschichte","format-information","content-text","project-denkmaltopographie"],"acf":[],"yoast_head":"<!-- This site is optimized with the Yoast SEO plugin v27.4 - https:\/\/yoast.com\/product\/yoast-seo-wordpress\/ -->\n<title>Gemarkung Damm - Aschaffenburg<\/title>\n<meta name=\"robots\" content=\"index, follow, max-snippet:-1, max-image-preview:large, max-video-preview:-1\" \/>\n<link rel=\"canonical\" href=\"https:\/\/aschaffenburgzweinull.stadtarchiv-digital.de\/gemarkung-damm\/\" \/>\n<meta property=\"og:locale\" content=\"de_DE\" \/>\n<meta property=\"og:type\" content=\"article\" \/>\n<meta property=\"og:title\" content=\"Gemarkung Damm - Aschaffenburg\" \/>\n<meta property=\"og:description\" content=\"Innerhalb der Gemarkung Damm werden die Zeugnisse der Vor- und Fr\u00fchgeschichte vor allem von Grabh\u00fcgelgruppen dominiert, die sich in den gro\u00dffl\u00e4chigen Forstgebieten \u201eStrietwald\u201c und \u201eStriet- Stiftswald\u201c erhalten haben. Dabei ist [&hellip;]\" \/>\n<meta property=\"og:url\" content=\"https:\/\/aschaffenburgzweinull.stadtarchiv-digital.de\/gemarkung-damm\/\" \/>\n<meta property=\"og:site_name\" content=\"Aschaffenburg\" \/>\n<meta property=\"article:published_time\" content=\"2022-03-28T08:27:56+00:00\" \/>\n<meta property=\"og:image\" content=\"https:\/\/aschaffenburgzweinull.stadtarchiv-digital.de\/wp-content\/uploads\/2020\/07\/Logo-Stadtarchiv-Aschaffenburg.png\" \/>\n\t<meta property=\"og:image:width\" content=\"379\" \/>\n\t<meta property=\"og:image:height\" content=\"70\" \/>\n\t<meta property=\"og:image:type\" content=\"image\/png\" \/>\n<meta name=\"author\" content=\"Aschaffenburg_2.0\" \/>\n<meta name=\"twitter:card\" content=\"summary_large_image\" \/>\n<meta name=\"twitter:label1\" content=\"Verfasst von\" \/>\n\t<meta name=\"twitter:data1\" content=\"Aschaffenburg_2.0\" \/>\n\t<meta name=\"twitter:label2\" content=\"Gesch\u00e4tzte Lesezeit\" \/>\n\t<meta name=\"twitter:data2\" content=\"6\u00a0Minuten\" \/>\n<script type=\"application\/ld+json\" class=\"yoast-schema-graph\">{\"@context\":\"https:\\\/\\\/schema.org\",\"@graph\":[{\"@type\":\"Article\",\"@id\":\"https:\\\/\\\/aschaffenburgzweinull.stadtarchiv-digital.de\\\/gemarkung-damm\\\/#article\",\"isPartOf\":{\"@id\":\"https:\\\/\\\/aschaffenburgzweinull.stadtarchiv-digital.de\\\/gemarkung-damm\\\/\"},\"author\":{\"name\":\"Aschaffenburg_2.0\",\"@id\":\"https:\\\/\\\/aschaffenburgzweinull.stadtarchiv-digital.de\\\/#\\\/schema\\\/person\\\/6620dad05f894110a34e3afd3c3cf3ff\"},\"headline\":\"Gemarkung Damm\",\"datePublished\":\"2022-03-28T08:27:56+00:00\",\"mainEntityOfPage\":{\"@id\":\"https:\\\/\\\/aschaffenburgzweinull.stadtarchiv-digital.de\\\/gemarkung-damm\\\/\"},\"wordCount\":1030,\"commentCount\":0,\"keywords\":[\"Fundstelle\",\"Fr\u00fchgeschichte\",\"Gr\u00e4berfelder\",\"Pauluskirche\",\"Mittelalter\",\"Fr\u00fche Neuzeit\",\"Damm\",\"arch\u00e4ologische Funde\",\"Papierm\u00fchle\",\"M\u00fchle\",\"Industrie\",\"Fabrik\",\"Antike\",\"St. Agatha\",\"Aschaff\",\"St. Michael\",\"Strietwald\",\"Siedlungsgeschichte\"],\"articleSection\":[\"Geschichte\",\"Baudenkmal\"],\"inLanguage\":\"de\",\"potentialAction\":[{\"@type\":\"CommentAction\",\"name\":\"Comment\",\"target\":[\"https:\\\/\\\/aschaffenburgzweinull.stadtarchiv-digital.de\\\/gemarkung-damm\\\/#respond\"]}]},{\"@type\":\"WebPage\",\"@id\":\"https:\\\/\\\/aschaffenburgzweinull.stadtarchiv-digital.de\\\/gemarkung-damm\\\/\",\"url\":\"https:\\\/\\\/aschaffenburgzweinull.stadtarchiv-digital.de\\\/gemarkung-damm\\\/\",\"name\":\"Gemarkung Damm - Aschaffenburg\",\"isPartOf\":{\"@id\":\"https:\\\/\\\/aschaffenburgzweinull.stadtarchiv-digital.de\\\/#website\"},\"datePublished\":\"2022-03-28T08:27:56+00:00\",\"author\":{\"@id\":\"https:\\\/\\\/aschaffenburgzweinull.stadtarchiv-digital.de\\\/#\\\/schema\\\/person\\\/6620dad05f894110a34e3afd3c3cf3ff\"},\"breadcrumb\":{\"@id\":\"https:\\\/\\\/aschaffenburgzweinull.stadtarchiv-digital.de\\\/gemarkung-damm\\\/#breadcrumb\"},\"inLanguage\":\"de\",\"potentialAction\":[{\"@type\":\"ReadAction\",\"target\":[\"https:\\\/\\\/aschaffenburgzweinull.stadtarchiv-digital.de\\\/gemarkung-damm\\\/\"]}]},{\"@type\":\"BreadcrumbList\",\"@id\":\"https:\\\/\\\/aschaffenburgzweinull.stadtarchiv-digital.de\\\/gemarkung-damm\\\/#breadcrumb\",\"itemListElement\":[{\"@type\":\"ListItem\",\"position\":1,\"name\":\"Startseite\",\"item\":\"https:\\\/\\\/aschaffenburgzweinull.stadtarchiv-digital.de\\\/\"},{\"@type\":\"ListItem\",\"position\":2,\"name\":\"Gemarkung Damm\"}]},{\"@type\":\"WebSite\",\"@id\":\"https:\\\/\\\/aschaffenburgzweinull.stadtarchiv-digital.de\\\/#website\",\"url\":\"https:\\\/\\\/aschaffenburgzweinull.stadtarchiv-digital.de\\\/\",\"name\":\"Aschaffenburg\",\"description\":\"2.0\",\"potentialAction\":[{\"@type\":\"SearchAction\",\"target\":{\"@type\":\"EntryPoint\",\"urlTemplate\":\"https:\\\/\\\/aschaffenburgzweinull.stadtarchiv-digital.de\\\/?s={search_term_string}\"},\"query-input\":{\"@type\":\"PropertyValueSpecification\",\"valueRequired\":true,\"valueName\":\"search_term_string\"}}],\"inLanguage\":\"de\"},{\"@type\":\"Person\",\"@id\":\"https:\\\/\\\/aschaffenburgzweinull.stadtarchiv-digital.de\\\/#\\\/schema\\\/person\\\/6620dad05f894110a34e3afd3c3cf3ff\",\"name\":\"Aschaffenburg_2.0\",\"url\":\"https:\\\/\\\/aschaffenburgzweinull.stadtarchiv-digital.de\\\/author\\\/aschaffenburg_2-0\\\/\"}]}<\/script>\n<!-- \/ Yoast SEO plugin. -->","yoast_head_json":{"title":"Gemarkung Damm - Aschaffenburg","robots":{"index":"index","follow":"follow","max-snippet":"max-snippet:-1","max-image-preview":"max-image-preview:large","max-video-preview":"max-video-preview:-1"},"canonical":"https:\/\/aschaffenburgzweinull.stadtarchiv-digital.de\/gemarkung-damm\/","og_locale":"de_DE","og_type":"article","og_title":"Gemarkung Damm - Aschaffenburg","og_description":"Innerhalb der Gemarkung Damm werden die Zeugnisse der Vor- und Fr\u00fchgeschichte vor allem von Grabh\u00fcgelgruppen dominiert, die sich in den gro\u00dffl\u00e4chigen Forstgebieten \u201eStrietwald\u201c und \u201eStriet- Stiftswald\u201c erhalten haben. Dabei ist [&hellip;]","og_url":"https:\/\/aschaffenburgzweinull.stadtarchiv-digital.de\/gemarkung-damm\/","og_site_name":"Aschaffenburg","article_published_time":"2022-03-28T08:27:56+00:00","og_image":[{"width":379,"height":70,"url":"https:\/\/aschaffenburgzweinull.stadtarchiv-digital.de\/wp-content\/uploads\/2020\/07\/Logo-Stadtarchiv-Aschaffenburg.png","type":"image\/png"}],"author":"Aschaffenburg_2.0","twitter_card":"summary_large_image","twitter_misc":{"Verfasst von":"Aschaffenburg_2.0","Gesch\u00e4tzte Lesezeit":"6\u00a0Minuten"},"schema":{"@context":"https:\/\/schema.org","@graph":[{"@type":"Article","@id":"https:\/\/aschaffenburgzweinull.stadtarchiv-digital.de\/gemarkung-damm\/#article","isPartOf":{"@id":"https:\/\/aschaffenburgzweinull.stadtarchiv-digital.de\/gemarkung-damm\/"},"author":{"name":"Aschaffenburg_2.0","@id":"https:\/\/aschaffenburgzweinull.stadtarchiv-digital.de\/#\/schema\/person\/6620dad05f894110a34e3afd3c3cf3ff"},"headline":"Gemarkung Damm","datePublished":"2022-03-28T08:27:56+00:00","mainEntityOfPage":{"@id":"https:\/\/aschaffenburgzweinull.stadtarchiv-digital.de\/gemarkung-damm\/"},"wordCount":1030,"commentCount":0,"keywords":["Fundstelle","Fr\u00fchgeschichte","Gr\u00e4berfelder","Pauluskirche","Mittelalter","Fr\u00fche Neuzeit","Damm","arch\u00e4ologische Funde","Papierm\u00fchle","M\u00fchle","Industrie","Fabrik","Antike","St. Agatha","Aschaff","St. Michael","Strietwald","Siedlungsgeschichte"],"articleSection":["Geschichte","Baudenkmal"],"inLanguage":"de","potentialAction":[{"@type":"CommentAction","name":"Comment","target":["https:\/\/aschaffenburgzweinull.stadtarchiv-digital.de\/gemarkung-damm\/#respond"]}]},{"@type":"WebPage","@id":"https:\/\/aschaffenburgzweinull.stadtarchiv-digital.de\/gemarkung-damm\/","url":"https:\/\/aschaffenburgzweinull.stadtarchiv-digital.de\/gemarkung-damm\/","name":"Gemarkung Damm - Aschaffenburg","isPartOf":{"@id":"https:\/\/aschaffenburgzweinull.stadtarchiv-digital.de\/#website"},"datePublished":"2022-03-28T08:27:56+00:00","author":{"@id":"https:\/\/aschaffenburgzweinull.stadtarchiv-digital.de\/#\/schema\/person\/6620dad05f894110a34e3afd3c3cf3ff"},"breadcrumb":{"@id":"https:\/\/aschaffenburgzweinull.stadtarchiv-digital.de\/gemarkung-damm\/#breadcrumb"},"inLanguage":"de","potentialAction":[{"@type":"ReadAction","target":["https:\/\/aschaffenburgzweinull.stadtarchiv-digital.de\/gemarkung-damm\/"]}]},{"@type":"BreadcrumbList","@id":"https:\/\/aschaffenburgzweinull.stadtarchiv-digital.de\/gemarkung-damm\/#breadcrumb","itemListElement":[{"@type":"ListItem","position":1,"name":"Startseite","item":"https:\/\/aschaffenburgzweinull.stadtarchiv-digital.de\/"},{"@type":"ListItem","position":2,"name":"Gemarkung Damm"}]},{"@type":"WebSite","@id":"https:\/\/aschaffenburgzweinull.stadtarchiv-digital.de\/#website","url":"https:\/\/aschaffenburgzweinull.stadtarchiv-digital.de\/","name":"Aschaffenburg","description":"2.0","potentialAction":[{"@type":"SearchAction","target":{"@type":"EntryPoint","urlTemplate":"https:\/\/aschaffenburgzweinull.stadtarchiv-digital.de\/?s={search_term_string}"},"query-input":{"@type":"PropertyValueSpecification","valueRequired":true,"valueName":"search_term_string"}}],"inLanguage":"de"},{"@type":"Person","@id":"https:\/\/aschaffenburgzweinull.stadtarchiv-digital.de\/#\/schema\/person\/6620dad05f894110a34e3afd3c3cf3ff","name":"Aschaffenburg_2.0","url":"https:\/\/aschaffenburgzweinull.stadtarchiv-digital.de\/author\/aschaffenburg_2-0\/"}]}},"_links":{"self":[{"href":"https:\/\/aschaffenburgzweinull.stadtarchiv-digital.de\/data\/wp\/v2\/posts\/4296","targetHints":{"allow":["GET"]}}],"collection":[{"href":"https:\/\/aschaffenburgzweinull.stadtarchiv-digital.de\/data\/wp\/v2\/posts"}],"about":[{"href":"https:\/\/aschaffenburgzweinull.stadtarchiv-digital.de\/data\/wp\/v2\/types\/post"}],"author":[{"embeddable":true,"href":"https:\/\/aschaffenburgzweinull.stadtarchiv-digital.de\/data\/wp\/v2\/users\/3"}],"replies":[{"embeddable":true,"href":"https:\/\/aschaffenburgzweinull.stadtarchiv-digital.de\/data\/wp\/v2\/comments?post=4296"}],"version-history":[{"count":3,"href":"https:\/\/aschaffenburgzweinull.stadtarchiv-digital.de\/data\/wp\/v2\/posts\/4296\/revisions"}],"predecessor-version":[{"id":4427,"href":"https:\/\/aschaffenburgzweinull.stadtarchiv-digital.de\/data\/wp\/v2\/posts\/4296\/revisions\/4427"}],"wp:attachment":[{"href":"https:\/\/aschaffenburgzweinull.stadtarchiv-digital.de\/data\/wp\/v2\/media?parent=4296"}],"wp:term":[{"taxonomy":"category","embeddable":true,"href":"https:\/\/aschaffenburgzweinull.stadtarchiv-digital.de\/data\/wp\/v2\/categories?post=4296"},{"taxonomy":"post_tag","embeddable":true,"href":"https:\/\/aschaffenburgzweinull.stadtarchiv-digital.de\/data\/wp\/v2\/tags?post=4296"},{"taxonomy":"format","embeddable":true,"href":"https:\/\/aschaffenburgzweinull.stadtarchiv-digital.de\/data\/wp\/v2\/post-format?post=4296"},{"taxonomy":"content","embeddable":true,"href":"https:\/\/aschaffenburgzweinull.stadtarchiv-digital.de\/data\/wp\/v2\/post-content?post=4296"}],"curies":[{"name":"wp","href":"https:\/\/api.w.org\/{rel}","templated":true}]}}