{"id":4267,"date":"2022-03-28T08:46:35","date_gmt":"2022-03-28T06:46:35","guid":{"rendered":"https:\/\/aschaffenburgzweinull.stadtarchiv-digital.de\/?p=4267"},"modified":"2022-03-28T08:46:35","modified_gmt":"2022-03-28T06:46:35","slug":"fruehlingstrasse-pfarrkirche-st-gertrud","status":"publish","type":"post","link":"https:\/\/aschaffenburgzweinull.stadtarchiv-digital.de\/fruehlingstrasse-pfarrkirche-st-gertrud\/","title":{"rendered":"Fr\u00fchlingstra\u00dfe &#8211; Pfarrkirche St. Gertrud"},"content":{"rendered":"<p>Seit den 1920er Jahren gab es Bestrebungen, auf der Schweinheimer H\u00f6he ein Pfarrzentrum zu errichten. Nach Gr\u00fcndung einer Kirchenstiftung 1950 und Einrichtung einer eigenen Pfarrei 1956 wurde der K\u00f6lner Architekt Rudolf Schwarz (1897\u20131961) mit der Planung beauftragt. Die Bauleitung \u00fcbernahm der Schweinheimer Architekt Georg Ackermann. Die Bauarbeiten begannen am 14. M\u00e4rz 1959, Grundsteinlegung war am 7. Juni 1959 und die Kirchenweihe am 17.\/28. September 1960. Die kath. Pfarrkirche St. Gertrud liegt im oberen Bereich der von Wohnhausneubauten seit den 1920er Jahren bestimmten Siedlung von Schweinheim an der Ecke Fr\u00fchlingstra\u00dfe\/Vogelsbergstra\u00dfe. Das Grundst\u00fcck f\u00e4llt zur Bl\u00fctenstra\u00dfe stark ab, weshalb sich der Zugang zur Kirche an der Fr\u00fchlingstra\u00dfe befindet. Das Schiff wurde quer zum Gel\u00e4ndegef\u00e4lle errichtet und dominiert so die Landschaft weithin sichtbar. Die zum Pfarrzentrum geh\u00f6renden Geb\u00e4ude sind um die Kirche als gr\u00f6\u00dftem Bauk\u00f6rper gruppiert. Sie erhebt sich \u00fcber rechteckigem Grundriss mit flach geneigtem Satteldach. Kirche, Werktagskapelle, Sakristei und Turm wurden in einer Mischbauweise aus Stahlbeton und Backsteinen errichtet. Alle sind innen und au\u00dfen mit einem hellen Anstrich bzw. Verputz versehen. Die Decke des Kirchenschiffs wird von Stahlrohrbindern getragen und besteht aus L\u00e4rchenholz. Der Fu\u00dfboden ist mit Natursteinplatten belegt. Der hohe, wegen seiner Lage gewestete Saalbau wird von hohen Fensterb\u00e4ndern an den L\u00e4ngsseiten belichtet. An den beiden Giebelseiten steht jeweils ein gro\u00dfes, von farbigen Glasfenstern durchbrochenes Kreuz aus Stahlbeton. Die sich auf die Sch\u00f6pfung beziehenden Farbfenster wurden von Karl Knappe (1884\u20131970) gefertigt.<\/p>\n<p>Die Ausstattung des Kirchenraumes ist auf das Wesentliche beschr\u00e4nkt. Seine Wirkung wird vor allem durch seine Gr\u00f6\u00dfe und Schlichtheit erzielt. Das Material Holz der Decke wird in der h\u00f6lzernen Bestuhlung wiederholt. Vom Haupteingang aus erreicht man ein Podest, auf dem seitlich ein Orgelpositiv steht. Der Gemeinderaum ist um acht Stufen abgesenkt, der Altarraum wiederum um vier Stufen angehoben. Der st\u00fctzenfreie Saal ohne Nebenr\u00e4ume erinnert an die antike Konstantinbasilika in Trier. Die liturgisch wichtigen Gegenst\u00e4nde stehen gewisserma\u00dfen auf zwei B\u00fchnen. Die Vorstellungen des Zweiten Vatikanischen Konzils wurden dann von Hermann Kr\u00f6ckel und Maria Schwarz (geb. 1921), der Witwe von Rudolf Schwarz, die das Architekturb\u00fcro nach seinem Tod 1961 weiterf\u00fchrte, umgesetzt. Die Prinzipalst\u00fccke sind nach Entw\u00fcrfen des K\u00fcnstlers Hubert Friedl aus rotem Sandstein gefertigt und bis auf den blockartigen Altar aus zylindrischen Formen entwickelt. Der frei stehende Altar wird von einem gro\u00dfen hochformatigen abstrahierenden Sandsteinrelief mit Sakramentsh\u00e4uschen hinterfangen. Eine Marienfigur aus Sandstein erg\u00e4nzt die Ausstattung des Altarraumes. Weitere sp\u00e4ter eingef\u00fcgte Ausstattungselemente, wie ein Buntglasfenster, ein Kreuzweg mit 15 Stationen und zwei Bilder im Altarraum, wurden in den 1980er Jahren von Siegfried Rischar (1924\u20132009) geschaffen. Rechts neben dem Eingang befindet sich die Werktagskapelle, ein kleiner Bau auf quadratischem Grundriss mit flach geneigtem Zeltdach. Ihr Innenraum wird von einem Fensterband und kleinen quadratischen Buntglasfenstern belichtet. Abseits vom Kirchenbau steht der Kirchturm als schlanker Campanile. Die hochformatige Glockenstube ist mit dunklen Lamellen geschlossen. Das Flachdach wird von einem Stahlkreuz bekr\u00f6nt. Die Baugruppe wird komplettiert durch die Sakristei, das Pfarrhaus mit Wohnung und B\u00fcros und den Kindergarten als ein- bzw. zweigeschossige Flachdachbauten sowie den g\u00e4rtnerisch gestalteten Pfarrgarten.<\/p>\n<p>Quelle:<\/p>\n<p>Ina Gutzeit\/Hauke Kenzler: Kreisfreie Stadt Aschaffenburg. Ensembles, Baudenkm\u00e4ler, Bodendenkm\u00e4ler (Denkm\u00e4ler in Bayern. VI. Unterfranken, 71), M\u00fcnchen 2015, S. 306-307.<\/p>\n","protected":false},"excerpt":{"rendered":"<p>Seit den 1920er Jahren gab es Bestrebungen, auf der Schweinheimer H\u00f6he ein Pfarrzentrum zu errichten. Nach Gr\u00fcndung einer Kirchenstiftung 1950 und Einrichtung einer eigenen Pfarrei 1956 wurde der K\u00f6lner Architekt [&hellip;]<\/p>\n","protected":false},"author":3,"featured_media":0,"comment_status":"open","ping_status":"open","sticky":false,"template":"","format":"standard","meta":{"_acf_changed":false,"footnotes":""},"categories":[542],"tags":[564,122,137,558],"post-format":[2],"post-content":[3,67],"class_list":["post-4267","post","type-post","status-publish","format-standard","hentry","category-baudenkmal","tag-stiftung","tag-schweinheim","tag-kirche","tag-kapelle","format-information","content-image","content-text","project-denkmaltopographie"],"acf":[],"yoast_head":"<!-- This site is optimized with the Yoast SEO plugin v27.4 - https:\/\/yoast.com\/product\/yoast-seo-wordpress\/ -->\n<title>Fr\u00fchlingstra\u00dfe - Pfarrkirche St. Gertrud - Aschaffenburg<\/title>\n<meta name=\"robots\" content=\"index, follow, max-snippet:-1, max-image-preview:large, max-video-preview:-1\" \/>\n<link rel=\"canonical\" href=\"https:\/\/aschaffenburgzweinull.stadtarchiv-digital.de\/fruehlingstrasse-pfarrkirche-st-gertrud\/\" \/>\n<meta property=\"og:locale\" content=\"de_DE\" \/>\n<meta property=\"og:type\" content=\"article\" \/>\n<meta property=\"og:title\" content=\"Fr\u00fchlingstra\u00dfe - Pfarrkirche St. Gertrud - Aschaffenburg\" \/>\n<meta property=\"og:description\" content=\"Seit den 1920er Jahren gab es Bestrebungen, auf der Schweinheimer H\u00f6he ein Pfarrzentrum zu errichten. Nach Gr\u00fcndung einer Kirchenstiftung 1950 und Einrichtung einer eigenen Pfarrei 1956 wurde der K\u00f6lner Architekt [&hellip;]\" \/>\n<meta property=\"og:url\" content=\"https:\/\/aschaffenburgzweinull.stadtarchiv-digital.de\/fruehlingstrasse-pfarrkirche-st-gertrud\/\" \/>\n<meta property=\"og:site_name\" content=\"Aschaffenburg\" \/>\n<meta property=\"article:published_time\" content=\"2022-03-28T06:46:35+00:00\" \/>\n<meta property=\"og:image\" content=\"https:\/\/aschaffenburgzweinull.stadtarchiv-digital.de\/wp-content\/uploads\/2020\/07\/Logo-Stadtarchiv-Aschaffenburg.png\" \/>\n\t<meta property=\"og:image:width\" content=\"379\" \/>\n\t<meta property=\"og:image:height\" content=\"70\" \/>\n\t<meta property=\"og:image:type\" content=\"image\/png\" \/>\n<meta name=\"author\" content=\"Aschaffenburg_2.0\" \/>\n<meta name=\"twitter:card\" content=\"summary_large_image\" \/>\n<meta name=\"twitter:label1\" content=\"Verfasst von\" \/>\n\t<meta name=\"twitter:data1\" content=\"Aschaffenburg_2.0\" \/>\n\t<meta name=\"twitter:label2\" content=\"Gesch\u00e4tzte Lesezeit\" \/>\n\t<meta name=\"twitter:data2\" content=\"3\u00a0Minuten\" \/>\n<script type=\"application\/ld+json\" class=\"yoast-schema-graph\">{\"@context\":\"https:\\\/\\\/schema.org\",\"@graph\":[{\"@type\":\"Article\",\"@id\":\"https:\\\/\\\/aschaffenburgzweinull.stadtarchiv-digital.de\\\/fruehlingstrasse-pfarrkirche-st-gertrud\\\/#article\",\"isPartOf\":{\"@id\":\"https:\\\/\\\/aschaffenburgzweinull.stadtarchiv-digital.de\\\/fruehlingstrasse-pfarrkirche-st-gertrud\\\/\"},\"author\":{\"name\":\"Aschaffenburg_2.0\",\"@id\":\"https:\\\/\\\/aschaffenburgzweinull.stadtarchiv-digital.de\\\/#\\\/schema\\\/person\\\/6620dad05f894110a34e3afd3c3cf3ff\"},\"headline\":\"Fr\u00fchlingstra\u00dfe &#8211; Pfarrkirche St. Gertrud\",\"datePublished\":\"2022-03-28T06:46:35+00:00\",\"mainEntityOfPage\":{\"@id\":\"https:\\\/\\\/aschaffenburgzweinull.stadtarchiv-digital.de\\\/fruehlingstrasse-pfarrkirche-st-gertrud\\\/\"},\"wordCount\":556,\"commentCount\":0,\"keywords\":[\"Stiftung\",\"Schweinheim\",\"Kirche\",\"Kapelle\"],\"articleSection\":[\"Baudenkmal\"],\"inLanguage\":\"de\",\"potentialAction\":[{\"@type\":\"CommentAction\",\"name\":\"Comment\",\"target\":[\"https:\\\/\\\/aschaffenburgzweinull.stadtarchiv-digital.de\\\/fruehlingstrasse-pfarrkirche-st-gertrud\\\/#respond\"]}]},{\"@type\":\"WebPage\",\"@id\":\"https:\\\/\\\/aschaffenburgzweinull.stadtarchiv-digital.de\\\/fruehlingstrasse-pfarrkirche-st-gertrud\\\/\",\"url\":\"https:\\\/\\\/aschaffenburgzweinull.stadtarchiv-digital.de\\\/fruehlingstrasse-pfarrkirche-st-gertrud\\\/\",\"name\":\"Fr\u00fchlingstra\u00dfe - Pfarrkirche St. Gertrud - Aschaffenburg\",\"isPartOf\":{\"@id\":\"https:\\\/\\\/aschaffenburgzweinull.stadtarchiv-digital.de\\\/#website\"},\"datePublished\":\"2022-03-28T06:46:35+00:00\",\"author\":{\"@id\":\"https:\\\/\\\/aschaffenburgzweinull.stadtarchiv-digital.de\\\/#\\\/schema\\\/person\\\/6620dad05f894110a34e3afd3c3cf3ff\"},\"breadcrumb\":{\"@id\":\"https:\\\/\\\/aschaffenburgzweinull.stadtarchiv-digital.de\\\/fruehlingstrasse-pfarrkirche-st-gertrud\\\/#breadcrumb\"},\"inLanguage\":\"de\",\"potentialAction\":[{\"@type\":\"ReadAction\",\"target\":[\"https:\\\/\\\/aschaffenburgzweinull.stadtarchiv-digital.de\\\/fruehlingstrasse-pfarrkirche-st-gertrud\\\/\"]}]},{\"@type\":\"BreadcrumbList\",\"@id\":\"https:\\\/\\\/aschaffenburgzweinull.stadtarchiv-digital.de\\\/fruehlingstrasse-pfarrkirche-st-gertrud\\\/#breadcrumb\",\"itemListElement\":[{\"@type\":\"ListItem\",\"position\":1,\"name\":\"Startseite\",\"item\":\"https:\\\/\\\/aschaffenburgzweinull.stadtarchiv-digital.de\\\/\"},{\"@type\":\"ListItem\",\"position\":2,\"name\":\"Fr\u00fchlingstra\u00dfe &#8211; Pfarrkirche St. Gertrud\"}]},{\"@type\":\"WebSite\",\"@id\":\"https:\\\/\\\/aschaffenburgzweinull.stadtarchiv-digital.de\\\/#website\",\"url\":\"https:\\\/\\\/aschaffenburgzweinull.stadtarchiv-digital.de\\\/\",\"name\":\"Aschaffenburg\",\"description\":\"2.0\",\"potentialAction\":[{\"@type\":\"SearchAction\",\"target\":{\"@type\":\"EntryPoint\",\"urlTemplate\":\"https:\\\/\\\/aschaffenburgzweinull.stadtarchiv-digital.de\\\/?s={search_term_string}\"},\"query-input\":{\"@type\":\"PropertyValueSpecification\",\"valueRequired\":true,\"valueName\":\"search_term_string\"}}],\"inLanguage\":\"de\"},{\"@type\":\"Person\",\"@id\":\"https:\\\/\\\/aschaffenburgzweinull.stadtarchiv-digital.de\\\/#\\\/schema\\\/person\\\/6620dad05f894110a34e3afd3c3cf3ff\",\"name\":\"Aschaffenburg_2.0\",\"url\":\"https:\\\/\\\/aschaffenburgzweinull.stadtarchiv-digital.de\\\/author\\\/aschaffenburg_2-0\\\/\"}]}<\/script>\n<!-- \/ Yoast SEO plugin. -->","yoast_head_json":{"title":"Fr\u00fchlingstra\u00dfe - Pfarrkirche St. Gertrud - Aschaffenburg","robots":{"index":"index","follow":"follow","max-snippet":"max-snippet:-1","max-image-preview":"max-image-preview:large","max-video-preview":"max-video-preview:-1"},"canonical":"https:\/\/aschaffenburgzweinull.stadtarchiv-digital.de\/fruehlingstrasse-pfarrkirche-st-gertrud\/","og_locale":"de_DE","og_type":"article","og_title":"Fr\u00fchlingstra\u00dfe - Pfarrkirche St. Gertrud - Aschaffenburg","og_description":"Seit den 1920er Jahren gab es Bestrebungen, auf der Schweinheimer H\u00f6he ein Pfarrzentrum zu errichten. Nach Gr\u00fcndung einer Kirchenstiftung 1950 und Einrichtung einer eigenen Pfarrei 1956 wurde der K\u00f6lner Architekt [&hellip;]","og_url":"https:\/\/aschaffenburgzweinull.stadtarchiv-digital.de\/fruehlingstrasse-pfarrkirche-st-gertrud\/","og_site_name":"Aschaffenburg","article_published_time":"2022-03-28T06:46:35+00:00","og_image":[{"width":379,"height":70,"url":"https:\/\/aschaffenburgzweinull.stadtarchiv-digital.de\/wp-content\/uploads\/2020\/07\/Logo-Stadtarchiv-Aschaffenburg.png","type":"image\/png"}],"author":"Aschaffenburg_2.0","twitter_card":"summary_large_image","twitter_misc":{"Verfasst von":"Aschaffenburg_2.0","Gesch\u00e4tzte Lesezeit":"3\u00a0Minuten"},"schema":{"@context":"https:\/\/schema.org","@graph":[{"@type":"Article","@id":"https:\/\/aschaffenburgzweinull.stadtarchiv-digital.de\/fruehlingstrasse-pfarrkirche-st-gertrud\/#article","isPartOf":{"@id":"https:\/\/aschaffenburgzweinull.stadtarchiv-digital.de\/fruehlingstrasse-pfarrkirche-st-gertrud\/"},"author":{"name":"Aschaffenburg_2.0","@id":"https:\/\/aschaffenburgzweinull.stadtarchiv-digital.de\/#\/schema\/person\/6620dad05f894110a34e3afd3c3cf3ff"},"headline":"Fr\u00fchlingstra\u00dfe &#8211; Pfarrkirche St. Gertrud","datePublished":"2022-03-28T06:46:35+00:00","mainEntityOfPage":{"@id":"https:\/\/aschaffenburgzweinull.stadtarchiv-digital.de\/fruehlingstrasse-pfarrkirche-st-gertrud\/"},"wordCount":556,"commentCount":0,"keywords":["Stiftung","Schweinheim","Kirche","Kapelle"],"articleSection":["Baudenkmal"],"inLanguage":"de","potentialAction":[{"@type":"CommentAction","name":"Comment","target":["https:\/\/aschaffenburgzweinull.stadtarchiv-digital.de\/fruehlingstrasse-pfarrkirche-st-gertrud\/#respond"]}]},{"@type":"WebPage","@id":"https:\/\/aschaffenburgzweinull.stadtarchiv-digital.de\/fruehlingstrasse-pfarrkirche-st-gertrud\/","url":"https:\/\/aschaffenburgzweinull.stadtarchiv-digital.de\/fruehlingstrasse-pfarrkirche-st-gertrud\/","name":"Fr\u00fchlingstra\u00dfe - Pfarrkirche St. Gertrud - Aschaffenburg","isPartOf":{"@id":"https:\/\/aschaffenburgzweinull.stadtarchiv-digital.de\/#website"},"datePublished":"2022-03-28T06:46:35+00:00","author":{"@id":"https:\/\/aschaffenburgzweinull.stadtarchiv-digital.de\/#\/schema\/person\/6620dad05f894110a34e3afd3c3cf3ff"},"breadcrumb":{"@id":"https:\/\/aschaffenburgzweinull.stadtarchiv-digital.de\/fruehlingstrasse-pfarrkirche-st-gertrud\/#breadcrumb"},"inLanguage":"de","potentialAction":[{"@type":"ReadAction","target":["https:\/\/aschaffenburgzweinull.stadtarchiv-digital.de\/fruehlingstrasse-pfarrkirche-st-gertrud\/"]}]},{"@type":"BreadcrumbList","@id":"https:\/\/aschaffenburgzweinull.stadtarchiv-digital.de\/fruehlingstrasse-pfarrkirche-st-gertrud\/#breadcrumb","itemListElement":[{"@type":"ListItem","position":1,"name":"Startseite","item":"https:\/\/aschaffenburgzweinull.stadtarchiv-digital.de\/"},{"@type":"ListItem","position":2,"name":"Fr\u00fchlingstra\u00dfe &#8211; Pfarrkirche St. Gertrud"}]},{"@type":"WebSite","@id":"https:\/\/aschaffenburgzweinull.stadtarchiv-digital.de\/#website","url":"https:\/\/aschaffenburgzweinull.stadtarchiv-digital.de\/","name":"Aschaffenburg","description":"2.0","potentialAction":[{"@type":"SearchAction","target":{"@type":"EntryPoint","urlTemplate":"https:\/\/aschaffenburgzweinull.stadtarchiv-digital.de\/?s={search_term_string}"},"query-input":{"@type":"PropertyValueSpecification","valueRequired":true,"valueName":"search_term_string"}}],"inLanguage":"de"},{"@type":"Person","@id":"https:\/\/aschaffenburgzweinull.stadtarchiv-digital.de\/#\/schema\/person\/6620dad05f894110a34e3afd3c3cf3ff","name":"Aschaffenburg_2.0","url":"https:\/\/aschaffenburgzweinull.stadtarchiv-digital.de\/author\/aschaffenburg_2-0\/"}]}},"_links":{"self":[{"href":"https:\/\/aschaffenburgzweinull.stadtarchiv-digital.de\/data\/wp\/v2\/posts\/4267","targetHints":{"allow":["GET"]}}],"collection":[{"href":"https:\/\/aschaffenburgzweinull.stadtarchiv-digital.de\/data\/wp\/v2\/posts"}],"about":[{"href":"https:\/\/aschaffenburgzweinull.stadtarchiv-digital.de\/data\/wp\/v2\/types\/post"}],"author":[{"embeddable":true,"href":"https:\/\/aschaffenburgzweinull.stadtarchiv-digital.de\/data\/wp\/v2\/users\/3"}],"replies":[{"embeddable":true,"href":"https:\/\/aschaffenburgzweinull.stadtarchiv-digital.de\/data\/wp\/v2\/comments?post=4267"}],"version-history":[{"count":1,"href":"https:\/\/aschaffenburgzweinull.stadtarchiv-digital.de\/data\/wp\/v2\/posts\/4267\/revisions"}],"predecessor-version":[{"id":4268,"href":"https:\/\/aschaffenburgzweinull.stadtarchiv-digital.de\/data\/wp\/v2\/posts\/4267\/revisions\/4268"}],"wp:attachment":[{"href":"https:\/\/aschaffenburgzweinull.stadtarchiv-digital.de\/data\/wp\/v2\/media?parent=4267"}],"wp:term":[{"taxonomy":"category","embeddable":true,"href":"https:\/\/aschaffenburgzweinull.stadtarchiv-digital.de\/data\/wp\/v2\/categories?post=4267"},{"taxonomy":"post_tag","embeddable":true,"href":"https:\/\/aschaffenburgzweinull.stadtarchiv-digital.de\/data\/wp\/v2\/tags?post=4267"},{"taxonomy":"format","embeddable":true,"href":"https:\/\/aschaffenburgzweinull.stadtarchiv-digital.de\/data\/wp\/v2\/post-format?post=4267"},{"taxonomy":"content","embeddable":true,"href":"https:\/\/aschaffenburgzweinull.stadtarchiv-digital.de\/data\/wp\/v2\/post-content?post=4267"}],"curies":[{"name":"wp","href":"https:\/\/api.w.org\/{rel}","templated":true}]}}