{"id":4245,"date":"2022-03-28T09:13:08","date_gmt":"2022-03-28T07:13:08","guid":{"rendered":"https:\/\/aschaffenburgzweinull.stadtarchiv-digital.de\/?p=4245"},"modified":"2022-03-28T09:13:08","modified_gmt":"2022-03-28T07:13:08","slug":"ober-dem-weissen-helgen","status":"publish","type":"post","link":"https:\/\/aschaffenburgzweinull.stadtarchiv-digital.de\/ober-dem-weissen-helgen\/","title":{"rendered":"Ober dem Wei\u00dfen Helgen"},"content":{"rendered":"<p>Der auch als \u201eSt\u00fctzelhelgen\u201c bezeichnete S\u00e4ulenbildstock steht an der Staatsstra\u00dfe 2309. Auf einem schmalen, hochrechteckigen Sockel mit Diamantquaderung an allen vier Seiten sitzt ein etwas \u00fcberstehender W\u00fcrfel, der die S\u00e4ule tr\u00e4gt. Der Aufsatz ist ebenfalls hochrechteckig. Auf der Vorderseite ist eine schmale Rundbogennische ausgespart, darin eine Figur des hl. Josef und davor ein Gitter. Im Bogenfeld \u00fcber der Nische ist ein erhabenes Kreuz zu erkennen. Der Aufsatz des wohl ins 18. Jh. zu datierenden Bildstocks ist im M\u00e4rz 1945 zerst\u00f6rt worden und wurde auf Veranlassung des Obernauers Alois Weigand von Adalbert Englert nach dem alten Original 1947 neu geschaffen. Der gesamte Bildstock ist aus r\u00f6tlichem Mainsandstein gefertigt. Der Name des Bildstocks l\u00e4sst sich wohl damit erkl\u00e4ren, dass fr\u00fcher die Bauersfrauen auf dem Weg in die Stadt zum Wochenmarkt ihre schweren K\u00f6rbe mit den zu verkaufenden Waren auf dem lange Zeit neben dem Bildstock stehenden gro\u00dfen Stein abst\u00fctzten, um sich auszuruhen.<\/p>\n<p>An der Staatsstra\u00dfe 2309 Richtung Obernau steht nach der Eisenbahnunterf\u00fchrung auf der rechten Seite ein gemauerter, verputzter Bildstock mit Nische und biberschwanzgedecktem Satteldach. Er wird wegen seines wei\u00dfen Anstrichs auch als \u201eWei\u00dfes Helgen\u201c bezeichnet. Der Sockel des Bildstocks ist abgeschr\u00e4gt. Den Hauptteil teilt in der Mitte eine auskragende Platte. Im oberen Teil befindet sich die ca. 40 cm tiefe, korbbogig geschlossene Bildnische. Darin steht seit 2000 eine Plastik von dem W\u00fcrzburger Bildhauer Helmut Weber (1924\u20132012), die Maria mit Kind darstellt und den Schmerz Mariens bei der Beschneidung ihres Sohnes zum Ausdruck bringen soll. Auf dem D\u00e4chlein des Bildstocks ist ein Caravaca-Kreuz angebracht. Der Bildstock ist die zweite der urspr\u00fcnglich 14 Stationen des Wallfahrtsweges der B\u00fcrgersodalit\u00e4t von Aschaffenburg nach Walld\u00fcrn. Damit lie\u00dfe sich die Errichtung des Bildstocks wohl sogar in die Mitte des 17. Jh. datieren.<\/p>\n<p>QuelleIna Gutzeit\/Hauke Kenzler: Kreisfreie Stadt Aschaffenburg. Ensembles, Baudenkm\u00e4ler, Bodendenkm\u00e4ler (Denkm\u00e4ler in Bayern. VI. Unterfranken, 71), M\u00fcnchen 2015, S. 298-299.<\/p>\n<p>&nbsp;<\/p>\n","protected":false},"excerpt":{"rendered":"<p>Der auch als \u201eSt\u00fctzelhelgen\u201c bezeichnete S\u00e4ulenbildstock steht an der Staatsstra\u00dfe 2309. Auf einem schmalen, hochrechteckigen Sockel mit Diamantquaderung an allen vier Seiten sitzt ein etwas \u00fcberstehender W\u00fcrfel, der die S\u00e4ule [&hellip;]<\/p>\n","protected":false},"author":3,"featured_media":0,"comment_status":"open","ping_status":"open","sticky":false,"template":"","format":"standard","meta":{"_acf_changed":false,"footnotes":""},"categories":[542],"tags":[162,614],"post-format":[2],"post-content":[3,67],"class_list":["post-4245","post","type-post","status-publish","format-standard","hentry","category-baudenkmal","tag-obernau","tag-bildstock","format-information","content-image","content-text","project-denkmaltopographie"],"acf":[],"yoast_head":"<!-- This site is optimized with the Yoast SEO plugin v27.4 - https:\/\/yoast.com\/product\/yoast-seo-wordpress\/ -->\n<title>Ober dem Wei\u00dfen Helgen - Aschaffenburg<\/title>\n<meta name=\"robots\" content=\"index, follow, max-snippet:-1, max-image-preview:large, max-video-preview:-1\" \/>\n<link rel=\"canonical\" href=\"https:\/\/aschaffenburgzweinull.stadtarchiv-digital.de\/ober-dem-weissen-helgen\/\" \/>\n<meta property=\"og:locale\" content=\"de_DE\" \/>\n<meta property=\"og:type\" content=\"article\" \/>\n<meta property=\"og:title\" content=\"Ober dem Wei\u00dfen Helgen - Aschaffenburg\" \/>\n<meta property=\"og:description\" content=\"Der auch als \u201eSt\u00fctzelhelgen\u201c bezeichnete S\u00e4ulenbildstock steht an der Staatsstra\u00dfe 2309. Auf einem schmalen, hochrechteckigen Sockel mit Diamantquaderung an allen vier Seiten sitzt ein etwas \u00fcberstehender W\u00fcrfel, der die S\u00e4ule [&hellip;]\" \/>\n<meta property=\"og:url\" content=\"https:\/\/aschaffenburgzweinull.stadtarchiv-digital.de\/ober-dem-weissen-helgen\/\" \/>\n<meta property=\"og:site_name\" content=\"Aschaffenburg\" \/>\n<meta property=\"article:published_time\" content=\"2022-03-28T07:13:08+00:00\" \/>\n<meta property=\"og:image\" content=\"https:\/\/aschaffenburgzweinull.stadtarchiv-digital.de\/wp-content\/uploads\/2020\/07\/Logo-Stadtarchiv-Aschaffenburg.png\" \/>\n\t<meta property=\"og:image:width\" content=\"379\" \/>\n\t<meta property=\"og:image:height\" content=\"70\" \/>\n\t<meta property=\"og:image:type\" content=\"image\/png\" \/>\n<meta name=\"author\" content=\"Aschaffenburg_2.0\" \/>\n<meta name=\"twitter:card\" content=\"summary_large_image\" \/>\n<meta name=\"twitter:label1\" content=\"Verfasst von\" \/>\n\t<meta name=\"twitter:data1\" content=\"Aschaffenburg_2.0\" \/>\n\t<meta name=\"twitter:label2\" content=\"Gesch\u00e4tzte Lesezeit\" \/>\n\t<meta name=\"twitter:data2\" content=\"2\u00a0Minuten\" \/>\n<script type=\"application\/ld+json\" class=\"yoast-schema-graph\">{\"@context\":\"https:\\\/\\\/schema.org\",\"@graph\":[{\"@type\":\"Article\",\"@id\":\"https:\\\/\\\/aschaffenburgzweinull.stadtarchiv-digital.de\\\/ober-dem-weissen-helgen\\\/#article\",\"isPartOf\":{\"@id\":\"https:\\\/\\\/aschaffenburgzweinull.stadtarchiv-digital.de\\\/ober-dem-weissen-helgen\\\/\"},\"author\":{\"name\":\"Aschaffenburg_2.0\",\"@id\":\"https:\\\/\\\/aschaffenburgzweinull.stadtarchiv-digital.de\\\/#\\\/schema\\\/person\\\/6620dad05f894110a34e3afd3c3cf3ff\"},\"headline\":\"Ober dem Wei\u00dfen Helgen\",\"datePublished\":\"2022-03-28T07:13:08+00:00\",\"mainEntityOfPage\":{\"@id\":\"https:\\\/\\\/aschaffenburgzweinull.stadtarchiv-digital.de\\\/ober-dem-weissen-helgen\\\/\"},\"wordCount\":330,\"commentCount\":0,\"keywords\":[\"Obernau\",\"Bildstock\"],\"articleSection\":[\"Baudenkmal\"],\"inLanguage\":\"de\",\"potentialAction\":[{\"@type\":\"CommentAction\",\"name\":\"Comment\",\"target\":[\"https:\\\/\\\/aschaffenburgzweinull.stadtarchiv-digital.de\\\/ober-dem-weissen-helgen\\\/#respond\"]}]},{\"@type\":\"WebPage\",\"@id\":\"https:\\\/\\\/aschaffenburgzweinull.stadtarchiv-digital.de\\\/ober-dem-weissen-helgen\\\/\",\"url\":\"https:\\\/\\\/aschaffenburgzweinull.stadtarchiv-digital.de\\\/ober-dem-weissen-helgen\\\/\",\"name\":\"Ober dem Wei\u00dfen Helgen - Aschaffenburg\",\"isPartOf\":{\"@id\":\"https:\\\/\\\/aschaffenburgzweinull.stadtarchiv-digital.de\\\/#website\"},\"datePublished\":\"2022-03-28T07:13:08+00:00\",\"author\":{\"@id\":\"https:\\\/\\\/aschaffenburgzweinull.stadtarchiv-digital.de\\\/#\\\/schema\\\/person\\\/6620dad05f894110a34e3afd3c3cf3ff\"},\"breadcrumb\":{\"@id\":\"https:\\\/\\\/aschaffenburgzweinull.stadtarchiv-digital.de\\\/ober-dem-weissen-helgen\\\/#breadcrumb\"},\"inLanguage\":\"de\",\"potentialAction\":[{\"@type\":\"ReadAction\",\"target\":[\"https:\\\/\\\/aschaffenburgzweinull.stadtarchiv-digital.de\\\/ober-dem-weissen-helgen\\\/\"]}]},{\"@type\":\"BreadcrumbList\",\"@id\":\"https:\\\/\\\/aschaffenburgzweinull.stadtarchiv-digital.de\\\/ober-dem-weissen-helgen\\\/#breadcrumb\",\"itemListElement\":[{\"@type\":\"ListItem\",\"position\":1,\"name\":\"Startseite\",\"item\":\"https:\\\/\\\/aschaffenburgzweinull.stadtarchiv-digital.de\\\/\"},{\"@type\":\"ListItem\",\"position\":2,\"name\":\"Ober dem Wei\u00dfen Helgen\"}]},{\"@type\":\"WebSite\",\"@id\":\"https:\\\/\\\/aschaffenburgzweinull.stadtarchiv-digital.de\\\/#website\",\"url\":\"https:\\\/\\\/aschaffenburgzweinull.stadtarchiv-digital.de\\\/\",\"name\":\"Aschaffenburg\",\"description\":\"2.0\",\"potentialAction\":[{\"@type\":\"SearchAction\",\"target\":{\"@type\":\"EntryPoint\",\"urlTemplate\":\"https:\\\/\\\/aschaffenburgzweinull.stadtarchiv-digital.de\\\/?s={search_term_string}\"},\"query-input\":{\"@type\":\"PropertyValueSpecification\",\"valueRequired\":true,\"valueName\":\"search_term_string\"}}],\"inLanguage\":\"de\"},{\"@type\":\"Person\",\"@id\":\"https:\\\/\\\/aschaffenburgzweinull.stadtarchiv-digital.de\\\/#\\\/schema\\\/person\\\/6620dad05f894110a34e3afd3c3cf3ff\",\"name\":\"Aschaffenburg_2.0\",\"url\":\"https:\\\/\\\/aschaffenburgzweinull.stadtarchiv-digital.de\\\/author\\\/aschaffenburg_2-0\\\/\"}]}<\/script>\n<!-- \/ Yoast SEO plugin. -->","yoast_head_json":{"title":"Ober dem Wei\u00dfen Helgen - Aschaffenburg","robots":{"index":"index","follow":"follow","max-snippet":"max-snippet:-1","max-image-preview":"max-image-preview:large","max-video-preview":"max-video-preview:-1"},"canonical":"https:\/\/aschaffenburgzweinull.stadtarchiv-digital.de\/ober-dem-weissen-helgen\/","og_locale":"de_DE","og_type":"article","og_title":"Ober dem Wei\u00dfen Helgen - Aschaffenburg","og_description":"Der auch als \u201eSt\u00fctzelhelgen\u201c bezeichnete S\u00e4ulenbildstock steht an der Staatsstra\u00dfe 2309. Auf einem schmalen, hochrechteckigen Sockel mit Diamantquaderung an allen vier Seiten sitzt ein etwas \u00fcberstehender W\u00fcrfel, der die S\u00e4ule [&hellip;]","og_url":"https:\/\/aschaffenburgzweinull.stadtarchiv-digital.de\/ober-dem-weissen-helgen\/","og_site_name":"Aschaffenburg","article_published_time":"2022-03-28T07:13:08+00:00","og_image":[{"width":379,"height":70,"url":"https:\/\/aschaffenburgzweinull.stadtarchiv-digital.de\/wp-content\/uploads\/2020\/07\/Logo-Stadtarchiv-Aschaffenburg.png","type":"image\/png"}],"author":"Aschaffenburg_2.0","twitter_card":"summary_large_image","twitter_misc":{"Verfasst von":"Aschaffenburg_2.0","Gesch\u00e4tzte Lesezeit":"2\u00a0Minuten"},"schema":{"@context":"https:\/\/schema.org","@graph":[{"@type":"Article","@id":"https:\/\/aschaffenburgzweinull.stadtarchiv-digital.de\/ober-dem-weissen-helgen\/#article","isPartOf":{"@id":"https:\/\/aschaffenburgzweinull.stadtarchiv-digital.de\/ober-dem-weissen-helgen\/"},"author":{"name":"Aschaffenburg_2.0","@id":"https:\/\/aschaffenburgzweinull.stadtarchiv-digital.de\/#\/schema\/person\/6620dad05f894110a34e3afd3c3cf3ff"},"headline":"Ober dem Wei\u00dfen Helgen","datePublished":"2022-03-28T07:13:08+00:00","mainEntityOfPage":{"@id":"https:\/\/aschaffenburgzweinull.stadtarchiv-digital.de\/ober-dem-weissen-helgen\/"},"wordCount":330,"commentCount":0,"keywords":["Obernau","Bildstock"],"articleSection":["Baudenkmal"],"inLanguage":"de","potentialAction":[{"@type":"CommentAction","name":"Comment","target":["https:\/\/aschaffenburgzweinull.stadtarchiv-digital.de\/ober-dem-weissen-helgen\/#respond"]}]},{"@type":"WebPage","@id":"https:\/\/aschaffenburgzweinull.stadtarchiv-digital.de\/ober-dem-weissen-helgen\/","url":"https:\/\/aschaffenburgzweinull.stadtarchiv-digital.de\/ober-dem-weissen-helgen\/","name":"Ober dem Wei\u00dfen Helgen - Aschaffenburg","isPartOf":{"@id":"https:\/\/aschaffenburgzweinull.stadtarchiv-digital.de\/#website"},"datePublished":"2022-03-28T07:13:08+00:00","author":{"@id":"https:\/\/aschaffenburgzweinull.stadtarchiv-digital.de\/#\/schema\/person\/6620dad05f894110a34e3afd3c3cf3ff"},"breadcrumb":{"@id":"https:\/\/aschaffenburgzweinull.stadtarchiv-digital.de\/ober-dem-weissen-helgen\/#breadcrumb"},"inLanguage":"de","potentialAction":[{"@type":"ReadAction","target":["https:\/\/aschaffenburgzweinull.stadtarchiv-digital.de\/ober-dem-weissen-helgen\/"]}]},{"@type":"BreadcrumbList","@id":"https:\/\/aschaffenburgzweinull.stadtarchiv-digital.de\/ober-dem-weissen-helgen\/#breadcrumb","itemListElement":[{"@type":"ListItem","position":1,"name":"Startseite","item":"https:\/\/aschaffenburgzweinull.stadtarchiv-digital.de\/"},{"@type":"ListItem","position":2,"name":"Ober dem Wei\u00dfen Helgen"}]},{"@type":"WebSite","@id":"https:\/\/aschaffenburgzweinull.stadtarchiv-digital.de\/#website","url":"https:\/\/aschaffenburgzweinull.stadtarchiv-digital.de\/","name":"Aschaffenburg","description":"2.0","potentialAction":[{"@type":"SearchAction","target":{"@type":"EntryPoint","urlTemplate":"https:\/\/aschaffenburgzweinull.stadtarchiv-digital.de\/?s={search_term_string}"},"query-input":{"@type":"PropertyValueSpecification","valueRequired":true,"valueName":"search_term_string"}}],"inLanguage":"de"},{"@type":"Person","@id":"https:\/\/aschaffenburgzweinull.stadtarchiv-digital.de\/#\/schema\/person\/6620dad05f894110a34e3afd3c3cf3ff","name":"Aschaffenburg_2.0","url":"https:\/\/aschaffenburgzweinull.stadtarchiv-digital.de\/author\/aschaffenburg_2-0\/"}]}},"_links":{"self":[{"href":"https:\/\/aschaffenburgzweinull.stadtarchiv-digital.de\/data\/wp\/v2\/posts\/4245","targetHints":{"allow":["GET"]}}],"collection":[{"href":"https:\/\/aschaffenburgzweinull.stadtarchiv-digital.de\/data\/wp\/v2\/posts"}],"about":[{"href":"https:\/\/aschaffenburgzweinull.stadtarchiv-digital.de\/data\/wp\/v2\/types\/post"}],"author":[{"embeddable":true,"href":"https:\/\/aschaffenburgzweinull.stadtarchiv-digital.de\/data\/wp\/v2\/users\/3"}],"replies":[{"embeddable":true,"href":"https:\/\/aschaffenburgzweinull.stadtarchiv-digital.de\/data\/wp\/v2\/comments?post=4245"}],"version-history":[{"count":3,"href":"https:\/\/aschaffenburgzweinull.stadtarchiv-digital.de\/data\/wp\/v2\/posts\/4245\/revisions"}],"predecessor-version":[{"id":5071,"href":"https:\/\/aschaffenburgzweinull.stadtarchiv-digital.de\/data\/wp\/v2\/posts\/4245\/revisions\/5071"}],"wp:attachment":[{"href":"https:\/\/aschaffenburgzweinull.stadtarchiv-digital.de\/data\/wp\/v2\/media?parent=4245"}],"wp:term":[{"taxonomy":"category","embeddable":true,"href":"https:\/\/aschaffenburgzweinull.stadtarchiv-digital.de\/data\/wp\/v2\/categories?post=4245"},{"taxonomy":"post_tag","embeddable":true,"href":"https:\/\/aschaffenburgzweinull.stadtarchiv-digital.de\/data\/wp\/v2\/tags?post=4245"},{"taxonomy":"format","embeddable":true,"href":"https:\/\/aschaffenburgzweinull.stadtarchiv-digital.de\/data\/wp\/v2\/post-format?post=4245"},{"taxonomy":"content","embeddable":true,"href":"https:\/\/aschaffenburgzweinull.stadtarchiv-digital.de\/data\/wp\/v2\/post-content?post=4245"}],"curies":[{"name":"wp","href":"https:\/\/api.w.org\/{rel}","templated":true}]}}