{"id":4235,"date":"2022-03-28T09:21:34","date_gmt":"2022-03-28T07:21:34","guid":{"rendered":"https:\/\/aschaffenburgzweinull.stadtarchiv-digital.de\/?p=4235"},"modified":"2022-03-28T09:21:34","modified_gmt":"2022-03-28T07:21:34","slug":"ortskern-und-ortsbefestigung-obernau","status":"publish","type":"post","link":"https:\/\/aschaffenburgzweinull.stadtarchiv-digital.de\/ortskern-und-ortsbefestigung-obernau\/","title":{"rendered":"Ortskern und Ortsbefestigung Obernau"},"content":{"rendered":"<p><strong>Ensemble Ortskern<\/strong><\/p>\n<p>Das seit Ende des 12. Jh. bezeugte, ehemals ummauerte Stra\u00dfendorf ist unmittelbar am Main gelegen. Es zeigt eine regelm\u00e4\u00dfige Hofreihung beiderseits der Hauptstra\u00dfe. Die Wohnh\u00e4user der Hofanlagen stehen, meist jeweils von einem Einfahrtstor begleitet, giebelst\u00e4ndig zur Stra\u00dfe; die tiefen Grundst\u00fccke werden nach hinten durch die Scheunen abgeschlossen, die an der Mainseite einen noch weitgehend ungest\u00f6rten Scheunenrand bilden. Die \u00e4ltesten H\u00e4user und Toranlagen entstammen dem 16.\/17. Jh. Das Stra\u00dfenbild wird durch die sp\u00e4tbarocke Turmfront der ehem. Pfarrkirche beherrscht, deren \u00f6stliche Teile bei einem Brand 1942 vernichtet wurden.<\/p>\n<p><strong>Ortsbefestigung<\/strong><\/p>\n<p>Die Ortsbefestigung von Obernau entstand wohl um 1440 unter Erzbischof Dietrich Schenk von Erbach (1390\u20131459, Erzbischof von Mainz 1434\u2013 59). Neben der bereits bestehenden geschlossenen Scheunenfront war die Befestigung in erster Linie eine Erg\u00e4nzung dazu und sollte weniger bewaffnete Feinde abhalten, sondern die Dorfbewohner eher vor n\u00e4chtlichen Dieben und Raubgesindel sch\u00fctzen. An den drei Landseiten bestand die Befestigung aus z. T. nur h\u00fcfthohen Garten- und Terrassenm\u00e4uerchen, die durch Pf\u00e4hle, Stangen und Latten erh\u00f6ht das \u00dcberspringen durch Reiter erschweren sollten. An beiden Ortseing\u00e4ngen waren Torh\u00e4user, die bei Einbruch der Dunkelheit geschlossen und erst bei Anbruch des Tages wieder ge\u00f6ffnet wurden. Einfachere Tore befanden sich in der Main- und Kirchgasse. Eine Mauer entlang der Mainseite (wie z. B. in Niedernberg) hat es in Obernau nicht gegeben. Die Mauer am Pfarrgarten und zwei kurze Mauerst\u00fccke am Mainweg sind lediglich Ans\u00e4tze einer mainseitigen Befestigung. Zum einen boten wohl die Z\u00e4une und terrassierten G\u00e4rten ausreichend Schutz und zum anderen f\u00fcrchtete man eher von der Landseite Gefahr. Die beiden Rondelle an den Enden der Dorfmauer am Ufer des Mains dienten einerseits als erh\u00f6hte Aussichtspunkte und andererseits gewisserma\u00dfen als abwehrende Attrappe, da nicht einsehbar war, dass dahinter die Dorfmauer bereits aufh\u00f6rte.<\/p>\n<p>Nach dem Ende des Mainzer Erzbistums 1803 begannen Verfall und Abbruch der Ortsbefestigung. Das Obere Tor (bei Hauptstra\u00dfe 4) wurde 1806 abgebrochen. Das Untere Tor blieb noch bis 1873 bestehen, weil es in Zeiten von Wohnungsmangel notd\u00fcrftig erhalten wurde und als Wohnung diente. 1933\/34 wurde im Rahmen des Ausbaus der \u201eNeuen Stra\u00dfe\u201c (Maintalstra\u00dfe) ein weiterer Abschnitt der Ortsbefestigung beseitigt. Bei der in diesem Zusammenhang vorgenommenen zweiten Friedhofserweiterung wurde auch ein St\u00fcck der alten Friedhofsmauer abgebrochen, die Teil der Ortsbefestigung war. Bei den heute noch erhaltenen Mauerresten handelt es sich zum \u00fcberwiegenden Teil um Rekonstruktionen. Von der urspr\u00fcnglichen Befestigungsanlage ist das untere Rondell mit anschlie\u00dfendem Mauerst\u00fcck erhalten.<\/p>\n<p>Quelle:<\/p>\n<p>Ina Gutzeit\/Hauke Kenzler: Kreisfreie Stadt Aschaffenburg. Ensembles, Baudenkm\u00e4ler, Bodendenkm\u00e4ler (Denkm\u00e4ler in Bayern. VI. Unterfranken, 71), M\u00fcnchen 2015, S. 288.<\/p>\n","protected":false},"excerpt":{"rendered":"<p>Ensemble Ortskern Das seit Ende des 12. Jh. bezeugte, ehemals ummauerte Stra\u00dfendorf ist unmittelbar am Main gelegen. Es zeigt eine regelm\u00e4\u00dfige Hofreihung beiderseits der Hauptstra\u00dfe. Die Wohnh\u00e4user der Hofanlagen stehen, [&hellip;]<\/p>\n","protected":false},"author":3,"featured_media":0,"comment_status":"open","ping_status":"open","sticky":false,"template":"","format":"standard","meta":{"_acf_changed":false,"footnotes":""},"categories":[542],"tags":[162,608,657,680,747],"post-format":[2],"post-content":[67],"class_list":["post-4235","post","type-post","status-publish","format-standard","hentry","category-baudenkmal","tag-obernau","tag-stadtbefestigung","tag-kurmainz","tag-bischof","tag-hof","format-information","content-text","project-denkmaltopographie"],"acf":[],"yoast_head":"<!-- This site is optimized with the Yoast SEO plugin v27.4 - https:\/\/yoast.com\/product\/yoast-seo-wordpress\/ -->\n<title>Ortskern und Ortsbefestigung Obernau - Aschaffenburg<\/title>\n<meta name=\"robots\" content=\"index, follow, max-snippet:-1, max-image-preview:large, max-video-preview:-1\" \/>\n<link rel=\"canonical\" href=\"https:\/\/aschaffenburgzweinull.stadtarchiv-digital.de\/ortskern-und-ortsbefestigung-obernau\/\" \/>\n<meta property=\"og:locale\" content=\"de_DE\" \/>\n<meta property=\"og:type\" content=\"article\" \/>\n<meta property=\"og:title\" content=\"Ortskern und Ortsbefestigung Obernau - Aschaffenburg\" \/>\n<meta property=\"og:description\" content=\"Ensemble Ortskern Das seit Ende des 12. Jh. bezeugte, ehemals ummauerte Stra\u00dfendorf ist unmittelbar am Main gelegen. Es zeigt eine regelm\u00e4\u00dfige Hofreihung beiderseits der Hauptstra\u00dfe. Die Wohnh\u00e4user der Hofanlagen stehen, [&hellip;]\" \/>\n<meta property=\"og:url\" content=\"https:\/\/aschaffenburgzweinull.stadtarchiv-digital.de\/ortskern-und-ortsbefestigung-obernau\/\" \/>\n<meta property=\"og:site_name\" content=\"Aschaffenburg\" \/>\n<meta property=\"article:published_time\" content=\"2022-03-28T07:21:34+00:00\" \/>\n<meta property=\"og:image\" content=\"https:\/\/aschaffenburgzweinull.stadtarchiv-digital.de\/wp-content\/uploads\/2020\/07\/Logo-Stadtarchiv-Aschaffenburg.png\" \/>\n\t<meta property=\"og:image:width\" content=\"379\" \/>\n\t<meta property=\"og:image:height\" content=\"70\" \/>\n\t<meta property=\"og:image:type\" content=\"image\/png\" \/>\n<meta name=\"author\" content=\"Aschaffenburg_2.0\" \/>\n<meta name=\"twitter:card\" content=\"summary_large_image\" \/>\n<meta name=\"twitter:label1\" content=\"Verfasst von\" \/>\n\t<meta name=\"twitter:data1\" content=\"Aschaffenburg_2.0\" \/>\n\t<meta name=\"twitter:label2\" content=\"Gesch\u00e4tzte Lesezeit\" \/>\n\t<meta name=\"twitter:data2\" content=\"3\u00a0Minuten\" \/>\n<script type=\"application\/ld+json\" class=\"yoast-schema-graph\">{\"@context\":\"https:\\\/\\\/schema.org\",\"@graph\":[{\"@type\":\"Article\",\"@id\":\"https:\\\/\\\/aschaffenburgzweinull.stadtarchiv-digital.de\\\/ortskern-und-ortsbefestigung-obernau\\\/#article\",\"isPartOf\":{\"@id\":\"https:\\\/\\\/aschaffenburgzweinull.stadtarchiv-digital.de\\\/ortskern-und-ortsbefestigung-obernau\\\/\"},\"author\":{\"name\":\"Aschaffenburg_2.0\",\"@id\":\"https:\\\/\\\/aschaffenburgzweinull.stadtarchiv-digital.de\\\/#\\\/schema\\\/person\\\/6620dad05f894110a34e3afd3c3cf3ff\"},\"headline\":\"Ortskern und Ortsbefestigung Obernau\",\"datePublished\":\"2022-03-28T07:21:34+00:00\",\"mainEntityOfPage\":{\"@id\":\"https:\\\/\\\/aschaffenburgzweinull.stadtarchiv-digital.de\\\/ortskern-und-ortsbefestigung-obernau\\\/\"},\"wordCount\":440,\"commentCount\":0,\"keywords\":[\"Obernau\",\"Stadtbefestigung\",\"Kurmainz\",\"Bischof\",\"Hof\"],\"articleSection\":[\"Baudenkmal\"],\"inLanguage\":\"de\",\"potentialAction\":[{\"@type\":\"CommentAction\",\"name\":\"Comment\",\"target\":[\"https:\\\/\\\/aschaffenburgzweinull.stadtarchiv-digital.de\\\/ortskern-und-ortsbefestigung-obernau\\\/#respond\"]}]},{\"@type\":\"WebPage\",\"@id\":\"https:\\\/\\\/aschaffenburgzweinull.stadtarchiv-digital.de\\\/ortskern-und-ortsbefestigung-obernau\\\/\",\"url\":\"https:\\\/\\\/aschaffenburgzweinull.stadtarchiv-digital.de\\\/ortskern-und-ortsbefestigung-obernau\\\/\",\"name\":\"Ortskern und Ortsbefestigung Obernau - Aschaffenburg\",\"isPartOf\":{\"@id\":\"https:\\\/\\\/aschaffenburgzweinull.stadtarchiv-digital.de\\\/#website\"},\"datePublished\":\"2022-03-28T07:21:34+00:00\",\"author\":{\"@id\":\"https:\\\/\\\/aschaffenburgzweinull.stadtarchiv-digital.de\\\/#\\\/schema\\\/person\\\/6620dad05f894110a34e3afd3c3cf3ff\"},\"breadcrumb\":{\"@id\":\"https:\\\/\\\/aschaffenburgzweinull.stadtarchiv-digital.de\\\/ortskern-und-ortsbefestigung-obernau\\\/#breadcrumb\"},\"inLanguage\":\"de\",\"potentialAction\":[{\"@type\":\"ReadAction\",\"target\":[\"https:\\\/\\\/aschaffenburgzweinull.stadtarchiv-digital.de\\\/ortskern-und-ortsbefestigung-obernau\\\/\"]}]},{\"@type\":\"BreadcrumbList\",\"@id\":\"https:\\\/\\\/aschaffenburgzweinull.stadtarchiv-digital.de\\\/ortskern-und-ortsbefestigung-obernau\\\/#breadcrumb\",\"itemListElement\":[{\"@type\":\"ListItem\",\"position\":1,\"name\":\"Startseite\",\"item\":\"https:\\\/\\\/aschaffenburgzweinull.stadtarchiv-digital.de\\\/\"},{\"@type\":\"ListItem\",\"position\":2,\"name\":\"Ortskern und Ortsbefestigung Obernau\"}]},{\"@type\":\"WebSite\",\"@id\":\"https:\\\/\\\/aschaffenburgzweinull.stadtarchiv-digital.de\\\/#website\",\"url\":\"https:\\\/\\\/aschaffenburgzweinull.stadtarchiv-digital.de\\\/\",\"name\":\"Aschaffenburg\",\"description\":\"2.0\",\"potentialAction\":[{\"@type\":\"SearchAction\",\"target\":{\"@type\":\"EntryPoint\",\"urlTemplate\":\"https:\\\/\\\/aschaffenburgzweinull.stadtarchiv-digital.de\\\/?s={search_term_string}\"},\"query-input\":{\"@type\":\"PropertyValueSpecification\",\"valueRequired\":true,\"valueName\":\"search_term_string\"}}],\"inLanguage\":\"de\"},{\"@type\":\"Person\",\"@id\":\"https:\\\/\\\/aschaffenburgzweinull.stadtarchiv-digital.de\\\/#\\\/schema\\\/person\\\/6620dad05f894110a34e3afd3c3cf3ff\",\"name\":\"Aschaffenburg_2.0\",\"url\":\"https:\\\/\\\/aschaffenburgzweinull.stadtarchiv-digital.de\\\/author\\\/aschaffenburg_2-0\\\/\"}]}<\/script>\n<!-- \/ Yoast SEO plugin. -->","yoast_head_json":{"title":"Ortskern und Ortsbefestigung Obernau - Aschaffenburg","robots":{"index":"index","follow":"follow","max-snippet":"max-snippet:-1","max-image-preview":"max-image-preview:large","max-video-preview":"max-video-preview:-1"},"canonical":"https:\/\/aschaffenburgzweinull.stadtarchiv-digital.de\/ortskern-und-ortsbefestigung-obernau\/","og_locale":"de_DE","og_type":"article","og_title":"Ortskern und Ortsbefestigung Obernau - Aschaffenburg","og_description":"Ensemble Ortskern Das seit Ende des 12. Jh. bezeugte, ehemals ummauerte Stra\u00dfendorf ist unmittelbar am Main gelegen. Es zeigt eine regelm\u00e4\u00dfige Hofreihung beiderseits der Hauptstra\u00dfe. Die Wohnh\u00e4user der Hofanlagen stehen, [&hellip;]","og_url":"https:\/\/aschaffenburgzweinull.stadtarchiv-digital.de\/ortskern-und-ortsbefestigung-obernau\/","og_site_name":"Aschaffenburg","article_published_time":"2022-03-28T07:21:34+00:00","og_image":[{"width":379,"height":70,"url":"https:\/\/aschaffenburgzweinull.stadtarchiv-digital.de\/wp-content\/uploads\/2020\/07\/Logo-Stadtarchiv-Aschaffenburg.png","type":"image\/png"}],"author":"Aschaffenburg_2.0","twitter_card":"summary_large_image","twitter_misc":{"Verfasst von":"Aschaffenburg_2.0","Gesch\u00e4tzte Lesezeit":"3\u00a0Minuten"},"schema":{"@context":"https:\/\/schema.org","@graph":[{"@type":"Article","@id":"https:\/\/aschaffenburgzweinull.stadtarchiv-digital.de\/ortskern-und-ortsbefestigung-obernau\/#article","isPartOf":{"@id":"https:\/\/aschaffenburgzweinull.stadtarchiv-digital.de\/ortskern-und-ortsbefestigung-obernau\/"},"author":{"name":"Aschaffenburg_2.0","@id":"https:\/\/aschaffenburgzweinull.stadtarchiv-digital.de\/#\/schema\/person\/6620dad05f894110a34e3afd3c3cf3ff"},"headline":"Ortskern und Ortsbefestigung Obernau","datePublished":"2022-03-28T07:21:34+00:00","mainEntityOfPage":{"@id":"https:\/\/aschaffenburgzweinull.stadtarchiv-digital.de\/ortskern-und-ortsbefestigung-obernau\/"},"wordCount":440,"commentCount":0,"keywords":["Obernau","Stadtbefestigung","Kurmainz","Bischof","Hof"],"articleSection":["Baudenkmal"],"inLanguage":"de","potentialAction":[{"@type":"CommentAction","name":"Comment","target":["https:\/\/aschaffenburgzweinull.stadtarchiv-digital.de\/ortskern-und-ortsbefestigung-obernau\/#respond"]}]},{"@type":"WebPage","@id":"https:\/\/aschaffenburgzweinull.stadtarchiv-digital.de\/ortskern-und-ortsbefestigung-obernau\/","url":"https:\/\/aschaffenburgzweinull.stadtarchiv-digital.de\/ortskern-und-ortsbefestigung-obernau\/","name":"Ortskern und Ortsbefestigung Obernau - Aschaffenburg","isPartOf":{"@id":"https:\/\/aschaffenburgzweinull.stadtarchiv-digital.de\/#website"},"datePublished":"2022-03-28T07:21:34+00:00","author":{"@id":"https:\/\/aschaffenburgzweinull.stadtarchiv-digital.de\/#\/schema\/person\/6620dad05f894110a34e3afd3c3cf3ff"},"breadcrumb":{"@id":"https:\/\/aschaffenburgzweinull.stadtarchiv-digital.de\/ortskern-und-ortsbefestigung-obernau\/#breadcrumb"},"inLanguage":"de","potentialAction":[{"@type":"ReadAction","target":["https:\/\/aschaffenburgzweinull.stadtarchiv-digital.de\/ortskern-und-ortsbefestigung-obernau\/"]}]},{"@type":"BreadcrumbList","@id":"https:\/\/aschaffenburgzweinull.stadtarchiv-digital.de\/ortskern-und-ortsbefestigung-obernau\/#breadcrumb","itemListElement":[{"@type":"ListItem","position":1,"name":"Startseite","item":"https:\/\/aschaffenburgzweinull.stadtarchiv-digital.de\/"},{"@type":"ListItem","position":2,"name":"Ortskern und Ortsbefestigung Obernau"}]},{"@type":"WebSite","@id":"https:\/\/aschaffenburgzweinull.stadtarchiv-digital.de\/#website","url":"https:\/\/aschaffenburgzweinull.stadtarchiv-digital.de\/","name":"Aschaffenburg","description":"2.0","potentialAction":[{"@type":"SearchAction","target":{"@type":"EntryPoint","urlTemplate":"https:\/\/aschaffenburgzweinull.stadtarchiv-digital.de\/?s={search_term_string}"},"query-input":{"@type":"PropertyValueSpecification","valueRequired":true,"valueName":"search_term_string"}}],"inLanguage":"de"},{"@type":"Person","@id":"https:\/\/aschaffenburgzweinull.stadtarchiv-digital.de\/#\/schema\/person\/6620dad05f894110a34e3afd3c3cf3ff","name":"Aschaffenburg_2.0","url":"https:\/\/aschaffenburgzweinull.stadtarchiv-digital.de\/author\/aschaffenburg_2-0\/"}]}},"_links":{"self":[{"href":"https:\/\/aschaffenburgzweinull.stadtarchiv-digital.de\/data\/wp\/v2\/posts\/4235","targetHints":{"allow":["GET"]}}],"collection":[{"href":"https:\/\/aschaffenburgzweinull.stadtarchiv-digital.de\/data\/wp\/v2\/posts"}],"about":[{"href":"https:\/\/aschaffenburgzweinull.stadtarchiv-digital.de\/data\/wp\/v2\/types\/post"}],"author":[{"embeddable":true,"href":"https:\/\/aschaffenburgzweinull.stadtarchiv-digital.de\/data\/wp\/v2\/users\/3"}],"replies":[{"embeddable":true,"href":"https:\/\/aschaffenburgzweinull.stadtarchiv-digital.de\/data\/wp\/v2\/comments?post=4235"}],"version-history":[{"count":1,"href":"https:\/\/aschaffenburgzweinull.stadtarchiv-digital.de\/data\/wp\/v2\/posts\/4235\/revisions"}],"predecessor-version":[{"id":4236,"href":"https:\/\/aschaffenburgzweinull.stadtarchiv-digital.de\/data\/wp\/v2\/posts\/4235\/revisions\/4236"}],"wp:attachment":[{"href":"https:\/\/aschaffenburgzweinull.stadtarchiv-digital.de\/data\/wp\/v2\/media?parent=4235"}],"wp:term":[{"taxonomy":"category","embeddable":true,"href":"https:\/\/aschaffenburgzweinull.stadtarchiv-digital.de\/data\/wp\/v2\/categories?post=4235"},{"taxonomy":"post_tag","embeddable":true,"href":"https:\/\/aschaffenburgzweinull.stadtarchiv-digital.de\/data\/wp\/v2\/tags?post=4235"},{"taxonomy":"format","embeddable":true,"href":"https:\/\/aschaffenburgzweinull.stadtarchiv-digital.de\/data\/wp\/v2\/post-format?post=4235"},{"taxonomy":"content","embeddable":true,"href":"https:\/\/aschaffenburgzweinull.stadtarchiv-digital.de\/data\/wp\/v2\/post-content?post=4235"}],"curies":[{"name":"wp","href":"https:\/\/api.w.org\/{rel}","templated":true}]}}