{"id":4216,"date":"2022-03-28T09:37:39","date_gmt":"2022-03-28T07:37:39","guid":{"rendered":"https:\/\/aschaffenburgzweinull.stadtarchiv-digital.de\/?p=4216"},"modified":"2022-03-28T09:37:39","modified_gmt":"2022-03-28T07:37:39","slug":"kirchstrasse","status":"publish","type":"post","link":"https:\/\/aschaffenburgzweinull.stadtarchiv-digital.de\/kirchstrasse\/","title":{"rendered":"Kirchstra\u00dfe"},"content":{"rendered":"<p><strong>Kath. Pfarrkirche St. Laurentius<\/strong><\/p>\n<p>Die kath. Pfarrkirche St. Laurentius in Leider wurde nach Pl\u00e4nen der Baumeister und Br\u00fcder Hans (1872\u20131952) und Christoph (1881\u20131961) Rummel aus Frankfurt am Main 1922\/23 gem\u00e4\u00df dem Wunsch des Seelsorgers und Expositus der 1919 eingerichteten Pfarrei Leider Friedrich Bruno Krane als Pfeilerbasilika mit Apsis und S\u00e4ulenvorhalle nach dem Vorbild von San Paolo fuori le Mura vor den Mauern in Rom errichtet. Die feierliche Grundsteinlegung f\u00fcr den Kirchenneubau erfolgte am Ostermontag, 17. April 1922, die Weihe am 5. August 1923. Da der Bau des Gotteshauses in die Zeit der Inflation fiel, war er mit gro\u00dfen finanziellen N\u00f6ten verbunden und wurde weniger reich ausgef\u00fchrt, als von den Architekten urspr\u00fcnglich geplant. So sollte zum Beispiel der Turm eine achteckige Haube erhalten, wurde aber nur mit einem niedrigen Helm versehen. Im Zweiten Weltkrieg erlitt die Kirche erste leichte Sch\u00e4den beim Angriff am 21. November 1944. Schwerere Sch\u00e4den entstanden am Morgen des 25. M\u00e4rz 1945 durch eine Luftmine, die auf das Bahnhofsgel\u00e4nde abgeworfen worden war und Luftdruck Zerst\u00f6rungen in weitem Umkreis verursachte. Das Dach der Kirche st\u00fcrzte ein und riss die Decke herunter. Die schweren Sch\u00e4den konnten schnell beseitigt werden, indem eine einfache Holzdecke statt des Tonnengew\u00f6lbes eingezogen wurde. 1947 war die Kirche als Provisorium wieder nutzbar. Eine General\u00fcberholung war aufgrund von Materialfehlern, schlechter Qualit\u00e4t der w\u00e4hrend der Inflationszeit verwendeten Baustoffe sowie Resten von Kriegssch\u00e4den in den Jahren 1965\u201367 notwendig. Bereits 1976\/77 wurde die Kirche erneut \u201etotalrenoviert\u201c. Dabei wurden das gesamte Bauwerk gesichert, abgenutzte Bauteile saniert, die Sakristei mit einem Nebenraum ausgebaut, der Innenraum restauriert und der Chorraum nach den Vorgaben des Zweiten Vatikanischen Konzils umgestaltet. Das Langhaus mit dreiseitigem Chor im Osten und einem \u00fcbergiebeltem Risalit mit S\u00e4ulenvorhalle im Westen wird von einem hohen Walmdach dominiert. In der Mitte der s\u00fcdlichen Langhausseite ist der steinsichtige Glockenturm angef\u00fcgt.<\/p>\n<p>Die Fassade des Kirchenbaus besteht aus einem hohen Sockelbereich aus Rechteckquadern und glatt verputztem aufgehendem Mauerwerk. Unter der Traufe verl\u00e4uft ein kr\u00e4ftiger Konsolfries. Die Seitenfassaden sind durch flache Lisenen gegliedert. Die Fenster sind jeweils durch zwei Steins\u00e4ulen in drei schmale Felder unterteilt. Der Zugang erfolgt \u00fcber das Hauptportal an der Westseite und einen Seiteneingang an der Nordseite. Dieser ist mit zwei toskanischen S\u00e4ulen, Architrav und Giebel hervorgehoben. Der Innenraum der dreischiffigen Basilika zeigt romanische Stilelemente. Das mittlere der drei Schiffe war urspr\u00fcnglich mit einem Tonnengew\u00f6lbe abgeschlossen. Die Seitenschiffe sind mit insgesamt zw\u00f6lf S\u00e4ulen \u2013 symbolisch f\u00fcr die zw\u00f6lf Apostel \u2013 und Rundb\u00f6gen vom Hauptschiff abgetrennt. Die Fenster liegen sehr hoch, darunter sind flache Rundbogennischen. Im Westen befindet sich eine Orgelempore mit dar\u00fcberliegender runder Fensterrose. Die Apsis wird durch zwei doppelluchtige Fenster belichtet. Altar und Kreuzigungsgruppe in der Apsis wurden von dem Bildhauer Johann Josef Belz (1873\u20131957, Frankfurt am Main) geschaffen. Der Altaraufbau ist aus Kunstmarmor und zeigt das Letzte Abendmahl und Jesus mit den Emmausj\u00fcngern in Form zweier vergoldeter Gipsreliefs. 1977 fertigte K\u00fcnstler Hermann Kr\u00f6ckel (1913\u20132000) Volksaltar, Ambo, Sedilien und Taufstein aus Muschelkalk. Die zw\u00f6lf Bronzeleuchter befanden sich urspr\u00fcnglich im Langhaus und wurden sp\u00e4ter in den Altarraum versetzt. Der einstige Taufstein steht heute im Eingangsbereich und wird als Weihwasserbecken genutzt. Der ebenfalls von Bildhauer Johann Josef Belz geschaffene Kreuzweg wurde 1930 von B\u00fcrgern gestiftet. Die Bilder der 14 Stationen bilden ein durchgehendes Band in den flachen Nischen der n\u00f6rdlichen Langhausseite. Die Figuren der fr\u00fcheren Seitenalt\u00e4re (Maria und Josef) wurden auf niedrigeren Sockeln in den Chorraum flankierenden Nischen aufgestellt. Die h\u00f6lzerne Figur des Kirchenpatrons hl. Laurentius (um 1740) steht in einer Seitennische im s\u00fcdlichen Seitenschiff. Des Weiteren gibt es hier eine Figur des hl. Antonius. Im westlichen Teil der Kirche befinden sich eine Piet\u00e0 und die Gedenktafeln mit den Namen der Kriegsgefallenen. Die Buntglasfenster der Nordseite mit Szenen aus dem Leben des hl. Laurentius wurden von den Aschaffenburger K\u00fcnstlern Helmut Albert und Willibald Blum 1977 gefertigt. Sie sind nach dem Krieg modern erneuert worden; die der S\u00fcdseite des Altarraums hat man bereits in den 1960er Jahren verglast.<\/p>\n<p><strong>Kirchstra\u00dfe 16<\/strong><\/p>\n<p>Das Pfarrhaus der kath. Pfarrkirche St. Laurentius wurde von den Architekten Hans und Christoph Rummel aus Frankfurt am Main f\u00fcr die katholische Gemeinde St. Laurentius errichtet. Das Haus erhebt sich eingeschossig \u00fcber einem hohen Sockel und schlie\u00dft mit einem steilen Walmdach ab. Auf der zur Stra\u00dfe gerichteten Hauptfassade ist ein halbrunder Erker mit drei schmalen hochrechteckigen Fenstern angef\u00fcgt, der in einem Balkon endet, welcher \u00fcber ein gro\u00dfes Zwerchhaus im Dach zug\u00e4nglich ist. Auf der Nordseite befindet sich der Eingang in einem eigens daf\u00fcr vorgesehenen seitlichen Anbau. Das Geb\u00e4ude ist verputzt, die Fenster mit Sockel sind mit einer schlichten Sandsteinrahmung versehen und sitzen auf einem umlaufenden Sandsteingesims auf. Die Fassade ist bis auf ein unter der Traufe verlaufendes Gesims ungegliedert.<\/p>\n<p>Quelle:<\/p>\n<p>Ina Gutzeit\/Hauke Kenzler: Kreisfreie Stadt Aschaffenburg. Ensembles, Baudenkm\u00e4ler, Bodendenkm\u00e4ler (Denkm\u00e4ler in Bayern. VI. Unterfranken, 71), M\u00fcnchen 2015, S. 268-270.<\/p>\n","protected":false},"excerpt":{"rendered":"<p>Kath. Pfarrkirche St. Laurentius Die kath. Pfarrkirche St. Laurentius in Leider wurde nach Pl\u00e4nen der Baumeister und Br\u00fcder Hans (1872\u20131952) und Christoph (1881\u20131961) Rummel aus Frankfurt am Main 1922\/23 gem\u00e4\u00df [&hellip;]<\/p>\n","protected":false},"author":3,"featured_media":0,"comment_status":"open","ping_status":"open","sticky":false,"template":"","format":"standard","meta":{"_acf_changed":false,"footnotes":""},"categories":[542],"tags":[137,180,639,683,717,744,772],"post-format":[2],"post-content":[3,67],"class_list":["post-4216","post","type-post","status-publish","format-standard","hentry","category-baudenkmal","tag-kirche","tag-leider","tag-risalit","tag-heilige","tag-bildhauer","tag-chor","tag-kreuzweg","format-information","content-image","content-text","project-denkmaltopographie"],"acf":[],"yoast_head":"<!-- This site is optimized with the Yoast SEO plugin v27.4 - https:\/\/yoast.com\/product\/yoast-seo-wordpress\/ -->\n<title>Kirchstra\u00dfe - Aschaffenburg<\/title>\n<meta name=\"robots\" content=\"index, follow, max-snippet:-1, max-image-preview:large, max-video-preview:-1\" \/>\n<link rel=\"canonical\" href=\"https:\/\/aschaffenburgzweinull.stadtarchiv-digital.de\/kirchstrasse\/\" \/>\n<meta property=\"og:locale\" content=\"de_DE\" \/>\n<meta property=\"og:type\" content=\"article\" \/>\n<meta property=\"og:title\" content=\"Kirchstra\u00dfe - Aschaffenburg\" \/>\n<meta property=\"og:description\" content=\"Kath. Pfarrkirche St. Laurentius Die kath. Pfarrkirche St. Laurentius in Leider wurde nach Pl\u00e4nen der Baumeister und Br\u00fcder Hans (1872\u20131952) und Christoph (1881\u20131961) Rummel aus Frankfurt am Main 1922\/23 gem\u00e4\u00df [&hellip;]\" \/>\n<meta property=\"og:url\" content=\"https:\/\/aschaffenburgzweinull.stadtarchiv-digital.de\/kirchstrasse\/\" \/>\n<meta property=\"og:site_name\" content=\"Aschaffenburg\" \/>\n<meta property=\"article:published_time\" content=\"2022-03-28T07:37:39+00:00\" \/>\n<meta property=\"og:image\" content=\"https:\/\/aschaffenburgzweinull.stadtarchiv-digital.de\/wp-content\/uploads\/2020\/07\/Logo-Stadtarchiv-Aschaffenburg.png\" \/>\n\t<meta property=\"og:image:width\" content=\"379\" \/>\n\t<meta property=\"og:image:height\" content=\"70\" \/>\n\t<meta property=\"og:image:type\" content=\"image\/png\" \/>\n<meta name=\"author\" content=\"Aschaffenburg_2.0\" \/>\n<meta name=\"twitter:card\" content=\"summary_large_image\" \/>\n<meta name=\"twitter:label1\" content=\"Verfasst von\" \/>\n\t<meta name=\"twitter:data1\" content=\"Aschaffenburg_2.0\" \/>\n\t<meta name=\"twitter:label2\" content=\"Gesch\u00e4tzte Lesezeit\" \/>\n\t<meta name=\"twitter:data2\" content=\"5\u00a0Minuten\" \/>\n<script type=\"application\/ld+json\" class=\"yoast-schema-graph\">{\"@context\":\"https:\\\/\\\/schema.org\",\"@graph\":[{\"@type\":\"Article\",\"@id\":\"https:\\\/\\\/aschaffenburgzweinull.stadtarchiv-digital.de\\\/kirchstrasse\\\/#article\",\"isPartOf\":{\"@id\":\"https:\\\/\\\/aschaffenburgzweinull.stadtarchiv-digital.de\\\/kirchstrasse\\\/\"},\"author\":{\"name\":\"Aschaffenburg_2.0\",\"@id\":\"https:\\\/\\\/aschaffenburgzweinull.stadtarchiv-digital.de\\\/#\\\/schema\\\/person\\\/6620dad05f894110a34e3afd3c3cf3ff\"},\"headline\":\"Kirchstra\u00dfe\",\"datePublished\":\"2022-03-28T07:37:39+00:00\",\"mainEntityOfPage\":{\"@id\":\"https:\\\/\\\/aschaffenburgzweinull.stadtarchiv-digital.de\\\/kirchstrasse\\\/\"},\"wordCount\":822,\"commentCount\":0,\"keywords\":[\"Kirche\",\"Leider\",\"Risalit\",\"Heilige\",\"Bildhauer\",\"Chor\",\"Kreuzweg\"],\"articleSection\":[\"Baudenkmal\"],\"inLanguage\":\"de\",\"potentialAction\":[{\"@type\":\"CommentAction\",\"name\":\"Comment\",\"target\":[\"https:\\\/\\\/aschaffenburgzweinull.stadtarchiv-digital.de\\\/kirchstrasse\\\/#respond\"]}]},{\"@type\":\"WebPage\",\"@id\":\"https:\\\/\\\/aschaffenburgzweinull.stadtarchiv-digital.de\\\/kirchstrasse\\\/\",\"url\":\"https:\\\/\\\/aschaffenburgzweinull.stadtarchiv-digital.de\\\/kirchstrasse\\\/\",\"name\":\"Kirchstra\u00dfe - Aschaffenburg\",\"isPartOf\":{\"@id\":\"https:\\\/\\\/aschaffenburgzweinull.stadtarchiv-digital.de\\\/#website\"},\"datePublished\":\"2022-03-28T07:37:39+00:00\",\"author\":{\"@id\":\"https:\\\/\\\/aschaffenburgzweinull.stadtarchiv-digital.de\\\/#\\\/schema\\\/person\\\/6620dad05f894110a34e3afd3c3cf3ff\"},\"breadcrumb\":{\"@id\":\"https:\\\/\\\/aschaffenburgzweinull.stadtarchiv-digital.de\\\/kirchstrasse\\\/#breadcrumb\"},\"inLanguage\":\"de\",\"potentialAction\":[{\"@type\":\"ReadAction\",\"target\":[\"https:\\\/\\\/aschaffenburgzweinull.stadtarchiv-digital.de\\\/kirchstrasse\\\/\"]}]},{\"@type\":\"BreadcrumbList\",\"@id\":\"https:\\\/\\\/aschaffenburgzweinull.stadtarchiv-digital.de\\\/kirchstrasse\\\/#breadcrumb\",\"itemListElement\":[{\"@type\":\"ListItem\",\"position\":1,\"name\":\"Startseite\",\"item\":\"https:\\\/\\\/aschaffenburgzweinull.stadtarchiv-digital.de\\\/\"},{\"@type\":\"ListItem\",\"position\":2,\"name\":\"Kirchstra\u00dfe\"}]},{\"@type\":\"WebSite\",\"@id\":\"https:\\\/\\\/aschaffenburgzweinull.stadtarchiv-digital.de\\\/#website\",\"url\":\"https:\\\/\\\/aschaffenburgzweinull.stadtarchiv-digital.de\\\/\",\"name\":\"Aschaffenburg\",\"description\":\"2.0\",\"potentialAction\":[{\"@type\":\"SearchAction\",\"target\":{\"@type\":\"EntryPoint\",\"urlTemplate\":\"https:\\\/\\\/aschaffenburgzweinull.stadtarchiv-digital.de\\\/?s={search_term_string}\"},\"query-input\":{\"@type\":\"PropertyValueSpecification\",\"valueRequired\":true,\"valueName\":\"search_term_string\"}}],\"inLanguage\":\"de\"},{\"@type\":\"Person\",\"@id\":\"https:\\\/\\\/aschaffenburgzweinull.stadtarchiv-digital.de\\\/#\\\/schema\\\/person\\\/6620dad05f894110a34e3afd3c3cf3ff\",\"name\":\"Aschaffenburg_2.0\",\"url\":\"https:\\\/\\\/aschaffenburgzweinull.stadtarchiv-digital.de\\\/author\\\/aschaffenburg_2-0\\\/\"}]}<\/script>\n<!-- \/ Yoast SEO plugin. -->","yoast_head_json":{"title":"Kirchstra\u00dfe - Aschaffenburg","robots":{"index":"index","follow":"follow","max-snippet":"max-snippet:-1","max-image-preview":"max-image-preview:large","max-video-preview":"max-video-preview:-1"},"canonical":"https:\/\/aschaffenburgzweinull.stadtarchiv-digital.de\/kirchstrasse\/","og_locale":"de_DE","og_type":"article","og_title":"Kirchstra\u00dfe - Aschaffenburg","og_description":"Kath. Pfarrkirche St. Laurentius Die kath. Pfarrkirche St. Laurentius in Leider wurde nach Pl\u00e4nen der Baumeister und Br\u00fcder Hans (1872\u20131952) und Christoph (1881\u20131961) Rummel aus Frankfurt am Main 1922\/23 gem\u00e4\u00df [&hellip;]","og_url":"https:\/\/aschaffenburgzweinull.stadtarchiv-digital.de\/kirchstrasse\/","og_site_name":"Aschaffenburg","article_published_time":"2022-03-28T07:37:39+00:00","og_image":[{"width":379,"height":70,"url":"https:\/\/aschaffenburgzweinull.stadtarchiv-digital.de\/wp-content\/uploads\/2020\/07\/Logo-Stadtarchiv-Aschaffenburg.png","type":"image\/png"}],"author":"Aschaffenburg_2.0","twitter_card":"summary_large_image","twitter_misc":{"Verfasst von":"Aschaffenburg_2.0","Gesch\u00e4tzte Lesezeit":"5\u00a0Minuten"},"schema":{"@context":"https:\/\/schema.org","@graph":[{"@type":"Article","@id":"https:\/\/aschaffenburgzweinull.stadtarchiv-digital.de\/kirchstrasse\/#article","isPartOf":{"@id":"https:\/\/aschaffenburgzweinull.stadtarchiv-digital.de\/kirchstrasse\/"},"author":{"name":"Aschaffenburg_2.0","@id":"https:\/\/aschaffenburgzweinull.stadtarchiv-digital.de\/#\/schema\/person\/6620dad05f894110a34e3afd3c3cf3ff"},"headline":"Kirchstra\u00dfe","datePublished":"2022-03-28T07:37:39+00:00","mainEntityOfPage":{"@id":"https:\/\/aschaffenburgzweinull.stadtarchiv-digital.de\/kirchstrasse\/"},"wordCount":822,"commentCount":0,"keywords":["Kirche","Leider","Risalit","Heilige","Bildhauer","Chor","Kreuzweg"],"articleSection":["Baudenkmal"],"inLanguage":"de","potentialAction":[{"@type":"CommentAction","name":"Comment","target":["https:\/\/aschaffenburgzweinull.stadtarchiv-digital.de\/kirchstrasse\/#respond"]}]},{"@type":"WebPage","@id":"https:\/\/aschaffenburgzweinull.stadtarchiv-digital.de\/kirchstrasse\/","url":"https:\/\/aschaffenburgzweinull.stadtarchiv-digital.de\/kirchstrasse\/","name":"Kirchstra\u00dfe - Aschaffenburg","isPartOf":{"@id":"https:\/\/aschaffenburgzweinull.stadtarchiv-digital.de\/#website"},"datePublished":"2022-03-28T07:37:39+00:00","author":{"@id":"https:\/\/aschaffenburgzweinull.stadtarchiv-digital.de\/#\/schema\/person\/6620dad05f894110a34e3afd3c3cf3ff"},"breadcrumb":{"@id":"https:\/\/aschaffenburgzweinull.stadtarchiv-digital.de\/kirchstrasse\/#breadcrumb"},"inLanguage":"de","potentialAction":[{"@type":"ReadAction","target":["https:\/\/aschaffenburgzweinull.stadtarchiv-digital.de\/kirchstrasse\/"]}]},{"@type":"BreadcrumbList","@id":"https:\/\/aschaffenburgzweinull.stadtarchiv-digital.de\/kirchstrasse\/#breadcrumb","itemListElement":[{"@type":"ListItem","position":1,"name":"Startseite","item":"https:\/\/aschaffenburgzweinull.stadtarchiv-digital.de\/"},{"@type":"ListItem","position":2,"name":"Kirchstra\u00dfe"}]},{"@type":"WebSite","@id":"https:\/\/aschaffenburgzweinull.stadtarchiv-digital.de\/#website","url":"https:\/\/aschaffenburgzweinull.stadtarchiv-digital.de\/","name":"Aschaffenburg","description":"2.0","potentialAction":[{"@type":"SearchAction","target":{"@type":"EntryPoint","urlTemplate":"https:\/\/aschaffenburgzweinull.stadtarchiv-digital.de\/?s={search_term_string}"},"query-input":{"@type":"PropertyValueSpecification","valueRequired":true,"valueName":"search_term_string"}}],"inLanguage":"de"},{"@type":"Person","@id":"https:\/\/aschaffenburgzweinull.stadtarchiv-digital.de\/#\/schema\/person\/6620dad05f894110a34e3afd3c3cf3ff","name":"Aschaffenburg_2.0","url":"https:\/\/aschaffenburgzweinull.stadtarchiv-digital.de\/author\/aschaffenburg_2-0\/"}]}},"_links":{"self":[{"href":"https:\/\/aschaffenburgzweinull.stadtarchiv-digital.de\/data\/wp\/v2\/posts\/4216","targetHints":{"allow":["GET"]}}],"collection":[{"href":"https:\/\/aschaffenburgzweinull.stadtarchiv-digital.de\/data\/wp\/v2\/posts"}],"about":[{"href":"https:\/\/aschaffenburgzweinull.stadtarchiv-digital.de\/data\/wp\/v2\/types\/post"}],"author":[{"embeddable":true,"href":"https:\/\/aschaffenburgzweinull.stadtarchiv-digital.de\/data\/wp\/v2\/users\/3"}],"replies":[{"embeddable":true,"href":"https:\/\/aschaffenburgzweinull.stadtarchiv-digital.de\/data\/wp\/v2\/comments?post=4216"}],"version-history":[{"count":4,"href":"https:\/\/aschaffenburgzweinull.stadtarchiv-digital.de\/data\/wp\/v2\/posts\/4216\/revisions"}],"predecessor-version":[{"id":5083,"href":"https:\/\/aschaffenburgzweinull.stadtarchiv-digital.de\/data\/wp\/v2\/posts\/4216\/revisions\/5083"}],"wp:attachment":[{"href":"https:\/\/aschaffenburgzweinull.stadtarchiv-digital.de\/data\/wp\/v2\/media?parent=4216"}],"wp:term":[{"taxonomy":"category","embeddable":true,"href":"https:\/\/aschaffenburgzweinull.stadtarchiv-digital.de\/data\/wp\/v2\/categories?post=4216"},{"taxonomy":"post_tag","embeddable":true,"href":"https:\/\/aschaffenburgzweinull.stadtarchiv-digital.de\/data\/wp\/v2\/tags?post=4216"},{"taxonomy":"format","embeddable":true,"href":"https:\/\/aschaffenburgzweinull.stadtarchiv-digital.de\/data\/wp\/v2\/post-format?post=4216"},{"taxonomy":"content","embeddable":true,"href":"https:\/\/aschaffenburgzweinull.stadtarchiv-digital.de\/data\/wp\/v2\/post-content?post=4216"}],"curies":[{"name":"wp","href":"https:\/\/api.w.org\/{rel}","templated":true}]}}