{"id":4192,"date":"2022-03-28T10:03:58","date_gmt":"2022-03-28T08:03:58","guid":{"rendered":"https:\/\/aschaffenburgzweinull.stadtarchiv-digital.de\/?p=4192"},"modified":"2022-03-28T10:03:58","modified_gmt":"2022-03-28T08:03:58","slug":"glaserstrasse-kuratiekirche-st-matthaeus","status":"publish","type":"post","link":"https:\/\/aschaffenburgzweinull.stadtarchiv-digital.de\/glaserstrasse-kuratiekirche-st-matthaeus\/","title":{"rendered":"Glaserstra\u00dfe &#8211; Kuratiekirche St. Matth\u00e4us"},"content":{"rendered":"<p>Als Gailbach 1921 zur Kuratie wurde, gab es erste Bestrebungen zum Bau einer neuen Kirche, um die 1792 errichtete und 1897 erweiterte Kapelle, die f\u00fcr die wachsend Gemeinde zu klein geworden war, zu ersetzen. Zum tats\u00e4chlichen Kirchenneubau kam es jedoch erst nach beiden Weltkriegen. Am 8. Oktober 1967 erfolgte die Grundsteinlegung f\u00fcr das neue Gotteshaus am Steilhang oberhalb der Ortsmitte. Architekt Erich Roth plante die neue Kirche als Pfarrzentrum mit Gotteshaus, Kindergarten, Pfarrhaus und diversen Gruppenr\u00e4umen. Die Bauleitung \u00fcbernahm sein B\u00fcro mit Ingenieur Guido Baumann. Der Bauk\u00f6rper besteht aus einem \u00fcber zwei Ebenen reichenden Rechteck, welches auf seiner L\u00e4ngsseite von der Glaserstra\u00dfe \u00fcber zwei Eing\u00e4nge zug\u00e4nglich ist. In der oberen Ebene sind Kirche, Pfarrsaal und Jugendr\u00e4ume untergebracht, w\u00e4hrend sich in der unteren Ebene der zur Talseite mit gro\u00dfen Fenstern und T\u00fcren ge\u00f6ffnete Kindergarten befindet. Das Rechteck wird von einem pfeilf\u00f6rmigen Bauk\u00f6rper durchdrungen. Dieser steigt \u00e4hnlich einem Schiffsbug Richtung S\u00fcden zum Chor hin an und bildet das Kirchenschiff.<\/p>\n<p>Der pfeilf\u00f6rmige Teil wird von schlanken Betons\u00e4ulen, die den Kirchenhauptraum begrenzen, getragen. Dar\u00fcber stehen die zum Chor hin ansteigenden, fensterlosen Seitenw\u00e4nde. Belichtet wird der Kirchenraum durch die durchfensterte Nordseite. Die Pfeilspitze bildet den nach S\u00fcden ausgerichteten, dreieckigen Chor. Er wird durch seitliche Fenster belichtet. W\u00e4hrend der Chor am Au\u00dfenbau als rechtwinklige Kante geformt ist, wurde die Chorr\u00fcckwand im Kircheninnenraum als Halbrund gemauert. Der Altar steht auf einem um zwei Stufen erh\u00f6hten Podest. Die Kirchenb\u00e4nke, welche ca. 550 Gl\u00e4ubigen Platz bieten, sind f\u00e4cherf\u00f6rmig auf den Altarraum hin ausgerichtet. Das Geb\u00e4ude ist in einer Mischkonstruktion errichtet. Die tragenden Teile bestehen aus Stahlbeton, die W\u00e4nde au\u00dfen und innen aus unverputzten Ziegelsteinen, wobei f\u00fcr die Seitenw\u00e4nde und die Chorr\u00fcckwand Akustikziegel verwendet wurden. Die Decke des Kirchenraumes ist mit Holz verkleidet. An der Nordwestseite der Kirche erhebt sich der 31 m hohe Glockenturm. Die unverkleidete Stahlbetonkonstruktion in der Art des Brutalismus ist mit schmalen Schall\u00f6ffnungsschlitzen versehen und mit einem griechischen Kreuz bekr\u00f6nt. Der Bau der Matth\u00e4uskirche erfolgte unter dem unmittelbaren Einfluss des Zweiten Vatikanischen Konzils. So wurden Altar, Ambo und Sedilien bereits nach den neuen liturgischen Vorgaben und in einheitlicher Formensprache aus Sandstein von K\u00fcnstler Rudolf M\u00fcller aus Mechenhard geschaffen. Ein bronzenes Tabernakel des gleichen K\u00fcnstlers umschlie\u00dft eine der Betons\u00e4ulen. Das dazugeh\u00f6rige Relief des Auferstandenen, welches urspr\u00fcnglich an der Chorr\u00fcckwand seinen Platz finden sollte, h\u00e4ngt heute in der 2008 im einstigen Vorraum geschaffenen Marienkapelle. An der Chorr\u00fcckwand befindet sich stattdessen ein monumentales Kruzifix nach romanischen Vorlagen, das 1979 der Holzbildhauer Joachim von Z\u00fclow aus Bodenmais fertigte.<\/p>\n<p>Den Kreuzweg schuf 1980 der Aschaffenburger Bildhauer Rudolf Schwarzer aus hellem Lindenholz. Drei Jahre sp\u00e4ter wurde das Werk um die lebensgro\u00dfe Figur des Kirchenpatrons, Matth\u00e4us Evang., und die Symbole der vier Evangelisten erg\u00e4nzt. Auf der Orgelempore steht ein Instrument der Orgelbaufirma Hoffmann aus Ostheim vor der Rh\u00f6n. Die Orgel wurde 1985 eingebaut. Unter der Empore wurden ein Fenster sowie vier Figuren der alten Matth\u00e4uskapelle aufgestellt: der hl. Wendelin, Herz-Jesu, Maria mit Kind und der hl. Johann Nepomuk.<\/p>\n<p>Quelle:<\/p>\n<p>Ina Gutzeit\/Hauke Kenzler: Kreisfreie Stadt Aschaffenburg. Ensembles, Baudenkm\u00e4ler, Bodendenkm\u00e4ler (Denkm\u00e4ler in Bayern. VI. Unterfranken, 71), M\u00fcnchen 2015, S. 257-258.<\/p>\n","protected":false},"excerpt":{"rendered":"<p>Als Gailbach 1921 zur Kuratie wurde, gab es erste Bestrebungen zum Bau einer neuen Kirche, um die 1792 errichtete und 1897 erweiterte Kapelle, die f\u00fcr die wachsend Gemeinde zu klein [&hellip;]<\/p>\n","protected":false},"author":3,"featured_media":0,"comment_status":"open","ping_status":"open","sticky":false,"template":"","format":"standard","meta":{"_acf_changed":false,"footnotes":""},"categories":[542],"tags":[137,243,486,558,683,744,770,771,772],"post-format":[2],"post-content":[3,67],"class_list":["post-4192","post","type-post","status-publish","format-standard","hentry","category-baudenkmal","tag-kirche","tag-kindergarten","tag-jugendarbeit","tag-kapelle","tag-heilige","tag-chor","tag-gailbach","tag-matthaeus","tag-kreuzweg","format-information","content-image","content-text","project-denkmaltopographie"],"acf":[],"yoast_head":"<!-- This site is optimized with the Yoast SEO plugin v27.4 - https:\/\/yoast.com\/product\/yoast-seo-wordpress\/ -->\n<title>Glaserstra\u00dfe - Kuratiekirche St. Matth\u00e4us - Aschaffenburg<\/title>\n<meta name=\"robots\" content=\"index, follow, max-snippet:-1, max-image-preview:large, max-video-preview:-1\" \/>\n<link rel=\"canonical\" href=\"https:\/\/aschaffenburgzweinull.stadtarchiv-digital.de\/glaserstrasse-kuratiekirche-st-matthaeus\/\" \/>\n<meta property=\"og:locale\" content=\"de_DE\" \/>\n<meta property=\"og:type\" content=\"article\" \/>\n<meta property=\"og:title\" content=\"Glaserstra\u00dfe - Kuratiekirche St. Matth\u00e4us - Aschaffenburg\" \/>\n<meta property=\"og:description\" content=\"Als Gailbach 1921 zur Kuratie wurde, gab es erste Bestrebungen zum Bau einer neuen Kirche, um die 1792 errichtete und 1897 erweiterte Kapelle, die f\u00fcr die wachsend Gemeinde zu klein [&hellip;]\" \/>\n<meta property=\"og:url\" content=\"https:\/\/aschaffenburgzweinull.stadtarchiv-digital.de\/glaserstrasse-kuratiekirche-st-matthaeus\/\" \/>\n<meta property=\"og:site_name\" content=\"Aschaffenburg\" \/>\n<meta property=\"article:published_time\" content=\"2022-03-28T08:03:58+00:00\" \/>\n<meta property=\"og:image\" content=\"https:\/\/aschaffenburgzweinull.stadtarchiv-digital.de\/wp-content\/uploads\/2020\/07\/Logo-Stadtarchiv-Aschaffenburg.png\" \/>\n\t<meta property=\"og:image:width\" content=\"379\" \/>\n\t<meta property=\"og:image:height\" content=\"70\" \/>\n\t<meta property=\"og:image:type\" content=\"image\/png\" \/>\n<meta name=\"author\" content=\"Aschaffenburg_2.0\" \/>\n<meta name=\"twitter:card\" content=\"summary_large_image\" \/>\n<meta name=\"twitter:label1\" content=\"Verfasst von\" \/>\n\t<meta name=\"twitter:data1\" content=\"Aschaffenburg_2.0\" \/>\n\t<meta name=\"twitter:label2\" content=\"Gesch\u00e4tzte Lesezeit\" \/>\n\t<meta name=\"twitter:data2\" content=\"3\u00a0Minuten\" \/>\n<script type=\"application\/ld+json\" class=\"yoast-schema-graph\">{\"@context\":\"https:\\\/\\\/schema.org\",\"@graph\":[{\"@type\":\"Article\",\"@id\":\"https:\\\/\\\/aschaffenburgzweinull.stadtarchiv-digital.de\\\/glaserstrasse-kuratiekirche-st-matthaeus\\\/#article\",\"isPartOf\":{\"@id\":\"https:\\\/\\\/aschaffenburgzweinull.stadtarchiv-digital.de\\\/glaserstrasse-kuratiekirche-st-matthaeus\\\/\"},\"author\":{\"name\":\"Aschaffenburg_2.0\",\"@id\":\"https:\\\/\\\/aschaffenburgzweinull.stadtarchiv-digital.de\\\/#\\\/schema\\\/person\\\/6620dad05f894110a34e3afd3c3cf3ff\"},\"headline\":\"Glaserstra\u00dfe &#8211; Kuratiekirche St. Matth\u00e4us\",\"datePublished\":\"2022-03-28T08:03:58+00:00\",\"mainEntityOfPage\":{\"@id\":\"https:\\\/\\\/aschaffenburgzweinull.stadtarchiv-digital.de\\\/glaserstrasse-kuratiekirche-st-matthaeus\\\/\"},\"wordCount\":561,\"commentCount\":0,\"keywords\":[\"Kirche\",\"Kindergarten\",\"Jugendarbeit\",\"Kapelle\",\"Heilige\",\"Chor\",\"Gailbach\",\"Matth\u00e4us\",\"Kreuzweg\"],\"articleSection\":[\"Baudenkmal\"],\"inLanguage\":\"de\",\"potentialAction\":[{\"@type\":\"CommentAction\",\"name\":\"Comment\",\"target\":[\"https:\\\/\\\/aschaffenburgzweinull.stadtarchiv-digital.de\\\/glaserstrasse-kuratiekirche-st-matthaeus\\\/#respond\"]}]},{\"@type\":\"WebPage\",\"@id\":\"https:\\\/\\\/aschaffenburgzweinull.stadtarchiv-digital.de\\\/glaserstrasse-kuratiekirche-st-matthaeus\\\/\",\"url\":\"https:\\\/\\\/aschaffenburgzweinull.stadtarchiv-digital.de\\\/glaserstrasse-kuratiekirche-st-matthaeus\\\/\",\"name\":\"Glaserstra\u00dfe - Kuratiekirche St. Matth\u00e4us - Aschaffenburg\",\"isPartOf\":{\"@id\":\"https:\\\/\\\/aschaffenburgzweinull.stadtarchiv-digital.de\\\/#website\"},\"datePublished\":\"2022-03-28T08:03:58+00:00\",\"author\":{\"@id\":\"https:\\\/\\\/aschaffenburgzweinull.stadtarchiv-digital.de\\\/#\\\/schema\\\/person\\\/6620dad05f894110a34e3afd3c3cf3ff\"},\"breadcrumb\":{\"@id\":\"https:\\\/\\\/aschaffenburgzweinull.stadtarchiv-digital.de\\\/glaserstrasse-kuratiekirche-st-matthaeus\\\/#breadcrumb\"},\"inLanguage\":\"de\",\"potentialAction\":[{\"@type\":\"ReadAction\",\"target\":[\"https:\\\/\\\/aschaffenburgzweinull.stadtarchiv-digital.de\\\/glaserstrasse-kuratiekirche-st-matthaeus\\\/\"]}]},{\"@type\":\"BreadcrumbList\",\"@id\":\"https:\\\/\\\/aschaffenburgzweinull.stadtarchiv-digital.de\\\/glaserstrasse-kuratiekirche-st-matthaeus\\\/#breadcrumb\",\"itemListElement\":[{\"@type\":\"ListItem\",\"position\":1,\"name\":\"Startseite\",\"item\":\"https:\\\/\\\/aschaffenburgzweinull.stadtarchiv-digital.de\\\/\"},{\"@type\":\"ListItem\",\"position\":2,\"name\":\"Glaserstra\u00dfe &#8211; Kuratiekirche St. Matth\u00e4us\"}]},{\"@type\":\"WebSite\",\"@id\":\"https:\\\/\\\/aschaffenburgzweinull.stadtarchiv-digital.de\\\/#website\",\"url\":\"https:\\\/\\\/aschaffenburgzweinull.stadtarchiv-digital.de\\\/\",\"name\":\"Aschaffenburg\",\"description\":\"2.0\",\"potentialAction\":[{\"@type\":\"SearchAction\",\"target\":{\"@type\":\"EntryPoint\",\"urlTemplate\":\"https:\\\/\\\/aschaffenburgzweinull.stadtarchiv-digital.de\\\/?s={search_term_string}\"},\"query-input\":{\"@type\":\"PropertyValueSpecification\",\"valueRequired\":true,\"valueName\":\"search_term_string\"}}],\"inLanguage\":\"de\"},{\"@type\":\"Person\",\"@id\":\"https:\\\/\\\/aschaffenburgzweinull.stadtarchiv-digital.de\\\/#\\\/schema\\\/person\\\/6620dad05f894110a34e3afd3c3cf3ff\",\"name\":\"Aschaffenburg_2.0\",\"url\":\"https:\\\/\\\/aschaffenburgzweinull.stadtarchiv-digital.de\\\/author\\\/aschaffenburg_2-0\\\/\"}]}<\/script>\n<!-- \/ Yoast SEO plugin. -->","yoast_head_json":{"title":"Glaserstra\u00dfe - Kuratiekirche St. Matth\u00e4us - Aschaffenburg","robots":{"index":"index","follow":"follow","max-snippet":"max-snippet:-1","max-image-preview":"max-image-preview:large","max-video-preview":"max-video-preview:-1"},"canonical":"https:\/\/aschaffenburgzweinull.stadtarchiv-digital.de\/glaserstrasse-kuratiekirche-st-matthaeus\/","og_locale":"de_DE","og_type":"article","og_title":"Glaserstra\u00dfe - Kuratiekirche St. Matth\u00e4us - Aschaffenburg","og_description":"Als Gailbach 1921 zur Kuratie wurde, gab es erste Bestrebungen zum Bau einer neuen Kirche, um die 1792 errichtete und 1897 erweiterte Kapelle, die f\u00fcr die wachsend Gemeinde zu klein [&hellip;]","og_url":"https:\/\/aschaffenburgzweinull.stadtarchiv-digital.de\/glaserstrasse-kuratiekirche-st-matthaeus\/","og_site_name":"Aschaffenburg","article_published_time":"2022-03-28T08:03:58+00:00","og_image":[{"width":379,"height":70,"url":"https:\/\/aschaffenburgzweinull.stadtarchiv-digital.de\/wp-content\/uploads\/2020\/07\/Logo-Stadtarchiv-Aschaffenburg.png","type":"image\/png"}],"author":"Aschaffenburg_2.0","twitter_card":"summary_large_image","twitter_misc":{"Verfasst von":"Aschaffenburg_2.0","Gesch\u00e4tzte Lesezeit":"3\u00a0Minuten"},"schema":{"@context":"https:\/\/schema.org","@graph":[{"@type":"Article","@id":"https:\/\/aschaffenburgzweinull.stadtarchiv-digital.de\/glaserstrasse-kuratiekirche-st-matthaeus\/#article","isPartOf":{"@id":"https:\/\/aschaffenburgzweinull.stadtarchiv-digital.de\/glaserstrasse-kuratiekirche-st-matthaeus\/"},"author":{"name":"Aschaffenburg_2.0","@id":"https:\/\/aschaffenburgzweinull.stadtarchiv-digital.de\/#\/schema\/person\/6620dad05f894110a34e3afd3c3cf3ff"},"headline":"Glaserstra\u00dfe &#8211; Kuratiekirche St. Matth\u00e4us","datePublished":"2022-03-28T08:03:58+00:00","mainEntityOfPage":{"@id":"https:\/\/aschaffenburgzweinull.stadtarchiv-digital.de\/glaserstrasse-kuratiekirche-st-matthaeus\/"},"wordCount":561,"commentCount":0,"keywords":["Kirche","Kindergarten","Jugendarbeit","Kapelle","Heilige","Chor","Gailbach","Matth\u00e4us","Kreuzweg"],"articleSection":["Baudenkmal"],"inLanguage":"de","potentialAction":[{"@type":"CommentAction","name":"Comment","target":["https:\/\/aschaffenburgzweinull.stadtarchiv-digital.de\/glaserstrasse-kuratiekirche-st-matthaeus\/#respond"]}]},{"@type":"WebPage","@id":"https:\/\/aschaffenburgzweinull.stadtarchiv-digital.de\/glaserstrasse-kuratiekirche-st-matthaeus\/","url":"https:\/\/aschaffenburgzweinull.stadtarchiv-digital.de\/glaserstrasse-kuratiekirche-st-matthaeus\/","name":"Glaserstra\u00dfe - Kuratiekirche St. Matth\u00e4us - Aschaffenburg","isPartOf":{"@id":"https:\/\/aschaffenburgzweinull.stadtarchiv-digital.de\/#website"},"datePublished":"2022-03-28T08:03:58+00:00","author":{"@id":"https:\/\/aschaffenburgzweinull.stadtarchiv-digital.de\/#\/schema\/person\/6620dad05f894110a34e3afd3c3cf3ff"},"breadcrumb":{"@id":"https:\/\/aschaffenburgzweinull.stadtarchiv-digital.de\/glaserstrasse-kuratiekirche-st-matthaeus\/#breadcrumb"},"inLanguage":"de","potentialAction":[{"@type":"ReadAction","target":["https:\/\/aschaffenburgzweinull.stadtarchiv-digital.de\/glaserstrasse-kuratiekirche-st-matthaeus\/"]}]},{"@type":"BreadcrumbList","@id":"https:\/\/aschaffenburgzweinull.stadtarchiv-digital.de\/glaserstrasse-kuratiekirche-st-matthaeus\/#breadcrumb","itemListElement":[{"@type":"ListItem","position":1,"name":"Startseite","item":"https:\/\/aschaffenburgzweinull.stadtarchiv-digital.de\/"},{"@type":"ListItem","position":2,"name":"Glaserstra\u00dfe &#8211; Kuratiekirche St. Matth\u00e4us"}]},{"@type":"WebSite","@id":"https:\/\/aschaffenburgzweinull.stadtarchiv-digital.de\/#website","url":"https:\/\/aschaffenburgzweinull.stadtarchiv-digital.de\/","name":"Aschaffenburg","description":"2.0","potentialAction":[{"@type":"SearchAction","target":{"@type":"EntryPoint","urlTemplate":"https:\/\/aschaffenburgzweinull.stadtarchiv-digital.de\/?s={search_term_string}"},"query-input":{"@type":"PropertyValueSpecification","valueRequired":true,"valueName":"search_term_string"}}],"inLanguage":"de"},{"@type":"Person","@id":"https:\/\/aschaffenburgzweinull.stadtarchiv-digital.de\/#\/schema\/person\/6620dad05f894110a34e3afd3c3cf3ff","name":"Aschaffenburg_2.0","url":"https:\/\/aschaffenburgzweinull.stadtarchiv-digital.de\/author\/aschaffenburg_2-0\/"}]}},"_links":{"self":[{"href":"https:\/\/aschaffenburgzweinull.stadtarchiv-digital.de\/data\/wp\/v2\/posts\/4192","targetHints":{"allow":["GET"]}}],"collection":[{"href":"https:\/\/aschaffenburgzweinull.stadtarchiv-digital.de\/data\/wp\/v2\/posts"}],"about":[{"href":"https:\/\/aschaffenburgzweinull.stadtarchiv-digital.de\/data\/wp\/v2\/types\/post"}],"author":[{"embeddable":true,"href":"https:\/\/aschaffenburgzweinull.stadtarchiv-digital.de\/data\/wp\/v2\/users\/3"}],"replies":[{"embeddable":true,"href":"https:\/\/aschaffenburgzweinull.stadtarchiv-digital.de\/data\/wp\/v2\/comments?post=4192"}],"version-history":[{"count":3,"href":"https:\/\/aschaffenburgzweinull.stadtarchiv-digital.de\/data\/wp\/v2\/posts\/4192\/revisions"}],"predecessor-version":[{"id":5089,"href":"https:\/\/aschaffenburgzweinull.stadtarchiv-digital.de\/data\/wp\/v2\/posts\/4192\/revisions\/5089"}],"wp:attachment":[{"href":"https:\/\/aschaffenburgzweinull.stadtarchiv-digital.de\/data\/wp\/v2\/media?parent=4192"}],"wp:term":[{"taxonomy":"category","embeddable":true,"href":"https:\/\/aschaffenburgzweinull.stadtarchiv-digital.de\/data\/wp\/v2\/categories?post=4192"},{"taxonomy":"post_tag","embeddable":true,"href":"https:\/\/aschaffenburgzweinull.stadtarchiv-digital.de\/data\/wp\/v2\/tags?post=4192"},{"taxonomy":"format","embeddable":true,"href":"https:\/\/aschaffenburgzweinull.stadtarchiv-digital.de\/data\/wp\/v2\/post-format?post=4192"},{"taxonomy":"content","embeddable":true,"href":"https:\/\/aschaffenburgzweinull.stadtarchiv-digital.de\/data\/wp\/v2\/post-content?post=4192"}],"curies":[{"name":"wp","href":"https:\/\/api.w.org\/{rel}","templated":true}]}}