{"id":4180,"date":"2022-03-28T10:10:20","date_gmt":"2022-03-28T08:10:20","guid":{"rendered":"https:\/\/aschaffenburgzweinull.stadtarchiv-digital.de\/?p=4180"},"modified":"2022-03-28T10:10:20","modified_gmt":"2022-03-28T08:10:20","slug":"schoeneberg","status":"publish","type":"post","link":"https:\/\/aschaffenburgzweinull.stadtarchiv-digital.de\/schoeneberg\/","title":{"rendered":"Sch\u00f6neberg"},"content":{"rendered":"<p>Auf der als \u201eSch\u00f6neberg\u201c bezeichneten Erhebung westlich des Ortskerns von Damm steht in einem nat\u00fcrlichen Hain die Ged\u00e4chtniskapelle, ein Ehrenmal, welches 1926 vom Denkmalverein zur Erinnerung an gefallene D\u00e4mmer B\u00fcrger errichtet worden war.<\/p>\n<p>Seit 1920 wurde am Sonntag nach Allerheiligen der Gefallenen von Damm mit einem besonderen Gottesdienst gedacht. Daraus erwuchs der Wunsch zur Errichtung eines Denkmals zur Erinnerung an die Mitb\u00fcrger. Zur Planung des Vorhabens wurde ein Denkmalkomitee, dem Bezirkslehrer Karl Link vorstand und aus dem sp\u00e4ter der Denkmalverein hervorging, eingerichtet. Das durch Spenden von D\u00e4mmer B\u00fcrgern finanzierte Projekt drohte wegen der Inflation zu scheitern, konnte aber durch zahlreich geleistete unentgeltliche Hilfe von Handwerkern doch realisiert werden. Den Entwurf lieferte der Architekt und Leiter der Aschaffenburger Meisterschule Otto Leitolf. Den Platz, an dem das Denkmal errichtet werden sollte, stellte die Stadt zur Verf\u00fcgung. Au\u00dferdem \u00fcbernahm sie die g\u00e4rtnerische Gestaltung. Der erste Spatenstich erfolgte am 15. M\u00e4rz 1925. Die feierliche Weihe mit Festgottesdienst und Festzug der Vereine fand am 1. August 1926 statt. Auf kreisrundem Grundriss stehen f\u00fcnf St\u00fctzen aus unverputztem Bruchstein, die durch Spitzb\u00f6gen miteinander verbunden sind. Diese werden von einem Betonkranz und einem Zeltdach abgeschlossen. In der Mitte der Kapelle erhebt sich auf einem f\u00fcnfseitigen Podest ein w\u00fcrfelf\u00f6rmiger Sockel mit der von dem W\u00fcrzburger Bildhauer Ludwig Sonnleitner (1878\u20131947) geschaffenen Figur des hl. Michael aus Muschelkalk. Auf der Vorderseite des Sockels steht auf einer Inschriftentafel: \u201eZum Ged\u00e4chtnis \/ an alle in den \/ Jahren 1870\u201371, \/ 1914\u201318, 1939\u20131945 \/ im Felde u. in der \/ Heimat Gefallenen.\u201c Die Namen der Gefallenen sind an den Innenseiten der Pfeiler eingemei\u00dfelt. Als der Ortsteil Damm in der Nacht vom 21. November 1944 bombardiert wurde, wurde auch das Ehrenmal besch\u00e4digt. Dennoch wurden hier in der ersten Zeit nach Kriegsende die sonnt\u00e4glichen Hauptgottesdienste abgehalten, weil beide D\u00e4mmer Kirchen zerst\u00f6rt waren und eine Notkirche noch nicht eingerichtet war. Die Restaurierung der Ged\u00e4chtniskapelle erfolgte 1951, nachdem der Touristengesellschaft Aschaffenburg-Damm 1908 anl\u00e4sslich ihres 25-j\u00e4hrigen Bestehens alle Rechte des vormaligen Denkmalvereins \u00fcbertragen worden waren.<\/p>\n<p>Quelle:<\/p>\n<p>Ina Gutzeit\/Hauke Kenzler: Kreisfreie Stadt Aschaffenburg. Ensembles, Baudenkm\u00e4ler, Bodendenkm\u00e4ler (Denkm\u00e4ler in Bayern. VI. Unterfranken, 71), M\u00fcnchen 2015, S. 249.<\/p>\n","protected":false},"excerpt":{"rendered":"<p>Auf der als \u201eSch\u00f6neberg\u201c bezeichneten Erhebung westlich des Ortskerns von Damm steht in einem nat\u00fcrlichen Hain die Ged\u00e4chtniskapelle, ein Ehrenmal, welches 1926 vom Denkmalverein zur Erinnerung an gefallene D\u00e4mmer B\u00fcrger [&hellip;]<\/p>\n","protected":false},"author":3,"featured_media":0,"comment_status":"open","ping_status":"open","sticky":false,"template":"","format":"standard","meta":{"_acf_changed":false,"footnotes":""},"categories":[542],"tags":[195,242,549,558,708,717,768],"post-format":[2],"post-content":[67],"class_list":["post-4180","post","type-post","status-publish","format-standard","hentry","category-baudenkmal","tag-damm","tag-verein","tag-park","tag-kapelle","tag-ehrenmal","tag-bildhauer","tag-otto-leitholf","format-information","content-text","project-denkmaltopographie"],"acf":[],"yoast_head":"<!-- This site is optimized with the Yoast SEO plugin v27.4 - https:\/\/yoast.com\/product\/yoast-seo-wordpress\/ -->\n<title>Sch\u00f6neberg - Aschaffenburg<\/title>\n<meta name=\"robots\" content=\"index, follow, max-snippet:-1, max-image-preview:large, max-video-preview:-1\" \/>\n<link rel=\"canonical\" href=\"https:\/\/aschaffenburgzweinull.stadtarchiv-digital.de\/schoeneberg\/\" \/>\n<meta property=\"og:locale\" content=\"de_DE\" \/>\n<meta property=\"og:type\" content=\"article\" \/>\n<meta property=\"og:title\" content=\"Sch\u00f6neberg - Aschaffenburg\" \/>\n<meta property=\"og:description\" content=\"Auf der als \u201eSch\u00f6neberg\u201c bezeichneten Erhebung westlich des Ortskerns von Damm steht in einem nat\u00fcrlichen Hain die Ged\u00e4chtniskapelle, ein Ehrenmal, welches 1926 vom Denkmalverein zur Erinnerung an gefallene D\u00e4mmer B\u00fcrger [&hellip;]\" \/>\n<meta property=\"og:url\" content=\"https:\/\/aschaffenburgzweinull.stadtarchiv-digital.de\/schoeneberg\/\" \/>\n<meta property=\"og:site_name\" content=\"Aschaffenburg\" \/>\n<meta property=\"article:published_time\" content=\"2022-03-28T08:10:20+00:00\" \/>\n<meta property=\"og:image\" content=\"https:\/\/aschaffenburgzweinull.stadtarchiv-digital.de\/wp-content\/uploads\/2020\/07\/Logo-Stadtarchiv-Aschaffenburg.png\" \/>\n\t<meta property=\"og:image:width\" content=\"379\" \/>\n\t<meta property=\"og:image:height\" content=\"70\" \/>\n\t<meta property=\"og:image:type\" content=\"image\/png\" \/>\n<meta name=\"author\" content=\"Aschaffenburg_2.0\" \/>\n<meta name=\"twitter:card\" content=\"summary_large_image\" \/>\n<meta name=\"twitter:label1\" content=\"Verfasst von\" \/>\n\t<meta name=\"twitter:data1\" content=\"Aschaffenburg_2.0\" \/>\n\t<meta name=\"twitter:label2\" content=\"Gesch\u00e4tzte Lesezeit\" \/>\n\t<meta name=\"twitter:data2\" content=\"2\u00a0Minuten\" \/>\n<script type=\"application\/ld+json\" class=\"yoast-schema-graph\">{\"@context\":\"https:\\\/\\\/schema.org\",\"@graph\":[{\"@type\":\"Article\",\"@id\":\"https:\\\/\\\/aschaffenburgzweinull.stadtarchiv-digital.de\\\/schoeneberg\\\/#article\",\"isPartOf\":{\"@id\":\"https:\\\/\\\/aschaffenburgzweinull.stadtarchiv-digital.de\\\/schoeneberg\\\/\"},\"author\":{\"name\":\"Aschaffenburg_2.0\",\"@id\":\"https:\\\/\\\/aschaffenburgzweinull.stadtarchiv-digital.de\\\/#\\\/schema\\\/person\\\/6620dad05f894110a34e3afd3c3cf3ff\"},\"headline\":\"Sch\u00f6neberg\",\"datePublished\":\"2022-03-28T08:10:20+00:00\",\"mainEntityOfPage\":{\"@id\":\"https:\\\/\\\/aschaffenburgzweinull.stadtarchiv-digital.de\\\/schoeneberg\\\/\"},\"wordCount\":360,\"commentCount\":0,\"keywords\":[\"Damm\",\"Verein\",\"Park\",\"Kapelle\",\"Ehrenmal\",\"Bildhauer\",\"Otto Leitholf\"],\"articleSection\":[\"Baudenkmal\"],\"inLanguage\":\"de\",\"potentialAction\":[{\"@type\":\"CommentAction\",\"name\":\"Comment\",\"target\":[\"https:\\\/\\\/aschaffenburgzweinull.stadtarchiv-digital.de\\\/schoeneberg\\\/#respond\"]}]},{\"@type\":\"WebPage\",\"@id\":\"https:\\\/\\\/aschaffenburgzweinull.stadtarchiv-digital.de\\\/schoeneberg\\\/\",\"url\":\"https:\\\/\\\/aschaffenburgzweinull.stadtarchiv-digital.de\\\/schoeneberg\\\/\",\"name\":\"Sch\u00f6neberg - Aschaffenburg\",\"isPartOf\":{\"@id\":\"https:\\\/\\\/aschaffenburgzweinull.stadtarchiv-digital.de\\\/#website\"},\"datePublished\":\"2022-03-28T08:10:20+00:00\",\"author\":{\"@id\":\"https:\\\/\\\/aschaffenburgzweinull.stadtarchiv-digital.de\\\/#\\\/schema\\\/person\\\/6620dad05f894110a34e3afd3c3cf3ff\"},\"breadcrumb\":{\"@id\":\"https:\\\/\\\/aschaffenburgzweinull.stadtarchiv-digital.de\\\/schoeneberg\\\/#breadcrumb\"},\"inLanguage\":\"de\",\"potentialAction\":[{\"@type\":\"ReadAction\",\"target\":[\"https:\\\/\\\/aschaffenburgzweinull.stadtarchiv-digital.de\\\/schoeneberg\\\/\"]}]},{\"@type\":\"BreadcrumbList\",\"@id\":\"https:\\\/\\\/aschaffenburgzweinull.stadtarchiv-digital.de\\\/schoeneberg\\\/#breadcrumb\",\"itemListElement\":[{\"@type\":\"ListItem\",\"position\":1,\"name\":\"Startseite\",\"item\":\"https:\\\/\\\/aschaffenburgzweinull.stadtarchiv-digital.de\\\/\"},{\"@type\":\"ListItem\",\"position\":2,\"name\":\"Sch\u00f6neberg\"}]},{\"@type\":\"WebSite\",\"@id\":\"https:\\\/\\\/aschaffenburgzweinull.stadtarchiv-digital.de\\\/#website\",\"url\":\"https:\\\/\\\/aschaffenburgzweinull.stadtarchiv-digital.de\\\/\",\"name\":\"Aschaffenburg\",\"description\":\"2.0\",\"potentialAction\":[{\"@type\":\"SearchAction\",\"target\":{\"@type\":\"EntryPoint\",\"urlTemplate\":\"https:\\\/\\\/aschaffenburgzweinull.stadtarchiv-digital.de\\\/?s={search_term_string}\"},\"query-input\":{\"@type\":\"PropertyValueSpecification\",\"valueRequired\":true,\"valueName\":\"search_term_string\"}}],\"inLanguage\":\"de\"},{\"@type\":\"Person\",\"@id\":\"https:\\\/\\\/aschaffenburgzweinull.stadtarchiv-digital.de\\\/#\\\/schema\\\/person\\\/6620dad05f894110a34e3afd3c3cf3ff\",\"name\":\"Aschaffenburg_2.0\",\"url\":\"https:\\\/\\\/aschaffenburgzweinull.stadtarchiv-digital.de\\\/author\\\/aschaffenburg_2-0\\\/\"}]}<\/script>\n<!-- \/ Yoast SEO plugin. -->","yoast_head_json":{"title":"Sch\u00f6neberg - Aschaffenburg","robots":{"index":"index","follow":"follow","max-snippet":"max-snippet:-1","max-image-preview":"max-image-preview:large","max-video-preview":"max-video-preview:-1"},"canonical":"https:\/\/aschaffenburgzweinull.stadtarchiv-digital.de\/schoeneberg\/","og_locale":"de_DE","og_type":"article","og_title":"Sch\u00f6neberg - Aschaffenburg","og_description":"Auf der als \u201eSch\u00f6neberg\u201c bezeichneten Erhebung westlich des Ortskerns von Damm steht in einem nat\u00fcrlichen Hain die Ged\u00e4chtniskapelle, ein Ehrenmal, welches 1926 vom Denkmalverein zur Erinnerung an gefallene D\u00e4mmer B\u00fcrger [&hellip;]","og_url":"https:\/\/aschaffenburgzweinull.stadtarchiv-digital.de\/schoeneberg\/","og_site_name":"Aschaffenburg","article_published_time":"2022-03-28T08:10:20+00:00","og_image":[{"width":379,"height":70,"url":"https:\/\/aschaffenburgzweinull.stadtarchiv-digital.de\/wp-content\/uploads\/2020\/07\/Logo-Stadtarchiv-Aschaffenburg.png","type":"image\/png"}],"author":"Aschaffenburg_2.0","twitter_card":"summary_large_image","twitter_misc":{"Verfasst von":"Aschaffenburg_2.0","Gesch\u00e4tzte Lesezeit":"2\u00a0Minuten"},"schema":{"@context":"https:\/\/schema.org","@graph":[{"@type":"Article","@id":"https:\/\/aschaffenburgzweinull.stadtarchiv-digital.de\/schoeneberg\/#article","isPartOf":{"@id":"https:\/\/aschaffenburgzweinull.stadtarchiv-digital.de\/schoeneberg\/"},"author":{"name":"Aschaffenburg_2.0","@id":"https:\/\/aschaffenburgzweinull.stadtarchiv-digital.de\/#\/schema\/person\/6620dad05f894110a34e3afd3c3cf3ff"},"headline":"Sch\u00f6neberg","datePublished":"2022-03-28T08:10:20+00:00","mainEntityOfPage":{"@id":"https:\/\/aschaffenburgzweinull.stadtarchiv-digital.de\/schoeneberg\/"},"wordCount":360,"commentCount":0,"keywords":["Damm","Verein","Park","Kapelle","Ehrenmal","Bildhauer","Otto Leitholf"],"articleSection":["Baudenkmal"],"inLanguage":"de","potentialAction":[{"@type":"CommentAction","name":"Comment","target":["https:\/\/aschaffenburgzweinull.stadtarchiv-digital.de\/schoeneberg\/#respond"]}]},{"@type":"WebPage","@id":"https:\/\/aschaffenburgzweinull.stadtarchiv-digital.de\/schoeneberg\/","url":"https:\/\/aschaffenburgzweinull.stadtarchiv-digital.de\/schoeneberg\/","name":"Sch\u00f6neberg - Aschaffenburg","isPartOf":{"@id":"https:\/\/aschaffenburgzweinull.stadtarchiv-digital.de\/#website"},"datePublished":"2022-03-28T08:10:20+00:00","author":{"@id":"https:\/\/aschaffenburgzweinull.stadtarchiv-digital.de\/#\/schema\/person\/6620dad05f894110a34e3afd3c3cf3ff"},"breadcrumb":{"@id":"https:\/\/aschaffenburgzweinull.stadtarchiv-digital.de\/schoeneberg\/#breadcrumb"},"inLanguage":"de","potentialAction":[{"@type":"ReadAction","target":["https:\/\/aschaffenburgzweinull.stadtarchiv-digital.de\/schoeneberg\/"]}]},{"@type":"BreadcrumbList","@id":"https:\/\/aschaffenburgzweinull.stadtarchiv-digital.de\/schoeneberg\/#breadcrumb","itemListElement":[{"@type":"ListItem","position":1,"name":"Startseite","item":"https:\/\/aschaffenburgzweinull.stadtarchiv-digital.de\/"},{"@type":"ListItem","position":2,"name":"Sch\u00f6neberg"}]},{"@type":"WebSite","@id":"https:\/\/aschaffenburgzweinull.stadtarchiv-digital.de\/#website","url":"https:\/\/aschaffenburgzweinull.stadtarchiv-digital.de\/","name":"Aschaffenburg","description":"2.0","potentialAction":[{"@type":"SearchAction","target":{"@type":"EntryPoint","urlTemplate":"https:\/\/aschaffenburgzweinull.stadtarchiv-digital.de\/?s={search_term_string}"},"query-input":{"@type":"PropertyValueSpecification","valueRequired":true,"valueName":"search_term_string"}}],"inLanguage":"de"},{"@type":"Person","@id":"https:\/\/aschaffenburgzweinull.stadtarchiv-digital.de\/#\/schema\/person\/6620dad05f894110a34e3afd3c3cf3ff","name":"Aschaffenburg_2.0","url":"https:\/\/aschaffenburgzweinull.stadtarchiv-digital.de\/author\/aschaffenburg_2-0\/"}]}},"_links":{"self":[{"href":"https:\/\/aschaffenburgzweinull.stadtarchiv-digital.de\/data\/wp\/v2\/posts\/4180","targetHints":{"allow":["GET"]}}],"collection":[{"href":"https:\/\/aschaffenburgzweinull.stadtarchiv-digital.de\/data\/wp\/v2\/posts"}],"about":[{"href":"https:\/\/aschaffenburgzweinull.stadtarchiv-digital.de\/data\/wp\/v2\/types\/post"}],"author":[{"embeddable":true,"href":"https:\/\/aschaffenburgzweinull.stadtarchiv-digital.de\/data\/wp\/v2\/users\/3"}],"replies":[{"embeddable":true,"href":"https:\/\/aschaffenburgzweinull.stadtarchiv-digital.de\/data\/wp\/v2\/comments?post=4180"}],"version-history":[{"count":2,"href":"https:\/\/aschaffenburgzweinull.stadtarchiv-digital.de\/data\/wp\/v2\/posts\/4180\/revisions"}],"predecessor-version":[{"id":4187,"href":"https:\/\/aschaffenburgzweinull.stadtarchiv-digital.de\/data\/wp\/v2\/posts\/4180\/revisions\/4187"}],"wp:attachment":[{"href":"https:\/\/aschaffenburgzweinull.stadtarchiv-digital.de\/data\/wp\/v2\/media?parent=4180"}],"wp:term":[{"taxonomy":"category","embeddable":true,"href":"https:\/\/aschaffenburgzweinull.stadtarchiv-digital.de\/data\/wp\/v2\/categories?post=4180"},{"taxonomy":"post_tag","embeddable":true,"href":"https:\/\/aschaffenburgzweinull.stadtarchiv-digital.de\/data\/wp\/v2\/tags?post=4180"},{"taxonomy":"format","embeddable":true,"href":"https:\/\/aschaffenburgzweinull.stadtarchiv-digital.de\/data\/wp\/v2\/post-format?post=4180"},{"taxonomy":"content","embeddable":true,"href":"https:\/\/aschaffenburgzweinull.stadtarchiv-digital.de\/data\/wp\/v2\/post-content?post=4180"}],"curies":[{"name":"wp","href":"https:\/\/api.w.org\/{rel}","templated":true}]}}