{"id":4172,"date":"2022-03-28T10:15:52","date_gmt":"2022-03-28T08:15:52","guid":{"rendered":"https:\/\/aschaffenburgzweinull.stadtarchiv-digital.de\/?p=4172"},"modified":"2022-06-02T13:49:00","modified_gmt":"2022-06-02T11:49:00","slug":"mainaschaffer-strasse","status":"publish","type":"post","link":"https:\/\/aschaffenburgzweinull.stadtarchiv-digital.de\/mainaschaffer-strasse\/","title":{"rendered":"Mainaschaffer Stra\u00dfe"},"content":{"rendered":"<p><strong>Mainaschaffer Stra\u00dfe 113<\/strong><\/p>\n<p>Die Pl\u00e4ne f\u00fcr die Kleiderfabrik von Heinrich Staab zeichnete der Aschaffenburger Architekt Werner Schlauersbach im Januar 1955. Die Baugenehmigung wurde im Mai desselben Jahres erteilt. Das Geb\u00e4ude steht etwas zur\u00fcckgesetzt in der von Gewerbebauten bestimmten Mainaschaffer Stra\u00dfe westlich des Stadtkerns von Aschaffenburg. Die Fabrik ist eine mehrteilige Baugruppe aus einem Verwaltungs-, Lager und Werkstattbau mit turmartigem Treppenhausbau und einer s\u00fcdlich angeschlossenen Fabrikationshalle mit Sheddach. Der dreigeschossige Verwaltungsbau (Souterrain, Hochparterre und Obergeschoss) mit \u00fcberkragendem Flachdach ist erkennbar in Stahlbetonskelettbauweise errichtet: Die relativ eng gestellten, nach au\u00dfen vortretenden St\u00fctzen verj\u00fcngen sich nach unten, womit dem Bau optisch eine gewisse Leichtigkeit verliehen wird. Zwischen den St\u00fctzen liegen die Fenster, deren Br\u00fcstungsfelder senkrecht geriefelt sind. Die r\u00fcckw\u00e4rtige Seite ist \u00e4hnlich wie die Vorderseite gestaltet. Hier befinden sich eine von einem Flugdach \u00fcberdachte Treppe zum Souterrain und \u00f6stlich zwei Garagen.<\/p>\n<p>Westlich an den Verwaltungsbau schlie\u00dft der um ein Geschoss h\u00f6here, turmartig wirkende Treppenhausbau an, dessen Front fast v\u00f6llig mit sog. Kathedralglas in schlanken Rahmen versehen ist. Hier liegt im Erdgeschoss der Eingang, der durch ein elegant sich nach oben und nach vorn w\u00f6lbendes f\u00e4cherartiges Vordach auf zwei schlanken schr\u00e4gen Rohrst\u00fctzen hervorgehoben wird. Im sehr hellen Treppenhaus sind die Treppenstufen wie die Bodenfliesen aus dunkelgrauem granit\u00e4hnlichem Kunststein; die Gel\u00e4nder aus Stahlband sind in der zeittypischen Zickzack-Schlangen-Form gestaltet, wie auch die \u00fcbrigen Gel\u00e4nder auf dem Anwesen. Der vertikalen Tendenz der Architektur folgen die Gitter der Souterrainfenster aus gestreckten Rauten. \u00c4hnliche Gitter weist die Einfriedung zur Stra\u00dfe auf, die gerundet auf den Haupteingang zuf\u00fchrt. Weitere bauzeitliche Ausstattungselemente erh\u00f6hen den historischen Zeugniswert der Geb\u00e4ude. Die s\u00fcdlich an den Fabrikbau angef\u00fcgte Fertigungshalle ist ein Flachbau mit vier durchgehenden gew\u00f6lbten Shedd\u00e4chern mit schr\u00e4g stehenden Fensterfriesen. Dieser Bau wurde sp\u00e4ter noch erweitert.<\/p>\n<p>Quelle:<\/p>\n<p>Ina Gutzeit\/Hauke Kenzler: Kreisfreie Stadt Aschaffenburg. Ensembles, Baudenkm\u00e4ler, Bodendenkm\u00e4ler (Denkm\u00e4ler in Bayern. VI. Unterfranken, 71), M\u00fcnchen 2015, S. 246.<\/p>\n","protected":false},"excerpt":{"rendered":"<p>Mainaschaffer Stra\u00dfe 113 Die Pl\u00e4ne f\u00fcr die Kleiderfabrik von Heinrich Staab zeichnete der Aschaffenburger Architekt Werner Schlauersbach im Januar 1955. Die Baugenehmigung wurde im Mai desselben Jahres erteilt. Das Geb\u00e4ude [&hellip;]<\/p>\n","protected":false},"author":3,"featured_media":5424,"comment_status":"open","ping_status":"open","sticky":false,"template":"","format":"standard","meta":{"_acf_changed":false,"footnotes":""},"categories":[542],"tags":[195,562,668],"post-format":[2],"post-content":[3,67],"class_list":["post-4172","post","type-post","status-publish","format-standard","has-post-thumbnail","hentry","category-baudenkmal","tag-damm","tag-fabrik","tag-textilindustrie","format-information","content-image","content-text","project-denkmaltopographie"],"acf":[],"yoast_head":"<!-- This site is optimized with the Yoast SEO plugin v27.4 - https:\/\/yoast.com\/product\/yoast-seo-wordpress\/ -->\n<title>Mainaschaffer Stra\u00dfe - Aschaffenburg<\/title>\n<meta name=\"robots\" content=\"index, follow, max-snippet:-1, max-image-preview:large, max-video-preview:-1\" \/>\n<link rel=\"canonical\" href=\"https:\/\/aschaffenburgzweinull.stadtarchiv-digital.de\/mainaschaffer-strasse\/\" \/>\n<meta property=\"og:locale\" content=\"de_DE\" \/>\n<meta property=\"og:type\" content=\"article\" \/>\n<meta property=\"og:title\" content=\"Mainaschaffer Stra\u00dfe - Aschaffenburg\" \/>\n<meta property=\"og:description\" content=\"Mainaschaffer Stra\u00dfe 113 Die Pl\u00e4ne f\u00fcr die Kleiderfabrik von Heinrich Staab zeichnete der Aschaffenburger Architekt Werner Schlauersbach im Januar 1955. Die Baugenehmigung wurde im Mai desselben Jahres erteilt. Das Geb\u00e4ude [&hellip;]\" \/>\n<meta property=\"og:url\" content=\"https:\/\/aschaffenburgzweinull.stadtarchiv-digital.de\/mainaschaffer-strasse\/\" \/>\n<meta property=\"og:site_name\" content=\"Aschaffenburg\" \/>\n<meta property=\"article:published_time\" content=\"2022-03-28T08:15:52+00:00\" \/>\n<meta property=\"article:modified_time\" content=\"2022-06-02T11:49:00+00:00\" \/>\n<meta property=\"og:image\" content=\"https:\/\/aschaffenburgzweinull.stadtarchiv-digital.de\/wp-content\/uploads\/2022\/03\/Mainaschaffer_Strasse_113-scaled.jpg\" \/>\n\t<meta property=\"og:image:width\" content=\"2560\" \/>\n\t<meta property=\"og:image:height\" content=\"2560\" \/>\n\t<meta property=\"og:image:type\" content=\"image\/jpeg\" \/>\n<meta name=\"author\" content=\"Aschaffenburg_2.0\" \/>\n<meta name=\"twitter:card\" content=\"summary_large_image\" \/>\n<meta name=\"twitter:label1\" content=\"Verfasst von\" \/>\n\t<meta name=\"twitter:data1\" content=\"Aschaffenburg_2.0\" \/>\n\t<meta name=\"twitter:label2\" content=\"Gesch\u00e4tzte Lesezeit\" \/>\n\t<meta name=\"twitter:data2\" content=\"2\u00a0Minuten\" \/>\n<script type=\"application\/ld+json\" class=\"yoast-schema-graph\">{\"@context\":\"https:\\\/\\\/schema.org\",\"@graph\":[{\"@type\":\"Article\",\"@id\":\"https:\\\/\\\/aschaffenburgzweinull.stadtarchiv-digital.de\\\/mainaschaffer-strasse\\\/#article\",\"isPartOf\":{\"@id\":\"https:\\\/\\\/aschaffenburgzweinull.stadtarchiv-digital.de\\\/mainaschaffer-strasse\\\/\"},\"author\":{\"name\":\"Aschaffenburg_2.0\",\"@id\":\"https:\\\/\\\/aschaffenburgzweinull.stadtarchiv-digital.de\\\/#\\\/schema\\\/person\\\/6620dad05f894110a34e3afd3c3cf3ff\"},\"headline\":\"Mainaschaffer Stra\u00dfe\",\"datePublished\":\"2022-03-28T08:15:52+00:00\",\"dateModified\":\"2022-06-02T11:49:00+00:00\",\"mainEntityOfPage\":{\"@id\":\"https:\\\/\\\/aschaffenburgzweinull.stadtarchiv-digital.de\\\/mainaschaffer-strasse\\\/\"},\"wordCount\":340,\"commentCount\":0,\"image\":{\"@id\":\"https:\\\/\\\/aschaffenburgzweinull.stadtarchiv-digital.de\\\/mainaschaffer-strasse\\\/#primaryimage\"},\"thumbnailUrl\":\"https:\\\/\\\/aschaffenburgzweinull.stadtarchiv-digital.de\\\/wp-content\\\/uploads\\\/2022\\\/03\\\/Mainaschaffer_Strasse_113-scaled.jpg\",\"keywords\":[\"Damm\",\"Fabrik\",\"Textilindustrie\"],\"articleSection\":[\"Baudenkmal\"],\"inLanguage\":\"de\",\"potentialAction\":[{\"@type\":\"CommentAction\",\"name\":\"Comment\",\"target\":[\"https:\\\/\\\/aschaffenburgzweinull.stadtarchiv-digital.de\\\/mainaschaffer-strasse\\\/#respond\"]}]},{\"@type\":\"WebPage\",\"@id\":\"https:\\\/\\\/aschaffenburgzweinull.stadtarchiv-digital.de\\\/mainaschaffer-strasse\\\/\",\"url\":\"https:\\\/\\\/aschaffenburgzweinull.stadtarchiv-digital.de\\\/mainaschaffer-strasse\\\/\",\"name\":\"Mainaschaffer Stra\u00dfe - Aschaffenburg\",\"isPartOf\":{\"@id\":\"https:\\\/\\\/aschaffenburgzweinull.stadtarchiv-digital.de\\\/#website\"},\"primaryImageOfPage\":{\"@id\":\"https:\\\/\\\/aschaffenburgzweinull.stadtarchiv-digital.de\\\/mainaschaffer-strasse\\\/#primaryimage\"},\"image\":{\"@id\":\"https:\\\/\\\/aschaffenburgzweinull.stadtarchiv-digital.de\\\/mainaschaffer-strasse\\\/#primaryimage\"},\"thumbnailUrl\":\"https:\\\/\\\/aschaffenburgzweinull.stadtarchiv-digital.de\\\/wp-content\\\/uploads\\\/2022\\\/03\\\/Mainaschaffer_Strasse_113-scaled.jpg\",\"datePublished\":\"2022-03-28T08:15:52+00:00\",\"dateModified\":\"2022-06-02T11:49:00+00:00\",\"author\":{\"@id\":\"https:\\\/\\\/aschaffenburgzweinull.stadtarchiv-digital.de\\\/#\\\/schema\\\/person\\\/6620dad05f894110a34e3afd3c3cf3ff\"},\"breadcrumb\":{\"@id\":\"https:\\\/\\\/aschaffenburgzweinull.stadtarchiv-digital.de\\\/mainaschaffer-strasse\\\/#breadcrumb\"},\"inLanguage\":\"de\",\"potentialAction\":[{\"@type\":\"ReadAction\",\"target\":[\"https:\\\/\\\/aschaffenburgzweinull.stadtarchiv-digital.de\\\/mainaschaffer-strasse\\\/\"]}]},{\"@type\":\"ImageObject\",\"inLanguage\":\"de\",\"@id\":\"https:\\\/\\\/aschaffenburgzweinull.stadtarchiv-digital.de\\\/mainaschaffer-strasse\\\/#primaryimage\",\"url\":\"https:\\\/\\\/aschaffenburgzweinull.stadtarchiv-digital.de\\\/wp-content\\\/uploads\\\/2022\\\/03\\\/Mainaschaffer_Strasse_113-scaled.jpg\",\"contentUrl\":\"https:\\\/\\\/aschaffenburgzweinull.stadtarchiv-digital.de\\\/wp-content\\\/uploads\\\/2022\\\/03\\\/Mainaschaffer_Strasse_113-scaled.jpg\",\"width\":2560,\"height\":2560},{\"@type\":\"BreadcrumbList\",\"@id\":\"https:\\\/\\\/aschaffenburgzweinull.stadtarchiv-digital.de\\\/mainaschaffer-strasse\\\/#breadcrumb\",\"itemListElement\":[{\"@type\":\"ListItem\",\"position\":1,\"name\":\"Startseite\",\"item\":\"https:\\\/\\\/aschaffenburgzweinull.stadtarchiv-digital.de\\\/\"},{\"@type\":\"ListItem\",\"position\":2,\"name\":\"Mainaschaffer Stra\u00dfe\"}]},{\"@type\":\"WebSite\",\"@id\":\"https:\\\/\\\/aschaffenburgzweinull.stadtarchiv-digital.de\\\/#website\",\"url\":\"https:\\\/\\\/aschaffenburgzweinull.stadtarchiv-digital.de\\\/\",\"name\":\"Aschaffenburg\",\"description\":\"2.0\",\"potentialAction\":[{\"@type\":\"SearchAction\",\"target\":{\"@type\":\"EntryPoint\",\"urlTemplate\":\"https:\\\/\\\/aschaffenburgzweinull.stadtarchiv-digital.de\\\/?s={search_term_string}\"},\"query-input\":{\"@type\":\"PropertyValueSpecification\",\"valueRequired\":true,\"valueName\":\"search_term_string\"}}],\"inLanguage\":\"de\"},{\"@type\":\"Person\",\"@id\":\"https:\\\/\\\/aschaffenburgzweinull.stadtarchiv-digital.de\\\/#\\\/schema\\\/person\\\/6620dad05f894110a34e3afd3c3cf3ff\",\"name\":\"Aschaffenburg_2.0\",\"url\":\"https:\\\/\\\/aschaffenburgzweinull.stadtarchiv-digital.de\\\/author\\\/aschaffenburg_2-0\\\/\"}]}<\/script>\n<!-- \/ Yoast SEO plugin. -->","yoast_head_json":{"title":"Mainaschaffer Stra\u00dfe - Aschaffenburg","robots":{"index":"index","follow":"follow","max-snippet":"max-snippet:-1","max-image-preview":"max-image-preview:large","max-video-preview":"max-video-preview:-1"},"canonical":"https:\/\/aschaffenburgzweinull.stadtarchiv-digital.de\/mainaschaffer-strasse\/","og_locale":"de_DE","og_type":"article","og_title":"Mainaschaffer Stra\u00dfe - Aschaffenburg","og_description":"Mainaschaffer Stra\u00dfe 113 Die Pl\u00e4ne f\u00fcr die Kleiderfabrik von Heinrich Staab zeichnete der Aschaffenburger Architekt Werner Schlauersbach im Januar 1955. Die Baugenehmigung wurde im Mai desselben Jahres erteilt. Das Geb\u00e4ude [&hellip;]","og_url":"https:\/\/aschaffenburgzweinull.stadtarchiv-digital.de\/mainaschaffer-strasse\/","og_site_name":"Aschaffenburg","article_published_time":"2022-03-28T08:15:52+00:00","article_modified_time":"2022-06-02T11:49:00+00:00","og_image":[{"width":2560,"height":2560,"url":"https:\/\/aschaffenburgzweinull.stadtarchiv-digital.de\/wp-content\/uploads\/2022\/03\/Mainaschaffer_Strasse_113-scaled.jpg","type":"image\/jpeg"}],"author":"Aschaffenburg_2.0","twitter_card":"summary_large_image","twitter_misc":{"Verfasst von":"Aschaffenburg_2.0","Gesch\u00e4tzte Lesezeit":"2\u00a0Minuten"},"schema":{"@context":"https:\/\/schema.org","@graph":[{"@type":"Article","@id":"https:\/\/aschaffenburgzweinull.stadtarchiv-digital.de\/mainaschaffer-strasse\/#article","isPartOf":{"@id":"https:\/\/aschaffenburgzweinull.stadtarchiv-digital.de\/mainaschaffer-strasse\/"},"author":{"name":"Aschaffenburg_2.0","@id":"https:\/\/aschaffenburgzweinull.stadtarchiv-digital.de\/#\/schema\/person\/6620dad05f894110a34e3afd3c3cf3ff"},"headline":"Mainaschaffer Stra\u00dfe","datePublished":"2022-03-28T08:15:52+00:00","dateModified":"2022-06-02T11:49:00+00:00","mainEntityOfPage":{"@id":"https:\/\/aschaffenburgzweinull.stadtarchiv-digital.de\/mainaschaffer-strasse\/"},"wordCount":340,"commentCount":0,"image":{"@id":"https:\/\/aschaffenburgzweinull.stadtarchiv-digital.de\/mainaschaffer-strasse\/#primaryimage"},"thumbnailUrl":"https:\/\/aschaffenburgzweinull.stadtarchiv-digital.de\/wp-content\/uploads\/2022\/03\/Mainaschaffer_Strasse_113-scaled.jpg","keywords":["Damm","Fabrik","Textilindustrie"],"articleSection":["Baudenkmal"],"inLanguage":"de","potentialAction":[{"@type":"CommentAction","name":"Comment","target":["https:\/\/aschaffenburgzweinull.stadtarchiv-digital.de\/mainaschaffer-strasse\/#respond"]}]},{"@type":"WebPage","@id":"https:\/\/aschaffenburgzweinull.stadtarchiv-digital.de\/mainaschaffer-strasse\/","url":"https:\/\/aschaffenburgzweinull.stadtarchiv-digital.de\/mainaschaffer-strasse\/","name":"Mainaschaffer Stra\u00dfe - Aschaffenburg","isPartOf":{"@id":"https:\/\/aschaffenburgzweinull.stadtarchiv-digital.de\/#website"},"primaryImageOfPage":{"@id":"https:\/\/aschaffenburgzweinull.stadtarchiv-digital.de\/mainaschaffer-strasse\/#primaryimage"},"image":{"@id":"https:\/\/aschaffenburgzweinull.stadtarchiv-digital.de\/mainaschaffer-strasse\/#primaryimage"},"thumbnailUrl":"https:\/\/aschaffenburgzweinull.stadtarchiv-digital.de\/wp-content\/uploads\/2022\/03\/Mainaschaffer_Strasse_113-scaled.jpg","datePublished":"2022-03-28T08:15:52+00:00","dateModified":"2022-06-02T11:49:00+00:00","author":{"@id":"https:\/\/aschaffenburgzweinull.stadtarchiv-digital.de\/#\/schema\/person\/6620dad05f894110a34e3afd3c3cf3ff"},"breadcrumb":{"@id":"https:\/\/aschaffenburgzweinull.stadtarchiv-digital.de\/mainaschaffer-strasse\/#breadcrumb"},"inLanguage":"de","potentialAction":[{"@type":"ReadAction","target":["https:\/\/aschaffenburgzweinull.stadtarchiv-digital.de\/mainaschaffer-strasse\/"]}]},{"@type":"ImageObject","inLanguage":"de","@id":"https:\/\/aschaffenburgzweinull.stadtarchiv-digital.de\/mainaschaffer-strasse\/#primaryimage","url":"https:\/\/aschaffenburgzweinull.stadtarchiv-digital.de\/wp-content\/uploads\/2022\/03\/Mainaschaffer_Strasse_113-scaled.jpg","contentUrl":"https:\/\/aschaffenburgzweinull.stadtarchiv-digital.de\/wp-content\/uploads\/2022\/03\/Mainaschaffer_Strasse_113-scaled.jpg","width":2560,"height":2560},{"@type":"BreadcrumbList","@id":"https:\/\/aschaffenburgzweinull.stadtarchiv-digital.de\/mainaschaffer-strasse\/#breadcrumb","itemListElement":[{"@type":"ListItem","position":1,"name":"Startseite","item":"https:\/\/aschaffenburgzweinull.stadtarchiv-digital.de\/"},{"@type":"ListItem","position":2,"name":"Mainaschaffer Stra\u00dfe"}]},{"@type":"WebSite","@id":"https:\/\/aschaffenburgzweinull.stadtarchiv-digital.de\/#website","url":"https:\/\/aschaffenburgzweinull.stadtarchiv-digital.de\/","name":"Aschaffenburg","description":"2.0","potentialAction":[{"@type":"SearchAction","target":{"@type":"EntryPoint","urlTemplate":"https:\/\/aschaffenburgzweinull.stadtarchiv-digital.de\/?s={search_term_string}"},"query-input":{"@type":"PropertyValueSpecification","valueRequired":true,"valueName":"search_term_string"}}],"inLanguage":"de"},{"@type":"Person","@id":"https:\/\/aschaffenburgzweinull.stadtarchiv-digital.de\/#\/schema\/person\/6620dad05f894110a34e3afd3c3cf3ff","name":"Aschaffenburg_2.0","url":"https:\/\/aschaffenburgzweinull.stadtarchiv-digital.de\/author\/aschaffenburg_2-0\/"}]}},"_links":{"self":[{"href":"https:\/\/aschaffenburgzweinull.stadtarchiv-digital.de\/data\/wp\/v2\/posts\/4172","targetHints":{"allow":["GET"]}}],"collection":[{"href":"https:\/\/aschaffenburgzweinull.stadtarchiv-digital.de\/data\/wp\/v2\/posts"}],"about":[{"href":"https:\/\/aschaffenburgzweinull.stadtarchiv-digital.de\/data\/wp\/v2\/types\/post"}],"author":[{"embeddable":true,"href":"https:\/\/aschaffenburgzweinull.stadtarchiv-digital.de\/data\/wp\/v2\/users\/3"}],"replies":[{"embeddable":true,"href":"https:\/\/aschaffenburgzweinull.stadtarchiv-digital.de\/data\/wp\/v2\/comments?post=4172"}],"version-history":[{"count":2,"href":"https:\/\/aschaffenburgzweinull.stadtarchiv-digital.de\/data\/wp\/v2\/posts\/4172\/revisions"}],"predecessor-version":[{"id":5094,"href":"https:\/\/aschaffenburgzweinull.stadtarchiv-digital.de\/data\/wp\/v2\/posts\/4172\/revisions\/5094"}],"wp:featuredmedia":[{"embeddable":true,"href":"https:\/\/aschaffenburgzweinull.stadtarchiv-digital.de\/data\/wp\/v2\/media\/5424"}],"wp:attachment":[{"href":"https:\/\/aschaffenburgzweinull.stadtarchiv-digital.de\/data\/wp\/v2\/media?parent=4172"}],"wp:term":[{"taxonomy":"category","embeddable":true,"href":"https:\/\/aschaffenburgzweinull.stadtarchiv-digital.de\/data\/wp\/v2\/categories?post=4172"},{"taxonomy":"post_tag","embeddable":true,"href":"https:\/\/aschaffenburgzweinull.stadtarchiv-digital.de\/data\/wp\/v2\/tags?post=4172"},{"taxonomy":"format","embeddable":true,"href":"https:\/\/aschaffenburgzweinull.stadtarchiv-digital.de\/data\/wp\/v2\/post-format?post=4172"},{"taxonomy":"content","embeddable":true,"href":"https:\/\/aschaffenburgzweinull.stadtarchiv-digital.de\/data\/wp\/v2\/post-content?post=4172"}],"curies":[{"name":"wp","href":"https:\/\/api.w.org\/{rel}","templated":true}]}}