{"id":4162,"date":"2022-03-28T10:24:48","date_gmt":"2022-03-28T08:24:48","guid":{"rendered":"https:\/\/aschaffenburgzweinull.stadtarchiv-digital.de\/?p=4162"},"modified":"2022-06-02T13:43:59","modified_gmt":"2022-06-02T11:43:59","slug":"haidstrasse","status":"publish","type":"post","link":"https:\/\/aschaffenburgzweinull.stadtarchiv-digital.de\/haidstrasse\/","title":{"rendered":"Haidstra\u00dfe"},"content":{"rendered":"<p>Die Haidstra\u00dfe beginnt an der St.-Michaelskirche, nimmt im weiteren Verlauf von rechts die Br\u00fcckenstra\u00dfe auf und geht in s\u00fcdwestlicher Richtung in die M\u00fchlstra\u00dfe \u00fcber. Sie war zu beiden Seiten mit b\u00e4uerlichen Anwesen ges\u00e4umt, deren Bewohner einst vor allem Landwirtschaft betrieben. Somit l\u00e4sst sich ihr Name wohl von \u201edie Heide\u201c f\u00fcr Feld oder bewachsenes Land herleiten bzw. in anderen Schreibweisen von \u201eHaid\u201c oder \u201eHaiden\u201c, \u201eHaidel\u201c, was Kraut- oder Gem\u00fcsebau bedeutet. Vereinzelt l\u00e4sst sich der l\u00e4ndliche Charakter noch an der Struktur der Grundst\u00fccke und teilweise erhaltenen Scheunengeb\u00e4uden ablesen. Zwei b\u00e4uerliche Anwesen zeugen in Resten noch heute von der urspr\u00fcnglichen Pr\u00e4gung der Stra\u00dfe.<\/p>\n<p><strong>Haidstra\u00dfe 15<\/strong><\/p>\n<p>Das zweigeschossige giebelst\u00e4ndige Fachwerkhaus ist das Wohnhaus einer ehem. b\u00e4uerlichen Anlage, deren Nebengeb\u00e4ude im Laufe der Zeit \u00fcberformt worden sind. Im r\u00fcckw\u00e4rtigen Bereich des Grundst\u00fccks steht anstelle der ehem. Scheune ein Neubau (1980er Jahre). Das Wohnhaus entspricht dem Typ Aschaffenburger Fachwerkh\u00e4user des 18. Jh. Der Stockwerksbau zeigt eine einfache Holzkonstruktion mit kr\u00e4ftigen Eckst\u00e4ndern auf massivem, hohem Sockel, schmalere St\u00e4nder sowie Fu\u00dfstreben und Winkelh\u00f6lzer. Die Fenster sind relativ gro\u00df, auf der Traufseite gekuppelt. Obergeschoss und Giebel kragen vor, die Schwelle des Obergeschosses ist profiliert. Ein Satteldach schlie\u00dft das Geb\u00e4ude ab. Der Eingang liegt auf der vom Hof zug\u00e4nglichen Traufseite. Die alte, dreizonige Innenstruktur ist weitgehend erhalten. Die Stube ist zur Stra\u00dfe gerichtet, dahinter folgen die Erschlie\u00dfung und der ehem. Stall. Unter dem Geb\u00e4ude befindet sich \u2013 wegen der Hochwassergefahr des nahen Baches \u2013 ein hoher Keller.<\/p>\n<p><strong>Haidstra\u00dfe 31<\/strong><\/p>\n<p>Der aus einem Wohnhaus, einer Scheune und Nebengeb\u00e4uden bestehende Bauernhof entstand in der 2. H\u00e4lfte des 18. Jh. Das Wohnhaus steht giebelst\u00e4ndig an der Haidstra\u00dfe. Es erhebt sich zweigeschossig \u00fcber einem massiven Sockel und schlie\u00dft mit einem Satteldach ab. Das Erdgeschoss zeigt auf der Giebelseite regelm\u00e4\u00dfiges Fachwerk, das an den Ecken wie auch an den Traufseiten um 1900 erheblich ausgetauscht und verputzt worden ist. Zu dieser Zeit sind auch die Rahmen der Fenster und T\u00fcren aus rotem Mainsandstein eingebaut worden. Das Fachwerk des Obergeschosses, dessen Schwelle ein Kehle-Wulst-Kehle-Profil aufweist, ist ins 18. Jh. zu datieren. Beide Giebel sind verschiefert, der stra\u00dfenseitige ist zus\u00e4tzlich mit einem Wasserschlag zwischen den Dachgeschossen versehen. An der Anordnung der Fenster (gekuppeltes und Einzelfenster) l\u00e4sst sich die Stuben-Kammer-Teilung ablesen. Unter dem Haus befinden sich zwei in Firstrichtung liegende Gew\u00f6lbekeller aus Bruchstein. Der westliche Keller ist stichbogig und l\u00e4nger als der vordere Keller, welcher rundbogig ist. Die Quererschlie\u00dfung mit einem stichbogigen Ziegelgew\u00f6lbe entstammt der Zeit um 1900. Zum Giebel und r\u00fcckw\u00e4rts zur Traufe hat der Keller Entl\u00fcftungssch\u00e4chte. Im Anwesen steht s\u00fcdlich an das Wohnhaus anschlie\u00dfend ein Nebengeb\u00e4ude mit Werkstatt und Holzlege. Der Hof wird quer von einer Scheune mit Stallungen aus der Zeit um 1900 geschlossen; dahinter befindet sich noch ein Obstgarten.<\/p>\n<p>Quelle:<\/p>\n<p>Ina Gutzeit\/Hauke Kenzler: Kreisfreie Stadt Aschaffenburg. Ensembles, Baudenkm\u00e4ler, Bodendenkm\u00e4ler (Denkm\u00e4ler in Bayern. VI. Unterfranken, 71), M\u00fcnchen 2015, S. 243-244.<\/p>\n","protected":false},"excerpt":{"rendered":"<p>Die Haidstra\u00dfe beginnt an der St.-Michaelskirche, nimmt im weiteren Verlauf von rechts die Br\u00fcckenstra\u00dfe auf und geht in s\u00fcdwestlicher Richtung in die M\u00fchlstra\u00dfe \u00fcber. Sie war zu beiden Seiten mit [&hellip;]<\/p>\n","protected":false},"author":3,"featured_media":5419,"comment_status":"open","ping_status":"open","sticky":false,"template":"","format":"standard","meta":{"_acf_changed":false,"footnotes":""},"categories":[542],"tags":[759,137,195,649,672,693,758],"post-format":[2],"post-content":[3,67],"class_list":["post-4162","post","type-post","status-publish","format-standard","has-post-thumbnail","hentry","category-baudenkmal","tag-st-michael","tag-kirche","tag-damm","tag-fachwerk","tag-landwirtschaft","tag-gewoelbekeller","tag-scheune","format-information","content-image","content-text","project-denkmaltopographie"],"acf":[],"yoast_head":"<!-- This site is optimized with the Yoast SEO plugin v27.4 - https:\/\/yoast.com\/product\/yoast-seo-wordpress\/ -->\n<title>Haidstra\u00dfe - Aschaffenburg<\/title>\n<meta name=\"robots\" content=\"index, follow, max-snippet:-1, max-image-preview:large, max-video-preview:-1\" \/>\n<link rel=\"canonical\" href=\"https:\/\/aschaffenburgzweinull.stadtarchiv-digital.de\/haidstrasse\/\" \/>\n<meta property=\"og:locale\" content=\"de_DE\" \/>\n<meta property=\"og:type\" content=\"article\" \/>\n<meta property=\"og:title\" content=\"Haidstra\u00dfe - Aschaffenburg\" \/>\n<meta property=\"og:description\" content=\"Die Haidstra\u00dfe beginnt an der St.-Michaelskirche, nimmt im weiteren Verlauf von rechts die Br\u00fcckenstra\u00dfe auf und geht in s\u00fcdwestlicher Richtung in die M\u00fchlstra\u00dfe \u00fcber. Sie war zu beiden Seiten mit [&hellip;]\" \/>\n<meta property=\"og:url\" content=\"https:\/\/aschaffenburgzweinull.stadtarchiv-digital.de\/haidstrasse\/\" \/>\n<meta property=\"og:site_name\" content=\"Aschaffenburg\" \/>\n<meta property=\"article:published_time\" content=\"2022-03-28T08:24:48+00:00\" \/>\n<meta property=\"article:modified_time\" content=\"2022-06-02T11:43:59+00:00\" \/>\n<meta property=\"og:image\" content=\"https:\/\/aschaffenburgzweinull.stadtarchiv-digital.de\/wp-content\/uploads\/2022\/03\/Haidstrasse_15-scaled.jpg\" \/>\n\t<meta property=\"og:image:width\" content=\"2560\" \/>\n\t<meta property=\"og:image:height\" content=\"2560\" \/>\n\t<meta property=\"og:image:type\" content=\"image\/jpeg\" \/>\n<meta name=\"author\" content=\"Aschaffenburg_2.0\" \/>\n<meta name=\"twitter:card\" content=\"summary_large_image\" \/>\n<meta name=\"twitter:label1\" content=\"Verfasst von\" \/>\n\t<meta name=\"twitter:data1\" content=\"Aschaffenburg_2.0\" \/>\n\t<meta name=\"twitter:label2\" content=\"Gesch\u00e4tzte Lesezeit\" \/>\n\t<meta name=\"twitter:data2\" content=\"3\u00a0Minuten\" \/>\n<script type=\"application\/ld+json\" class=\"yoast-schema-graph\">{\"@context\":\"https:\\\/\\\/schema.org\",\"@graph\":[{\"@type\":\"Article\",\"@id\":\"https:\\\/\\\/aschaffenburgzweinull.stadtarchiv-digital.de\\\/haidstrasse\\\/#article\",\"isPartOf\":{\"@id\":\"https:\\\/\\\/aschaffenburgzweinull.stadtarchiv-digital.de\\\/haidstrasse\\\/\"},\"author\":{\"name\":\"Aschaffenburg_2.0\",\"@id\":\"https:\\\/\\\/aschaffenburgzweinull.stadtarchiv-digital.de\\\/#\\\/schema\\\/person\\\/6620dad05f894110a34e3afd3c3cf3ff\"},\"headline\":\"Haidstra\u00dfe\",\"datePublished\":\"2022-03-28T08:24:48+00:00\",\"dateModified\":\"2022-06-02T11:43:59+00:00\",\"mainEntityOfPage\":{\"@id\":\"https:\\\/\\\/aschaffenburgzweinull.stadtarchiv-digital.de\\\/haidstrasse\\\/\"},\"wordCount\":519,\"commentCount\":0,\"image\":{\"@id\":\"https:\\\/\\\/aschaffenburgzweinull.stadtarchiv-digital.de\\\/haidstrasse\\\/#primaryimage\"},\"thumbnailUrl\":\"https:\\\/\\\/aschaffenburgzweinull.stadtarchiv-digital.de\\\/wp-content\\\/uploads\\\/2022\\\/03\\\/Haidstrasse_15-scaled.jpg\",\"keywords\":[\"St. Michael\",\"Kirche\",\"Damm\",\"Fachwerk\",\"Landwirtschaft\",\"Gew\u00f6lbekeller\",\"Scheune\"],\"articleSection\":[\"Baudenkmal\"],\"inLanguage\":\"de\",\"potentialAction\":[{\"@type\":\"CommentAction\",\"name\":\"Comment\",\"target\":[\"https:\\\/\\\/aschaffenburgzweinull.stadtarchiv-digital.de\\\/haidstrasse\\\/#respond\"]}]},{\"@type\":\"WebPage\",\"@id\":\"https:\\\/\\\/aschaffenburgzweinull.stadtarchiv-digital.de\\\/haidstrasse\\\/\",\"url\":\"https:\\\/\\\/aschaffenburgzweinull.stadtarchiv-digital.de\\\/haidstrasse\\\/\",\"name\":\"Haidstra\u00dfe - Aschaffenburg\",\"isPartOf\":{\"@id\":\"https:\\\/\\\/aschaffenburgzweinull.stadtarchiv-digital.de\\\/#website\"},\"primaryImageOfPage\":{\"@id\":\"https:\\\/\\\/aschaffenburgzweinull.stadtarchiv-digital.de\\\/haidstrasse\\\/#primaryimage\"},\"image\":{\"@id\":\"https:\\\/\\\/aschaffenburgzweinull.stadtarchiv-digital.de\\\/haidstrasse\\\/#primaryimage\"},\"thumbnailUrl\":\"https:\\\/\\\/aschaffenburgzweinull.stadtarchiv-digital.de\\\/wp-content\\\/uploads\\\/2022\\\/03\\\/Haidstrasse_15-scaled.jpg\",\"datePublished\":\"2022-03-28T08:24:48+00:00\",\"dateModified\":\"2022-06-02T11:43:59+00:00\",\"author\":{\"@id\":\"https:\\\/\\\/aschaffenburgzweinull.stadtarchiv-digital.de\\\/#\\\/schema\\\/person\\\/6620dad05f894110a34e3afd3c3cf3ff\"},\"breadcrumb\":{\"@id\":\"https:\\\/\\\/aschaffenburgzweinull.stadtarchiv-digital.de\\\/haidstrasse\\\/#breadcrumb\"},\"inLanguage\":\"de\",\"potentialAction\":[{\"@type\":\"ReadAction\",\"target\":[\"https:\\\/\\\/aschaffenburgzweinull.stadtarchiv-digital.de\\\/haidstrasse\\\/\"]}]},{\"@type\":\"ImageObject\",\"inLanguage\":\"de\",\"@id\":\"https:\\\/\\\/aschaffenburgzweinull.stadtarchiv-digital.de\\\/haidstrasse\\\/#primaryimage\",\"url\":\"https:\\\/\\\/aschaffenburgzweinull.stadtarchiv-digital.de\\\/wp-content\\\/uploads\\\/2022\\\/03\\\/Haidstrasse_15-scaled.jpg\",\"contentUrl\":\"https:\\\/\\\/aschaffenburgzweinull.stadtarchiv-digital.de\\\/wp-content\\\/uploads\\\/2022\\\/03\\\/Haidstrasse_15-scaled.jpg\",\"width\":2560,\"height\":2560},{\"@type\":\"BreadcrumbList\",\"@id\":\"https:\\\/\\\/aschaffenburgzweinull.stadtarchiv-digital.de\\\/haidstrasse\\\/#breadcrumb\",\"itemListElement\":[{\"@type\":\"ListItem\",\"position\":1,\"name\":\"Startseite\",\"item\":\"https:\\\/\\\/aschaffenburgzweinull.stadtarchiv-digital.de\\\/\"},{\"@type\":\"ListItem\",\"position\":2,\"name\":\"Haidstra\u00dfe\"}]},{\"@type\":\"WebSite\",\"@id\":\"https:\\\/\\\/aschaffenburgzweinull.stadtarchiv-digital.de\\\/#website\",\"url\":\"https:\\\/\\\/aschaffenburgzweinull.stadtarchiv-digital.de\\\/\",\"name\":\"Aschaffenburg\",\"description\":\"2.0\",\"potentialAction\":[{\"@type\":\"SearchAction\",\"target\":{\"@type\":\"EntryPoint\",\"urlTemplate\":\"https:\\\/\\\/aschaffenburgzweinull.stadtarchiv-digital.de\\\/?s={search_term_string}\"},\"query-input\":{\"@type\":\"PropertyValueSpecification\",\"valueRequired\":true,\"valueName\":\"search_term_string\"}}],\"inLanguage\":\"de\"},{\"@type\":\"Person\",\"@id\":\"https:\\\/\\\/aschaffenburgzweinull.stadtarchiv-digital.de\\\/#\\\/schema\\\/person\\\/6620dad05f894110a34e3afd3c3cf3ff\",\"name\":\"Aschaffenburg_2.0\",\"url\":\"https:\\\/\\\/aschaffenburgzweinull.stadtarchiv-digital.de\\\/author\\\/aschaffenburg_2-0\\\/\"}]}<\/script>\n<!-- \/ Yoast SEO plugin. -->","yoast_head_json":{"title":"Haidstra\u00dfe - Aschaffenburg","robots":{"index":"index","follow":"follow","max-snippet":"max-snippet:-1","max-image-preview":"max-image-preview:large","max-video-preview":"max-video-preview:-1"},"canonical":"https:\/\/aschaffenburgzweinull.stadtarchiv-digital.de\/haidstrasse\/","og_locale":"de_DE","og_type":"article","og_title":"Haidstra\u00dfe - Aschaffenburg","og_description":"Die Haidstra\u00dfe beginnt an der St.-Michaelskirche, nimmt im weiteren Verlauf von rechts die Br\u00fcckenstra\u00dfe auf und geht in s\u00fcdwestlicher Richtung in die M\u00fchlstra\u00dfe \u00fcber. Sie war zu beiden Seiten mit [&hellip;]","og_url":"https:\/\/aschaffenburgzweinull.stadtarchiv-digital.de\/haidstrasse\/","og_site_name":"Aschaffenburg","article_published_time":"2022-03-28T08:24:48+00:00","article_modified_time":"2022-06-02T11:43:59+00:00","og_image":[{"width":2560,"height":2560,"url":"https:\/\/aschaffenburgzweinull.stadtarchiv-digital.de\/wp-content\/uploads\/2022\/03\/Haidstrasse_15-scaled.jpg","type":"image\/jpeg"}],"author":"Aschaffenburg_2.0","twitter_card":"summary_large_image","twitter_misc":{"Verfasst von":"Aschaffenburg_2.0","Gesch\u00e4tzte Lesezeit":"3\u00a0Minuten"},"schema":{"@context":"https:\/\/schema.org","@graph":[{"@type":"Article","@id":"https:\/\/aschaffenburgzweinull.stadtarchiv-digital.de\/haidstrasse\/#article","isPartOf":{"@id":"https:\/\/aschaffenburgzweinull.stadtarchiv-digital.de\/haidstrasse\/"},"author":{"name":"Aschaffenburg_2.0","@id":"https:\/\/aschaffenburgzweinull.stadtarchiv-digital.de\/#\/schema\/person\/6620dad05f894110a34e3afd3c3cf3ff"},"headline":"Haidstra\u00dfe","datePublished":"2022-03-28T08:24:48+00:00","dateModified":"2022-06-02T11:43:59+00:00","mainEntityOfPage":{"@id":"https:\/\/aschaffenburgzweinull.stadtarchiv-digital.de\/haidstrasse\/"},"wordCount":519,"commentCount":0,"image":{"@id":"https:\/\/aschaffenburgzweinull.stadtarchiv-digital.de\/haidstrasse\/#primaryimage"},"thumbnailUrl":"https:\/\/aschaffenburgzweinull.stadtarchiv-digital.de\/wp-content\/uploads\/2022\/03\/Haidstrasse_15-scaled.jpg","keywords":["St. Michael","Kirche","Damm","Fachwerk","Landwirtschaft","Gew\u00f6lbekeller","Scheune"],"articleSection":["Baudenkmal"],"inLanguage":"de","potentialAction":[{"@type":"CommentAction","name":"Comment","target":["https:\/\/aschaffenburgzweinull.stadtarchiv-digital.de\/haidstrasse\/#respond"]}]},{"@type":"WebPage","@id":"https:\/\/aschaffenburgzweinull.stadtarchiv-digital.de\/haidstrasse\/","url":"https:\/\/aschaffenburgzweinull.stadtarchiv-digital.de\/haidstrasse\/","name":"Haidstra\u00dfe - Aschaffenburg","isPartOf":{"@id":"https:\/\/aschaffenburgzweinull.stadtarchiv-digital.de\/#website"},"primaryImageOfPage":{"@id":"https:\/\/aschaffenburgzweinull.stadtarchiv-digital.de\/haidstrasse\/#primaryimage"},"image":{"@id":"https:\/\/aschaffenburgzweinull.stadtarchiv-digital.de\/haidstrasse\/#primaryimage"},"thumbnailUrl":"https:\/\/aschaffenburgzweinull.stadtarchiv-digital.de\/wp-content\/uploads\/2022\/03\/Haidstrasse_15-scaled.jpg","datePublished":"2022-03-28T08:24:48+00:00","dateModified":"2022-06-02T11:43:59+00:00","author":{"@id":"https:\/\/aschaffenburgzweinull.stadtarchiv-digital.de\/#\/schema\/person\/6620dad05f894110a34e3afd3c3cf3ff"},"breadcrumb":{"@id":"https:\/\/aschaffenburgzweinull.stadtarchiv-digital.de\/haidstrasse\/#breadcrumb"},"inLanguage":"de","potentialAction":[{"@type":"ReadAction","target":["https:\/\/aschaffenburgzweinull.stadtarchiv-digital.de\/haidstrasse\/"]}]},{"@type":"ImageObject","inLanguage":"de","@id":"https:\/\/aschaffenburgzweinull.stadtarchiv-digital.de\/haidstrasse\/#primaryimage","url":"https:\/\/aschaffenburgzweinull.stadtarchiv-digital.de\/wp-content\/uploads\/2022\/03\/Haidstrasse_15-scaled.jpg","contentUrl":"https:\/\/aschaffenburgzweinull.stadtarchiv-digital.de\/wp-content\/uploads\/2022\/03\/Haidstrasse_15-scaled.jpg","width":2560,"height":2560},{"@type":"BreadcrumbList","@id":"https:\/\/aschaffenburgzweinull.stadtarchiv-digital.de\/haidstrasse\/#breadcrumb","itemListElement":[{"@type":"ListItem","position":1,"name":"Startseite","item":"https:\/\/aschaffenburgzweinull.stadtarchiv-digital.de\/"},{"@type":"ListItem","position":2,"name":"Haidstra\u00dfe"}]},{"@type":"WebSite","@id":"https:\/\/aschaffenburgzweinull.stadtarchiv-digital.de\/#website","url":"https:\/\/aschaffenburgzweinull.stadtarchiv-digital.de\/","name":"Aschaffenburg","description":"2.0","potentialAction":[{"@type":"SearchAction","target":{"@type":"EntryPoint","urlTemplate":"https:\/\/aschaffenburgzweinull.stadtarchiv-digital.de\/?s={search_term_string}"},"query-input":{"@type":"PropertyValueSpecification","valueRequired":true,"valueName":"search_term_string"}}],"inLanguage":"de"},{"@type":"Person","@id":"https:\/\/aschaffenburgzweinull.stadtarchiv-digital.de\/#\/schema\/person\/6620dad05f894110a34e3afd3c3cf3ff","name":"Aschaffenburg_2.0","url":"https:\/\/aschaffenburgzweinull.stadtarchiv-digital.de\/author\/aschaffenburg_2-0\/"}]}},"_links":{"self":[{"href":"https:\/\/aschaffenburgzweinull.stadtarchiv-digital.de\/data\/wp\/v2\/posts\/4162","targetHints":{"allow":["GET"]}}],"collection":[{"href":"https:\/\/aschaffenburgzweinull.stadtarchiv-digital.de\/data\/wp\/v2\/posts"}],"about":[{"href":"https:\/\/aschaffenburgzweinull.stadtarchiv-digital.de\/data\/wp\/v2\/types\/post"}],"author":[{"embeddable":true,"href":"https:\/\/aschaffenburgzweinull.stadtarchiv-digital.de\/data\/wp\/v2\/users\/3"}],"replies":[{"embeddable":true,"href":"https:\/\/aschaffenburgzweinull.stadtarchiv-digital.de\/data\/wp\/v2\/comments?post=4162"}],"version-history":[{"count":3,"href":"https:\/\/aschaffenburgzweinull.stadtarchiv-digital.de\/data\/wp\/v2\/posts\/4162\/revisions"}],"predecessor-version":[{"id":5421,"href":"https:\/\/aschaffenburgzweinull.stadtarchiv-digital.de\/data\/wp\/v2\/posts\/4162\/revisions\/5421"}],"wp:featuredmedia":[{"embeddable":true,"href":"https:\/\/aschaffenburgzweinull.stadtarchiv-digital.de\/data\/wp\/v2\/media\/5419"}],"wp:attachment":[{"href":"https:\/\/aschaffenburgzweinull.stadtarchiv-digital.de\/data\/wp\/v2\/media?parent=4162"}],"wp:term":[{"taxonomy":"category","embeddable":true,"href":"https:\/\/aschaffenburgzweinull.stadtarchiv-digital.de\/data\/wp\/v2\/categories?post=4162"},{"taxonomy":"post_tag","embeddable":true,"href":"https:\/\/aschaffenburgzweinull.stadtarchiv-digital.de\/data\/wp\/v2\/tags?post=4162"},{"taxonomy":"format","embeddable":true,"href":"https:\/\/aschaffenburgzweinull.stadtarchiv-digital.de\/data\/wp\/v2\/post-format?post=4162"},{"taxonomy":"content","embeddable":true,"href":"https:\/\/aschaffenburgzweinull.stadtarchiv-digital.de\/data\/wp\/v2\/post-content?post=4162"}],"curies":[{"name":"wp","href":"https:\/\/api.w.org\/{rel}","templated":true}]}}