{"id":4158,"date":"2022-03-28T10:27:09","date_gmt":"2022-03-28T08:27:09","guid":{"rendered":"https:\/\/aschaffenburgzweinull.stadtarchiv-digital.de\/?p=4158"},"modified":"2022-06-02T12:57:56","modified_gmt":"2022-06-02T10:57:56","slug":"antoniusstrasse","status":"publish","type":"post","link":"https:\/\/aschaffenburgzweinull.stadtarchiv-digital.de\/antoniusstrasse\/","title":{"rendered":"Antoniusstra\u00dfe"},"content":{"rendered":"<p>Die Antoniusstra\u00dfe verl\u00e4uft in nords\u00fcdlicher Richtung zwischen Schneidm\u00fchlweg und Paulusstra\u00dfe. Sie wurde zu Beginn des 20. Jh. angelegt. Zuvor waren hier nur Felder und unbefestigte Fahrwege. Die Bebauung der Stra\u00dfe erfolgte in der 1. H\u00e4lfte bis Mitte des 20. Jh. Einzig der Verwaltungsbau am Beginn der Stra\u00dfe entstand gleichzeitig mit der Anlage der Stra\u00dfe als frei stehendes Geb\u00e4ude. Die \u201eSt. Antoniusbruderschaft der privilegierten Steingutfabrik in Damm\u201c hat 1911 diese Stra\u00dfe nach Antonius von Padua (1195\u20131231), dem Schutzpatron der T\u00f6pfer, benennen lassen. Bereits der christlich-sozial eingestellte Fabrikbesitzer und Forstmeister a. D. Dr. phil. Daniel Ernst M\u00fcller (1797\u20131868) nahm sich diesen Heiligen als Vorbild.<\/p>\n<p><strong>Antoniusstra\u00dfe 1<\/strong><\/p>\n<p>Der heute als Landwirtschaftsamt dienende, repr\u00e4sentative Bau wurde 1910\/11 als Winterschule f\u00fcr angehende Landwirte, die hier in zweisemestrigem Kurs w\u00e4hrend der Wintermonate die neuesten Erkenntnisse der Agrarwirtschaft gelehrt bekamen, errichtet. Der zweigeschossige Mansardwalmdachbau in den Formen des barockisierenden Historismus steht mit seiner zehnachsigen Fassade traufst\u00e4ndig zu der leicht ansteigenden Antoniusstra\u00dfe und wird von einem nach rechts ger\u00fcckten, dreigeschossigen Pavillon dominiert, dessen Eckquaderung aus roten Sandsteinen abgesetzt ist. Der Eingang ist ebenfalls nach rechts versetzt. Er schlie\u00dft rundbogig ab und ist mit genuteten Quadern aus rotem Sandstein hervorgehoben. Die regelm\u00e4\u00dfig gegliederte Fassade des Geb\u00e4udes ist gekennzeichnet durch zu Paaren zusammengefasste Fenster mit geohrten Rahmen. In den f\u00fcnf Achsen links des Pavillons sind die Erdgeschossfenster rundbogig geschlossen. Die des Obergeschosses sitzen auf einem umlaufenden Gesims auf. Alle Fenster sind mit rotem Sandstein gerahmt. Die Geb\u00e4udekanten sind durch eine genutete Eckquaderung betont. 1928 wurde das Geb\u00e4ude um eine Garage, einem \u201eEinstellraume f\u00fcr Kraftwagen\u201c, erweitert. Dieser eingeschossige Walmdachbau wurde dem Hauptgeb\u00e4ude stilistisch angepasst und befindet sich im nord\u00f6stlichen Teil des Grundst\u00fccks. Das gesamte Grundst\u00fcck ist von einer roten Sandsteinquadermauer umschlossen. Durch den Bombenangriff am 21. November 1944 wurde die Fassade zur Antoniusstra\u00dfe schwer getroffen. Der n\u00f6rdliche Teil des Dachs, die Schlafs\u00e4le, der Speisesaal und die Nebengeb\u00e4ude wurden total zerst\u00f6rt, die Umfassungsmauer besch\u00e4digt.<\/p>\n<p>Quelle:<\/p>\n<p>Ina Gutzeit\/Hauke Kenzler: Kreisfreie Stadt Aschaffenburg. Ensembles, Baudenkm\u00e4ler, Bodendenkm\u00e4ler (Denkm\u00e4ler in Bayern. VI. Unterfranken, 71), M\u00fcnchen 2015, S. 241-242.<\/p>\n","protected":false},"excerpt":{"rendered":"<p>Die Antoniusstra\u00dfe verl\u00e4uft in nords\u00fcdlicher Richtung zwischen Schneidm\u00fchlweg und Paulusstra\u00dfe. Sie wurde zu Beginn des 20. Jh. angelegt. Zuvor waren hier nur Felder und unbefestigte Fahrwege. Die Bebauung der Stra\u00dfe [&hellip;]<\/p>\n","protected":false},"author":3,"featured_media":5408,"comment_status":"open","ping_status":"open","sticky":false,"template":"","format":"standard","meta":{"_acf_changed":false,"footnotes":""},"categories":[542],"tags":[54,195,562,637,645,672,687,696,756],"post-format":[2],"post-content":[3,67],"class_list":["post-4158","post","type-post","status-publish","format-standard","has-post-thumbnail","hentry","category-baudenkmal","tag-schule","tag-damm","tag-fabrik","tag-walmdach","tag-mansarddach","tag-landwirtschaft","tag-pavillon","tag-historismus","tag-antonius-von-puda","format-information","content-image","content-text","project-denkmaltopographie"],"acf":[],"yoast_head":"<!-- This site is optimized with the Yoast SEO plugin v27.4 - https:\/\/yoast.com\/product\/yoast-seo-wordpress\/ -->\n<title>Antoniusstra\u00dfe - Aschaffenburg<\/title>\n<meta name=\"robots\" content=\"index, follow, max-snippet:-1, max-image-preview:large, max-video-preview:-1\" \/>\n<link rel=\"canonical\" href=\"https:\/\/aschaffenburgzweinull.stadtarchiv-digital.de\/antoniusstrasse\/\" \/>\n<meta property=\"og:locale\" content=\"de_DE\" \/>\n<meta property=\"og:type\" content=\"article\" \/>\n<meta property=\"og:title\" content=\"Antoniusstra\u00dfe - Aschaffenburg\" \/>\n<meta property=\"og:description\" content=\"Die Antoniusstra\u00dfe verl\u00e4uft in nords\u00fcdlicher Richtung zwischen Schneidm\u00fchlweg und Paulusstra\u00dfe. Sie wurde zu Beginn des 20. Jh. angelegt. Zuvor waren hier nur Felder und unbefestigte Fahrwege. Die Bebauung der Stra\u00dfe [&hellip;]\" \/>\n<meta property=\"og:url\" content=\"https:\/\/aschaffenburgzweinull.stadtarchiv-digital.de\/antoniusstrasse\/\" \/>\n<meta property=\"og:site_name\" content=\"Aschaffenburg\" \/>\n<meta property=\"article:published_time\" content=\"2022-03-28T08:27:09+00:00\" \/>\n<meta property=\"article:modified_time\" content=\"2022-06-02T10:57:56+00:00\" \/>\n<meta property=\"og:image\" content=\"https:\/\/aschaffenburgzweinull.stadtarchiv-digital.de\/wp-content\/uploads\/2022\/03\/Antoniusstrasse_1-scaled.jpg\" \/>\n\t<meta property=\"og:image:width\" content=\"2560\" \/>\n\t<meta property=\"og:image:height\" content=\"1920\" \/>\n\t<meta property=\"og:image:type\" content=\"image\/jpeg\" \/>\n<meta name=\"author\" content=\"Aschaffenburg_2.0\" \/>\n<meta name=\"twitter:card\" content=\"summary_large_image\" \/>\n<meta name=\"twitter:label1\" content=\"Verfasst von\" \/>\n\t<meta name=\"twitter:data1\" content=\"Aschaffenburg_2.0\" \/>\n\t<meta name=\"twitter:label2\" content=\"Gesch\u00e4tzte Lesezeit\" \/>\n\t<meta name=\"twitter:data2\" content=\"2\u00a0Minuten\" \/>\n<script type=\"application\/ld+json\" class=\"yoast-schema-graph\">{\"@context\":\"https:\\\/\\\/schema.org\",\"@graph\":[{\"@type\":\"Article\",\"@id\":\"https:\\\/\\\/aschaffenburgzweinull.stadtarchiv-digital.de\\\/antoniusstrasse\\\/#article\",\"isPartOf\":{\"@id\":\"https:\\\/\\\/aschaffenburgzweinull.stadtarchiv-digital.de\\\/antoniusstrasse\\\/\"},\"author\":{\"name\":\"Aschaffenburg_2.0\",\"@id\":\"https:\\\/\\\/aschaffenburgzweinull.stadtarchiv-digital.de\\\/#\\\/schema\\\/person\\\/6620dad05f894110a34e3afd3c3cf3ff\"},\"headline\":\"Antoniusstra\u00dfe\",\"datePublished\":\"2022-03-28T08:27:09+00:00\",\"dateModified\":\"2022-06-02T10:57:56+00:00\",\"mainEntityOfPage\":{\"@id\":\"https:\\\/\\\/aschaffenburgzweinull.stadtarchiv-digital.de\\\/antoniusstrasse\\\/\"},\"wordCount\":363,\"commentCount\":0,\"image\":{\"@id\":\"https:\\\/\\\/aschaffenburgzweinull.stadtarchiv-digital.de\\\/antoniusstrasse\\\/#primaryimage\"},\"thumbnailUrl\":\"https:\\\/\\\/aschaffenburgzweinull.stadtarchiv-digital.de\\\/wp-content\\\/uploads\\\/2022\\\/03\\\/Antoniusstrasse_1-scaled.jpg\",\"keywords\":[\"Schule\",\"Damm\",\"Fabrik\",\"Walmdach\",\"Mansarddach\",\"Landwirtschaft\",\"Pavillon\",\"Historismus\",\"Antonius von Puda\"],\"articleSection\":[\"Baudenkmal\"],\"inLanguage\":\"de\",\"potentialAction\":[{\"@type\":\"CommentAction\",\"name\":\"Comment\",\"target\":[\"https:\\\/\\\/aschaffenburgzweinull.stadtarchiv-digital.de\\\/antoniusstrasse\\\/#respond\"]}]},{\"@type\":\"WebPage\",\"@id\":\"https:\\\/\\\/aschaffenburgzweinull.stadtarchiv-digital.de\\\/antoniusstrasse\\\/\",\"url\":\"https:\\\/\\\/aschaffenburgzweinull.stadtarchiv-digital.de\\\/antoniusstrasse\\\/\",\"name\":\"Antoniusstra\u00dfe - Aschaffenburg\",\"isPartOf\":{\"@id\":\"https:\\\/\\\/aschaffenburgzweinull.stadtarchiv-digital.de\\\/#website\"},\"primaryImageOfPage\":{\"@id\":\"https:\\\/\\\/aschaffenburgzweinull.stadtarchiv-digital.de\\\/antoniusstrasse\\\/#primaryimage\"},\"image\":{\"@id\":\"https:\\\/\\\/aschaffenburgzweinull.stadtarchiv-digital.de\\\/antoniusstrasse\\\/#primaryimage\"},\"thumbnailUrl\":\"https:\\\/\\\/aschaffenburgzweinull.stadtarchiv-digital.de\\\/wp-content\\\/uploads\\\/2022\\\/03\\\/Antoniusstrasse_1-scaled.jpg\",\"datePublished\":\"2022-03-28T08:27:09+00:00\",\"dateModified\":\"2022-06-02T10:57:56+00:00\",\"author\":{\"@id\":\"https:\\\/\\\/aschaffenburgzweinull.stadtarchiv-digital.de\\\/#\\\/schema\\\/person\\\/6620dad05f894110a34e3afd3c3cf3ff\"},\"breadcrumb\":{\"@id\":\"https:\\\/\\\/aschaffenburgzweinull.stadtarchiv-digital.de\\\/antoniusstrasse\\\/#breadcrumb\"},\"inLanguage\":\"de\",\"potentialAction\":[{\"@type\":\"ReadAction\",\"target\":[\"https:\\\/\\\/aschaffenburgzweinull.stadtarchiv-digital.de\\\/antoniusstrasse\\\/\"]}]},{\"@type\":\"ImageObject\",\"inLanguage\":\"de\",\"@id\":\"https:\\\/\\\/aschaffenburgzweinull.stadtarchiv-digital.de\\\/antoniusstrasse\\\/#primaryimage\",\"url\":\"https:\\\/\\\/aschaffenburgzweinull.stadtarchiv-digital.de\\\/wp-content\\\/uploads\\\/2022\\\/03\\\/Antoniusstrasse_1-scaled.jpg\",\"contentUrl\":\"https:\\\/\\\/aschaffenburgzweinull.stadtarchiv-digital.de\\\/wp-content\\\/uploads\\\/2022\\\/03\\\/Antoniusstrasse_1-scaled.jpg\",\"width\":2560,\"height\":1920},{\"@type\":\"BreadcrumbList\",\"@id\":\"https:\\\/\\\/aschaffenburgzweinull.stadtarchiv-digital.de\\\/antoniusstrasse\\\/#breadcrumb\",\"itemListElement\":[{\"@type\":\"ListItem\",\"position\":1,\"name\":\"Startseite\",\"item\":\"https:\\\/\\\/aschaffenburgzweinull.stadtarchiv-digital.de\\\/\"},{\"@type\":\"ListItem\",\"position\":2,\"name\":\"Antoniusstra\u00dfe\"}]},{\"@type\":\"WebSite\",\"@id\":\"https:\\\/\\\/aschaffenburgzweinull.stadtarchiv-digital.de\\\/#website\",\"url\":\"https:\\\/\\\/aschaffenburgzweinull.stadtarchiv-digital.de\\\/\",\"name\":\"Aschaffenburg\",\"description\":\"2.0\",\"potentialAction\":[{\"@type\":\"SearchAction\",\"target\":{\"@type\":\"EntryPoint\",\"urlTemplate\":\"https:\\\/\\\/aschaffenburgzweinull.stadtarchiv-digital.de\\\/?s={search_term_string}\"},\"query-input\":{\"@type\":\"PropertyValueSpecification\",\"valueRequired\":true,\"valueName\":\"search_term_string\"}}],\"inLanguage\":\"de\"},{\"@type\":\"Person\",\"@id\":\"https:\\\/\\\/aschaffenburgzweinull.stadtarchiv-digital.de\\\/#\\\/schema\\\/person\\\/6620dad05f894110a34e3afd3c3cf3ff\",\"name\":\"Aschaffenburg_2.0\",\"url\":\"https:\\\/\\\/aschaffenburgzweinull.stadtarchiv-digital.de\\\/author\\\/aschaffenburg_2-0\\\/\"}]}<\/script>\n<!-- \/ Yoast SEO plugin. -->","yoast_head_json":{"title":"Antoniusstra\u00dfe - Aschaffenburg","robots":{"index":"index","follow":"follow","max-snippet":"max-snippet:-1","max-image-preview":"max-image-preview:large","max-video-preview":"max-video-preview:-1"},"canonical":"https:\/\/aschaffenburgzweinull.stadtarchiv-digital.de\/antoniusstrasse\/","og_locale":"de_DE","og_type":"article","og_title":"Antoniusstra\u00dfe - Aschaffenburg","og_description":"Die Antoniusstra\u00dfe verl\u00e4uft in nords\u00fcdlicher Richtung zwischen Schneidm\u00fchlweg und Paulusstra\u00dfe. Sie wurde zu Beginn des 20. Jh. angelegt. Zuvor waren hier nur Felder und unbefestigte Fahrwege. Die Bebauung der Stra\u00dfe [&hellip;]","og_url":"https:\/\/aschaffenburgzweinull.stadtarchiv-digital.de\/antoniusstrasse\/","og_site_name":"Aschaffenburg","article_published_time":"2022-03-28T08:27:09+00:00","article_modified_time":"2022-06-02T10:57:56+00:00","og_image":[{"width":2560,"height":1920,"url":"https:\/\/aschaffenburgzweinull.stadtarchiv-digital.de\/wp-content\/uploads\/2022\/03\/Antoniusstrasse_1-scaled.jpg","type":"image\/jpeg"}],"author":"Aschaffenburg_2.0","twitter_card":"summary_large_image","twitter_misc":{"Verfasst von":"Aschaffenburg_2.0","Gesch\u00e4tzte Lesezeit":"2\u00a0Minuten"},"schema":{"@context":"https:\/\/schema.org","@graph":[{"@type":"Article","@id":"https:\/\/aschaffenburgzweinull.stadtarchiv-digital.de\/antoniusstrasse\/#article","isPartOf":{"@id":"https:\/\/aschaffenburgzweinull.stadtarchiv-digital.de\/antoniusstrasse\/"},"author":{"name":"Aschaffenburg_2.0","@id":"https:\/\/aschaffenburgzweinull.stadtarchiv-digital.de\/#\/schema\/person\/6620dad05f894110a34e3afd3c3cf3ff"},"headline":"Antoniusstra\u00dfe","datePublished":"2022-03-28T08:27:09+00:00","dateModified":"2022-06-02T10:57:56+00:00","mainEntityOfPage":{"@id":"https:\/\/aschaffenburgzweinull.stadtarchiv-digital.de\/antoniusstrasse\/"},"wordCount":363,"commentCount":0,"image":{"@id":"https:\/\/aschaffenburgzweinull.stadtarchiv-digital.de\/antoniusstrasse\/#primaryimage"},"thumbnailUrl":"https:\/\/aschaffenburgzweinull.stadtarchiv-digital.de\/wp-content\/uploads\/2022\/03\/Antoniusstrasse_1-scaled.jpg","keywords":["Schule","Damm","Fabrik","Walmdach","Mansarddach","Landwirtschaft","Pavillon","Historismus","Antonius von Puda"],"articleSection":["Baudenkmal"],"inLanguage":"de","potentialAction":[{"@type":"CommentAction","name":"Comment","target":["https:\/\/aschaffenburgzweinull.stadtarchiv-digital.de\/antoniusstrasse\/#respond"]}]},{"@type":"WebPage","@id":"https:\/\/aschaffenburgzweinull.stadtarchiv-digital.de\/antoniusstrasse\/","url":"https:\/\/aschaffenburgzweinull.stadtarchiv-digital.de\/antoniusstrasse\/","name":"Antoniusstra\u00dfe - Aschaffenburg","isPartOf":{"@id":"https:\/\/aschaffenburgzweinull.stadtarchiv-digital.de\/#website"},"primaryImageOfPage":{"@id":"https:\/\/aschaffenburgzweinull.stadtarchiv-digital.de\/antoniusstrasse\/#primaryimage"},"image":{"@id":"https:\/\/aschaffenburgzweinull.stadtarchiv-digital.de\/antoniusstrasse\/#primaryimage"},"thumbnailUrl":"https:\/\/aschaffenburgzweinull.stadtarchiv-digital.de\/wp-content\/uploads\/2022\/03\/Antoniusstrasse_1-scaled.jpg","datePublished":"2022-03-28T08:27:09+00:00","dateModified":"2022-06-02T10:57:56+00:00","author":{"@id":"https:\/\/aschaffenburgzweinull.stadtarchiv-digital.de\/#\/schema\/person\/6620dad05f894110a34e3afd3c3cf3ff"},"breadcrumb":{"@id":"https:\/\/aschaffenburgzweinull.stadtarchiv-digital.de\/antoniusstrasse\/#breadcrumb"},"inLanguage":"de","potentialAction":[{"@type":"ReadAction","target":["https:\/\/aschaffenburgzweinull.stadtarchiv-digital.de\/antoniusstrasse\/"]}]},{"@type":"ImageObject","inLanguage":"de","@id":"https:\/\/aschaffenburgzweinull.stadtarchiv-digital.de\/antoniusstrasse\/#primaryimage","url":"https:\/\/aschaffenburgzweinull.stadtarchiv-digital.de\/wp-content\/uploads\/2022\/03\/Antoniusstrasse_1-scaled.jpg","contentUrl":"https:\/\/aschaffenburgzweinull.stadtarchiv-digital.de\/wp-content\/uploads\/2022\/03\/Antoniusstrasse_1-scaled.jpg","width":2560,"height":1920},{"@type":"BreadcrumbList","@id":"https:\/\/aschaffenburgzweinull.stadtarchiv-digital.de\/antoniusstrasse\/#breadcrumb","itemListElement":[{"@type":"ListItem","position":1,"name":"Startseite","item":"https:\/\/aschaffenburgzweinull.stadtarchiv-digital.de\/"},{"@type":"ListItem","position":2,"name":"Antoniusstra\u00dfe"}]},{"@type":"WebSite","@id":"https:\/\/aschaffenburgzweinull.stadtarchiv-digital.de\/#website","url":"https:\/\/aschaffenburgzweinull.stadtarchiv-digital.de\/","name":"Aschaffenburg","description":"2.0","potentialAction":[{"@type":"SearchAction","target":{"@type":"EntryPoint","urlTemplate":"https:\/\/aschaffenburgzweinull.stadtarchiv-digital.de\/?s={search_term_string}"},"query-input":{"@type":"PropertyValueSpecification","valueRequired":true,"valueName":"search_term_string"}}],"inLanguage":"de"},{"@type":"Person","@id":"https:\/\/aschaffenburgzweinull.stadtarchiv-digital.de\/#\/schema\/person\/6620dad05f894110a34e3afd3c3cf3ff","name":"Aschaffenburg_2.0","url":"https:\/\/aschaffenburgzweinull.stadtarchiv-digital.de\/author\/aschaffenburg_2-0\/"}]}},"_links":{"self":[{"href":"https:\/\/aschaffenburgzweinull.stadtarchiv-digital.de\/data\/wp\/v2\/posts\/4158","targetHints":{"allow":["GET"]}}],"collection":[{"href":"https:\/\/aschaffenburgzweinull.stadtarchiv-digital.de\/data\/wp\/v2\/posts"}],"about":[{"href":"https:\/\/aschaffenburgzweinull.stadtarchiv-digital.de\/data\/wp\/v2\/types\/post"}],"author":[{"embeddable":true,"href":"https:\/\/aschaffenburgzweinull.stadtarchiv-digital.de\/data\/wp\/v2\/users\/3"}],"replies":[{"embeddable":true,"href":"https:\/\/aschaffenburgzweinull.stadtarchiv-digital.de\/data\/wp\/v2\/comments?post=4158"}],"version-history":[{"count":2,"href":"https:\/\/aschaffenburgzweinull.stadtarchiv-digital.de\/data\/wp\/v2\/posts\/4158\/revisions"}],"predecessor-version":[{"id":5100,"href":"https:\/\/aschaffenburgzweinull.stadtarchiv-digital.de\/data\/wp\/v2\/posts\/4158\/revisions\/5100"}],"wp:featuredmedia":[{"embeddable":true,"href":"https:\/\/aschaffenburgzweinull.stadtarchiv-digital.de\/data\/wp\/v2\/media\/5408"}],"wp:attachment":[{"href":"https:\/\/aschaffenburgzweinull.stadtarchiv-digital.de\/data\/wp\/v2\/media?parent=4158"}],"wp:term":[{"taxonomy":"category","embeddable":true,"href":"https:\/\/aschaffenburgzweinull.stadtarchiv-digital.de\/data\/wp\/v2\/categories?post=4158"},{"taxonomy":"post_tag","embeddable":true,"href":"https:\/\/aschaffenburgzweinull.stadtarchiv-digital.de\/data\/wp\/v2\/tags?post=4158"},{"taxonomy":"format","embeddable":true,"href":"https:\/\/aschaffenburgzweinull.stadtarchiv-digital.de\/data\/wp\/v2\/post-format?post=4158"},{"taxonomy":"content","embeddable":true,"href":"https:\/\/aschaffenburgzweinull.stadtarchiv-digital.de\/data\/wp\/v2\/post-content?post=4158"}],"curies":[{"name":"wp","href":"https:\/\/api.w.org\/{rel}","templated":true}]}}