{"id":4046,"date":"2022-03-28T10:32:25","date_gmt":"2022-03-28T08:32:25","guid":{"rendered":"https:\/\/aschaffenburgzweinull.stadtarchiv-digital.de\/?p=4046"},"modified":"2022-03-29T08:36:10","modified_gmt":"2022-03-29T06:36:10","slug":"wilhelminenstrasse-2","status":"publish","type":"post","link":"https:\/\/aschaffenburgzweinull.stadtarchiv-digital.de\/wilhelminenstrasse-2\/","title":{"rendered":"Wilhelminenstra\u00dfe"},"content":{"rendered":"<p><strong>Wilhelminenstra\u00dfe 3<\/strong><\/p>\n<p>Im Juni 1921 plante Otto Leitolf, Direktor der Aschaffenburger Meisterschule f\u00fcr Bauhandwerk, f\u00fcr die \u201eKleinwohnungsbaugenossenschaft m.b.H. Aschaffenburg\u201c eine H\u00e4usergruppe mit Laden in der sog. Obernauer Kolonie (s. Legatplatz). Die H\u00e4user <a href=\"https:\/\/aschaffenburgzweinull.stadtarchiv-digital.de\/wilhelminenstrasse\/\">Wilhelminenstra\u00dfe<\/a> 1 und 3 wurden als zweigeschossige Satteldachbauten, die durch einen Zwischenbau miteinander verbunden sind, errichtet. Der Verbindungsbau diente als B\u00e4ckerladen. Haus Nr. 3 hat einen eingeschossigen Halbwalmdachvorbau, in dem ein Kolonialwarenladen eingerichtet war. Somit bildete die mit den Giebeln zu dem kleinen Platz gerichtete, mehrgliedrige H\u00e4usergruppe einen zentralen Gemeinschaftspunkt in der Gartenvorstadt, die \u2013 ganz im Sinne der deutschen Gartenstadtbewegung \u2013 in erster Linie ein Leben im Gr\u00fcnen mit m\u00f6glicher Selbstversorgung bedeutete und keine Einkaufs- oder Arbeitsm\u00f6glichkeiten bot. Die kleine Versorgungsstelle diente nur dem t\u00e4glichen Bedarf. Haus Nr. 1 wurde im Laufe der Zeit mehrfach erweitert und umgebaut. Bereits 1927 wurde eine Gastwirtschaft angebaut, 1935 erfolgte der Anbau einer Backstube. Da das Geb\u00e4ude im M\u00e4rz 1945 durch Artillerie Sch\u00e4den erlitt, musste die B\u00e4ckerei 1946 instand gesetzt werden, wobei man gleichzeitig weitere Umbauten durchf\u00fchrte. Haus Nr. 3 hingegen zeigt sich weitgehend in bauzeitlichem Zustand als kleines Einfamilienhaus mit einstiger Stallung f\u00fcr Kleintierhaltung und einem Garten zur Versorgung einer Familie. Der Laden wird heute nicht mehr betrieben. Dar\u00fcber befand sich ein als \u201eausbauf\u00e4higer Speicher\u201c bezeichneter Dachraum. Im zweigeschossigen Wohnhaus lagen im Erdgeschoss eine Wasch- und eine Wohnk\u00fcche, im Obergeschoss die Schlafr\u00e4ume. Die Fassade des massiven Geb\u00e4udes ist wei\u00df get\u00fcncht. Die Fenster sind mit Sandsteingew\u00e4nden gerahmt und mit Fensterl\u00e4den verschlie\u00dfbar.<\/p>\n<p>Quelle:<\/p>\n<p>Ina Gutzeit\/Hauke Kenzler: Kreisfreie Stadt Aschaffenburg. Ensembles, Baudenkm\u00e4ler, Bodendenkm\u00e4ler (Denkm\u00e4ler in Bayern. VI. Unterfranken, 71), M\u00fcnchen 2015, S. 195.<\/p>\n<p>&nbsp;<\/p>\n","protected":false},"excerpt":{"rendered":"<p>Wilhelminenstra\u00dfe 3 Im Juni 1921 plante Otto Leitolf, Direktor der Aschaffenburger Meisterschule f\u00fcr Bauhandwerk, f\u00fcr die \u201eKleinwohnungsbaugenossenschaft m.b.H. Aschaffenburg\u201c eine H\u00e4usergruppe mit Laden in der sog. Obernauer Kolonie (s. Legatplatz). [&hellip;]<\/p>\n","protected":false},"author":3,"featured_media":0,"comment_status":"open","ping_status":"open","sticky":false,"template":"","format":"standard","meta":{"_acf_changed":false,"footnotes":""},"categories":[542],"tags":[54,185,637,652,653],"post-format":[2],"post-content":[67],"class_list":["post-4046","post","type-post","status-publish","format-standard","hentry","category-baudenkmal","tag-schule","tag-gasthaus","tag-walmdach","tag-handwerk","tag-kolonialwaren","format-information","content-text","project-denkmaltopographie"],"acf":[],"yoast_head":"<!-- This site is optimized with the Yoast SEO plugin v27.4 - https:\/\/yoast.com\/product\/yoast-seo-wordpress\/ -->\n<title>Wilhelminenstra\u00dfe - Aschaffenburg<\/title>\n<meta name=\"robots\" content=\"index, follow, max-snippet:-1, max-image-preview:large, max-video-preview:-1\" \/>\n<link rel=\"canonical\" href=\"https:\/\/aschaffenburgzweinull.stadtarchiv-digital.de\/wilhelminenstrasse-2\/\" \/>\n<meta property=\"og:locale\" content=\"de_DE\" \/>\n<meta property=\"og:type\" content=\"article\" \/>\n<meta property=\"og:title\" content=\"Wilhelminenstra\u00dfe - Aschaffenburg\" \/>\n<meta property=\"og:description\" content=\"Wilhelminenstra\u00dfe 3 Im Juni 1921 plante Otto Leitolf, Direktor der Aschaffenburger Meisterschule f\u00fcr Bauhandwerk, f\u00fcr die \u201eKleinwohnungsbaugenossenschaft m.b.H. Aschaffenburg\u201c eine H\u00e4usergruppe mit Laden in der sog. Obernauer Kolonie (s. Legatplatz). [&hellip;]\" \/>\n<meta property=\"og:url\" content=\"https:\/\/aschaffenburgzweinull.stadtarchiv-digital.de\/wilhelminenstrasse-2\/\" \/>\n<meta property=\"og:site_name\" content=\"Aschaffenburg\" \/>\n<meta property=\"article:published_time\" content=\"2022-03-28T08:32:25+00:00\" \/>\n<meta property=\"article:modified_time\" content=\"2022-03-29T06:36:10+00:00\" \/>\n<meta property=\"og:image\" content=\"https:\/\/aschaffenburgzweinull.stadtarchiv-digital.de\/wp-content\/uploads\/2020\/07\/Logo-Stadtarchiv-Aschaffenburg.png\" \/>\n\t<meta property=\"og:image:width\" content=\"379\" \/>\n\t<meta property=\"og:image:height\" content=\"70\" \/>\n\t<meta property=\"og:image:type\" content=\"image\/png\" \/>\n<meta name=\"author\" content=\"Aschaffenburg_2.0\" \/>\n<meta name=\"twitter:card\" content=\"summary_large_image\" \/>\n<meta name=\"twitter:label1\" content=\"Verfasst von\" \/>\n\t<meta name=\"twitter:data1\" content=\"Aschaffenburg_2.0\" \/>\n\t<meta name=\"twitter:label2\" content=\"Gesch\u00e4tzte Lesezeit\" \/>\n\t<meta name=\"twitter:data2\" content=\"2\u00a0Minuten\" \/>\n<script type=\"application\/ld+json\" class=\"yoast-schema-graph\">{\"@context\":\"https:\\\/\\\/schema.org\",\"@graph\":[{\"@type\":\"Article\",\"@id\":\"https:\\\/\\\/aschaffenburgzweinull.stadtarchiv-digital.de\\\/wilhelminenstrasse-2\\\/#article\",\"isPartOf\":{\"@id\":\"https:\\\/\\\/aschaffenburgzweinull.stadtarchiv-digital.de\\\/wilhelminenstrasse-2\\\/\"},\"author\":{\"name\":\"Aschaffenburg_2.0\",\"@id\":\"https:\\\/\\\/aschaffenburgzweinull.stadtarchiv-digital.de\\\/#\\\/schema\\\/person\\\/6620dad05f894110a34e3afd3c3cf3ff\"},\"headline\":\"Wilhelminenstra\u00dfe\",\"datePublished\":\"2022-03-28T08:32:25+00:00\",\"dateModified\":\"2022-03-29T06:36:10+00:00\",\"mainEntityOfPage\":{\"@id\":\"https:\\\/\\\/aschaffenburgzweinull.stadtarchiv-digital.de\\\/wilhelminenstrasse-2\\\/\"},\"wordCount\":281,\"commentCount\":0,\"keywords\":[\"Schule\",\"Gasthaus\",\"Walmdach\",\"Handwerk\",\"Kolonialwaren\"],\"articleSection\":[\"Baudenkmal\"],\"inLanguage\":\"de\",\"potentialAction\":[{\"@type\":\"CommentAction\",\"name\":\"Comment\",\"target\":[\"https:\\\/\\\/aschaffenburgzweinull.stadtarchiv-digital.de\\\/wilhelminenstrasse-2\\\/#respond\"]}]},{\"@type\":\"WebPage\",\"@id\":\"https:\\\/\\\/aschaffenburgzweinull.stadtarchiv-digital.de\\\/wilhelminenstrasse-2\\\/\",\"url\":\"https:\\\/\\\/aschaffenburgzweinull.stadtarchiv-digital.de\\\/wilhelminenstrasse-2\\\/\",\"name\":\"Wilhelminenstra\u00dfe - Aschaffenburg\",\"isPartOf\":{\"@id\":\"https:\\\/\\\/aschaffenburgzweinull.stadtarchiv-digital.de\\\/#website\"},\"datePublished\":\"2022-03-28T08:32:25+00:00\",\"dateModified\":\"2022-03-29T06:36:10+00:00\",\"author\":{\"@id\":\"https:\\\/\\\/aschaffenburgzweinull.stadtarchiv-digital.de\\\/#\\\/schema\\\/person\\\/6620dad05f894110a34e3afd3c3cf3ff\"},\"breadcrumb\":{\"@id\":\"https:\\\/\\\/aschaffenburgzweinull.stadtarchiv-digital.de\\\/wilhelminenstrasse-2\\\/#breadcrumb\"},\"inLanguage\":\"de\",\"potentialAction\":[{\"@type\":\"ReadAction\",\"target\":[\"https:\\\/\\\/aschaffenburgzweinull.stadtarchiv-digital.de\\\/wilhelminenstrasse-2\\\/\"]}]},{\"@type\":\"BreadcrumbList\",\"@id\":\"https:\\\/\\\/aschaffenburgzweinull.stadtarchiv-digital.de\\\/wilhelminenstrasse-2\\\/#breadcrumb\",\"itemListElement\":[{\"@type\":\"ListItem\",\"position\":1,\"name\":\"Startseite\",\"item\":\"https:\\\/\\\/aschaffenburgzweinull.stadtarchiv-digital.de\\\/\"},{\"@type\":\"ListItem\",\"position\":2,\"name\":\"Wilhelminenstra\u00dfe\"}]},{\"@type\":\"WebSite\",\"@id\":\"https:\\\/\\\/aschaffenburgzweinull.stadtarchiv-digital.de\\\/#website\",\"url\":\"https:\\\/\\\/aschaffenburgzweinull.stadtarchiv-digital.de\\\/\",\"name\":\"Aschaffenburg\",\"description\":\"2.0\",\"potentialAction\":[{\"@type\":\"SearchAction\",\"target\":{\"@type\":\"EntryPoint\",\"urlTemplate\":\"https:\\\/\\\/aschaffenburgzweinull.stadtarchiv-digital.de\\\/?s={search_term_string}\"},\"query-input\":{\"@type\":\"PropertyValueSpecification\",\"valueRequired\":true,\"valueName\":\"search_term_string\"}}],\"inLanguage\":\"de\"},{\"@type\":\"Person\",\"@id\":\"https:\\\/\\\/aschaffenburgzweinull.stadtarchiv-digital.de\\\/#\\\/schema\\\/person\\\/6620dad05f894110a34e3afd3c3cf3ff\",\"name\":\"Aschaffenburg_2.0\",\"url\":\"https:\\\/\\\/aschaffenburgzweinull.stadtarchiv-digital.de\\\/author\\\/aschaffenburg_2-0\\\/\"}]}<\/script>\n<!-- \/ Yoast SEO plugin. -->","yoast_head_json":{"title":"Wilhelminenstra\u00dfe - Aschaffenburg","robots":{"index":"index","follow":"follow","max-snippet":"max-snippet:-1","max-image-preview":"max-image-preview:large","max-video-preview":"max-video-preview:-1"},"canonical":"https:\/\/aschaffenburgzweinull.stadtarchiv-digital.de\/wilhelminenstrasse-2\/","og_locale":"de_DE","og_type":"article","og_title":"Wilhelminenstra\u00dfe - Aschaffenburg","og_description":"Wilhelminenstra\u00dfe 3 Im Juni 1921 plante Otto Leitolf, Direktor der Aschaffenburger Meisterschule f\u00fcr Bauhandwerk, f\u00fcr die \u201eKleinwohnungsbaugenossenschaft m.b.H. Aschaffenburg\u201c eine H\u00e4usergruppe mit Laden in der sog. Obernauer Kolonie (s. Legatplatz). [&hellip;]","og_url":"https:\/\/aschaffenburgzweinull.stadtarchiv-digital.de\/wilhelminenstrasse-2\/","og_site_name":"Aschaffenburg","article_published_time":"2022-03-28T08:32:25+00:00","article_modified_time":"2022-03-29T06:36:10+00:00","og_image":[{"width":379,"height":70,"url":"https:\/\/aschaffenburgzweinull.stadtarchiv-digital.de\/wp-content\/uploads\/2020\/07\/Logo-Stadtarchiv-Aschaffenburg.png","type":"image\/png"}],"author":"Aschaffenburg_2.0","twitter_card":"summary_large_image","twitter_misc":{"Verfasst von":"Aschaffenburg_2.0","Gesch\u00e4tzte Lesezeit":"2\u00a0Minuten"},"schema":{"@context":"https:\/\/schema.org","@graph":[{"@type":"Article","@id":"https:\/\/aschaffenburgzweinull.stadtarchiv-digital.de\/wilhelminenstrasse-2\/#article","isPartOf":{"@id":"https:\/\/aschaffenburgzweinull.stadtarchiv-digital.de\/wilhelminenstrasse-2\/"},"author":{"name":"Aschaffenburg_2.0","@id":"https:\/\/aschaffenburgzweinull.stadtarchiv-digital.de\/#\/schema\/person\/6620dad05f894110a34e3afd3c3cf3ff"},"headline":"Wilhelminenstra\u00dfe","datePublished":"2022-03-28T08:32:25+00:00","dateModified":"2022-03-29T06:36:10+00:00","mainEntityOfPage":{"@id":"https:\/\/aschaffenburgzweinull.stadtarchiv-digital.de\/wilhelminenstrasse-2\/"},"wordCount":281,"commentCount":0,"keywords":["Schule","Gasthaus","Walmdach","Handwerk","Kolonialwaren"],"articleSection":["Baudenkmal"],"inLanguage":"de","potentialAction":[{"@type":"CommentAction","name":"Comment","target":["https:\/\/aschaffenburgzweinull.stadtarchiv-digital.de\/wilhelminenstrasse-2\/#respond"]}]},{"@type":"WebPage","@id":"https:\/\/aschaffenburgzweinull.stadtarchiv-digital.de\/wilhelminenstrasse-2\/","url":"https:\/\/aschaffenburgzweinull.stadtarchiv-digital.de\/wilhelminenstrasse-2\/","name":"Wilhelminenstra\u00dfe - Aschaffenburg","isPartOf":{"@id":"https:\/\/aschaffenburgzweinull.stadtarchiv-digital.de\/#website"},"datePublished":"2022-03-28T08:32:25+00:00","dateModified":"2022-03-29T06:36:10+00:00","author":{"@id":"https:\/\/aschaffenburgzweinull.stadtarchiv-digital.de\/#\/schema\/person\/6620dad05f894110a34e3afd3c3cf3ff"},"breadcrumb":{"@id":"https:\/\/aschaffenburgzweinull.stadtarchiv-digital.de\/wilhelminenstrasse-2\/#breadcrumb"},"inLanguage":"de","potentialAction":[{"@type":"ReadAction","target":["https:\/\/aschaffenburgzweinull.stadtarchiv-digital.de\/wilhelminenstrasse-2\/"]}]},{"@type":"BreadcrumbList","@id":"https:\/\/aschaffenburgzweinull.stadtarchiv-digital.de\/wilhelminenstrasse-2\/#breadcrumb","itemListElement":[{"@type":"ListItem","position":1,"name":"Startseite","item":"https:\/\/aschaffenburgzweinull.stadtarchiv-digital.de\/"},{"@type":"ListItem","position":2,"name":"Wilhelminenstra\u00dfe"}]},{"@type":"WebSite","@id":"https:\/\/aschaffenburgzweinull.stadtarchiv-digital.de\/#website","url":"https:\/\/aschaffenburgzweinull.stadtarchiv-digital.de\/","name":"Aschaffenburg","description":"2.0","potentialAction":[{"@type":"SearchAction","target":{"@type":"EntryPoint","urlTemplate":"https:\/\/aschaffenburgzweinull.stadtarchiv-digital.de\/?s={search_term_string}"},"query-input":{"@type":"PropertyValueSpecification","valueRequired":true,"valueName":"search_term_string"}}],"inLanguage":"de"},{"@type":"Person","@id":"https:\/\/aschaffenburgzweinull.stadtarchiv-digital.de\/#\/schema\/person\/6620dad05f894110a34e3afd3c3cf3ff","name":"Aschaffenburg_2.0","url":"https:\/\/aschaffenburgzweinull.stadtarchiv-digital.de\/author\/aschaffenburg_2-0\/"}]}},"_links":{"self":[{"href":"https:\/\/aschaffenburgzweinull.stadtarchiv-digital.de\/data\/wp\/v2\/posts\/4046","targetHints":{"allow":["GET"]}}],"collection":[{"href":"https:\/\/aschaffenburgzweinull.stadtarchiv-digital.de\/data\/wp\/v2\/posts"}],"about":[{"href":"https:\/\/aschaffenburgzweinull.stadtarchiv-digital.de\/data\/wp\/v2\/types\/post"}],"author":[{"embeddable":true,"href":"https:\/\/aschaffenburgzweinull.stadtarchiv-digital.de\/data\/wp\/v2\/users\/3"}],"replies":[{"embeddable":true,"href":"https:\/\/aschaffenburgzweinull.stadtarchiv-digital.de\/data\/wp\/v2\/comments?post=4046"}],"version-history":[{"count":3,"href":"https:\/\/aschaffenburgzweinull.stadtarchiv-digital.de\/data\/wp\/v2\/posts\/4046\/revisions"}],"predecessor-version":[{"id":5215,"href":"https:\/\/aschaffenburgzweinull.stadtarchiv-digital.de\/data\/wp\/v2\/posts\/4046\/revisions\/5215"}],"wp:attachment":[{"href":"https:\/\/aschaffenburgzweinull.stadtarchiv-digital.de\/data\/wp\/v2\/media?parent=4046"}],"wp:term":[{"taxonomy":"category","embeddable":true,"href":"https:\/\/aschaffenburgzweinull.stadtarchiv-digital.de\/data\/wp\/v2\/categories?post=4046"},{"taxonomy":"post_tag","embeddable":true,"href":"https:\/\/aschaffenburgzweinull.stadtarchiv-digital.de\/data\/wp\/v2\/tags?post=4046"},{"taxonomy":"format","embeddable":true,"href":"https:\/\/aschaffenburgzweinull.stadtarchiv-digital.de\/data\/wp\/v2\/post-format?post=4046"},{"taxonomy":"content","embeddable":true,"href":"https:\/\/aschaffenburgzweinull.stadtarchiv-digital.de\/data\/wp\/v2\/post-content?post=4046"}],"curies":[{"name":"wp","href":"https:\/\/api.w.org\/{rel}","templated":true}]}}