{"id":4032,"date":"2022-03-28T10:44:28","date_gmt":"2022-03-28T08:44:28","guid":{"rendered":"https:\/\/aschaffenburgzweinull.stadtarchiv-digital.de\/?p=4032"},"modified":"2022-03-28T10:44:28","modified_gmt":"2022-03-28T08:44:28","slug":"suicardusstrasse","status":"publish","type":"post","link":"https:\/\/aschaffenburgzweinull.stadtarchiv-digital.de\/suicardusstrasse\/","title":{"rendered":"Suicardusstra\u00dfe"},"content":{"rendered":"<p>Sie seit 1871 zu Ehren des Erzbischofes und Kurf\u00fcrsten von Mainz Johann Schweikard (lat. Suicardus) von Kronberg bezeichnete Suicardusstra\u00dfe verl\u00e4uft unterhalb der Oberstadt entlang des Mains zwischen Theoderichstor und Dalbergstra\u00dfe. Bevor diese schmale Stra\u00dfe den Namen des Erbauers von Schloss Johannisburg erhielt, wurde sie schlicht \u201eHofweg\u201c oder \u201eWeg zum Holzabladeplatz\u201c genannt.<\/p>\n<p><strong>N\u00e4he Suicardusstra\u00dfe<\/strong><\/p>\n<p>Der Portalbau an der Suicardusstra\u00dfe geh\u00f6rt zum Grundst\u00fcck Kleine Metzgergasse 5. Hier wurde 1764 durch Stadtschulthei\u00df Christoph Veit Molitor ein zweigeschossiger Walmdachbau errichtet. Das Anwesen ist sp\u00e4ter unter dem Namen \u201eBrentanohaus\u201c bekannt geworden, weil es zwischen 1849 und 1887 der Familie des bekannten Dichters geh\u00f6rte. Clemens Brentano verbrachte hier 1841 zwei Monate bei seinem Bruder und wurde im Juli des folgenden Jahres von ihm bis zu seinem Tod gepflegt. Das Wohnhaus wurde 1945 v\u00f6llig zerst\u00f6rt, sodass es sich bei dem heutigen Walmdachbau um einen Neubau handelt. Der an der Suicardusstra\u00dfe gelegene Portalbau entstand 1808, als das Grundst\u00fcck durch Verkauf an die Landesregierung des F\u00fcrstentums Aschaffenburg gelangte. Diese wollte einen Spazierweg, den sog. Hofweg zwischen Windfang und Schlo\u00dfplatz, anlegen. Das Eingangsbauwerk nach Pl\u00e4nen von Landbaumeister Wolfgang Streiter bildete den Anfangspunkt des vor der Stadtmauer entlangf\u00fchrenden Promenadenweges, der am \u201eKornh\u00e4uschen\u201c (Webergasse 5) endete. Der Bau ist durch drei halbrunde, sandsteingerahmte \u00d6ffnungen gegliedert. Die beiden \u00e4u\u00dferen sind als Blendnischen gestaltet, die mittlere dient als Treppenaufgang zum Promenadenweg. \u00dcber den drei B\u00f6gen verl\u00e4uft ein Gesims. Der Bau ist mit einem vorkragenden, mehrfach profilierten Kranzgesims gerade abgeschlossen. Die dar\u00fcber befindliche Terrasse ist mit einem Br\u00fcstungsgitter abgegrenzt, welches nach dem Krieg erneuert worden ist.<\/p>\n<p>Quelle:<\/p>\n<p>Ina Gutzeit\/Hauke Kenzler: Kreisfreie Stadt Aschaffenburg. Ensembles, Baudenkm\u00e4ler, Bodendenkm\u00e4ler (Denkm\u00e4ler in Bayern. VI. Unterfranken, 71), M\u00fcnchen 2015, S. 181.<\/p>\n","protected":false},"excerpt":{"rendered":"<p>Sie seit 1871 zu Ehren des Erzbischofes und Kurf\u00fcrsten von Mainz Johann Schweikard (lat. Suicardus) von Kronberg bezeichnete Suicardusstra\u00dfe verl\u00e4uft unterhalb der Oberstadt entlang des Mains zwischen Theoderichstor und Dalbergstra\u00dfe. [&hellip;]<\/p>\n","protected":false},"author":3,"featured_media":0,"comment_status":"open","ping_status":"open","sticky":false,"template":"","format":"standard","meta":{"_acf_changed":false,"footnotes":""},"categories":[542],"tags":[107,295,557,629,637,680,681],"post-format":[2],"post-content":[3,67],"class_list":["post-4032","post","type-post","status-publish","format-standard","hentry","category-baudenkmal","tag-schloss","tag-kurfuerst","tag-clemens-brentano","tag-johann-schweikard","tag-walmdach","tag-bischof","tag-johann-schweikard-von-kronberg","format-information","content-image","content-text","project-denkmaltopographie"],"acf":[],"yoast_head":"<!-- This site is optimized with the Yoast SEO plugin v27.4 - https:\/\/yoast.com\/product\/yoast-seo-wordpress\/ -->\n<title>Suicardusstra\u00dfe - Aschaffenburg<\/title>\n<meta name=\"robots\" content=\"index, follow, max-snippet:-1, max-image-preview:large, max-video-preview:-1\" \/>\n<link rel=\"canonical\" href=\"https:\/\/aschaffenburgzweinull.stadtarchiv-digital.de\/suicardusstrasse\/\" \/>\n<meta property=\"og:locale\" content=\"de_DE\" \/>\n<meta property=\"og:type\" content=\"article\" \/>\n<meta property=\"og:title\" content=\"Suicardusstra\u00dfe - Aschaffenburg\" \/>\n<meta property=\"og:description\" content=\"Sie seit 1871 zu Ehren des Erzbischofes und Kurf\u00fcrsten von Mainz Johann Schweikard (lat. Suicardus) von Kronberg bezeichnete Suicardusstra\u00dfe verl\u00e4uft unterhalb der Oberstadt entlang des Mains zwischen Theoderichstor und Dalbergstra\u00dfe. [&hellip;]\" \/>\n<meta property=\"og:url\" content=\"https:\/\/aschaffenburgzweinull.stadtarchiv-digital.de\/suicardusstrasse\/\" \/>\n<meta property=\"og:site_name\" content=\"Aschaffenburg\" \/>\n<meta property=\"article:published_time\" content=\"2022-03-28T08:44:28+00:00\" \/>\n<meta property=\"og:image\" content=\"https:\/\/aschaffenburgzweinull.stadtarchiv-digital.de\/wp-content\/uploads\/2020\/07\/Logo-Stadtarchiv-Aschaffenburg.png\" \/>\n\t<meta property=\"og:image:width\" content=\"379\" \/>\n\t<meta property=\"og:image:height\" content=\"70\" \/>\n\t<meta property=\"og:image:type\" content=\"image\/png\" \/>\n<meta name=\"author\" content=\"Aschaffenburg_2.0\" \/>\n<meta name=\"twitter:card\" content=\"summary_large_image\" \/>\n<meta name=\"twitter:label1\" content=\"Verfasst von\" \/>\n\t<meta name=\"twitter:data1\" content=\"Aschaffenburg_2.0\" \/>\n\t<meta name=\"twitter:label2\" content=\"Gesch\u00e4tzte Lesezeit\" \/>\n\t<meta name=\"twitter:data2\" content=\"2\u00a0Minuten\" \/>\n<script type=\"application\/ld+json\" class=\"yoast-schema-graph\">{\"@context\":\"https:\\\/\\\/schema.org\",\"@graph\":[{\"@type\":\"Article\",\"@id\":\"https:\\\/\\\/aschaffenburgzweinull.stadtarchiv-digital.de\\\/suicardusstrasse\\\/#article\",\"isPartOf\":{\"@id\":\"https:\\\/\\\/aschaffenburgzweinull.stadtarchiv-digital.de\\\/suicardusstrasse\\\/\"},\"author\":{\"name\":\"Aschaffenburg_2.0\",\"@id\":\"https:\\\/\\\/aschaffenburgzweinull.stadtarchiv-digital.de\\\/#\\\/schema\\\/person\\\/6620dad05f894110a34e3afd3c3cf3ff\"},\"headline\":\"Suicardusstra\u00dfe\",\"datePublished\":\"2022-03-28T08:44:28+00:00\",\"mainEntityOfPage\":{\"@id\":\"https:\\\/\\\/aschaffenburgzweinull.stadtarchiv-digital.de\\\/suicardusstrasse\\\/\"},\"wordCount\":292,\"commentCount\":0,\"keywords\":[\"Schloss\",\"Kurf\u00fcrst\",\"Clemens Brentano\",\"Johann Schweikard\",\"Walmdach\",\"Bischof\",\"Johann Schweikard von Kronberg\"],\"articleSection\":[\"Baudenkmal\"],\"inLanguage\":\"de\",\"potentialAction\":[{\"@type\":\"CommentAction\",\"name\":\"Comment\",\"target\":[\"https:\\\/\\\/aschaffenburgzweinull.stadtarchiv-digital.de\\\/suicardusstrasse\\\/#respond\"]}]},{\"@type\":\"WebPage\",\"@id\":\"https:\\\/\\\/aschaffenburgzweinull.stadtarchiv-digital.de\\\/suicardusstrasse\\\/\",\"url\":\"https:\\\/\\\/aschaffenburgzweinull.stadtarchiv-digital.de\\\/suicardusstrasse\\\/\",\"name\":\"Suicardusstra\u00dfe - Aschaffenburg\",\"isPartOf\":{\"@id\":\"https:\\\/\\\/aschaffenburgzweinull.stadtarchiv-digital.de\\\/#website\"},\"datePublished\":\"2022-03-28T08:44:28+00:00\",\"author\":{\"@id\":\"https:\\\/\\\/aschaffenburgzweinull.stadtarchiv-digital.de\\\/#\\\/schema\\\/person\\\/6620dad05f894110a34e3afd3c3cf3ff\"},\"breadcrumb\":{\"@id\":\"https:\\\/\\\/aschaffenburgzweinull.stadtarchiv-digital.de\\\/suicardusstrasse\\\/#breadcrumb\"},\"inLanguage\":\"de\",\"potentialAction\":[{\"@type\":\"ReadAction\",\"target\":[\"https:\\\/\\\/aschaffenburgzweinull.stadtarchiv-digital.de\\\/suicardusstrasse\\\/\"]}]},{\"@type\":\"BreadcrumbList\",\"@id\":\"https:\\\/\\\/aschaffenburgzweinull.stadtarchiv-digital.de\\\/suicardusstrasse\\\/#breadcrumb\",\"itemListElement\":[{\"@type\":\"ListItem\",\"position\":1,\"name\":\"Startseite\",\"item\":\"https:\\\/\\\/aschaffenburgzweinull.stadtarchiv-digital.de\\\/\"},{\"@type\":\"ListItem\",\"position\":2,\"name\":\"Suicardusstra\u00dfe\"}]},{\"@type\":\"WebSite\",\"@id\":\"https:\\\/\\\/aschaffenburgzweinull.stadtarchiv-digital.de\\\/#website\",\"url\":\"https:\\\/\\\/aschaffenburgzweinull.stadtarchiv-digital.de\\\/\",\"name\":\"Aschaffenburg\",\"description\":\"2.0\",\"potentialAction\":[{\"@type\":\"SearchAction\",\"target\":{\"@type\":\"EntryPoint\",\"urlTemplate\":\"https:\\\/\\\/aschaffenburgzweinull.stadtarchiv-digital.de\\\/?s={search_term_string}\"},\"query-input\":{\"@type\":\"PropertyValueSpecification\",\"valueRequired\":true,\"valueName\":\"search_term_string\"}}],\"inLanguage\":\"de\"},{\"@type\":\"Person\",\"@id\":\"https:\\\/\\\/aschaffenburgzweinull.stadtarchiv-digital.de\\\/#\\\/schema\\\/person\\\/6620dad05f894110a34e3afd3c3cf3ff\",\"name\":\"Aschaffenburg_2.0\",\"url\":\"https:\\\/\\\/aschaffenburgzweinull.stadtarchiv-digital.de\\\/author\\\/aschaffenburg_2-0\\\/\"}]}<\/script>\n<!-- \/ Yoast SEO plugin. -->","yoast_head_json":{"title":"Suicardusstra\u00dfe - Aschaffenburg","robots":{"index":"index","follow":"follow","max-snippet":"max-snippet:-1","max-image-preview":"max-image-preview:large","max-video-preview":"max-video-preview:-1"},"canonical":"https:\/\/aschaffenburgzweinull.stadtarchiv-digital.de\/suicardusstrasse\/","og_locale":"de_DE","og_type":"article","og_title":"Suicardusstra\u00dfe - Aschaffenburg","og_description":"Sie seit 1871 zu Ehren des Erzbischofes und Kurf\u00fcrsten von Mainz Johann Schweikard (lat. Suicardus) von Kronberg bezeichnete Suicardusstra\u00dfe verl\u00e4uft unterhalb der Oberstadt entlang des Mains zwischen Theoderichstor und Dalbergstra\u00dfe. [&hellip;]","og_url":"https:\/\/aschaffenburgzweinull.stadtarchiv-digital.de\/suicardusstrasse\/","og_site_name":"Aschaffenburg","article_published_time":"2022-03-28T08:44:28+00:00","og_image":[{"width":379,"height":70,"url":"https:\/\/aschaffenburgzweinull.stadtarchiv-digital.de\/wp-content\/uploads\/2020\/07\/Logo-Stadtarchiv-Aschaffenburg.png","type":"image\/png"}],"author":"Aschaffenburg_2.0","twitter_card":"summary_large_image","twitter_misc":{"Verfasst von":"Aschaffenburg_2.0","Gesch\u00e4tzte Lesezeit":"2\u00a0Minuten"},"schema":{"@context":"https:\/\/schema.org","@graph":[{"@type":"Article","@id":"https:\/\/aschaffenburgzweinull.stadtarchiv-digital.de\/suicardusstrasse\/#article","isPartOf":{"@id":"https:\/\/aschaffenburgzweinull.stadtarchiv-digital.de\/suicardusstrasse\/"},"author":{"name":"Aschaffenburg_2.0","@id":"https:\/\/aschaffenburgzweinull.stadtarchiv-digital.de\/#\/schema\/person\/6620dad05f894110a34e3afd3c3cf3ff"},"headline":"Suicardusstra\u00dfe","datePublished":"2022-03-28T08:44:28+00:00","mainEntityOfPage":{"@id":"https:\/\/aschaffenburgzweinull.stadtarchiv-digital.de\/suicardusstrasse\/"},"wordCount":292,"commentCount":0,"keywords":["Schloss","Kurf\u00fcrst","Clemens Brentano","Johann Schweikard","Walmdach","Bischof","Johann Schweikard von Kronberg"],"articleSection":["Baudenkmal"],"inLanguage":"de","potentialAction":[{"@type":"CommentAction","name":"Comment","target":["https:\/\/aschaffenburgzweinull.stadtarchiv-digital.de\/suicardusstrasse\/#respond"]}]},{"@type":"WebPage","@id":"https:\/\/aschaffenburgzweinull.stadtarchiv-digital.de\/suicardusstrasse\/","url":"https:\/\/aschaffenburgzweinull.stadtarchiv-digital.de\/suicardusstrasse\/","name":"Suicardusstra\u00dfe - Aschaffenburg","isPartOf":{"@id":"https:\/\/aschaffenburgzweinull.stadtarchiv-digital.de\/#website"},"datePublished":"2022-03-28T08:44:28+00:00","author":{"@id":"https:\/\/aschaffenburgzweinull.stadtarchiv-digital.de\/#\/schema\/person\/6620dad05f894110a34e3afd3c3cf3ff"},"breadcrumb":{"@id":"https:\/\/aschaffenburgzweinull.stadtarchiv-digital.de\/suicardusstrasse\/#breadcrumb"},"inLanguage":"de","potentialAction":[{"@type":"ReadAction","target":["https:\/\/aschaffenburgzweinull.stadtarchiv-digital.de\/suicardusstrasse\/"]}]},{"@type":"BreadcrumbList","@id":"https:\/\/aschaffenburgzweinull.stadtarchiv-digital.de\/suicardusstrasse\/#breadcrumb","itemListElement":[{"@type":"ListItem","position":1,"name":"Startseite","item":"https:\/\/aschaffenburgzweinull.stadtarchiv-digital.de\/"},{"@type":"ListItem","position":2,"name":"Suicardusstra\u00dfe"}]},{"@type":"WebSite","@id":"https:\/\/aschaffenburgzweinull.stadtarchiv-digital.de\/#website","url":"https:\/\/aschaffenburgzweinull.stadtarchiv-digital.de\/","name":"Aschaffenburg","description":"2.0","potentialAction":[{"@type":"SearchAction","target":{"@type":"EntryPoint","urlTemplate":"https:\/\/aschaffenburgzweinull.stadtarchiv-digital.de\/?s={search_term_string}"},"query-input":{"@type":"PropertyValueSpecification","valueRequired":true,"valueName":"search_term_string"}}],"inLanguage":"de"},{"@type":"Person","@id":"https:\/\/aschaffenburgzweinull.stadtarchiv-digital.de\/#\/schema\/person\/6620dad05f894110a34e3afd3c3cf3ff","name":"Aschaffenburg_2.0","url":"https:\/\/aschaffenburgzweinull.stadtarchiv-digital.de\/author\/aschaffenburg_2-0\/"}]}},"_links":{"self":[{"href":"https:\/\/aschaffenburgzweinull.stadtarchiv-digital.de\/data\/wp\/v2\/posts\/4032","targetHints":{"allow":["GET"]}}],"collection":[{"href":"https:\/\/aschaffenburgzweinull.stadtarchiv-digital.de\/data\/wp\/v2\/posts"}],"about":[{"href":"https:\/\/aschaffenburgzweinull.stadtarchiv-digital.de\/data\/wp\/v2\/types\/post"}],"author":[{"embeddable":true,"href":"https:\/\/aschaffenburgzweinull.stadtarchiv-digital.de\/data\/wp\/v2\/users\/3"}],"replies":[{"embeddable":true,"href":"https:\/\/aschaffenburgzweinull.stadtarchiv-digital.de\/data\/wp\/v2\/comments?post=4032"}],"version-history":[{"count":3,"href":"https:\/\/aschaffenburgzweinull.stadtarchiv-digital.de\/data\/wp\/v2\/posts\/4032\/revisions"}],"predecessor-version":[{"id":5106,"href":"https:\/\/aschaffenburgzweinull.stadtarchiv-digital.de\/data\/wp\/v2\/posts\/4032\/revisions\/5106"}],"wp:attachment":[{"href":"https:\/\/aschaffenburgzweinull.stadtarchiv-digital.de\/data\/wp\/v2\/media?parent=4032"}],"wp:term":[{"taxonomy":"category","embeddable":true,"href":"https:\/\/aschaffenburgzweinull.stadtarchiv-digital.de\/data\/wp\/v2\/categories?post=4032"},{"taxonomy":"post_tag","embeddable":true,"href":"https:\/\/aschaffenburgzweinull.stadtarchiv-digital.de\/data\/wp\/v2\/tags?post=4032"},{"taxonomy":"format","embeddable":true,"href":"https:\/\/aschaffenburgzweinull.stadtarchiv-digital.de\/data\/wp\/v2\/post-format?post=4032"},{"taxonomy":"content","embeddable":true,"href":"https:\/\/aschaffenburgzweinull.stadtarchiv-digital.de\/data\/wp\/v2\/post-content?post=4032"}],"curies":[{"name":"wp","href":"https:\/\/api.w.org\/{rel}","templated":true}]}}