{"id":4030,"date":"2022-03-28T10:45:31","date_gmt":"2022-03-28T08:45:31","guid":{"rendered":"https:\/\/aschaffenburgzweinull.stadtarchiv-digital.de\/?p=4030"},"modified":"2024-07-10T11:56:13","modified_gmt":"2024-07-10T09:56:13","slug":"strickergasse","status":"publish","type":"post","link":"https:\/\/aschaffenburgzweinull.stadtarchiv-digital.de\/strickergasse\/","title":{"rendered":"Strickergasse"},"content":{"rendered":"<p>Die Strickergasse beginnt heute hinter der Stadthalle am Schlo\u00dfplatz, verl\u00e4uft \u00fcber den Agathaplatz und endet an der Erthalstra\u00dfe. Einst war die Gasse die Verl\u00e4ngerung der Steingasse jenseits der (1894 entstandenen) Luitpoldstra\u00dfe und damit Teil des Verkehrsweges aus der Stadt Richtung Hanau, Frankfurt und Mainz, der an der Stra\u00dfengabelung \u201eScharfeck\u201c begann. Die Gasse m\u00fcndete an der Stelle, wo sich bis 1783 der Strickerturm als Teil der Stadtmauer befand. Ihren Namen erhielt die gerade verlaufende, kleine Gasse laut Johann Schober (1906) wegen der Seiler, die hier ihre Stricke herstellten. Die Bezeichnung des ganz in der N\u00e4he, n\u00e4mlich entlang der heutigen Friedrichstra\u00dfe verlaufenden Seilergangs beruht auf derselben Funktion. Doch w\u00e4hrend in den H\u00e4usern am Seilergang noch im 19. Jh. Seiler nachweisbar sind, sind sie als Bewohner der Strickergasse durch Archivalien nicht belegt, ebenso wenig Strumpf- und Hosenstricker, nach denen \u2013 laut Aschaffenburger Adressbuch von 1933 \u2013 die Gasse ihren Namen erhalten haben soll.<\/p>\n<p><strong>Strickergasse 11<\/strong><\/p>\n<p>Das um 1730 errichtete B\u00fcrgerhaus mit bemerkenswerter Stuckfassade war der Wohnsitz der Aschaffenburger Maler- und Stuckateurfamilie Bechtold. Gebaut hat es wohl Johann Jakob Konrad Bechtold (1698\u20131786), Tafel- und Freskenmaler. Das Anwesen blieb bis 1829 Eigentum der Familie und ist daher noch heute unter dem Namen \u201eBechtoldhaus\u201c bekannt. Das Anwesen erstreckte sich urspr\u00fcnglich auf die Grundst\u00fccke Lit. B 73 und B 74. Beide Geb\u00e4ude waren nur durch eine einfache Wand voneinander getrennt und verf\u00fcgten \u00fcber gesonderte Eing\u00e4nge. Eigent\u00fcmer Christian Winkler vereinte 1842 beide Hausteile miteinander, indem er den Eingang von Lit. B 73 zu einem Fenster und den dahinterliegenden Hausgang zu einem Zimmer umbaute. Der Stadtrat genehmigte 1927 einen Zuschuss zur Renovierung der Fassade in \u00d6lfarbe und die Wiederherstellung zweier Dachgauben. W\u00e4hrend des Zweiten Weltkrieges wurde das Anwesen schwer in Mitleidenschaft gezogen. Das R\u00fcckgeb\u00e4ude wurde v\u00f6llig zerst\u00f6rt; das Vorderhaus wurde zwar stark besch\u00e4digt, blieb aber in seiner \u00e4u\u00dferen Kubatur soweit erhalten, dass ein Wiederaufbau nicht ausgeschlossen war. Im Februar 1949 wurde zun\u00e4chst ein Notdach errichtet. Doch der Erhalt des schwer gesch\u00e4digten Anwesens wurde f\u00fcr die letzte Eigent\u00fcmerin zur untragbaren Last, sodass sie es 1951 an den Malermeister Josef Giegerich verkaufte. Dieser lie\u00df es unter der Bauleitung von Architekt Georg Ackermann, der bereits 1946 ein Aufma\u00df gezeichnet hatte, wieder aufbauen. Das zweigeschossige B\u00fcrgerhaus steht traufst\u00e4ndig zur Strickergasse. Die mit Stuckdekoration \u00fcberaus reich geschm\u00fcckte Fassade ist drei Fensterachsen breit. Den Abschluss bildet ein Mansarddach mit Zwerchhaus und flankierenden Gauben. Die Eingangst\u00fcr befindet sich auf der linken Seite und ist etwas tiefer liegend. Dieser Eingang m\u00fcsste nach der Zusammenlegung der urspr\u00fcnglich zwei Hausteile 1841 entstanden sein. Daneben sind zwei hochrechteckige, sandsteingerahmte Fenster gesetzt, dazwischen Lisenen. Das leicht \u00fcberstehende, besonders reich geschm\u00fcckte Obergeschoss hat drei Fenster, von denen das mittlere im Br\u00fcstungsbereich durch ein plastisch hervortretendes, vasenartiges Gebilde aus Stuck mit Muschel und seitlichen Engelsk\u00f6pfen betont wird. \u00dcber dem Sturz ist ein von Putti gehaltenes Medaillon mit den Initialen der Bechtolds angebracht. Die Br\u00fcstungsfelder der \u00e4u\u00dferen Fenster sind mit Bandelwerk versehen. An den Geb\u00e4udekanten befinden sich Stucklisenen mit Karyatiden. Das Traufgesims ist mehrfach profiliert und im Bereich der Mittelachse und \u00fcber den Kapitellen der Karyatiden verkr\u00f6pft. Dar\u00fcber sitzt das Zwerchhaus mit einem Fenster. In der Mitte des geohrten Fensterrahmens ist ein Engelskopf, dar\u00fcber eine Kartusche mit Rollwerk und Girlanden angebracht. Im Giebel des Zwerchhauses sitzt eine gro\u00dfe Muschel. Das Bechtoldhaus mit aufwendiger Stuckfassade und reichem Zierrat ist das einzige Beispiel eines B\u00fcrgerhauses dieser Art in Aschaffenburg.<\/p>\n<p><strong>Quelle<\/strong>: Ina Gutzeit\/Hauke Kenzler: Kreisfreie Stadt Aschaffenburg. Ensembles, Baudenkm\u00e4ler, Bodendenkm\u00e4ler (Denkm\u00e4ler in Bayern. VI. Unterfranken, 71), M\u00fcnchen 2015, S. 180-181.<\/p>\n<p><strong>Foto<\/strong>: Michael Amtmann<\/p>\n","protected":false},"excerpt":{"rendered":"<p>Die Strickergasse beginnt heute hinter der Stadthalle am Schlo\u00dfplatz, verl\u00e4uft \u00fcber den Agathaplatz und endet an der Erthalstra\u00dfe. Einst war die Gasse die Verl\u00e4ngerung der Steingasse jenseits der (1894 entstandenen) [&hellip;]<\/p>\n","protected":false},"author":3,"featured_media":0,"comment_status":"open","ping_status":"open","sticky":false,"template":"","format":"standard","meta":{"_acf_changed":false,"footnotes":""},"categories":[542],"tags":[107,567,645,652,654,661],"post-format":[2],"post-content":[3,67],"class_list":["post-4030","post","type-post","status-publish","format-standard","hentry","category-baudenkmal","tag-schloss","tag-buergerhaus","tag-mansarddach","tag-handwerk","tag-scharfeck","tag-rhein-main-gebiet","format-information","content-image","content-text","project-denkmaltopographie"],"acf":[],"yoast_head":"<!-- This site is optimized with the Yoast SEO plugin v27.4 - https:\/\/yoast.com\/product\/yoast-seo-wordpress\/ -->\n<title>Strickergasse - Aschaffenburg<\/title>\n<meta name=\"robots\" content=\"index, follow, max-snippet:-1, max-image-preview:large, max-video-preview:-1\" \/>\n<link rel=\"canonical\" href=\"https:\/\/aschaffenburgzweinull.stadtarchiv-digital.de\/strickergasse\/\" \/>\n<meta property=\"og:locale\" content=\"de_DE\" \/>\n<meta property=\"og:type\" content=\"article\" \/>\n<meta property=\"og:title\" content=\"Strickergasse - Aschaffenburg\" \/>\n<meta property=\"og:description\" content=\"Die Strickergasse beginnt heute hinter der Stadthalle am Schlo\u00dfplatz, verl\u00e4uft \u00fcber den Agathaplatz und endet an der Erthalstra\u00dfe. Einst war die Gasse die Verl\u00e4ngerung der Steingasse jenseits der (1894 entstandenen) [&hellip;]\" \/>\n<meta property=\"og:url\" content=\"https:\/\/aschaffenburgzweinull.stadtarchiv-digital.de\/strickergasse\/\" \/>\n<meta property=\"og:site_name\" content=\"Aschaffenburg\" \/>\n<meta property=\"article:published_time\" content=\"2022-03-28T08:45:31+00:00\" \/>\n<meta property=\"article:modified_time\" content=\"2024-07-10T09:56:13+00:00\" \/>\n<meta property=\"og:image\" content=\"https:\/\/aschaffenburgzweinull.stadtarchiv-digital.de\/wp-content\/uploads\/2020\/07\/Logo-Stadtarchiv-Aschaffenburg.png\" \/>\n\t<meta property=\"og:image:width\" content=\"379\" \/>\n\t<meta property=\"og:image:height\" content=\"70\" \/>\n\t<meta property=\"og:image:type\" content=\"image\/png\" \/>\n<meta name=\"author\" content=\"Aschaffenburg_2.0\" \/>\n<meta name=\"twitter:card\" content=\"summary_large_image\" \/>\n<meta name=\"twitter:label1\" content=\"Verfasst von\" \/>\n\t<meta name=\"twitter:data1\" content=\"Aschaffenburg_2.0\" \/>\n\t<meta name=\"twitter:label2\" content=\"Gesch\u00e4tzte Lesezeit\" \/>\n\t<meta name=\"twitter:data2\" content=\"4\u00a0Minuten\" \/>\n<script type=\"application\/ld+json\" class=\"yoast-schema-graph\">{\"@context\":\"https:\\\/\\\/schema.org\",\"@graph\":[{\"@type\":\"Article\",\"@id\":\"https:\\\/\\\/aschaffenburgzweinull.stadtarchiv-digital.de\\\/strickergasse\\\/#article\",\"isPartOf\":{\"@id\":\"https:\\\/\\\/aschaffenburgzweinull.stadtarchiv-digital.de\\\/strickergasse\\\/\"},\"author\":{\"name\":\"Aschaffenburg_2.0\",\"@id\":\"https:\\\/\\\/aschaffenburgzweinull.stadtarchiv-digital.de\\\/#\\\/schema\\\/person\\\/6620dad05f894110a34e3afd3c3cf3ff\"},\"headline\":\"Strickergasse\",\"datePublished\":\"2022-03-28T08:45:31+00:00\",\"dateModified\":\"2024-07-10T09:56:13+00:00\",\"mainEntityOfPage\":{\"@id\":\"https:\\\/\\\/aschaffenburgzweinull.stadtarchiv-digital.de\\\/strickergasse\\\/\"},\"wordCount\":607,\"commentCount\":0,\"keywords\":[\"Schloss\",\"B\u00fcrgerhaus\",\"Mansarddach\",\"Handwerk\",\"Scharfeck\",\"Rhein-Main-Gebiet\"],\"articleSection\":[\"Baudenkmal\"],\"inLanguage\":\"de\",\"potentialAction\":[{\"@type\":\"CommentAction\",\"name\":\"Comment\",\"target\":[\"https:\\\/\\\/aschaffenburgzweinull.stadtarchiv-digital.de\\\/strickergasse\\\/#respond\"]}]},{\"@type\":\"WebPage\",\"@id\":\"https:\\\/\\\/aschaffenburgzweinull.stadtarchiv-digital.de\\\/strickergasse\\\/\",\"url\":\"https:\\\/\\\/aschaffenburgzweinull.stadtarchiv-digital.de\\\/strickergasse\\\/\",\"name\":\"Strickergasse - Aschaffenburg\",\"isPartOf\":{\"@id\":\"https:\\\/\\\/aschaffenburgzweinull.stadtarchiv-digital.de\\\/#website\"},\"datePublished\":\"2022-03-28T08:45:31+00:00\",\"dateModified\":\"2024-07-10T09:56:13+00:00\",\"author\":{\"@id\":\"https:\\\/\\\/aschaffenburgzweinull.stadtarchiv-digital.de\\\/#\\\/schema\\\/person\\\/6620dad05f894110a34e3afd3c3cf3ff\"},\"breadcrumb\":{\"@id\":\"https:\\\/\\\/aschaffenburgzweinull.stadtarchiv-digital.de\\\/strickergasse\\\/#breadcrumb\"},\"inLanguage\":\"de\",\"potentialAction\":[{\"@type\":\"ReadAction\",\"target\":[\"https:\\\/\\\/aschaffenburgzweinull.stadtarchiv-digital.de\\\/strickergasse\\\/\"]}]},{\"@type\":\"BreadcrumbList\",\"@id\":\"https:\\\/\\\/aschaffenburgzweinull.stadtarchiv-digital.de\\\/strickergasse\\\/#breadcrumb\",\"itemListElement\":[{\"@type\":\"ListItem\",\"position\":1,\"name\":\"Startseite\",\"item\":\"https:\\\/\\\/aschaffenburgzweinull.stadtarchiv-digital.de\\\/\"},{\"@type\":\"ListItem\",\"position\":2,\"name\":\"Strickergasse\"}]},{\"@type\":\"WebSite\",\"@id\":\"https:\\\/\\\/aschaffenburgzweinull.stadtarchiv-digital.de\\\/#website\",\"url\":\"https:\\\/\\\/aschaffenburgzweinull.stadtarchiv-digital.de\\\/\",\"name\":\"Aschaffenburg\",\"description\":\"2.0\",\"potentialAction\":[{\"@type\":\"SearchAction\",\"target\":{\"@type\":\"EntryPoint\",\"urlTemplate\":\"https:\\\/\\\/aschaffenburgzweinull.stadtarchiv-digital.de\\\/?s={search_term_string}\"},\"query-input\":{\"@type\":\"PropertyValueSpecification\",\"valueRequired\":true,\"valueName\":\"search_term_string\"}}],\"inLanguage\":\"de\"},{\"@type\":\"Person\",\"@id\":\"https:\\\/\\\/aschaffenburgzweinull.stadtarchiv-digital.de\\\/#\\\/schema\\\/person\\\/6620dad05f894110a34e3afd3c3cf3ff\",\"name\":\"Aschaffenburg_2.0\",\"url\":\"https:\\\/\\\/aschaffenburgzweinull.stadtarchiv-digital.de\\\/author\\\/aschaffenburg_2-0\\\/\"}]}<\/script>\n<!-- \/ Yoast SEO plugin. -->","yoast_head_json":{"title":"Strickergasse - Aschaffenburg","robots":{"index":"index","follow":"follow","max-snippet":"max-snippet:-1","max-image-preview":"max-image-preview:large","max-video-preview":"max-video-preview:-1"},"canonical":"https:\/\/aschaffenburgzweinull.stadtarchiv-digital.de\/strickergasse\/","og_locale":"de_DE","og_type":"article","og_title":"Strickergasse - Aschaffenburg","og_description":"Die Strickergasse beginnt heute hinter der Stadthalle am Schlo\u00dfplatz, verl\u00e4uft \u00fcber den Agathaplatz und endet an der Erthalstra\u00dfe. Einst war die Gasse die Verl\u00e4ngerung der Steingasse jenseits der (1894 entstandenen) [&hellip;]","og_url":"https:\/\/aschaffenburgzweinull.stadtarchiv-digital.de\/strickergasse\/","og_site_name":"Aschaffenburg","article_published_time":"2022-03-28T08:45:31+00:00","article_modified_time":"2024-07-10T09:56:13+00:00","og_image":[{"width":379,"height":70,"url":"https:\/\/aschaffenburgzweinull.stadtarchiv-digital.de\/wp-content\/uploads\/2020\/07\/Logo-Stadtarchiv-Aschaffenburg.png","type":"image\/png"}],"author":"Aschaffenburg_2.0","twitter_card":"summary_large_image","twitter_misc":{"Verfasst von":"Aschaffenburg_2.0","Gesch\u00e4tzte Lesezeit":"4\u00a0Minuten"},"schema":{"@context":"https:\/\/schema.org","@graph":[{"@type":"Article","@id":"https:\/\/aschaffenburgzweinull.stadtarchiv-digital.de\/strickergasse\/#article","isPartOf":{"@id":"https:\/\/aschaffenburgzweinull.stadtarchiv-digital.de\/strickergasse\/"},"author":{"name":"Aschaffenburg_2.0","@id":"https:\/\/aschaffenburgzweinull.stadtarchiv-digital.de\/#\/schema\/person\/6620dad05f894110a34e3afd3c3cf3ff"},"headline":"Strickergasse","datePublished":"2022-03-28T08:45:31+00:00","dateModified":"2024-07-10T09:56:13+00:00","mainEntityOfPage":{"@id":"https:\/\/aschaffenburgzweinull.stadtarchiv-digital.de\/strickergasse\/"},"wordCount":607,"commentCount":0,"keywords":["Schloss","B\u00fcrgerhaus","Mansarddach","Handwerk","Scharfeck","Rhein-Main-Gebiet"],"articleSection":["Baudenkmal"],"inLanguage":"de","potentialAction":[{"@type":"CommentAction","name":"Comment","target":["https:\/\/aschaffenburgzweinull.stadtarchiv-digital.de\/strickergasse\/#respond"]}]},{"@type":"WebPage","@id":"https:\/\/aschaffenburgzweinull.stadtarchiv-digital.de\/strickergasse\/","url":"https:\/\/aschaffenburgzweinull.stadtarchiv-digital.de\/strickergasse\/","name":"Strickergasse - Aschaffenburg","isPartOf":{"@id":"https:\/\/aschaffenburgzweinull.stadtarchiv-digital.de\/#website"},"datePublished":"2022-03-28T08:45:31+00:00","dateModified":"2024-07-10T09:56:13+00:00","author":{"@id":"https:\/\/aschaffenburgzweinull.stadtarchiv-digital.de\/#\/schema\/person\/6620dad05f894110a34e3afd3c3cf3ff"},"breadcrumb":{"@id":"https:\/\/aschaffenburgzweinull.stadtarchiv-digital.de\/strickergasse\/#breadcrumb"},"inLanguage":"de","potentialAction":[{"@type":"ReadAction","target":["https:\/\/aschaffenburgzweinull.stadtarchiv-digital.de\/strickergasse\/"]}]},{"@type":"BreadcrumbList","@id":"https:\/\/aschaffenburgzweinull.stadtarchiv-digital.de\/strickergasse\/#breadcrumb","itemListElement":[{"@type":"ListItem","position":1,"name":"Startseite","item":"https:\/\/aschaffenburgzweinull.stadtarchiv-digital.de\/"},{"@type":"ListItem","position":2,"name":"Strickergasse"}]},{"@type":"WebSite","@id":"https:\/\/aschaffenburgzweinull.stadtarchiv-digital.de\/#website","url":"https:\/\/aschaffenburgzweinull.stadtarchiv-digital.de\/","name":"Aschaffenburg","description":"2.0","potentialAction":[{"@type":"SearchAction","target":{"@type":"EntryPoint","urlTemplate":"https:\/\/aschaffenburgzweinull.stadtarchiv-digital.de\/?s={search_term_string}"},"query-input":{"@type":"PropertyValueSpecification","valueRequired":true,"valueName":"search_term_string"}}],"inLanguage":"de"},{"@type":"Person","@id":"https:\/\/aschaffenburgzweinull.stadtarchiv-digital.de\/#\/schema\/person\/6620dad05f894110a34e3afd3c3cf3ff","name":"Aschaffenburg_2.0","url":"https:\/\/aschaffenburgzweinull.stadtarchiv-digital.de\/author\/aschaffenburg_2-0\/"}]}},"_links":{"self":[{"href":"https:\/\/aschaffenburgzweinull.stadtarchiv-digital.de\/data\/wp\/v2\/posts\/4030","targetHints":{"allow":["GET"]}}],"collection":[{"href":"https:\/\/aschaffenburgzweinull.stadtarchiv-digital.de\/data\/wp\/v2\/posts"}],"about":[{"href":"https:\/\/aschaffenburgzweinull.stadtarchiv-digital.de\/data\/wp\/v2\/types\/post"}],"author":[{"embeddable":true,"href":"https:\/\/aschaffenburgzweinull.stadtarchiv-digital.de\/data\/wp\/v2\/users\/3"}],"replies":[{"embeddable":true,"href":"https:\/\/aschaffenburgzweinull.stadtarchiv-digital.de\/data\/wp\/v2\/comments?post=4030"}],"version-history":[{"count":5,"href":"https:\/\/aschaffenburgzweinull.stadtarchiv-digital.de\/data\/wp\/v2\/posts\/4030\/revisions"}],"predecessor-version":[{"id":9720,"href":"https:\/\/aschaffenburgzweinull.stadtarchiv-digital.de\/data\/wp\/v2\/posts\/4030\/revisions\/9720"}],"wp:attachment":[{"href":"https:\/\/aschaffenburgzweinull.stadtarchiv-digital.de\/data\/wp\/v2\/media?parent=4030"}],"wp:term":[{"taxonomy":"category","embeddable":true,"href":"https:\/\/aschaffenburgzweinull.stadtarchiv-digital.de\/data\/wp\/v2\/categories?post=4030"},{"taxonomy":"post_tag","embeddable":true,"href":"https:\/\/aschaffenburgzweinull.stadtarchiv-digital.de\/data\/wp\/v2\/tags?post=4030"},{"taxonomy":"format","embeddable":true,"href":"https:\/\/aschaffenburgzweinull.stadtarchiv-digital.de\/data\/wp\/v2\/post-format?post=4030"},{"taxonomy":"content","embeddable":true,"href":"https:\/\/aschaffenburgzweinull.stadtarchiv-digital.de\/data\/wp\/v2\/post-content?post=4030"}],"curies":[{"name":"wp","href":"https:\/\/api.w.org\/{rel}","templated":true}]}}