{"id":4016,"date":"2022-03-28T10:54:03","date_gmt":"2022-03-28T08:54:03","guid":{"rendered":"https:\/\/aschaffenburgzweinull.stadtarchiv-digital.de\/?p=4016"},"modified":"2022-03-28T10:54:03","modified_gmt":"2022-03-28T08:54:03","slug":"schweinheimer-strasse-2","status":"publish","type":"post","link":"https:\/\/aschaffenburgzweinull.stadtarchiv-digital.de\/schweinheimer-strasse-2\/","title":{"rendered":"Schweinheimer Stra\u00dfe"},"content":{"rendered":"<p>Die Schweinheimer Stra\u00dfe beginnt an der Kreuzung, an der Wermbach-, Alexandra- und Lamprechtstra\u00dfe aufeinandertreffen. Sie f\u00fchrt als Ausfallstra\u00dfe in s\u00fcdlicher Richtung aus der Stadt heraus, \u00fcberquert die Bahnstrecke nach Miltenberg und f\u00fchrt in das ehem. Pfarrdorf Schweinheim, das 1939 zur Stadt Aschaffenburg eingemeindet wurde. Die Stra\u00dfe erhielt wohl nach 1880 diesen Namen. Einen aus der Stadt herausf\u00fchrenden Fahrweg hat es zuvor schon gegeben, jedoch wurde er in keinem der fr\u00fcheren Pl\u00e4ne speziell bezeichnet.<\/p>\n<p><strong>Schweinheimer Stra\u00dfe 11<\/strong><\/p>\n<p>Der Pavillon an der Stra\u00dfengabelung Schweinheimer Stra\u00dfe\/Brentanostra\u00dfe wurde 1953 von der Stadt errichtet. Das eingeschossige Geb\u00e4ude vereinigt mehrere Funktionen in sich: es ist Trafostation, Buswartehalle, Kiosk und Bed\u00fcrfnisanstalt (1981 eingerichtet). Auff\u00e4llig ist das an allen Seiten weit \u00fcberstehende, schlanke Flachdach, welches mit einem flachen Dachaufbau versehen ist. Mit seinem gekr\u00fcmmten Grundriss reagiert der Bau auf den Platz und die radial auf diesen zuf\u00fchrenden Stra\u00dfen. Er hat daher st\u00e4dtebaulich nicht nur eine raumabschlie\u00dfende Wirkung zwischen den sich gabelnden Stra\u00dfen, sondern auch eine gewisse platzbildende Funktion. Zum Platz hin ist er mit einer gro\u00dfz\u00fcgigen Durchfensterung ge\u00f6ffnet. Die originelle Architektur von 1953 ist ein zeittypischer und eleganter Infrastrukturbau aus Beton, der trotz der inzwischen vorgenommenen kleineren Ver\u00e4nderungen seinen Charakter bewahrt hat.<\/p>\n<p><strong>Schweinheimer Stra\u00dfe 34<\/strong><\/p>\n<p>Die ersten Geb\u00e4ude der 1904 in M\u00fcnchen von Hugo G\u00fcldner und Carl von Linde gegr\u00fcndeten \u201eG\u00fcldner-Motoren-Gesellschaft\u201c entstanden 1907 in Aschaffenburg an der Schweinheimer Stra\u00dfe. Dorthin hatten die Unternehmer das Werk wegen der besseren Verkehrslage im Rhein-Main-Gebiet verlegt. Aus der Anfangszeit des Werkes stammen auch die Maschinenhalle I und die Gie\u00dferei, zwei gro\u00dfe Fabrikationsgeb\u00e4ude, die 1907 auf dem neuen Werksgel\u00e4nde errichtet wurden. Beide Hallen stehen in Nord-S\u00fcd-Ausrichtung parallel nebeneinander. Die Maschinenhalle I an der Dessauer Stra\u00dfe, mit 110 m L\u00e4nge die gr\u00f6\u00dfte von drei Maschinenhallen, wurde aus gelben Backsteinen errichtet. Sie verf\u00fcgt \u00fcber 28 Fensterachsen an den L\u00e4ngsseiten. Die stichbogigen Fenster sind in zwei Reihen \u00fcbereinander angeordnet und durch ein fassadenb\u00fcndiges Band aus Rotsandstein optisch voneinander getrennt. Die Sohlb\u00e4nke sind ebenfalls aus rotem Mainsandstein gearbeitet und wie ein durchlaufendes Band miteinander verbunden. In vertikaler Richtung ist die Fassade durch gemauerte, deutlich hervortretende Lisenen gegliedert. Die Halle hat einen basilikalen Querschnitt, d. h. der Mittelteil ist etwas erh\u00f6ht. Die urspr\u00fcngliche Giebelseite hatte daher einen gegliederten Aufbau mit fast repr\u00e4sentativem Charakter. Die \u00e4u\u00dferen, niedrigeren Bereiche umfassten drei Achsen, dann folgte je eine t\u00fcrmchenartig ausgearbeitete Achse und der vierachsige Mittelteil war mit einem weiten Rundbogen abgeschlossen. Die nur 72 m lange Halle der Gie\u00dferei umfasst zw\u00f6lf Fensterachsen und ist vom Typ her der gro\u00dfen Maschinenhalle I ganz \u00e4hnlich. Im Zweiten Weltkrieg wurde das Werksgel\u00e4nde der G\u00fcldner-Motorenwerke stark besch\u00e4digt. An der Maschinenhalle I wurden der Giebel und die ersten Felder der L\u00e4ngsmauer an der Dessauer Stra\u00dfe und der Hofseite eingedr\u00fcckt und zerst\u00f6rt. Nachdem unmittelbar nach Kriegsende der Betrieb in notd\u00fcrftig hergerichteten Hallen wieder aufgenommen wurde, konnte 1948 die Maschinenhalle I von Architekt Karl Jung wieder aufgebaut werden. Dabei wurden an der Konstruktion keine wesentlichen \u00c4nderungen vorgenommen. Formal erfuhr der Giebel hingegen eine deutliche Umgestaltung, die mit Materialeinsparungen begr\u00fcndet wurde. Der rekonstruierte Giebel verf\u00fcgt weiterhin \u00fcber die bisherige Anzahl von Fensterachsen, die Fenster sind allerdings nicht mehr \u00fcber zwei Ebenen verteilt, sondern nehmen die gesamte Fassadenh\u00f6he ein. Er entspricht somit nicht mehr der Formensprache der Wende vom 19. zum 20. Jh., tr\u00e4gt aber sichtbar die Spuren der Geschichte.<\/p>\n<p>Quelle:<\/p>\n<p>Ina Gutzeit\/Hauke Kenzler: Kreisfreie Stadt Aschaffenburg. Ensembles, Baudenkm\u00e4ler, Bodendenkm\u00e4ler (Denkm\u00e4ler in Bayern. VI. Unterfranken, 71), M\u00fcnchen 2015, S. 142-143.<\/p>\n","protected":false},"excerpt":{"rendered":"<p>Die Schweinheimer Stra\u00dfe beginnt an der Kreuzung, an der Wermbach-, Alexandra- und Lamprechtstra\u00dfe aufeinandertreffen. Sie f\u00fchrt als Ausfallstra\u00dfe in s\u00fcdlicher Richtung aus der Stadt heraus, \u00fcberquert die Bahnstrecke nach Miltenberg [&hellip;]<\/p>\n","protected":false},"author":3,"featured_media":0,"comment_status":"open","ping_status":"open","sticky":false,"template":"","format":"standard","meta":{"_acf_changed":false,"footnotes":""},"categories":[542],"tags":[122,562,640,661,687,688,689,690],"post-format":[2],"post-content":[67],"class_list":["post-4016","post","type-post","status-publish","format-standard","hentry","category-baudenkmal","tag-schweinheim","tag-fabrik","tag-backstein","tag-rhein-main-gebiet","tag-pavillon","tag-unternehmer","tag-carl-von-linde","tag-motorenwerke","format-information","content-text","project-denkmaltopographie"],"acf":[],"yoast_head":"<!-- This site is optimized with the Yoast SEO plugin v27.4 - https:\/\/yoast.com\/product\/yoast-seo-wordpress\/ -->\n<title>Schweinheimer Stra\u00dfe - Aschaffenburg<\/title>\n<meta name=\"robots\" content=\"index, follow, max-snippet:-1, max-image-preview:large, max-video-preview:-1\" \/>\n<link rel=\"canonical\" href=\"https:\/\/aschaffenburgzweinull.stadtarchiv-digital.de\/schweinheimer-strasse-2\/\" \/>\n<meta property=\"og:locale\" content=\"de_DE\" \/>\n<meta property=\"og:type\" content=\"article\" \/>\n<meta property=\"og:title\" content=\"Schweinheimer Stra\u00dfe - Aschaffenburg\" \/>\n<meta property=\"og:description\" content=\"Die Schweinheimer Stra\u00dfe beginnt an der Kreuzung, an der Wermbach-, Alexandra- und Lamprechtstra\u00dfe aufeinandertreffen. Sie f\u00fchrt als Ausfallstra\u00dfe in s\u00fcdlicher Richtung aus der Stadt heraus, \u00fcberquert die Bahnstrecke nach Miltenberg [&hellip;]\" \/>\n<meta property=\"og:url\" content=\"https:\/\/aschaffenburgzweinull.stadtarchiv-digital.de\/schweinheimer-strasse-2\/\" \/>\n<meta property=\"og:site_name\" content=\"Aschaffenburg\" \/>\n<meta property=\"article:published_time\" content=\"2022-03-28T08:54:03+00:00\" \/>\n<meta property=\"og:image\" content=\"https:\/\/aschaffenburgzweinull.stadtarchiv-digital.de\/wp-content\/uploads\/2020\/07\/Logo-Stadtarchiv-Aschaffenburg.png\" \/>\n\t<meta property=\"og:image:width\" content=\"379\" \/>\n\t<meta property=\"og:image:height\" content=\"70\" \/>\n\t<meta property=\"og:image:type\" content=\"image\/png\" \/>\n<meta name=\"author\" content=\"Aschaffenburg_2.0\" \/>\n<meta name=\"twitter:card\" content=\"summary_large_image\" \/>\n<meta name=\"twitter:label1\" content=\"Verfasst von\" \/>\n\t<meta name=\"twitter:data1\" content=\"Aschaffenburg_2.0\" \/>\n\t<meta name=\"twitter:label2\" content=\"Gesch\u00e4tzte Lesezeit\" \/>\n\t<meta name=\"twitter:data2\" content=\"4\u00a0Minuten\" \/>\n<script type=\"application\/ld+json\" class=\"yoast-schema-graph\">{\"@context\":\"https:\\\/\\\/schema.org\",\"@graph\":[{\"@type\":\"Article\",\"@id\":\"https:\\\/\\\/aschaffenburgzweinull.stadtarchiv-digital.de\\\/schweinheimer-strasse-2\\\/#article\",\"isPartOf\":{\"@id\":\"https:\\\/\\\/aschaffenburgzweinull.stadtarchiv-digital.de\\\/schweinheimer-strasse-2\\\/\"},\"author\":{\"name\":\"Aschaffenburg_2.0\",\"@id\":\"https:\\\/\\\/aschaffenburgzweinull.stadtarchiv-digital.de\\\/#\\\/schema\\\/person\\\/6620dad05f894110a34e3afd3c3cf3ff\"},\"headline\":\"Schweinheimer Stra\u00dfe\",\"datePublished\":\"2022-03-28T08:54:03+00:00\",\"mainEntityOfPage\":{\"@id\":\"https:\\\/\\\/aschaffenburgzweinull.stadtarchiv-digital.de\\\/schweinheimer-strasse-2\\\/\"},\"wordCount\":616,\"commentCount\":1,\"keywords\":[\"Schweinheim\",\"Fabrik\",\"Backstein\",\"Rhein-Main-Gebiet\",\"Pavillon\",\"Unternehmer\",\"Carl von Linde\",\"Motorenwerke\"],\"articleSection\":[\"Baudenkmal\"],\"inLanguage\":\"de\",\"potentialAction\":[{\"@type\":\"CommentAction\",\"name\":\"Comment\",\"target\":[\"https:\\\/\\\/aschaffenburgzweinull.stadtarchiv-digital.de\\\/schweinheimer-strasse-2\\\/#respond\"]}]},{\"@type\":\"WebPage\",\"@id\":\"https:\\\/\\\/aschaffenburgzweinull.stadtarchiv-digital.de\\\/schweinheimer-strasse-2\\\/\",\"url\":\"https:\\\/\\\/aschaffenburgzweinull.stadtarchiv-digital.de\\\/schweinheimer-strasse-2\\\/\",\"name\":\"Schweinheimer Stra\u00dfe - Aschaffenburg\",\"isPartOf\":{\"@id\":\"https:\\\/\\\/aschaffenburgzweinull.stadtarchiv-digital.de\\\/#website\"},\"datePublished\":\"2022-03-28T08:54:03+00:00\",\"author\":{\"@id\":\"https:\\\/\\\/aschaffenburgzweinull.stadtarchiv-digital.de\\\/#\\\/schema\\\/person\\\/6620dad05f894110a34e3afd3c3cf3ff\"},\"breadcrumb\":{\"@id\":\"https:\\\/\\\/aschaffenburgzweinull.stadtarchiv-digital.de\\\/schweinheimer-strasse-2\\\/#breadcrumb\"},\"inLanguage\":\"de\",\"potentialAction\":[{\"@type\":\"ReadAction\",\"target\":[\"https:\\\/\\\/aschaffenburgzweinull.stadtarchiv-digital.de\\\/schweinheimer-strasse-2\\\/\"]}]},{\"@type\":\"BreadcrumbList\",\"@id\":\"https:\\\/\\\/aschaffenburgzweinull.stadtarchiv-digital.de\\\/schweinheimer-strasse-2\\\/#breadcrumb\",\"itemListElement\":[{\"@type\":\"ListItem\",\"position\":1,\"name\":\"Startseite\",\"item\":\"https:\\\/\\\/aschaffenburgzweinull.stadtarchiv-digital.de\\\/\"},{\"@type\":\"ListItem\",\"position\":2,\"name\":\"Schweinheimer Stra\u00dfe\"}]},{\"@type\":\"WebSite\",\"@id\":\"https:\\\/\\\/aschaffenburgzweinull.stadtarchiv-digital.de\\\/#website\",\"url\":\"https:\\\/\\\/aschaffenburgzweinull.stadtarchiv-digital.de\\\/\",\"name\":\"Aschaffenburg\",\"description\":\"2.0\",\"potentialAction\":[{\"@type\":\"SearchAction\",\"target\":{\"@type\":\"EntryPoint\",\"urlTemplate\":\"https:\\\/\\\/aschaffenburgzweinull.stadtarchiv-digital.de\\\/?s={search_term_string}\"},\"query-input\":{\"@type\":\"PropertyValueSpecification\",\"valueRequired\":true,\"valueName\":\"search_term_string\"}}],\"inLanguage\":\"de\"},{\"@type\":\"Person\",\"@id\":\"https:\\\/\\\/aschaffenburgzweinull.stadtarchiv-digital.de\\\/#\\\/schema\\\/person\\\/6620dad05f894110a34e3afd3c3cf3ff\",\"name\":\"Aschaffenburg_2.0\",\"url\":\"https:\\\/\\\/aschaffenburgzweinull.stadtarchiv-digital.de\\\/author\\\/aschaffenburg_2-0\\\/\"}]}<\/script>\n<!-- \/ Yoast SEO plugin. -->","yoast_head_json":{"title":"Schweinheimer Stra\u00dfe - Aschaffenburg","robots":{"index":"index","follow":"follow","max-snippet":"max-snippet:-1","max-image-preview":"max-image-preview:large","max-video-preview":"max-video-preview:-1"},"canonical":"https:\/\/aschaffenburgzweinull.stadtarchiv-digital.de\/schweinheimer-strasse-2\/","og_locale":"de_DE","og_type":"article","og_title":"Schweinheimer Stra\u00dfe - Aschaffenburg","og_description":"Die Schweinheimer Stra\u00dfe beginnt an der Kreuzung, an der Wermbach-, Alexandra- und Lamprechtstra\u00dfe aufeinandertreffen. Sie f\u00fchrt als Ausfallstra\u00dfe in s\u00fcdlicher Richtung aus der Stadt heraus, \u00fcberquert die Bahnstrecke nach Miltenberg [&hellip;]","og_url":"https:\/\/aschaffenburgzweinull.stadtarchiv-digital.de\/schweinheimer-strasse-2\/","og_site_name":"Aschaffenburg","article_published_time":"2022-03-28T08:54:03+00:00","og_image":[{"width":379,"height":70,"url":"https:\/\/aschaffenburgzweinull.stadtarchiv-digital.de\/wp-content\/uploads\/2020\/07\/Logo-Stadtarchiv-Aschaffenburg.png","type":"image\/png"}],"author":"Aschaffenburg_2.0","twitter_card":"summary_large_image","twitter_misc":{"Verfasst von":"Aschaffenburg_2.0","Gesch\u00e4tzte Lesezeit":"4\u00a0Minuten"},"schema":{"@context":"https:\/\/schema.org","@graph":[{"@type":"Article","@id":"https:\/\/aschaffenburgzweinull.stadtarchiv-digital.de\/schweinheimer-strasse-2\/#article","isPartOf":{"@id":"https:\/\/aschaffenburgzweinull.stadtarchiv-digital.de\/schweinheimer-strasse-2\/"},"author":{"name":"Aschaffenburg_2.0","@id":"https:\/\/aschaffenburgzweinull.stadtarchiv-digital.de\/#\/schema\/person\/6620dad05f894110a34e3afd3c3cf3ff"},"headline":"Schweinheimer Stra\u00dfe","datePublished":"2022-03-28T08:54:03+00:00","mainEntityOfPage":{"@id":"https:\/\/aschaffenburgzweinull.stadtarchiv-digital.de\/schweinheimer-strasse-2\/"},"wordCount":616,"commentCount":1,"keywords":["Schweinheim","Fabrik","Backstein","Rhein-Main-Gebiet","Pavillon","Unternehmer","Carl von Linde","Motorenwerke"],"articleSection":["Baudenkmal"],"inLanguage":"de","potentialAction":[{"@type":"CommentAction","name":"Comment","target":["https:\/\/aschaffenburgzweinull.stadtarchiv-digital.de\/schweinheimer-strasse-2\/#respond"]}]},{"@type":"WebPage","@id":"https:\/\/aschaffenburgzweinull.stadtarchiv-digital.de\/schweinheimer-strasse-2\/","url":"https:\/\/aschaffenburgzweinull.stadtarchiv-digital.de\/schweinheimer-strasse-2\/","name":"Schweinheimer Stra\u00dfe - Aschaffenburg","isPartOf":{"@id":"https:\/\/aschaffenburgzweinull.stadtarchiv-digital.de\/#website"},"datePublished":"2022-03-28T08:54:03+00:00","author":{"@id":"https:\/\/aschaffenburgzweinull.stadtarchiv-digital.de\/#\/schema\/person\/6620dad05f894110a34e3afd3c3cf3ff"},"breadcrumb":{"@id":"https:\/\/aschaffenburgzweinull.stadtarchiv-digital.de\/schweinheimer-strasse-2\/#breadcrumb"},"inLanguage":"de","potentialAction":[{"@type":"ReadAction","target":["https:\/\/aschaffenburgzweinull.stadtarchiv-digital.de\/schweinheimer-strasse-2\/"]}]},{"@type":"BreadcrumbList","@id":"https:\/\/aschaffenburgzweinull.stadtarchiv-digital.de\/schweinheimer-strasse-2\/#breadcrumb","itemListElement":[{"@type":"ListItem","position":1,"name":"Startseite","item":"https:\/\/aschaffenburgzweinull.stadtarchiv-digital.de\/"},{"@type":"ListItem","position":2,"name":"Schweinheimer Stra\u00dfe"}]},{"@type":"WebSite","@id":"https:\/\/aschaffenburgzweinull.stadtarchiv-digital.de\/#website","url":"https:\/\/aschaffenburgzweinull.stadtarchiv-digital.de\/","name":"Aschaffenburg","description":"2.0","potentialAction":[{"@type":"SearchAction","target":{"@type":"EntryPoint","urlTemplate":"https:\/\/aschaffenburgzweinull.stadtarchiv-digital.de\/?s={search_term_string}"},"query-input":{"@type":"PropertyValueSpecification","valueRequired":true,"valueName":"search_term_string"}}],"inLanguage":"de"},{"@type":"Person","@id":"https:\/\/aschaffenburgzweinull.stadtarchiv-digital.de\/#\/schema\/person\/6620dad05f894110a34e3afd3c3cf3ff","name":"Aschaffenburg_2.0","url":"https:\/\/aschaffenburgzweinull.stadtarchiv-digital.de\/author\/aschaffenburg_2-0\/"}]}},"_links":{"self":[{"href":"https:\/\/aschaffenburgzweinull.stadtarchiv-digital.de\/data\/wp\/v2\/posts\/4016","targetHints":{"allow":["GET"]}}],"collection":[{"href":"https:\/\/aschaffenburgzweinull.stadtarchiv-digital.de\/data\/wp\/v2\/posts"}],"about":[{"href":"https:\/\/aschaffenburgzweinull.stadtarchiv-digital.de\/data\/wp\/v2\/types\/post"}],"author":[{"embeddable":true,"href":"https:\/\/aschaffenburgzweinull.stadtarchiv-digital.de\/data\/wp\/v2\/users\/3"}],"replies":[{"embeddable":true,"href":"https:\/\/aschaffenburgzweinull.stadtarchiv-digital.de\/data\/wp\/v2\/comments?post=4016"}],"version-history":[{"count":1,"href":"https:\/\/aschaffenburgzweinull.stadtarchiv-digital.de\/data\/wp\/v2\/posts\/4016\/revisions"}],"predecessor-version":[{"id":4017,"href":"https:\/\/aschaffenburgzweinull.stadtarchiv-digital.de\/data\/wp\/v2\/posts\/4016\/revisions\/4017"}],"wp:attachment":[{"href":"https:\/\/aschaffenburgzweinull.stadtarchiv-digital.de\/data\/wp\/v2\/media?parent=4016"}],"wp:term":[{"taxonomy":"category","embeddable":true,"href":"https:\/\/aschaffenburgzweinull.stadtarchiv-digital.de\/data\/wp\/v2\/categories?post=4016"},{"taxonomy":"post_tag","embeddable":true,"href":"https:\/\/aschaffenburgzweinull.stadtarchiv-digital.de\/data\/wp\/v2\/tags?post=4016"},{"taxonomy":"format","embeddable":true,"href":"https:\/\/aschaffenburgzweinull.stadtarchiv-digital.de\/data\/wp\/v2\/post-format?post=4016"},{"taxonomy":"content","embeddable":true,"href":"https:\/\/aschaffenburgzweinull.stadtarchiv-digital.de\/data\/wp\/v2\/post-content?post=4016"}],"curies":[{"name":"wp","href":"https:\/\/api.w.org\/{rel}","templated":true}]}}