{"id":3999,"date":"2022-03-28T11:03:17","date_gmt":"2022-03-28T09:03:17","guid":{"rendered":"https:\/\/aschaffenburgzweinull.stadtarchiv-digital.de\/?p=3999"},"modified":"2022-03-28T11:03:17","modified_gmt":"2022-03-28T09:03:17","slug":"saarstrasse-herz-jesu-kirche","status":"publish","type":"post","link":"https:\/\/aschaffenburgzweinull.stadtarchiv-digital.de\/saarstrasse-herz-jesu-kirche\/","title":{"rendered":"Saarstra\u00dfe &#8211; Herz-Jesu-Kirche"},"content":{"rendered":"<p>Die Saarstra\u00dfe ist ein kurzer Stra\u00dfenzug im Stadtviertel \u201e\u00d6sterreicher Kolonie\u201c. Die Bezeichnung der von mehrgeschossigen Mietsh\u00e4usern sowie zweigeschossigen Reihen-, Einzel- und Doppelh\u00e4usern mit Garten gepr\u00e4gten Wohnkolonie, ist von dem dort befindlichen \u00d6sterreicher-Denkmal, was an die Gefallenen von 1866 erinnert, abgeleitet. Die Stra\u00dfenbezeichnungen des Viertels sind in Erinnerung an die Ereignisorte des Krieges gew\u00e4hlt.<\/p>\n<p><strong>Saarstra\u00dfe 2 &#8211; Herz-Hesu-Kirche<\/strong><\/p>\n<p>Die kath. Herz-Jesu-Kirche entstand als Entlastung der Pfarrei St. Agatha, zu deren Gemeindegebiet das nach dem Ersten Weltkrieg entstandene Stadtviertel \u201e\u00d6sterreicher Kolonie\u201c geh\u00f6rte. Mit der Planung der Kirche wurde Architekt Professor Albert Bo\u00dflet (1880\u20131957) beauftragt. Die Bauleitung vor Ort \u00fcbernahm Architekt Franz Schmitt. Die Bauausf\u00fchrung oblag der Baufirma Josef Meixner aus W\u00fcrzburg. Nachdem im September 1928 der erste Spatenstich zum Bau der Kirche erfolgt war, konnte die fertige Kirche nur 13 Monate sp\u00e4ter am 27. Oktober 1929 von Bischof Dr. Matthias Ehrenfried geweiht werden. Die Ausstattung wurde 1931\/32 durch die Beschaffung von vier Skulpturen (Herz-Jesu und Jungfrau Maria sowie die Heiligen Antonius von Padua und Josef) vervollst\u00e4ndigt. 1933 entstand das Apsisgem\u00e4lde. Als Standort f\u00fcr die Kirche wurde die ehem. Kaiser-Wilhelm-Stra\u00dfe (ab 1949 Deschstra\u00dfe) am n\u00f6rdlichen Rand der Gro\u00dfmutterwiese gew\u00e4hlt. Der massige, gedrungene Bauk\u00f6rper mit den \u201eDoppelt\u00fcrmen\u201c ist weithin sichtbar. Gemeinsam mit dem Pfarrhaus (urspr\u00fcnglich 1925 von Albert Bo\u00dflet, nach Kriegszerst\u00f6rung Wiederaufbau 1955), Kindergarten und Altersheim bildet die Kirche einen umfassenden Baukomplex am S\u00fcdrand der sog. \u00d6sterreicher Kolonie. Durch die unverputzten Fassaden aus scharrierten Hausteinen aus \u00f6rtlichem rotem Sandstein und eingearbeiteten Ziegelschichten wirkt der monumentale Bau fast wie eine moderne Wehrkirche im Osten der Stadt. Auf Fassadendekor wurde fast g\u00e4nzlich verzichtet. Die zur Saarstra\u00dfe gerichtete Westfassade ist mit einem gro\u00dfen Kreuz in einem Blendbogen und zwei \u00fcberlebensgro\u00dfen Heiligenfiguren, links der hl. Petrus, rechts der hl. Paulus, versehen. Unterhalb des Kreuzes und der Figuren befindet sich ein Flugdach, das die drei T\u00fcren des Hauptportals \u00fcberdacht. Die Seitenschiffe sind etwas k\u00fcrzer als das Hauptschiff und sehr hoch. Je sieben schmale Fenster belichten den Kirchenraum. Im Osten, anstelle eines Querhauses, befinden sich die beiden \u201eT\u00fcrme\u201c, die zu einer Art \u201eOstwerk\u201c zusammengefasst sind und jeweils mit einem kleinen Zeltdach abschlie\u00dfen. Strebepfeiler geben dem Bau zus\u00e4tzlich einen fortifikatorischen Charakter. An die kr\u00e4ftige Turmwand ist die niedrige, halbrunde Apsis mit Kegeldach angebaut, an der Nordseite des Chores die Sakristei. Kirchenschiff, Seitenschiffe, T\u00fcrme und Apsis sind wie einzelne Bauk\u00f6rper aneinandergef\u00fcgt \u2013 vergleichbar mit romanischen Kirchen.<\/p>\n<p>Der Innenraum, ein hohes Langhaus mit sechs schmalen \u00d6ffnungen zu den Seitenschiffen, ist wie die Au\u00dfenfassade schlicht gehalten. Die Gestaltung konzentriert sich auf den Chor und die Apsis. Der restliche Kircheninnenraum ist mit einem wei\u00df gestrichenen, rauen Putz versehen und mit einer flachen Holzdecke abgeschlossen. Sechs Stufen f\u00fchren zum Altarraum, der durch zwei gro\u00dfe Gurtb\u00f6gen optisch vom Langhaus getrennt und von zwei ger\u00e4umigen Seitench\u00f6ren gerahmt wird. Die Apsis schm\u00fcckt ein Gem\u00e4lde des M\u00fcnchner Professors Alois Miller, welches er zun\u00e4chst 1933 und erneut nach dem Krieg 1957 in leicht ver\u00e4nderter Form schuf. Es zeigt Christus mit ausgebreiteten Armen \u00fcber weidenden Schafen, ein Motiv aus den Apsiden sp\u00e4tantiker Kirchen. Zur Ausstattung geh\u00f6ren neben dem aus Travertin-Marmor geschaffenen Hochaltar mit einem Retabel mit Silbermedaillons das an der s\u00fcdlichen Langhauswand h\u00e4ngende Kruzifix von Fried Heuler (1889\u20131959) aus W\u00fcrzburg, der auch die Figuren Madonna mit Kind und Herz-Jesu am Triumphbogen schuf. Die Figuren der Seitenalt\u00e4re, hl. Antonius von Padua und hl. Josef, sind Arbeiten der K\u00fcnstlerin Katharina Hock (1896\u20131979). In den Seitenschiffen befindet sich ein Kreuzweg von August Weckbecker (1888\u20131939). Der Zweite Weltkrieg stellte f\u00fcr die junge, aber stets wachsende Gemeinde einen schweren Einschnitt dar. Im Laufe des Jahres 1944 bereits durch verschiedene Luftangriffe in Mitleidenschaft hezogen, wurde ihre Kirche am 21. November von drei Bomben getroffen und dabei an der Westfassade durch einen Riss sehr schwer besch\u00e4digt. Zwischen 1946 und 1949 erfolgte der Wiederaufbau der Kirche, bei dem das Dach des Kirchenschiffes bis \u00fcber den Portalbau erweitert wurde. Mit der Neugestaltung der Taufkapelle links des Eingangs durch Franz Schmitt 1954 war der Wiederaufbau abgeschlossen. Die Glasfenster wurden 1958 von Helmut Albert und Willibald Blum entworfen und von der Kunstglaserei Wolpert geschaffen. Altar, Ambo und Sedilien sind ebenfalls Entw\u00fcrfe von Willibald Blum. Die Kirche, weitgend im Entwurf von Bo\u00dflet erhalten, stellt ein anschauliches Beispiel vom \u00dcbergang der traditionellen zur modernen Kirchenbauweise dar.<\/p>\n<p>Quelle:<\/p>\n<p>Ina Gutzeit\/Hauke Kenzler: Kreisfreie Stadt Aschaffenburg. Ensembles, Baudenkm\u00e4ler, Bodendenkm\u00e4ler (Denkm\u00e4ler in Bayern. VI. Unterfranken, 71), M\u00fcnchen 2015, S. 115-116.<\/p>\n","protected":false},"excerpt":{"rendered":"<p>Die Saarstra\u00dfe ist ein kurzer Stra\u00dfenzug im Stadtviertel \u201e\u00d6sterreicher Kolonie\u201c. Die Bezeichnung der von mehrgeschossigen Mietsh\u00e4usern sowie zweigeschossigen Reihen-, Einzel- und Doppelh\u00e4usern mit Garten gepr\u00e4gten Wohnkolonie, ist von dem dort [&hellip;]<\/p>\n","protected":false},"author":3,"featured_media":0,"comment_status":"open","ping_status":"open","sticky":false,"template":"","format":"standard","meta":{"_acf_changed":false,"footnotes":""},"categories":[542],"tags":[137,558,570,680,683,694],"post-format":[2],"post-content":[3,67],"class_list":["post-3999","post","type-post","status-publish","format-standard","hentry","category-baudenkmal","tag-kirche","tag-kapelle","tag-oesterreicher-kolonie","tag-bischof","tag-heilige","tag-statue","format-information","content-image","content-text","project-denkmaltopographie"],"acf":[],"yoast_head":"<!-- This site is optimized with the Yoast SEO plugin v27.4 - https:\/\/yoast.com\/product\/yoast-seo-wordpress\/ -->\n<title>Saarstra\u00dfe - Herz-Jesu-Kirche - Aschaffenburg<\/title>\n<meta name=\"robots\" content=\"index, follow, max-snippet:-1, max-image-preview:large, max-video-preview:-1\" \/>\n<link rel=\"canonical\" href=\"https:\/\/aschaffenburgzweinull.stadtarchiv-digital.de\/saarstrasse-herz-jesu-kirche\/\" \/>\n<meta property=\"og:locale\" content=\"de_DE\" \/>\n<meta property=\"og:type\" content=\"article\" \/>\n<meta property=\"og:title\" content=\"Saarstra\u00dfe - Herz-Jesu-Kirche - Aschaffenburg\" \/>\n<meta property=\"og:description\" content=\"Die Saarstra\u00dfe ist ein kurzer Stra\u00dfenzug im Stadtviertel \u201e\u00d6sterreicher Kolonie\u201c. Die Bezeichnung der von mehrgeschossigen Mietsh\u00e4usern sowie zweigeschossigen Reihen-, Einzel- und Doppelh\u00e4usern mit Garten gepr\u00e4gten Wohnkolonie, ist von dem dort [&hellip;]\" \/>\n<meta property=\"og:url\" content=\"https:\/\/aschaffenburgzweinull.stadtarchiv-digital.de\/saarstrasse-herz-jesu-kirche\/\" \/>\n<meta property=\"og:site_name\" content=\"Aschaffenburg\" \/>\n<meta property=\"article:published_time\" content=\"2022-03-28T09:03:17+00:00\" \/>\n<meta property=\"og:image\" content=\"https:\/\/aschaffenburgzweinull.stadtarchiv-digital.de\/wp-content\/uploads\/2020\/07\/Logo-Stadtarchiv-Aschaffenburg.png\" \/>\n\t<meta property=\"og:image:width\" content=\"379\" \/>\n\t<meta property=\"og:image:height\" content=\"70\" \/>\n\t<meta property=\"og:image:type\" content=\"image\/png\" \/>\n<meta name=\"author\" content=\"Aschaffenburg_2.0\" \/>\n<meta name=\"twitter:card\" content=\"summary_large_image\" \/>\n<meta name=\"twitter:label1\" content=\"Verfasst von\" \/>\n\t<meta name=\"twitter:data1\" content=\"Aschaffenburg_2.0\" \/>\n\t<meta name=\"twitter:label2\" content=\"Gesch\u00e4tzte Lesezeit\" \/>\n\t<meta name=\"twitter:data2\" content=\"4\u00a0Minuten\" \/>\n<script type=\"application\/ld+json\" class=\"yoast-schema-graph\">{\"@context\":\"https:\\\/\\\/schema.org\",\"@graph\":[{\"@type\":\"Article\",\"@id\":\"https:\\\/\\\/aschaffenburgzweinull.stadtarchiv-digital.de\\\/saarstrasse-herz-jesu-kirche\\\/#article\",\"isPartOf\":{\"@id\":\"https:\\\/\\\/aschaffenburgzweinull.stadtarchiv-digital.de\\\/saarstrasse-herz-jesu-kirche\\\/\"},\"author\":{\"name\":\"Aschaffenburg_2.0\",\"@id\":\"https:\\\/\\\/aschaffenburgzweinull.stadtarchiv-digital.de\\\/#\\\/schema\\\/person\\\/6620dad05f894110a34e3afd3c3cf3ff\"},\"headline\":\"Saarstra\u00dfe &#8211; Herz-Jesu-Kirche\",\"datePublished\":\"2022-03-28T09:03:17+00:00\",\"mainEntityOfPage\":{\"@id\":\"https:\\\/\\\/aschaffenburgzweinull.stadtarchiv-digital.de\\\/saarstrasse-herz-jesu-kirche\\\/\"},\"wordCount\":756,\"commentCount\":0,\"keywords\":[\"Kirche\",\"Kapelle\",\"\u00d6sterreicher Kolonie\",\"Bischof\",\"Heilige\",\"Statue.\"],\"articleSection\":[\"Baudenkmal\"],\"inLanguage\":\"de\",\"potentialAction\":[{\"@type\":\"CommentAction\",\"name\":\"Comment\",\"target\":[\"https:\\\/\\\/aschaffenburgzweinull.stadtarchiv-digital.de\\\/saarstrasse-herz-jesu-kirche\\\/#respond\"]}]},{\"@type\":\"WebPage\",\"@id\":\"https:\\\/\\\/aschaffenburgzweinull.stadtarchiv-digital.de\\\/saarstrasse-herz-jesu-kirche\\\/\",\"url\":\"https:\\\/\\\/aschaffenburgzweinull.stadtarchiv-digital.de\\\/saarstrasse-herz-jesu-kirche\\\/\",\"name\":\"Saarstra\u00dfe - Herz-Jesu-Kirche - Aschaffenburg\",\"isPartOf\":{\"@id\":\"https:\\\/\\\/aschaffenburgzweinull.stadtarchiv-digital.de\\\/#website\"},\"datePublished\":\"2022-03-28T09:03:17+00:00\",\"author\":{\"@id\":\"https:\\\/\\\/aschaffenburgzweinull.stadtarchiv-digital.de\\\/#\\\/schema\\\/person\\\/6620dad05f894110a34e3afd3c3cf3ff\"},\"breadcrumb\":{\"@id\":\"https:\\\/\\\/aschaffenburgzweinull.stadtarchiv-digital.de\\\/saarstrasse-herz-jesu-kirche\\\/#breadcrumb\"},\"inLanguage\":\"de\",\"potentialAction\":[{\"@type\":\"ReadAction\",\"target\":[\"https:\\\/\\\/aschaffenburgzweinull.stadtarchiv-digital.de\\\/saarstrasse-herz-jesu-kirche\\\/\"]}]},{\"@type\":\"BreadcrumbList\",\"@id\":\"https:\\\/\\\/aschaffenburgzweinull.stadtarchiv-digital.de\\\/saarstrasse-herz-jesu-kirche\\\/#breadcrumb\",\"itemListElement\":[{\"@type\":\"ListItem\",\"position\":1,\"name\":\"Startseite\",\"item\":\"https:\\\/\\\/aschaffenburgzweinull.stadtarchiv-digital.de\\\/\"},{\"@type\":\"ListItem\",\"position\":2,\"name\":\"Saarstra\u00dfe &#8211; Herz-Jesu-Kirche\"}]},{\"@type\":\"WebSite\",\"@id\":\"https:\\\/\\\/aschaffenburgzweinull.stadtarchiv-digital.de\\\/#website\",\"url\":\"https:\\\/\\\/aschaffenburgzweinull.stadtarchiv-digital.de\\\/\",\"name\":\"Aschaffenburg\",\"description\":\"2.0\",\"potentialAction\":[{\"@type\":\"SearchAction\",\"target\":{\"@type\":\"EntryPoint\",\"urlTemplate\":\"https:\\\/\\\/aschaffenburgzweinull.stadtarchiv-digital.de\\\/?s={search_term_string}\"},\"query-input\":{\"@type\":\"PropertyValueSpecification\",\"valueRequired\":true,\"valueName\":\"search_term_string\"}}],\"inLanguage\":\"de\"},{\"@type\":\"Person\",\"@id\":\"https:\\\/\\\/aschaffenburgzweinull.stadtarchiv-digital.de\\\/#\\\/schema\\\/person\\\/6620dad05f894110a34e3afd3c3cf3ff\",\"name\":\"Aschaffenburg_2.0\",\"url\":\"https:\\\/\\\/aschaffenburgzweinull.stadtarchiv-digital.de\\\/author\\\/aschaffenburg_2-0\\\/\"}]}<\/script>\n<!-- \/ Yoast SEO plugin. -->","yoast_head_json":{"title":"Saarstra\u00dfe - Herz-Jesu-Kirche - Aschaffenburg","robots":{"index":"index","follow":"follow","max-snippet":"max-snippet:-1","max-image-preview":"max-image-preview:large","max-video-preview":"max-video-preview:-1"},"canonical":"https:\/\/aschaffenburgzweinull.stadtarchiv-digital.de\/saarstrasse-herz-jesu-kirche\/","og_locale":"de_DE","og_type":"article","og_title":"Saarstra\u00dfe - Herz-Jesu-Kirche - Aschaffenburg","og_description":"Die Saarstra\u00dfe ist ein kurzer Stra\u00dfenzug im Stadtviertel \u201e\u00d6sterreicher Kolonie\u201c. Die Bezeichnung der von mehrgeschossigen Mietsh\u00e4usern sowie zweigeschossigen Reihen-, Einzel- und Doppelh\u00e4usern mit Garten gepr\u00e4gten Wohnkolonie, ist von dem dort [&hellip;]","og_url":"https:\/\/aschaffenburgzweinull.stadtarchiv-digital.de\/saarstrasse-herz-jesu-kirche\/","og_site_name":"Aschaffenburg","article_published_time":"2022-03-28T09:03:17+00:00","og_image":[{"width":379,"height":70,"url":"https:\/\/aschaffenburgzweinull.stadtarchiv-digital.de\/wp-content\/uploads\/2020\/07\/Logo-Stadtarchiv-Aschaffenburg.png","type":"image\/png"}],"author":"Aschaffenburg_2.0","twitter_card":"summary_large_image","twitter_misc":{"Verfasst von":"Aschaffenburg_2.0","Gesch\u00e4tzte Lesezeit":"4\u00a0Minuten"},"schema":{"@context":"https:\/\/schema.org","@graph":[{"@type":"Article","@id":"https:\/\/aschaffenburgzweinull.stadtarchiv-digital.de\/saarstrasse-herz-jesu-kirche\/#article","isPartOf":{"@id":"https:\/\/aschaffenburgzweinull.stadtarchiv-digital.de\/saarstrasse-herz-jesu-kirche\/"},"author":{"name":"Aschaffenburg_2.0","@id":"https:\/\/aschaffenburgzweinull.stadtarchiv-digital.de\/#\/schema\/person\/6620dad05f894110a34e3afd3c3cf3ff"},"headline":"Saarstra\u00dfe &#8211; Herz-Jesu-Kirche","datePublished":"2022-03-28T09:03:17+00:00","mainEntityOfPage":{"@id":"https:\/\/aschaffenburgzweinull.stadtarchiv-digital.de\/saarstrasse-herz-jesu-kirche\/"},"wordCount":756,"commentCount":0,"keywords":["Kirche","Kapelle","\u00d6sterreicher Kolonie","Bischof","Heilige","Statue."],"articleSection":["Baudenkmal"],"inLanguage":"de","potentialAction":[{"@type":"CommentAction","name":"Comment","target":["https:\/\/aschaffenburgzweinull.stadtarchiv-digital.de\/saarstrasse-herz-jesu-kirche\/#respond"]}]},{"@type":"WebPage","@id":"https:\/\/aschaffenburgzweinull.stadtarchiv-digital.de\/saarstrasse-herz-jesu-kirche\/","url":"https:\/\/aschaffenburgzweinull.stadtarchiv-digital.de\/saarstrasse-herz-jesu-kirche\/","name":"Saarstra\u00dfe - Herz-Jesu-Kirche - Aschaffenburg","isPartOf":{"@id":"https:\/\/aschaffenburgzweinull.stadtarchiv-digital.de\/#website"},"datePublished":"2022-03-28T09:03:17+00:00","author":{"@id":"https:\/\/aschaffenburgzweinull.stadtarchiv-digital.de\/#\/schema\/person\/6620dad05f894110a34e3afd3c3cf3ff"},"breadcrumb":{"@id":"https:\/\/aschaffenburgzweinull.stadtarchiv-digital.de\/saarstrasse-herz-jesu-kirche\/#breadcrumb"},"inLanguage":"de","potentialAction":[{"@type":"ReadAction","target":["https:\/\/aschaffenburgzweinull.stadtarchiv-digital.de\/saarstrasse-herz-jesu-kirche\/"]}]},{"@type":"BreadcrumbList","@id":"https:\/\/aschaffenburgzweinull.stadtarchiv-digital.de\/saarstrasse-herz-jesu-kirche\/#breadcrumb","itemListElement":[{"@type":"ListItem","position":1,"name":"Startseite","item":"https:\/\/aschaffenburgzweinull.stadtarchiv-digital.de\/"},{"@type":"ListItem","position":2,"name":"Saarstra\u00dfe &#8211; Herz-Jesu-Kirche"}]},{"@type":"WebSite","@id":"https:\/\/aschaffenburgzweinull.stadtarchiv-digital.de\/#website","url":"https:\/\/aschaffenburgzweinull.stadtarchiv-digital.de\/","name":"Aschaffenburg","description":"2.0","potentialAction":[{"@type":"SearchAction","target":{"@type":"EntryPoint","urlTemplate":"https:\/\/aschaffenburgzweinull.stadtarchiv-digital.de\/?s={search_term_string}"},"query-input":{"@type":"PropertyValueSpecification","valueRequired":true,"valueName":"search_term_string"}}],"inLanguage":"de"},{"@type":"Person","@id":"https:\/\/aschaffenburgzweinull.stadtarchiv-digital.de\/#\/schema\/person\/6620dad05f894110a34e3afd3c3cf3ff","name":"Aschaffenburg_2.0","url":"https:\/\/aschaffenburgzweinull.stadtarchiv-digital.de\/author\/aschaffenburg_2-0\/"}]}},"_links":{"self":[{"href":"https:\/\/aschaffenburgzweinull.stadtarchiv-digital.de\/data\/wp\/v2\/posts\/3999","targetHints":{"allow":["GET"]}}],"collection":[{"href":"https:\/\/aschaffenburgzweinull.stadtarchiv-digital.de\/data\/wp\/v2\/posts"}],"about":[{"href":"https:\/\/aschaffenburgzweinull.stadtarchiv-digital.de\/data\/wp\/v2\/types\/post"}],"author":[{"embeddable":true,"href":"https:\/\/aschaffenburgzweinull.stadtarchiv-digital.de\/data\/wp\/v2\/users\/3"}],"replies":[{"embeddable":true,"href":"https:\/\/aschaffenburgzweinull.stadtarchiv-digital.de\/data\/wp\/v2\/comments?post=3999"}],"version-history":[{"count":1,"href":"https:\/\/aschaffenburgzweinull.stadtarchiv-digital.de\/data\/wp\/v2\/posts\/3999\/revisions"}],"predecessor-version":[{"id":4000,"href":"https:\/\/aschaffenburgzweinull.stadtarchiv-digital.de\/data\/wp\/v2\/posts\/3999\/revisions\/4000"}],"wp:attachment":[{"href":"https:\/\/aschaffenburgzweinull.stadtarchiv-digital.de\/data\/wp\/v2\/media?parent=3999"}],"wp:term":[{"taxonomy":"category","embeddable":true,"href":"https:\/\/aschaffenburgzweinull.stadtarchiv-digital.de\/data\/wp\/v2\/categories?post=3999"},{"taxonomy":"post_tag","embeddable":true,"href":"https:\/\/aschaffenburgzweinull.stadtarchiv-digital.de\/data\/wp\/v2\/tags?post=3999"},{"taxonomy":"format","embeddable":true,"href":"https:\/\/aschaffenburgzweinull.stadtarchiv-digital.de\/data\/wp\/v2\/post-format?post=3999"},{"taxonomy":"content","embeddable":true,"href":"https:\/\/aschaffenburgzweinull.stadtarchiv-digital.de\/data\/wp\/v2\/post-content?post=3999"}],"curies":[{"name":"wp","href":"https:\/\/api.w.org\/{rel}","templated":true}]}}