{"id":3968,"date":"2022-03-28T11:26:53","date_gmt":"2022-03-28T09:26:53","guid":{"rendered":"https:\/\/aschaffenburgzweinull.stadtarchiv-digital.de\/?p=3968"},"modified":"2022-03-28T11:26:53","modified_gmt":"2022-03-28T09:26:53","slug":"luitpoldstrasse","status":"publish","type":"post","link":"https:\/\/aschaffenburgzweinull.stadtarchiv-digital.de\/luitpoldstrasse\/","title":{"rendered":"Luitpoldstra\u00dfe"},"content":{"rendered":"<p>Der Bau der Luitpoldstra\u00dfe wurde in Folge der Errichtung der Luitpoldschule erforderlich. Die Stra\u00dfe entstand 1894 als Verbindung zwischen Schlo\u00dfplatz (ehemals Marktplatz) und Friedrichstra\u00dfe. Die relativ kurze, in nords\u00fcdlicher Richtung verlaufende Stra\u00dfe wurde in der ersten Zeit ihres Bestehens noch Schulstra\u00dfe genannt. Dann erhielt sie den Namen des Sohnes von K\u00f6nig Ludwig I. von Bayern, Luitpold. Dieser wurde 1821 in W\u00fcrzburg geboren, war zwischen dem 10. Juni 1886 und dem 12. Dezember 1912 Regent von Bayern und residierte im Schloss Johannisburg. Der Prinzregent galt als volksnah. Er richtete ein Jahr vor seinem Tod die \u201ePrinzregent-Luitpold-Stiftung f\u00fcr arme Kinder in Aschaffenburg\u201c ein, die nach 1928 in den \u201eVereinigten Armenstiftungen\u201c aufging. Um die Jahrhundertwende glich die Luitpoldstra\u00dfe einer Prachtstra\u00dfe mit repr\u00e4sentativen Bauten der Bayerischen Volksbank, der Aschaffenburger Aktienbierbrauerei, der Knaben- und M\u00e4dchenschulh\u00e4user, des Bezirksamtes und diverser Privatbauten. In der Presse wurde sie als \u201eBoulevard\u201c bezeichnet. Diesen Charakter hat der Stra\u00dfenzug nach dem Krieg nicht aufrechterhalten k\u00f6nnen. Aus der Entstehungszeit der Stra\u00dfe sind zwei Bauten erhalten.<\/p>\n<p><strong>Luitpoldstra\u00dfe 4a<\/strong><\/p>\n<p>1897 erwarb der Baumeister Adam Schneider den Bauplatz an der Luitpoldstra\u00dfe. Am 25. Februar 1898 wurde ihm der Bau eines Wohn- und Gesch\u00e4ftshauses genehmigt. Der im M\u00e4rz begonnene Bau war im Dezember desselben Jahres fertiggestellt. Kurz darauf verkaufte Adam Schneider das Haus an den Schneider Fritz Oberle. Am 1. Dezember 1919 richtete Karl Schmitz aus Mainz, der Gr\u00fcndungschef der Aschaffenburger Firma \u201eBetten-Schmitz\u201c, im Erdgeschoss des Geb\u00e4udes sein erstes Gesch\u00e4ft ein. Neun Jahre sp\u00e4ter, 1928, \u00fcbernahm Anton Scheibler, Dekorateur, den Laden. 1932 lie\u00dfen die Geschwister Hohe als neue Eigent\u00fcmer des Anwesens das Erdgeschoss f\u00fcr ihren Schuhladen umgestalten und auf dem eingeschossigen R\u00fcckgeb\u00e4ude ein 2. Geschoss erbauen, in dem eine Magdkammer eingerichtet wurde. Im Zweiten Weltkrieg f\u00fcgten Luftdruck und Artillerie dem Geb\u00e4ude starke Sch\u00e4den zu. Es wurde 1949 instand gesetzt, wobei die Dachgauben erneuert wurden. 1961 f\u00fcgte man auf der Hofseite eine weitere Gaube mit Dachterrasse an. Die letzte Fassadenrenovierung fand 1992 statt. Dabei erfolgte die Rekonstruktion des Holzbalkons im 3. Obergeschoss. Der viergeschossige Satteldachbau steht, flankiert von zwei Nachbargeb\u00e4uden, traufst\u00e4ndig in der Luitpoldstra\u00dfe. Das Erdgeschoss besteht aus roten Sandsteinen und ist mit rustizierten B\u00e4ndern dekoriert. Zwischen zwei rundbogigen Eing\u00e4ngen befinden sich drei Schaufenster\u00f6ffnungen mit Korbb\u00f6gen, Keil und Schlussstein. \u00dcber dem Erdgeschoss ist in der Fassadenmitte ein zweigeschossiger Erker auf verzierten Konsolen mit dreiteiligen Fenstern angebracht. Dieser m\u00fcndet im 3. Obergeschoss in einem \u00fcberdachten Holzbalkon mit niedriger Br\u00fcstung. Wie aus den Baupl\u00e4nen ersichtlich ist, befand sich \u00fcber diesem Balkon urspr\u00fcnglich ein Zwerchgiebel mit Zwillingsfenster, Gesims, Rundfenster und abschlie\u00dfendem Dreiecksgiebel, Vasen und Obelisken sowie Zierrat der deutschen Renaissance. Seitlich des Erkers sitzen gekuppelte Fenster auf Geschossgesimsen. \u00dcber den Fenstern des 1. Obergeschosses sind korbbogenf\u00f6rmige, mit reich verzierten Reliefs aus Naturstein gestaltete Felder ausgebildet. Alle Fenster sind mit Gew\u00e4nden aus rotem Sandstein gerahmt. Das Mauerwerk ist aus hellen Verblendsteinen gefertigt. Bei der Instandsetzung des Geb\u00e4udes nach dem Krieg wurde der Zwerchgiebel \u00fcber dem Erker in der Fassadenmitte nicht wieder aufgebaut. Der Zugang zum Geb\u00e4ude erfolgt \u00fcber den Eingang auf der linken Seite. Das Treppenhaus liegt auf der zum Hof gerichteten Seite. Von einem Mittelgang aus sind die einzelnen Zimmer erschlossen.<\/p>\n<p><strong>\u00a0Luitpoldstra\u00dfe 4b<\/strong><\/p>\n<p>Das nach dem Bau der Luitpoldstra\u00dfe neu entstandene Grundst\u00fcck \u00fcbernahm 1898 die Wailandt\u2019sche Druckerei A.G. Aschaffenburg. Das Gel\u00e4nde umfasste das Anwesen Treibgasse 11 und fast den gesamten r\u00fcckw\u00e4rtigen Teil von Treibgasse 9 sowie einen Teil des ehem. Bezirksamtsgel\u00e4ndes Strickergasse 2. Im gleichen Jahr wurde auf dem Grundst\u00fcck der Neubau eines Druckereigeb\u00e4udes und eines Wohnhauses genehmigt. Planer und Bauherr war Adam Schneider. 1903 wurde der Motorraum des Druckereigeb\u00e4udes an der Seite zum Grundst\u00fcck Strickergasse 16 vergr\u00f6\u00dfert und 1906 der Setzerraum in n\u00f6rdlicher Richtung erweitert. 1911 erhielt Karl Heinrich die Nutzungserlaubnis, in dem Haupthaus ein Caf\u00e9 zu betreiben. Zu diesem Zweck wurde im Erdgeschossbereich auf der zur Luitpoldstra\u00dfe gerichteten Seite eine zweifl\u00fcgelige Eingangst\u00fcr eingebaut. 1927 wurde das Anwesen im r\u00fcckw\u00e4rtigen Bereich vergr\u00f6\u00dfert und das bestehende Druckereigeb\u00e4ude in \u00f6stlicher Richtung erweitert. Unter der Leitung von Architekt Karl Jung erfolgte 1941 der Anbau eines B\u00fcroraumes und der Umbau des Setzerraumes. W\u00e4hrend des Zweiten Weltkrieges wurde das Wohnhaus teilweise besch\u00e4digt, das Druckereigeb\u00e4ude brannte v\u00f6llig aus. Nach Ende des Krieges wurde das Geb\u00e4ude der \u201eAschaffenburger Zeitung\u201c f\u00fcr kurze Zeit zum Sitz des \u201eMilitary Gouvernement\u201c der Amerikaner. Nach Freigabe des Hauses wurde es unter Leitung des Architekten Ludwig D\u00f6lger 1955 umgebaut. Das Wohn- und Gesch\u00e4ftshaus erhebt sich viergeschossig an der Ecke Luitpoldstra\u00dfe\/Treibgasse. Die Fassade zur Luitpoldstra\u00dfe war urspr\u00fcnglich \u00e4hnlich wie die von Haus Nr. 4 a aus hellen Backsteinen mit rotem Sandstein und korbbogenf\u00f6rmigen \u00d6ffnungen sowie rustizierten B\u00e4ndern gestaltet. Sie ist heute verputzt. \u00dcber dem Erdgeschoss befindet sich in der Mitte der Fassade ein dreigeschossiger Erker mit Balkon. Er wird von einem Zwerchgiebel mit Voluten, gekuppeltem Fenster, Gesims und Giebelaufsatz bekr\u00f6nt. Die Fenster links und rechts des Erkers stehen sehr eng und sind mit roten Sandsteingew\u00e4nden gerahmt, die des 3. Obergeschosses sind rundbogig. Unter der Traufe verl\u00e4uft ein Konsolgesims. Die Geb\u00e4udekante ist im 2. und 3. Obergeschoss durch einen polygonalen Eckerker mit je drei schmalen Fenstern betont. Er war vor dem Krieg mit einem T\u00fcrmchen und Zwiebelhaube versehen. Die Fassade zur Treibgasse hatte urspr\u00fcnglich im Erdgeschoss vier korbbogenf\u00f6rmige Schaufenster\u00f6ffnungen, die heute modernisiert sind. In den Obergeschossen ist die Fassade mit regelm\u00e4\u00dfigen f\u00fcnf Fensterachsen klar gegliedert. Die horizontal gliedernden Gesimse sind nicht erhalten.<\/p>\n<p>Quelle:<\/p>\n<p>Ina Gutzeit\/Hauke Kenzler: Kreisfreie Stadt Aschaffenburg. Ensembles, Baudenkm\u00e4ler, Bodendenkm\u00e4ler (Denkm\u00e4ler in Bayern. VI. Unterfranken, 71), M\u00fcnchen 2015, S. 94-95.<\/p>\n","protected":false},"excerpt":{"rendered":"<p>Der Bau der Luitpoldstra\u00dfe wurde in Folge der Errichtung der Luitpoldschule erforderlich. Die Stra\u00dfe entstand 1894 als Verbindung zwischen Schlo\u00dfplatz (ehemals Marktplatz) und Friedrichstra\u00dfe. Die relativ kurze, in nords\u00fcdlicher Richtung [&hellip;]<\/p>\n","protected":false},"author":3,"featured_media":0,"comment_status":"open","ping_status":"open","sticky":false,"template":"","format":"standard","meta":{"_acf_changed":false,"footnotes":""},"categories":[542],"tags":[21,36,54,107,458,586,620,621,640,643,697],"post-format":[2],"post-content":[3,67],"class_list":["post-3968","post","type-post","status-publish","format-standard","hentry","category-baudenkmal","tag-ludwig-i","tag-renaissance","tag-schule","tag-schloss","tag-markt","tag-obelisk","tag-prinzregent","tag-luitpold","tag-backstein","tag-unternehmen","tag-prinzregent-luitpold","format-information","content-image","content-text","project-denkmaltopographie"],"acf":[],"yoast_head":"<!-- This site is optimized with the Yoast SEO plugin v27.4 - https:\/\/yoast.com\/product\/yoast-seo-wordpress\/ -->\n<title>Luitpoldstra\u00dfe - Aschaffenburg<\/title>\n<meta name=\"robots\" content=\"index, follow, max-snippet:-1, max-image-preview:large, max-video-preview:-1\" \/>\n<link rel=\"canonical\" href=\"https:\/\/aschaffenburgzweinull.stadtarchiv-digital.de\/luitpoldstrasse\/\" \/>\n<meta property=\"og:locale\" content=\"de_DE\" \/>\n<meta property=\"og:type\" content=\"article\" \/>\n<meta property=\"og:title\" content=\"Luitpoldstra\u00dfe - Aschaffenburg\" \/>\n<meta property=\"og:description\" content=\"Der Bau der Luitpoldstra\u00dfe wurde in Folge der Errichtung der Luitpoldschule erforderlich. Die Stra\u00dfe entstand 1894 als Verbindung zwischen Schlo\u00dfplatz (ehemals Marktplatz) und Friedrichstra\u00dfe. Die relativ kurze, in nords\u00fcdlicher Richtung [&hellip;]\" \/>\n<meta property=\"og:url\" content=\"https:\/\/aschaffenburgzweinull.stadtarchiv-digital.de\/luitpoldstrasse\/\" \/>\n<meta property=\"og:site_name\" content=\"Aschaffenburg\" \/>\n<meta property=\"article:published_time\" content=\"2022-03-28T09:26:53+00:00\" \/>\n<meta property=\"og:image\" content=\"https:\/\/aschaffenburgzweinull.stadtarchiv-digital.de\/wp-content\/uploads\/2020\/07\/Logo-Stadtarchiv-Aschaffenburg.png\" \/>\n\t<meta property=\"og:image:width\" content=\"379\" \/>\n\t<meta property=\"og:image:height\" content=\"70\" \/>\n\t<meta property=\"og:image:type\" content=\"image\/png\" \/>\n<meta name=\"author\" content=\"Aschaffenburg_2.0\" \/>\n<meta name=\"twitter:card\" content=\"summary_large_image\" \/>\n<meta name=\"twitter:label1\" content=\"Verfasst von\" \/>\n\t<meta name=\"twitter:data1\" content=\"Aschaffenburg_2.0\" \/>\n\t<meta name=\"twitter:label2\" content=\"Gesch\u00e4tzte Lesezeit\" \/>\n\t<meta name=\"twitter:data2\" content=\"5\u00a0Minuten\" \/>\n<script type=\"application\/ld+json\" class=\"yoast-schema-graph\">{\"@context\":\"https:\\\/\\\/schema.org\",\"@graph\":[{\"@type\":\"Article\",\"@id\":\"https:\\\/\\\/aschaffenburgzweinull.stadtarchiv-digital.de\\\/luitpoldstrasse\\\/#article\",\"isPartOf\":{\"@id\":\"https:\\\/\\\/aschaffenburgzweinull.stadtarchiv-digital.de\\\/luitpoldstrasse\\\/\"},\"author\":{\"name\":\"Aschaffenburg_2.0\",\"@id\":\"https:\\\/\\\/aschaffenburgzweinull.stadtarchiv-digital.de\\\/#\\\/schema\\\/person\\\/6620dad05f894110a34e3afd3c3cf3ff\"},\"headline\":\"Luitpoldstra\u00dfe\",\"datePublished\":\"2022-03-28T09:26:53+00:00\",\"mainEntityOfPage\":{\"@id\":\"https:\\\/\\\/aschaffenburgzweinull.stadtarchiv-digital.de\\\/luitpoldstrasse\\\/\"},\"wordCount\":955,\"commentCount\":0,\"keywords\":[\"Ludwig I\",\"Renaissance\",\"Schule\",\"Schloss\",\"Markt\",\"Obelisk\",\"Prinzregent\",\"Luitpold\",\"Backstein\",\"Unternehmen\",\"Prinzregent Luitpold\"],\"articleSection\":[\"Baudenkmal\"],\"inLanguage\":\"de\",\"potentialAction\":[{\"@type\":\"CommentAction\",\"name\":\"Comment\",\"target\":[\"https:\\\/\\\/aschaffenburgzweinull.stadtarchiv-digital.de\\\/luitpoldstrasse\\\/#respond\"]}]},{\"@type\":\"WebPage\",\"@id\":\"https:\\\/\\\/aschaffenburgzweinull.stadtarchiv-digital.de\\\/luitpoldstrasse\\\/\",\"url\":\"https:\\\/\\\/aschaffenburgzweinull.stadtarchiv-digital.de\\\/luitpoldstrasse\\\/\",\"name\":\"Luitpoldstra\u00dfe - Aschaffenburg\",\"isPartOf\":{\"@id\":\"https:\\\/\\\/aschaffenburgzweinull.stadtarchiv-digital.de\\\/#website\"},\"datePublished\":\"2022-03-28T09:26:53+00:00\",\"author\":{\"@id\":\"https:\\\/\\\/aschaffenburgzweinull.stadtarchiv-digital.de\\\/#\\\/schema\\\/person\\\/6620dad05f894110a34e3afd3c3cf3ff\"},\"breadcrumb\":{\"@id\":\"https:\\\/\\\/aschaffenburgzweinull.stadtarchiv-digital.de\\\/luitpoldstrasse\\\/#breadcrumb\"},\"inLanguage\":\"de\",\"potentialAction\":[{\"@type\":\"ReadAction\",\"target\":[\"https:\\\/\\\/aschaffenburgzweinull.stadtarchiv-digital.de\\\/luitpoldstrasse\\\/\"]}]},{\"@type\":\"BreadcrumbList\",\"@id\":\"https:\\\/\\\/aschaffenburgzweinull.stadtarchiv-digital.de\\\/luitpoldstrasse\\\/#breadcrumb\",\"itemListElement\":[{\"@type\":\"ListItem\",\"position\":1,\"name\":\"Startseite\",\"item\":\"https:\\\/\\\/aschaffenburgzweinull.stadtarchiv-digital.de\\\/\"},{\"@type\":\"ListItem\",\"position\":2,\"name\":\"Luitpoldstra\u00dfe\"}]},{\"@type\":\"WebSite\",\"@id\":\"https:\\\/\\\/aschaffenburgzweinull.stadtarchiv-digital.de\\\/#website\",\"url\":\"https:\\\/\\\/aschaffenburgzweinull.stadtarchiv-digital.de\\\/\",\"name\":\"Aschaffenburg\",\"description\":\"2.0\",\"potentialAction\":[{\"@type\":\"SearchAction\",\"target\":{\"@type\":\"EntryPoint\",\"urlTemplate\":\"https:\\\/\\\/aschaffenburgzweinull.stadtarchiv-digital.de\\\/?s={search_term_string}\"},\"query-input\":{\"@type\":\"PropertyValueSpecification\",\"valueRequired\":true,\"valueName\":\"search_term_string\"}}],\"inLanguage\":\"de\"},{\"@type\":\"Person\",\"@id\":\"https:\\\/\\\/aschaffenburgzweinull.stadtarchiv-digital.de\\\/#\\\/schema\\\/person\\\/6620dad05f894110a34e3afd3c3cf3ff\",\"name\":\"Aschaffenburg_2.0\",\"url\":\"https:\\\/\\\/aschaffenburgzweinull.stadtarchiv-digital.de\\\/author\\\/aschaffenburg_2-0\\\/\"}]}<\/script>\n<!-- \/ Yoast SEO plugin. -->","yoast_head_json":{"title":"Luitpoldstra\u00dfe - Aschaffenburg","robots":{"index":"index","follow":"follow","max-snippet":"max-snippet:-1","max-image-preview":"max-image-preview:large","max-video-preview":"max-video-preview:-1"},"canonical":"https:\/\/aschaffenburgzweinull.stadtarchiv-digital.de\/luitpoldstrasse\/","og_locale":"de_DE","og_type":"article","og_title":"Luitpoldstra\u00dfe - Aschaffenburg","og_description":"Der Bau der Luitpoldstra\u00dfe wurde in Folge der Errichtung der Luitpoldschule erforderlich. Die Stra\u00dfe entstand 1894 als Verbindung zwischen Schlo\u00dfplatz (ehemals Marktplatz) und Friedrichstra\u00dfe. Die relativ kurze, in nords\u00fcdlicher Richtung [&hellip;]","og_url":"https:\/\/aschaffenburgzweinull.stadtarchiv-digital.de\/luitpoldstrasse\/","og_site_name":"Aschaffenburg","article_published_time":"2022-03-28T09:26:53+00:00","og_image":[{"width":379,"height":70,"url":"https:\/\/aschaffenburgzweinull.stadtarchiv-digital.de\/wp-content\/uploads\/2020\/07\/Logo-Stadtarchiv-Aschaffenburg.png","type":"image\/png"}],"author":"Aschaffenburg_2.0","twitter_card":"summary_large_image","twitter_misc":{"Verfasst von":"Aschaffenburg_2.0","Gesch\u00e4tzte Lesezeit":"5\u00a0Minuten"},"schema":{"@context":"https:\/\/schema.org","@graph":[{"@type":"Article","@id":"https:\/\/aschaffenburgzweinull.stadtarchiv-digital.de\/luitpoldstrasse\/#article","isPartOf":{"@id":"https:\/\/aschaffenburgzweinull.stadtarchiv-digital.de\/luitpoldstrasse\/"},"author":{"name":"Aschaffenburg_2.0","@id":"https:\/\/aschaffenburgzweinull.stadtarchiv-digital.de\/#\/schema\/person\/6620dad05f894110a34e3afd3c3cf3ff"},"headline":"Luitpoldstra\u00dfe","datePublished":"2022-03-28T09:26:53+00:00","mainEntityOfPage":{"@id":"https:\/\/aschaffenburgzweinull.stadtarchiv-digital.de\/luitpoldstrasse\/"},"wordCount":955,"commentCount":0,"keywords":["Ludwig I","Renaissance","Schule","Schloss","Markt","Obelisk","Prinzregent","Luitpold","Backstein","Unternehmen","Prinzregent Luitpold"],"articleSection":["Baudenkmal"],"inLanguage":"de","potentialAction":[{"@type":"CommentAction","name":"Comment","target":["https:\/\/aschaffenburgzweinull.stadtarchiv-digital.de\/luitpoldstrasse\/#respond"]}]},{"@type":"WebPage","@id":"https:\/\/aschaffenburgzweinull.stadtarchiv-digital.de\/luitpoldstrasse\/","url":"https:\/\/aschaffenburgzweinull.stadtarchiv-digital.de\/luitpoldstrasse\/","name":"Luitpoldstra\u00dfe - Aschaffenburg","isPartOf":{"@id":"https:\/\/aschaffenburgzweinull.stadtarchiv-digital.de\/#website"},"datePublished":"2022-03-28T09:26:53+00:00","author":{"@id":"https:\/\/aschaffenburgzweinull.stadtarchiv-digital.de\/#\/schema\/person\/6620dad05f894110a34e3afd3c3cf3ff"},"breadcrumb":{"@id":"https:\/\/aschaffenburgzweinull.stadtarchiv-digital.de\/luitpoldstrasse\/#breadcrumb"},"inLanguage":"de","potentialAction":[{"@type":"ReadAction","target":["https:\/\/aschaffenburgzweinull.stadtarchiv-digital.de\/luitpoldstrasse\/"]}]},{"@type":"BreadcrumbList","@id":"https:\/\/aschaffenburgzweinull.stadtarchiv-digital.de\/luitpoldstrasse\/#breadcrumb","itemListElement":[{"@type":"ListItem","position":1,"name":"Startseite","item":"https:\/\/aschaffenburgzweinull.stadtarchiv-digital.de\/"},{"@type":"ListItem","position":2,"name":"Luitpoldstra\u00dfe"}]},{"@type":"WebSite","@id":"https:\/\/aschaffenburgzweinull.stadtarchiv-digital.de\/#website","url":"https:\/\/aschaffenburgzweinull.stadtarchiv-digital.de\/","name":"Aschaffenburg","description":"2.0","potentialAction":[{"@type":"SearchAction","target":{"@type":"EntryPoint","urlTemplate":"https:\/\/aschaffenburgzweinull.stadtarchiv-digital.de\/?s={search_term_string}"},"query-input":{"@type":"PropertyValueSpecification","valueRequired":true,"valueName":"search_term_string"}}],"inLanguage":"de"},{"@type":"Person","@id":"https:\/\/aschaffenburgzweinull.stadtarchiv-digital.de\/#\/schema\/person\/6620dad05f894110a34e3afd3c3cf3ff","name":"Aschaffenburg_2.0","url":"https:\/\/aschaffenburgzweinull.stadtarchiv-digital.de\/author\/aschaffenburg_2-0\/"}]}},"_links":{"self":[{"href":"https:\/\/aschaffenburgzweinull.stadtarchiv-digital.de\/data\/wp\/v2\/posts\/3968","targetHints":{"allow":["GET"]}}],"collection":[{"href":"https:\/\/aschaffenburgzweinull.stadtarchiv-digital.de\/data\/wp\/v2\/posts"}],"about":[{"href":"https:\/\/aschaffenburgzweinull.stadtarchiv-digital.de\/data\/wp\/v2\/types\/post"}],"author":[{"embeddable":true,"href":"https:\/\/aschaffenburgzweinull.stadtarchiv-digital.de\/data\/wp\/v2\/users\/3"}],"replies":[{"embeddable":true,"href":"https:\/\/aschaffenburgzweinull.stadtarchiv-digital.de\/data\/wp\/v2\/comments?post=3968"}],"version-history":[{"count":4,"href":"https:\/\/aschaffenburgzweinull.stadtarchiv-digital.de\/data\/wp\/v2\/posts\/3968\/revisions"}],"predecessor-version":[{"id":4968,"href":"https:\/\/aschaffenburgzweinull.stadtarchiv-digital.de\/data\/wp\/v2\/posts\/3968\/revisions\/4968"}],"wp:attachment":[{"href":"https:\/\/aschaffenburgzweinull.stadtarchiv-digital.de\/data\/wp\/v2\/media?parent=3968"}],"wp:term":[{"taxonomy":"category","embeddable":true,"href":"https:\/\/aschaffenburgzweinull.stadtarchiv-digital.de\/data\/wp\/v2\/categories?post=3968"},{"taxonomy":"post_tag","embeddable":true,"href":"https:\/\/aschaffenburgzweinull.stadtarchiv-digital.de\/data\/wp\/v2\/tags?post=3968"},{"taxonomy":"format","embeddable":true,"href":"https:\/\/aschaffenburgzweinull.stadtarchiv-digital.de\/data\/wp\/v2\/post-format?post=3968"},{"taxonomy":"content","embeddable":true,"href":"https:\/\/aschaffenburgzweinull.stadtarchiv-digital.de\/data\/wp\/v2\/post-content?post=3968"}],"curies":[{"name":"wp","href":"https:\/\/api.w.org\/{rel}","templated":true}]}}