{"id":3835,"date":"2022-03-28T13:48:56","date_gmt":"2022-03-28T11:48:56","guid":{"rendered":"https:\/\/aschaffenburgzweinull.stadtarchiv-digital.de\/?p=3835"},"modified":"2022-03-28T13:48:56","modified_gmt":"2022-03-28T11:48:56","slug":"elisenstrasse","status":"publish","type":"post","link":"https:\/\/aschaffenburgzweinull.stadtarchiv-digital.de\/elisenstrasse\/","title":{"rendered":"Elisenstra\u00dfe"},"content":{"rendered":"<p>Die n\u00f6rdlich der Altstadt gelegene Elisenstra\u00dfe beginnt am Bahnhof als Verl\u00e4ngerung der Ludwigstra\u00dfe und m\u00fcndet in die Goldbacher Stra\u00dfe. Sie wurde nach der Frau des Generaldirektors der Buntpapierfabrik Philipp Dessauer (1837\u20131900 in Aschaffenburg), Elise Dessauer, benannt. Ihr Mann hat den Bau der Stra\u00dfe veranlasst und war Bauherr der ersten in dieser Stra\u00dfe errichteten Geb\u00e4ude, zumeist mehrgeschossige Wohnh\u00e4user mit gewerblicher Nutzung in den R\u00fcckgeb\u00e4uden.<\/p>\n<p><strong>Elisenstra\u00dfe 7\/9<\/strong><\/p>\n<p>Das breite, dreigeschossige Wohnhaus mit Walmdach wurde mit einer Doppelfassade im sp\u00e4tklassizistischen Stil 1869 errichtet. Beide Fassadenh\u00e4lften verf\u00fcgen \u00fcber drei Fensterachsen. Die mittlere springt als Risalit leicht vor, hier sind je drei Fenster zu einer Gruppe zusammengefasst, die im Erdgeschoss und im 2. Obergeschoss gestaffelt sind. Im 1. Obergeschoss sind sie zu einem rundbogigen Triforium ausgebildet. Zwischen den Geschossen verl\u00e4uft \u00fcber die gesamte Fassadenbreite ein profiliertes Geschossgesims. Bei Haus Nr. 7 ist das sp\u00e4tklassizistische Dekor noch st\u00e4rker ausgebildet. Die Erdgeschossfenster haben Br\u00fcstungsfelder und unter der Traufe verl\u00e4uft ein Konsolgesims.<\/p>\n<p><strong>Elisenstra\u00dfe 30<\/strong><\/p>\n<p>Das Verwaltungsgeb\u00e4ude der Bundesbahn, ein dreigeschossiger Walmdachbau, steht als Einzelgeb\u00e4ude mit seitlichem Abstand traufst\u00e4ndig, etwas von der Stra\u00dfe zur\u00fcckversetzt in der Elisenstra\u00dfe. Das Geb\u00e4ude mit flachem Walmdach wurde aus gelben und roten Sandsteinquadern errichtet und ist unverputzt. Die unterschiedlich farbigen Sandsteine wurden bewusst zur Fassadengestaltung eingesetzt. Lisenen, Gesimse und Fensterrahmungen aus rotem Sandstein heben sich dekorativ vom hellen aufgehenden Mauerwerk ab. Die streng gegliederte, symmetrische Stra\u00dfenfassade ist sieben Achsen breit. Der portalartige Haupteingang und das profilierte Fenster im 1. Stock betonen die Mittelachse. Die beiden seitlichen Achsen haben gekuppelte Fenster und sind durch gering vorspringende Lisenen risalitartig hervorgehoben. Im 1. Obergeschoss stehen die Fenster auf einem umlaufenden Gesims auf. Alle Fenstergew\u00e4nde tragen gerade Verdachungen. Unter der Traufe verl\u00e4uft ein Konsolgesims. Die Binnengliederung ist zweih\u00fcftig, d. h. in der Mitte des Geb\u00e4udes verl\u00e4uft ein Gang in Firstrichtung, von dem aus rechts und links die R\u00e4ume erschlossen sind. Dem Eingang gegen\u00fcber liegt auf der Nordseite das Treppenhaus. Auf der R\u00fcckseite des Geb\u00e4udes befinden sich zwei weitere Eing\u00e4nge, von denen einer in den Keller und der andere direkt zum Treppenhaus f\u00fchrt. Das als Bahnmeisterei genutzte Geb\u00e4ude wurde 1900 von der kgl. Eisenbahndirektion W\u00fcrzburg als Wohngeb\u00e4ude f\u00fcr Bedienstete errichtet. Es entstand damit in etwa in der Zeit, als in Aschaffenburg u. a. das Finanzamt am Schlo\u00dfplatz, das alte Justizgeb\u00e4ude in der Erthalstra\u00dfe und das Bezirksamt in der Luitpoldstra\u00dfe gebaut wurden. Von den genannten Beispielen ist die ehem. Bahnmeisterei das einzige, welches \u00e4u\u00dferlich unver\u00e4ndert erhalten geblieben ist.<\/p>\n<p>Quelle:<\/p>\n<p>Ina Gutzeit\/Hauke Kenzler: Kreisfreie Stadt Aschaffenburg. Ensembles, Baudenkm\u00e4ler, Bodendenkm\u00e4ler (Denkm\u00e4ler in Bayern. VI. Unterfranken, 71), M\u00fcnchen 2015, S. 38.<\/p>\n","protected":false},"excerpt":{"rendered":"<p>Die n\u00f6rdlich der Altstadt gelegene Elisenstra\u00dfe beginnt am Bahnhof als Verl\u00e4ngerung der Ludwigstra\u00dfe und m\u00fcndet in die Goldbacher Stra\u00dfe. Sie wurde nach der Frau des Generaldirektors der Buntpapierfabrik Philipp Dessauer [&hellip;]<\/p>\n","protected":false},"author":3,"featured_media":0,"comment_status":"open","ping_status":"open","sticky":false,"template":"","format":"standard","meta":{"_acf_changed":false,"footnotes":""},"categories":[542],"tags":[637,639,666,691,490,493,576,577],"post-format":[2],"post-content":[3,67],"class_list":["post-3835","post","type-post","status-publish","format-standard","hentry","category-baudenkmal","tag-walmdach","tag-risalit","tag-ludwig-doelger","tag-spaetklassizismus","tag-buntpapierfabrik","tag-eisenbahn","tag-philipp-dessauer","tag-elise-dessauer","format-information","content-image","content-text","project-denkmaltopographie"],"acf":[],"yoast_head":"<!-- This site is optimized with the Yoast SEO plugin v27.4 - https:\/\/yoast.com\/product\/yoast-seo-wordpress\/ -->\n<title>Elisenstra\u00dfe - Aschaffenburg<\/title>\n<meta name=\"robots\" content=\"index, follow, max-snippet:-1, max-image-preview:large, max-video-preview:-1\" \/>\n<link rel=\"canonical\" href=\"https:\/\/aschaffenburgzweinull.stadtarchiv-digital.de\/elisenstrasse\/\" \/>\n<meta property=\"og:locale\" content=\"de_DE\" \/>\n<meta property=\"og:type\" content=\"article\" \/>\n<meta property=\"og:title\" content=\"Elisenstra\u00dfe - Aschaffenburg\" \/>\n<meta property=\"og:description\" content=\"Die n\u00f6rdlich der Altstadt gelegene Elisenstra\u00dfe beginnt am Bahnhof als Verl\u00e4ngerung der Ludwigstra\u00dfe und m\u00fcndet in die Goldbacher Stra\u00dfe. Sie wurde nach der Frau des Generaldirektors der Buntpapierfabrik Philipp Dessauer [&hellip;]\" \/>\n<meta property=\"og:url\" content=\"https:\/\/aschaffenburgzweinull.stadtarchiv-digital.de\/elisenstrasse\/\" \/>\n<meta property=\"og:site_name\" content=\"Aschaffenburg\" \/>\n<meta property=\"article:published_time\" content=\"2022-03-28T11:48:56+00:00\" \/>\n<meta property=\"og:image\" content=\"https:\/\/aschaffenburgzweinull.stadtarchiv-digital.de\/wp-content\/uploads\/2020\/07\/Logo-Stadtarchiv-Aschaffenburg.png\" \/>\n\t<meta property=\"og:image:width\" content=\"379\" \/>\n\t<meta property=\"og:image:height\" content=\"70\" \/>\n\t<meta property=\"og:image:type\" content=\"image\/png\" \/>\n<meta name=\"author\" content=\"Aschaffenburg_2.0\" \/>\n<meta name=\"twitter:card\" content=\"summary_large_image\" \/>\n<meta name=\"twitter:label1\" content=\"Verfasst von\" \/>\n\t<meta name=\"twitter:data1\" content=\"Aschaffenburg_2.0\" \/>\n\t<meta name=\"twitter:label2\" content=\"Gesch\u00e4tzte Lesezeit\" \/>\n\t<meta name=\"twitter:data2\" content=\"3\u00a0Minuten\" \/>\n<script type=\"application\/ld+json\" class=\"yoast-schema-graph\">{\"@context\":\"https:\\\/\\\/schema.org\",\"@graph\":[{\"@type\":\"Article\",\"@id\":\"https:\\\/\\\/aschaffenburgzweinull.stadtarchiv-digital.de\\\/elisenstrasse\\\/#article\",\"isPartOf\":{\"@id\":\"https:\\\/\\\/aschaffenburgzweinull.stadtarchiv-digital.de\\\/elisenstrasse\\\/\"},\"author\":{\"name\":\"Aschaffenburg_2.0\",\"@id\":\"https:\\\/\\\/aschaffenburgzweinull.stadtarchiv-digital.de\\\/#\\\/schema\\\/person\\\/6620dad05f894110a34e3afd3c3cf3ff\"},\"headline\":\"Elisenstra\u00dfe\",\"datePublished\":\"2022-03-28T11:48:56+00:00\",\"mainEntityOfPage\":{\"@id\":\"https:\\\/\\\/aschaffenburgzweinull.stadtarchiv-digital.de\\\/elisenstrasse\\\/\"},\"wordCount\":463,\"commentCount\":0,\"keywords\":[\"Walmdach\",\"Risalit\",\"Ludwig D\u00f6lger\",\"Sp\u00e4tklassizismus\",\"Buntpapierfabrik\",\"Eisenbahn\",\"Philipp Dessauer\",\"Elise Dessauer\"],\"articleSection\":[\"Baudenkmal\"],\"inLanguage\":\"de\",\"potentialAction\":[{\"@type\":\"CommentAction\",\"name\":\"Comment\",\"target\":[\"https:\\\/\\\/aschaffenburgzweinull.stadtarchiv-digital.de\\\/elisenstrasse\\\/#respond\"]}]},{\"@type\":\"WebPage\",\"@id\":\"https:\\\/\\\/aschaffenburgzweinull.stadtarchiv-digital.de\\\/elisenstrasse\\\/\",\"url\":\"https:\\\/\\\/aschaffenburgzweinull.stadtarchiv-digital.de\\\/elisenstrasse\\\/\",\"name\":\"Elisenstra\u00dfe - Aschaffenburg\",\"isPartOf\":{\"@id\":\"https:\\\/\\\/aschaffenburgzweinull.stadtarchiv-digital.de\\\/#website\"},\"datePublished\":\"2022-03-28T11:48:56+00:00\",\"author\":{\"@id\":\"https:\\\/\\\/aschaffenburgzweinull.stadtarchiv-digital.de\\\/#\\\/schema\\\/person\\\/6620dad05f894110a34e3afd3c3cf3ff\"},\"breadcrumb\":{\"@id\":\"https:\\\/\\\/aschaffenburgzweinull.stadtarchiv-digital.de\\\/elisenstrasse\\\/#breadcrumb\"},\"inLanguage\":\"de\",\"potentialAction\":[{\"@type\":\"ReadAction\",\"target\":[\"https:\\\/\\\/aschaffenburgzweinull.stadtarchiv-digital.de\\\/elisenstrasse\\\/\"]}]},{\"@type\":\"BreadcrumbList\",\"@id\":\"https:\\\/\\\/aschaffenburgzweinull.stadtarchiv-digital.de\\\/elisenstrasse\\\/#breadcrumb\",\"itemListElement\":[{\"@type\":\"ListItem\",\"position\":1,\"name\":\"Startseite\",\"item\":\"https:\\\/\\\/aschaffenburgzweinull.stadtarchiv-digital.de\\\/\"},{\"@type\":\"ListItem\",\"position\":2,\"name\":\"Elisenstra\u00dfe\"}]},{\"@type\":\"WebSite\",\"@id\":\"https:\\\/\\\/aschaffenburgzweinull.stadtarchiv-digital.de\\\/#website\",\"url\":\"https:\\\/\\\/aschaffenburgzweinull.stadtarchiv-digital.de\\\/\",\"name\":\"Aschaffenburg\",\"description\":\"2.0\",\"potentialAction\":[{\"@type\":\"SearchAction\",\"target\":{\"@type\":\"EntryPoint\",\"urlTemplate\":\"https:\\\/\\\/aschaffenburgzweinull.stadtarchiv-digital.de\\\/?s={search_term_string}\"},\"query-input\":{\"@type\":\"PropertyValueSpecification\",\"valueRequired\":true,\"valueName\":\"search_term_string\"}}],\"inLanguage\":\"de\"},{\"@type\":\"Person\",\"@id\":\"https:\\\/\\\/aschaffenburgzweinull.stadtarchiv-digital.de\\\/#\\\/schema\\\/person\\\/6620dad05f894110a34e3afd3c3cf3ff\",\"name\":\"Aschaffenburg_2.0\",\"url\":\"https:\\\/\\\/aschaffenburgzweinull.stadtarchiv-digital.de\\\/author\\\/aschaffenburg_2-0\\\/\"}]}<\/script>\n<!-- \/ Yoast SEO plugin. -->","yoast_head_json":{"title":"Elisenstra\u00dfe - Aschaffenburg","robots":{"index":"index","follow":"follow","max-snippet":"max-snippet:-1","max-image-preview":"max-image-preview:large","max-video-preview":"max-video-preview:-1"},"canonical":"https:\/\/aschaffenburgzweinull.stadtarchiv-digital.de\/elisenstrasse\/","og_locale":"de_DE","og_type":"article","og_title":"Elisenstra\u00dfe - Aschaffenburg","og_description":"Die n\u00f6rdlich der Altstadt gelegene Elisenstra\u00dfe beginnt am Bahnhof als Verl\u00e4ngerung der Ludwigstra\u00dfe und m\u00fcndet in die Goldbacher Stra\u00dfe. Sie wurde nach der Frau des Generaldirektors der Buntpapierfabrik Philipp Dessauer [&hellip;]","og_url":"https:\/\/aschaffenburgzweinull.stadtarchiv-digital.de\/elisenstrasse\/","og_site_name":"Aschaffenburg","article_published_time":"2022-03-28T11:48:56+00:00","og_image":[{"width":379,"height":70,"url":"https:\/\/aschaffenburgzweinull.stadtarchiv-digital.de\/wp-content\/uploads\/2020\/07\/Logo-Stadtarchiv-Aschaffenburg.png","type":"image\/png"}],"author":"Aschaffenburg_2.0","twitter_card":"summary_large_image","twitter_misc":{"Verfasst von":"Aschaffenburg_2.0","Gesch\u00e4tzte Lesezeit":"3\u00a0Minuten"},"schema":{"@context":"https:\/\/schema.org","@graph":[{"@type":"Article","@id":"https:\/\/aschaffenburgzweinull.stadtarchiv-digital.de\/elisenstrasse\/#article","isPartOf":{"@id":"https:\/\/aschaffenburgzweinull.stadtarchiv-digital.de\/elisenstrasse\/"},"author":{"name":"Aschaffenburg_2.0","@id":"https:\/\/aschaffenburgzweinull.stadtarchiv-digital.de\/#\/schema\/person\/6620dad05f894110a34e3afd3c3cf3ff"},"headline":"Elisenstra\u00dfe","datePublished":"2022-03-28T11:48:56+00:00","mainEntityOfPage":{"@id":"https:\/\/aschaffenburgzweinull.stadtarchiv-digital.de\/elisenstrasse\/"},"wordCount":463,"commentCount":0,"keywords":["Walmdach","Risalit","Ludwig D\u00f6lger","Sp\u00e4tklassizismus","Buntpapierfabrik","Eisenbahn","Philipp Dessauer","Elise Dessauer"],"articleSection":["Baudenkmal"],"inLanguage":"de","potentialAction":[{"@type":"CommentAction","name":"Comment","target":["https:\/\/aschaffenburgzweinull.stadtarchiv-digital.de\/elisenstrasse\/#respond"]}]},{"@type":"WebPage","@id":"https:\/\/aschaffenburgzweinull.stadtarchiv-digital.de\/elisenstrasse\/","url":"https:\/\/aschaffenburgzweinull.stadtarchiv-digital.de\/elisenstrasse\/","name":"Elisenstra\u00dfe - Aschaffenburg","isPartOf":{"@id":"https:\/\/aschaffenburgzweinull.stadtarchiv-digital.de\/#website"},"datePublished":"2022-03-28T11:48:56+00:00","author":{"@id":"https:\/\/aschaffenburgzweinull.stadtarchiv-digital.de\/#\/schema\/person\/6620dad05f894110a34e3afd3c3cf3ff"},"breadcrumb":{"@id":"https:\/\/aschaffenburgzweinull.stadtarchiv-digital.de\/elisenstrasse\/#breadcrumb"},"inLanguage":"de","potentialAction":[{"@type":"ReadAction","target":["https:\/\/aschaffenburgzweinull.stadtarchiv-digital.de\/elisenstrasse\/"]}]},{"@type":"BreadcrumbList","@id":"https:\/\/aschaffenburgzweinull.stadtarchiv-digital.de\/elisenstrasse\/#breadcrumb","itemListElement":[{"@type":"ListItem","position":1,"name":"Startseite","item":"https:\/\/aschaffenburgzweinull.stadtarchiv-digital.de\/"},{"@type":"ListItem","position":2,"name":"Elisenstra\u00dfe"}]},{"@type":"WebSite","@id":"https:\/\/aschaffenburgzweinull.stadtarchiv-digital.de\/#website","url":"https:\/\/aschaffenburgzweinull.stadtarchiv-digital.de\/","name":"Aschaffenburg","description":"2.0","potentialAction":[{"@type":"SearchAction","target":{"@type":"EntryPoint","urlTemplate":"https:\/\/aschaffenburgzweinull.stadtarchiv-digital.de\/?s={search_term_string}"},"query-input":{"@type":"PropertyValueSpecification","valueRequired":true,"valueName":"search_term_string"}}],"inLanguage":"de"},{"@type":"Person","@id":"https:\/\/aschaffenburgzweinull.stadtarchiv-digital.de\/#\/schema\/person\/6620dad05f894110a34e3afd3c3cf3ff","name":"Aschaffenburg_2.0","url":"https:\/\/aschaffenburgzweinull.stadtarchiv-digital.de\/author\/aschaffenburg_2-0\/"}]}},"_links":{"self":[{"href":"https:\/\/aschaffenburgzweinull.stadtarchiv-digital.de\/data\/wp\/v2\/posts\/3835","targetHints":{"allow":["GET"]}}],"collection":[{"href":"https:\/\/aschaffenburgzweinull.stadtarchiv-digital.de\/data\/wp\/v2\/posts"}],"about":[{"href":"https:\/\/aschaffenburgzweinull.stadtarchiv-digital.de\/data\/wp\/v2\/types\/post"}],"author":[{"embeddable":true,"href":"https:\/\/aschaffenburgzweinull.stadtarchiv-digital.de\/data\/wp\/v2\/users\/3"}],"replies":[{"embeddable":true,"href":"https:\/\/aschaffenburgzweinull.stadtarchiv-digital.de\/data\/wp\/v2\/comments?post=3835"}],"version-history":[{"count":4,"href":"https:\/\/aschaffenburgzweinull.stadtarchiv-digital.de\/data\/wp\/v2\/posts\/3835\/revisions"}],"predecessor-version":[{"id":5148,"href":"https:\/\/aschaffenburgzweinull.stadtarchiv-digital.de\/data\/wp\/v2\/posts\/3835\/revisions\/5148"}],"wp:attachment":[{"href":"https:\/\/aschaffenburgzweinull.stadtarchiv-digital.de\/data\/wp\/v2\/media?parent=3835"}],"wp:term":[{"taxonomy":"category","embeddable":true,"href":"https:\/\/aschaffenburgzweinull.stadtarchiv-digital.de\/data\/wp\/v2\/categories?post=3835"},{"taxonomy":"post_tag","embeddable":true,"href":"https:\/\/aschaffenburgzweinull.stadtarchiv-digital.de\/data\/wp\/v2\/tags?post=3835"},{"taxonomy":"format","embeddable":true,"href":"https:\/\/aschaffenburgzweinull.stadtarchiv-digital.de\/data\/wp\/v2\/post-format?post=3835"},{"taxonomy":"content","embeddable":true,"href":"https:\/\/aschaffenburgzweinull.stadtarchiv-digital.de\/data\/wp\/v2\/post-content?post=3835"}],"curies":[{"name":"wp","href":"https:\/\/api.w.org\/{rel}","templated":true}]}}