{"id":3829,"date":"2022-03-28T13:52:17","date_gmt":"2022-03-28T11:52:17","guid":{"rendered":"https:\/\/aschaffenburgzweinull.stadtarchiv-digital.de\/?p=3829"},"modified":"2022-03-28T13:52:17","modified_gmt":"2022-03-28T11:52:17","slug":"denkmalstrasse-oesterreicher-denkmal","status":"publish","type":"post","link":"https:\/\/aschaffenburgzweinull.stadtarchiv-digital.de\/denkmalstrasse-oesterreicher-denkmal\/","title":{"rendered":"Denkmalstra\u00dfe &#8211; \u00d6sterreicher-Denkmal"},"content":{"rendered":"<p>Die Denkmalstra\u00dfe wurde 1920 nach dem hier errichteten \u00d6sterreicher-Denkmal benannt. Sie beginnt an der \u00d6sterreicher Stra\u00dfe und endet an der Els\u00e4sser Stra\u00dfe.<\/p>\n<p><strong>\u00d6sterreicher-Denkmal<\/strong><\/p>\n<p>Das auf einer leichten Erhebung 1868 errichtete \u00d6sterreicher-Denkmal in der sog. \u00d6sterreicher Kolonie im Osten von Aschaffenburg erinnert an die Opfer des Gefechts zwischen Preu\u00dfen und \u00d6sterreicher am 14. Juli 1866. Es erhebt sich in der Form eines spitzen Turmhelms auf vier S\u00e4ulen, die auf einem gemauerten Sockel ruhen, der von vier Stufen unterfangen ist. Das Denkmal wurde nach einem Entwurf von Professor Eberlein aus N\u00fcrnberg aus rotem Mainsandstein im neugotischen Stil von Steinmetzmeister Herkert aus Aschaffenburg gefertigt. Im Zweiten Weltkrieg wurde das Denkmal durch Bombensplitter besch\u00e4digt, sp\u00e4ter aber wieder instand gesetzt.<\/p>\n<p>Quelle:<\/p>\n<p>Ina Gutzeit\/Hauke Kenzler: Kreisfreie Stadt Aschaffenburg. Ensembles, Baudenkm\u00e4ler, Bodendenkm\u00e4ler (Denkm\u00e4ler in Bayern. VI. Unterfranken, 71), M\u00fcnchen 2015, S. 37.<\/p>\n","protected":false},"excerpt":{"rendered":"<p>Die Denkmalstra\u00dfe wurde 1920 nach dem hier errichteten \u00d6sterreicher-Denkmal benannt. Sie beginnt an der \u00d6sterreicher Stra\u00dfe und endet an der Els\u00e4sser Stra\u00dfe. \u00d6sterreicher-Denkmal Das auf einer leichten Erhebung 1868 errichtete [&hellip;]<\/p>\n","protected":false},"author":3,"featured_media":0,"comment_status":"open","ping_status":"open","sticky":false,"template":"","format":"standard","meta":{"_acf_changed":false,"footnotes":""},"categories":[542],"tags":[715,569,570,678,714],"post-format":[2],"post-content":[67],"class_list":["post-3829","post","type-post","status-publish","format-standard","hentry","category-baudenkmal","tag-oesterreich","tag-denkmal","tag-oesterreicher-kolonie","tag-neugotik","tag-preussen","format-information","content-text","project-denkmaltopographie"],"acf":[],"yoast_head":"<!-- This site is optimized with the Yoast SEO plugin v27.4 - https:\/\/yoast.com\/product\/yoast-seo-wordpress\/ -->\n<title>Denkmalstra\u00dfe - \u00d6sterreicher-Denkmal - Aschaffenburg<\/title>\n<meta name=\"robots\" content=\"index, follow, max-snippet:-1, max-image-preview:large, max-video-preview:-1\" \/>\n<link rel=\"canonical\" href=\"https:\/\/aschaffenburgzweinull.stadtarchiv-digital.de\/denkmalstrasse-oesterreicher-denkmal\/\" \/>\n<meta property=\"og:locale\" content=\"de_DE\" \/>\n<meta property=\"og:type\" content=\"article\" \/>\n<meta property=\"og:title\" content=\"Denkmalstra\u00dfe - \u00d6sterreicher-Denkmal - Aschaffenburg\" \/>\n<meta property=\"og:description\" content=\"Die Denkmalstra\u00dfe wurde 1920 nach dem hier errichteten \u00d6sterreicher-Denkmal benannt. Sie beginnt an der \u00d6sterreicher Stra\u00dfe und endet an der Els\u00e4sser Stra\u00dfe. \u00d6sterreicher-Denkmal Das auf einer leichten Erhebung 1868 errichtete [&hellip;]\" \/>\n<meta property=\"og:url\" content=\"https:\/\/aschaffenburgzweinull.stadtarchiv-digital.de\/denkmalstrasse-oesterreicher-denkmal\/\" \/>\n<meta property=\"og:site_name\" content=\"Aschaffenburg\" \/>\n<meta property=\"article:published_time\" content=\"2022-03-28T11:52:17+00:00\" \/>\n<meta property=\"og:image\" content=\"https:\/\/aschaffenburgzweinull.stadtarchiv-digital.de\/wp-content\/uploads\/2020\/07\/Logo-Stadtarchiv-Aschaffenburg.png\" \/>\n\t<meta property=\"og:image:width\" content=\"379\" \/>\n\t<meta property=\"og:image:height\" content=\"70\" \/>\n\t<meta property=\"og:image:type\" content=\"image\/png\" \/>\n<meta name=\"author\" content=\"Aschaffenburg_2.0\" \/>\n<meta name=\"twitter:card\" content=\"summary_large_image\" \/>\n<meta name=\"twitter:label1\" content=\"Verfasst von\" \/>\n\t<meta name=\"twitter:data1\" content=\"Aschaffenburg_2.0\" \/>\n\t<meta name=\"twitter:label2\" content=\"Gesch\u00e4tzte Lesezeit\" \/>\n\t<meta name=\"twitter:data2\" content=\"1\u00a0Minute\" \/>\n<script type=\"application\/ld+json\" class=\"yoast-schema-graph\">{\"@context\":\"https:\\\/\\\/schema.org\",\"@graph\":[{\"@type\":\"Article\",\"@id\":\"https:\\\/\\\/aschaffenburgzweinull.stadtarchiv-digital.de\\\/denkmalstrasse-oesterreicher-denkmal\\\/#article\",\"isPartOf\":{\"@id\":\"https:\\\/\\\/aschaffenburgzweinull.stadtarchiv-digital.de\\\/denkmalstrasse-oesterreicher-denkmal\\\/\"},\"author\":{\"name\":\"Aschaffenburg_2.0\",\"@id\":\"https:\\\/\\\/aschaffenburgzweinull.stadtarchiv-digital.de\\\/#\\\/schema\\\/person\\\/6620dad05f894110a34e3afd3c3cf3ff\"},\"headline\":\"Denkmalstra\u00dfe &#8211; \u00d6sterreicher-Denkmal\",\"datePublished\":\"2022-03-28T11:52:17+00:00\",\"mainEntityOfPage\":{\"@id\":\"https:\\\/\\\/aschaffenburgzweinull.stadtarchiv-digital.de\\\/denkmalstrasse-oesterreicher-denkmal\\\/\"},\"wordCount\":146,\"commentCount\":0,\"keywords\":[\"\u00d6sterreich\",\"Denkmal\",\"\u00d6sterreicher Kolonie\",\"Neugotik\",\"Preu\u00dfen\"],\"articleSection\":[\"Baudenkmal\"],\"inLanguage\":\"de\",\"potentialAction\":[{\"@type\":\"CommentAction\",\"name\":\"Comment\",\"target\":[\"https:\\\/\\\/aschaffenburgzweinull.stadtarchiv-digital.de\\\/denkmalstrasse-oesterreicher-denkmal\\\/#respond\"]}]},{\"@type\":\"WebPage\",\"@id\":\"https:\\\/\\\/aschaffenburgzweinull.stadtarchiv-digital.de\\\/denkmalstrasse-oesterreicher-denkmal\\\/\",\"url\":\"https:\\\/\\\/aschaffenburgzweinull.stadtarchiv-digital.de\\\/denkmalstrasse-oesterreicher-denkmal\\\/\",\"name\":\"Denkmalstra\u00dfe - \u00d6sterreicher-Denkmal - Aschaffenburg\",\"isPartOf\":{\"@id\":\"https:\\\/\\\/aschaffenburgzweinull.stadtarchiv-digital.de\\\/#website\"},\"datePublished\":\"2022-03-28T11:52:17+00:00\",\"author\":{\"@id\":\"https:\\\/\\\/aschaffenburgzweinull.stadtarchiv-digital.de\\\/#\\\/schema\\\/person\\\/6620dad05f894110a34e3afd3c3cf3ff\"},\"breadcrumb\":{\"@id\":\"https:\\\/\\\/aschaffenburgzweinull.stadtarchiv-digital.de\\\/denkmalstrasse-oesterreicher-denkmal\\\/#breadcrumb\"},\"inLanguage\":\"de\",\"potentialAction\":[{\"@type\":\"ReadAction\",\"target\":[\"https:\\\/\\\/aschaffenburgzweinull.stadtarchiv-digital.de\\\/denkmalstrasse-oesterreicher-denkmal\\\/\"]}]},{\"@type\":\"BreadcrumbList\",\"@id\":\"https:\\\/\\\/aschaffenburgzweinull.stadtarchiv-digital.de\\\/denkmalstrasse-oesterreicher-denkmal\\\/#breadcrumb\",\"itemListElement\":[{\"@type\":\"ListItem\",\"position\":1,\"name\":\"Startseite\",\"item\":\"https:\\\/\\\/aschaffenburgzweinull.stadtarchiv-digital.de\\\/\"},{\"@type\":\"ListItem\",\"position\":2,\"name\":\"Denkmalstra\u00dfe &#8211; \u00d6sterreicher-Denkmal\"}]},{\"@type\":\"WebSite\",\"@id\":\"https:\\\/\\\/aschaffenburgzweinull.stadtarchiv-digital.de\\\/#website\",\"url\":\"https:\\\/\\\/aschaffenburgzweinull.stadtarchiv-digital.de\\\/\",\"name\":\"Aschaffenburg\",\"description\":\"2.0\",\"potentialAction\":[{\"@type\":\"SearchAction\",\"target\":{\"@type\":\"EntryPoint\",\"urlTemplate\":\"https:\\\/\\\/aschaffenburgzweinull.stadtarchiv-digital.de\\\/?s={search_term_string}\"},\"query-input\":{\"@type\":\"PropertyValueSpecification\",\"valueRequired\":true,\"valueName\":\"search_term_string\"}}],\"inLanguage\":\"de\"},{\"@type\":\"Person\",\"@id\":\"https:\\\/\\\/aschaffenburgzweinull.stadtarchiv-digital.de\\\/#\\\/schema\\\/person\\\/6620dad05f894110a34e3afd3c3cf3ff\",\"name\":\"Aschaffenburg_2.0\",\"url\":\"https:\\\/\\\/aschaffenburgzweinull.stadtarchiv-digital.de\\\/author\\\/aschaffenburg_2-0\\\/\"}]}<\/script>\n<!-- \/ Yoast SEO plugin. -->","yoast_head_json":{"title":"Denkmalstra\u00dfe - \u00d6sterreicher-Denkmal - Aschaffenburg","robots":{"index":"index","follow":"follow","max-snippet":"max-snippet:-1","max-image-preview":"max-image-preview:large","max-video-preview":"max-video-preview:-1"},"canonical":"https:\/\/aschaffenburgzweinull.stadtarchiv-digital.de\/denkmalstrasse-oesterreicher-denkmal\/","og_locale":"de_DE","og_type":"article","og_title":"Denkmalstra\u00dfe - \u00d6sterreicher-Denkmal - Aschaffenburg","og_description":"Die Denkmalstra\u00dfe wurde 1920 nach dem hier errichteten \u00d6sterreicher-Denkmal benannt. Sie beginnt an der \u00d6sterreicher Stra\u00dfe und endet an der Els\u00e4sser Stra\u00dfe. \u00d6sterreicher-Denkmal Das auf einer leichten Erhebung 1868 errichtete [&hellip;]","og_url":"https:\/\/aschaffenburgzweinull.stadtarchiv-digital.de\/denkmalstrasse-oesterreicher-denkmal\/","og_site_name":"Aschaffenburg","article_published_time":"2022-03-28T11:52:17+00:00","og_image":[{"width":379,"height":70,"url":"https:\/\/aschaffenburgzweinull.stadtarchiv-digital.de\/wp-content\/uploads\/2020\/07\/Logo-Stadtarchiv-Aschaffenburg.png","type":"image\/png"}],"author":"Aschaffenburg_2.0","twitter_card":"summary_large_image","twitter_misc":{"Verfasst von":"Aschaffenburg_2.0","Gesch\u00e4tzte Lesezeit":"1\u00a0Minute"},"schema":{"@context":"https:\/\/schema.org","@graph":[{"@type":"Article","@id":"https:\/\/aschaffenburgzweinull.stadtarchiv-digital.de\/denkmalstrasse-oesterreicher-denkmal\/#article","isPartOf":{"@id":"https:\/\/aschaffenburgzweinull.stadtarchiv-digital.de\/denkmalstrasse-oesterreicher-denkmal\/"},"author":{"name":"Aschaffenburg_2.0","@id":"https:\/\/aschaffenburgzweinull.stadtarchiv-digital.de\/#\/schema\/person\/6620dad05f894110a34e3afd3c3cf3ff"},"headline":"Denkmalstra\u00dfe &#8211; \u00d6sterreicher-Denkmal","datePublished":"2022-03-28T11:52:17+00:00","mainEntityOfPage":{"@id":"https:\/\/aschaffenburgzweinull.stadtarchiv-digital.de\/denkmalstrasse-oesterreicher-denkmal\/"},"wordCount":146,"commentCount":0,"keywords":["\u00d6sterreich","Denkmal","\u00d6sterreicher Kolonie","Neugotik","Preu\u00dfen"],"articleSection":["Baudenkmal"],"inLanguage":"de","potentialAction":[{"@type":"CommentAction","name":"Comment","target":["https:\/\/aschaffenburgzweinull.stadtarchiv-digital.de\/denkmalstrasse-oesterreicher-denkmal\/#respond"]}]},{"@type":"WebPage","@id":"https:\/\/aschaffenburgzweinull.stadtarchiv-digital.de\/denkmalstrasse-oesterreicher-denkmal\/","url":"https:\/\/aschaffenburgzweinull.stadtarchiv-digital.de\/denkmalstrasse-oesterreicher-denkmal\/","name":"Denkmalstra\u00dfe - \u00d6sterreicher-Denkmal - Aschaffenburg","isPartOf":{"@id":"https:\/\/aschaffenburgzweinull.stadtarchiv-digital.de\/#website"},"datePublished":"2022-03-28T11:52:17+00:00","author":{"@id":"https:\/\/aschaffenburgzweinull.stadtarchiv-digital.de\/#\/schema\/person\/6620dad05f894110a34e3afd3c3cf3ff"},"breadcrumb":{"@id":"https:\/\/aschaffenburgzweinull.stadtarchiv-digital.de\/denkmalstrasse-oesterreicher-denkmal\/#breadcrumb"},"inLanguage":"de","potentialAction":[{"@type":"ReadAction","target":["https:\/\/aschaffenburgzweinull.stadtarchiv-digital.de\/denkmalstrasse-oesterreicher-denkmal\/"]}]},{"@type":"BreadcrumbList","@id":"https:\/\/aschaffenburgzweinull.stadtarchiv-digital.de\/denkmalstrasse-oesterreicher-denkmal\/#breadcrumb","itemListElement":[{"@type":"ListItem","position":1,"name":"Startseite","item":"https:\/\/aschaffenburgzweinull.stadtarchiv-digital.de\/"},{"@type":"ListItem","position":2,"name":"Denkmalstra\u00dfe &#8211; \u00d6sterreicher-Denkmal"}]},{"@type":"WebSite","@id":"https:\/\/aschaffenburgzweinull.stadtarchiv-digital.de\/#website","url":"https:\/\/aschaffenburgzweinull.stadtarchiv-digital.de\/","name":"Aschaffenburg","description":"2.0","potentialAction":[{"@type":"SearchAction","target":{"@type":"EntryPoint","urlTemplate":"https:\/\/aschaffenburgzweinull.stadtarchiv-digital.de\/?s={search_term_string}"},"query-input":{"@type":"PropertyValueSpecification","valueRequired":true,"valueName":"search_term_string"}}],"inLanguage":"de"},{"@type":"Person","@id":"https:\/\/aschaffenburgzweinull.stadtarchiv-digital.de\/#\/schema\/person\/6620dad05f894110a34e3afd3c3cf3ff","name":"Aschaffenburg_2.0","url":"https:\/\/aschaffenburgzweinull.stadtarchiv-digital.de\/author\/aschaffenburg_2-0\/"}]}},"_links":{"self":[{"href":"https:\/\/aschaffenburgzweinull.stadtarchiv-digital.de\/data\/wp\/v2\/posts\/3829","targetHints":{"allow":["GET"]}}],"collection":[{"href":"https:\/\/aschaffenburgzweinull.stadtarchiv-digital.de\/data\/wp\/v2\/posts"}],"about":[{"href":"https:\/\/aschaffenburgzweinull.stadtarchiv-digital.de\/data\/wp\/v2\/types\/post"}],"author":[{"embeddable":true,"href":"https:\/\/aschaffenburgzweinull.stadtarchiv-digital.de\/data\/wp\/v2\/users\/3"}],"replies":[{"embeddable":true,"href":"https:\/\/aschaffenburgzweinull.stadtarchiv-digital.de\/data\/wp\/v2\/comments?post=3829"}],"version-history":[{"count":3,"href":"https:\/\/aschaffenburgzweinull.stadtarchiv-digital.de\/data\/wp\/v2\/posts\/3829\/revisions"}],"predecessor-version":[{"id":5151,"href":"https:\/\/aschaffenburgzweinull.stadtarchiv-digital.de\/data\/wp\/v2\/posts\/3829\/revisions\/5151"}],"wp:attachment":[{"href":"https:\/\/aschaffenburgzweinull.stadtarchiv-digital.de\/data\/wp\/v2\/media?parent=3829"}],"wp:term":[{"taxonomy":"category","embeddable":true,"href":"https:\/\/aschaffenburgzweinull.stadtarchiv-digital.de\/data\/wp\/v2\/categories?post=3829"},{"taxonomy":"post_tag","embeddable":true,"href":"https:\/\/aschaffenburgzweinull.stadtarchiv-digital.de\/data\/wp\/v2\/tags?post=3829"},{"taxonomy":"format","embeddable":true,"href":"https:\/\/aschaffenburgzweinull.stadtarchiv-digital.de\/data\/wp\/v2\/post-format?post=3829"},{"taxonomy":"content","embeddable":true,"href":"https:\/\/aschaffenburgzweinull.stadtarchiv-digital.de\/data\/wp\/v2\/post-content?post=3829"}],"curies":[{"name":"wp","href":"https:\/\/api.w.org\/{rel}","templated":true}]}}